{"id":39180,"date":"2022-06-20T09:28:58","date_gmt":"2022-06-20T13:28:58","guid":{"rendered":"https:\/\/dev.explora.cl\/ohiggins\/?p=39180"},"modified":"2022-07-27T13:16:52","modified_gmt":"2022-07-27T17:16:52","slug":"pichidegua-sera-la-primera-estacion-de-la-muestra-astronomica-itinerante","status":"publish","type":"post","link":"https:\/\/dev.explora.cl\/ohiggins\/pichidegua-sera-la-primera-estacion-de-la-muestra-astronomica-itinerante\/","title":{"rendered":"Pichidegua ser\u00e1 la primera estaci\u00f3n de la muestra astron\u00f3mica itinerante"},"content":{"rendered":"<p>Formaci\u00f3n planetaria, exoplanetas, az\u00facar (elemento b\u00e1sico de la vida), agujeros negros, supernova y trit\u00f3n (sat\u00e9lite de Neptuno), -todo a trav\u00e9s de im\u00e1genes tomadas desde Chile-; son los temas astron\u00f3micos que podr\u00e1n presenciar de forma visual y de realidad aumentada en el inicio itinerante de la muestra \u201cUn viaje desde Chile al Universo\u201d, que comenzar\u00e1 a presentarse el martes 28 de junio en la Casona Cultural de Pichidegua.<\/p>\n<p>\u201cEstamos muy contentos y expectantes con el inicio itinerante de la muestra astron\u00f3mica, donada por la Fundaci\u00f3n Chilena de Astronom\u00eda a la Universidad de O\u00b4Higgins, y que tendr\u00e1 como primer p\u00fablico a Pichidegua. Adem\u00e1s, con el adelanto de las vacaciones, ser\u00e1 un panorama ideal para los ni\u00f1os y ni\u00f1as del sector, quienes podr\u00e1n conocer m\u00e1s del Universo, a trav\u00e9s de la realidad aumentada. Dejamos a todas y todos invitados a disfrutarla\u201d, indic\u00f3 el director de PAR Explora O\u00b4Higgins y director del Instituto de Ciencias de la Ingenier\u00eda de la UOH, Rodrigo Verschae.<\/p>\n<p>La muestra astron\u00f3mica fue presentada por primera vez el pasado mes de marzo en el Campus Rancagua de la UOH, con gran participaci\u00f3n de visitantes de toda la Regi\u00f3n de O\u00b4Higgins y zonas aleda\u00f1as. Una vez concluida la actividad en Pichidegua, seguir\u00e1 itinerando por diversas comunas de la regi\u00f3n.<\/p>\n<p>\u201cComo Fuchas, estamos muy felices por la itinerancia de la muestra. Por un lado, porque los esfuerzos del\u00a0Estado, que financi\u00f3 la exposici\u00f3n a trav\u00e9s de Ciencia Publica, llegan a m\u00e1s rincones del pa\u00eds de manera presencial. Asimismo, destaco el trabajo colaborativo que realizamos con otras instituciones como la alianza con el PAR Explora O\u00b4Higgins, y que hoy nos permite estar en zonas que no hubi\u00e9ramos llegado f\u00e1cilmente. Adicionalmente, nos alegra y satisface que nuestros colaboradores, astr\u00f3nomos y astr\u00f3nomas, puedan dictar charlas presenciales despu\u00e9s de tanto tiempo en formato telem\u00e1tico. Esperamos que este sea un largo camino de colaboraci\u00f3n entre las instituciones y que recorramos muchas comunas para poder llegar a m\u00e1s personas curiosas del Universo\u201d, agreg\u00f3 la directora ejecutiva de Fuchas, Carolina Mu\u00f1oz.<\/p>\n<p>La muestra gratuita estar\u00e1 disponible desde el martes 28 de junio hasta el viernes 15 de julio, de lunes a s\u00e1bado (lunes a viernes de 10 a 19 horas; s\u00e1bado de 11 a 17 horas), y el d\u00eda mi\u00e9rcoles 29 tendr\u00e1 su inauguraci\u00f3n oficial con la presencia del astr\u00f3nomo de Fuchas, Jos\u00e9 Utreras, quien dar\u00e1 una charla astron\u00f3mica para los asistentes. Recordamos que los aforos estar\u00e1n de acuerdo a los protocolos vigentes y pueden inscribirse en el siguiente link: <a href=\"https:\/\/airtable.com\/shrtJOnP4r4y6NqDK\">https:\/\/airtable.com\/shrtJOnP4r4y6NqDK<\/a><\/p>\n<p><strong>Una gran noticia para Pichidegua<\/strong><\/p>\n<p>Para la realizaci\u00f3n de la primera estaci\u00f3n itinerante de la muestra \u201cUn viaje desde Chile al Universo\u201d, ha sido muy importante la colaboraci\u00f3n de la Municipalidad de Pichidegua y del Cecrea (Centro de Creaci\u00f3n) de Pichidegua, perteneciente al Ministerio de las Culturas, las Artes y el Patrimonio.<\/p>\n<p>\u201cPara nosotros es s\u00faper importante poder haber coordinado la muestra junto a la Casona Cultural. Pichidegua es una comuna muy rural, que a pesar de tener conectividad por carreteras pavimentadas, no tiene buen transporte, por lo que cuesta trasladarse. Ahora, vamos a poder tener la oportunidad de apreciar esta exposici\u00f3n en el mismo territorio, y la Municipalidad nos pondr\u00e1 un transporte para acercar a las juntas de vecinos en vacaciones\u201d, indic\u00f3 la encargada del Cecrea Pichidegua, Flavia Bustos.<\/p>\n","protected":false},"excerpt":{"rendered":"<p>\u201cUn viaje desde Chile al Universo\u201d nos presenta los grandes descubrimientos universales realizados desde nuestro pa\u00eds a trav\u00e9s de im\u00e1genes y realidad aumentada. La muestra fue realizada por la Fundaci\u00f3n Chilena de Astronom\u00eda y donada a la Universidad de O\u00b4Higgins.<\/p>\n","protected":false},"author":23,"featured_media":39182,"comment_status":"open","ping_status":"open","sticky":false,"template":"","format":"standard","meta":{"_acf_changed":false,"_exactmetrics_skip_tracking":false,"_exactmetrics_sitenote_active":false,"_exactmetrics_sitenote_note":"","_exactmetrics_sitenote_category":0,"footnotes":"","_links_to":"","_links_to_target":""},"categories":[4],"tags":[],"class_list":["post-39180","post","type-post","status-publish","format-standard","has-post-thumbnail","hentry","category-noticias"],"acf":[],"yoast_head":"<!-- This site is optimized with the Yoast SEO plugin v26.7 - https:\/\/yoast.com\/wordpress\/plugins\/seo\/ -->\n<title>Pichidegua ser\u00e1 la primera estaci\u00f3n de la muestra astron\u00f3mica itinerante - O&#039;Higgins<\/title>\n<meta name=\"robots\" content=\"index, follow, max-snippet:-1, max-image-preview:large, max-video-preview:-1\" \/>\n<link rel=\"canonical\" href=\"https:\/\/dev.explora.cl\/ohiggins\/pichidegua-sera-la-primera-estacion-de-la-muestra-astronomica-itinerante\/\" class=\"yoast-seo-meta-tag\" \/>\n<meta property=\"og:locale\" content=\"es_ES\" class=\"yoast-seo-meta-tag\" \/>\n<meta property=\"og:type\" content=\"article\" class=\"yoast-seo-meta-tag\" \/>\n<meta property=\"og:title\" content=\"Pichidegua ser\u00e1 la primera estaci\u00f3n de la muestra astron\u00f3mica itinerante - O&#039;Higgins\" class=\"yoast-seo-meta-tag\" \/>\n<meta property=\"og:description\" content=\"\u201cUn viaje desde Chile al Universo\u201d nos presenta los grandes descubrimientos universales realizados desde nuestro pa\u00eds a trav\u00e9s de im\u00e1genes y realidad aumentada. La muestra fue realizada por la Fundaci\u00f3n Chilena de Astronom\u00eda y donada a la Universidad de O\u00b4Higgins.\" class=\"yoast-seo-meta-tag\" \/>\n<meta property=\"og:url\" content=\"https:\/\/dev.explora.cl\/ohiggins\/pichidegua-sera-la-primera-estacion-de-la-muestra-astronomica-itinerante\/\" class=\"yoast-seo-meta-tag\" \/>\n<meta property=\"og:site_name\" content=\"O&#039;Higgins\" class=\"yoast-seo-meta-tag\" \/>\n<meta property=\"article:published_time\" content=\"2022-06-20T13:28:58+00:00\" class=\"yoast-seo-meta-tag\" \/>\n<meta property=\"article:modified_time\" content=\"2022-07-27T17:16:52+00:00\" class=\"yoast-seo-meta-tag\" \/>\n<meta property=\"og:image\" content=\"https:\/\/dev.explora.cl\/ohiggins\/wp-content\/uploads\/sites\/8\/2022\/06\/IMG_8001-1024x683.jpg\" class=\"yoast-seo-meta-tag\" \/>\n\t<meta property=\"og:image:width\" content=\"1024\" class=\"yoast-seo-meta-tag\" \/>\n\t<meta property=\"og:image:height\" content=\"683\" class=\"yoast-seo-meta-tag\" \/>\n\t<meta property=\"og:image:type\" content=\"image\/jpeg\" class=\"yoast-seo-meta-tag\" \/>\n<meta name=\"author\" content=\"nsalazar\" class=\"yoast-seo-meta-tag\" \/>\n<meta name=\"twitter:card\" content=\"summary_large_image\" class=\"yoast-seo-meta-tag\" \/>\n<meta name=\"twitter:label1\" content=\"Escrito por\" class=\"yoast-seo-meta-tag\" \/>\n\t<meta name=\"twitter:data1\" content=\"nsalazar\" class=\"yoast-seo-meta-tag\" \/>\n\t<meta name=\"twitter:label2\" content=\"Tiempo estimado de lectura\" class=\"yoast-seo-meta-tag\" \/>\n\t<meta name=\"twitter:data2\" content=\"3 minutos\" class=\"yoast-seo-meta-tag\" \/>\n<script type=\"application\/ld+json\" class=\"yoast-schema-graph\">{\"@context\":\"https:\/\/schema.org\",\"@graph\":[{\"@type\":\"Article\",\"@id\":\"https:\/\/dev.explora.cl\/ohiggins\/pichidegua-sera-la-primera-estacion-de-la-muestra-astronomica-itinerante\/#article\",\"isPartOf\":{\"@id\":\"https:\/\/dev.explora.cl\/ohiggins\/pichidegua-sera-la-primera-estacion-de-la-muestra-astronomica-itinerante\/\"},\"author\":{\"name\":\"nsalazar\",\"@id\":\"https:\/\/dev.explora.cl\/ohiggins\/#\/schema\/person\/3240d62ad2624da9148a475abbc509b0\"},\"headline\":\"Pichidegua ser\u00e1 la primera estaci\u00f3n de la muestra astron\u00f3mica itinerante\",\"datePublished\":\"2022-06-20T13:28:58+00:00\",\"dateModified\":\"2022-07-27T17:16:52+00:00\",\"mainEntityOfPage\":{\"@id\":\"https:\/\/dev.explora.cl\/ohiggins\/pichidegua-sera-la-primera-estacion-de-la-muestra-astronomica-itinerante\/\"},\"wordCount\":608,\"commentCount\":0,\"image\":{\"@id\":\"https:\/\/dev.explora.cl\/ohiggins\/pichidegua-sera-la-primera-estacion-de-la-muestra-astronomica-itinerante\/#primaryimage\"},\"thumbnailUrl\":\"https:\/\/dev.explora.cl\/ohiggins\/wp-content\/uploads\/sites\/8\/2022\/06\/IMG_8001.jpg\",\"articleSection\":[\"Noticias\"],\"inLanguage\":\"es-CL\",\"potentialAction\":[{\"@type\":\"CommentAction\",\"name\":\"Comment\",\"target\":[\"https:\/\/dev.explora.cl\/ohiggins\/pichidegua-sera-la-primera-estacion-de-la-muestra-astronomica-itinerante\/#respond\"]}]},{\"@type\":\"WebPage\",\"@id\":\"https:\/\/dev.explora.cl\/ohiggins\/pichidegua-sera-la-primera-estacion-de-la-muestra-astronomica-itinerante\/\",\"url\":\"https:\/\/dev.explora.cl\/ohiggins\/pichidegua-sera-la-primera-estacion-de-la-muestra-astronomica-itinerante\/\",\"name\":\"Pichidegua ser\u00e1 la primera estaci\u00f3n de la muestra astron\u00f3mica itinerante - O&#039;Higgins\",\"isPartOf\":{\"@id\":\"https:\/\/dev.explora.cl\/ohiggins\/#website\"},\"primaryImageOfPage\":{\"@id\":\"https:\/\/dev.explora.cl\/ohiggins\/pichidegua-sera-la-primera-estacion-de-la-muestra-astronomica-itinerante\/#primaryimage\"},\"image\":{\"@id\":\"https:\/\/dev.explora.cl\/ohiggins\/pichidegua-sera-la-primera-estacion-de-la-muestra-astronomica-itinerante\/#primaryimage\"},\"thumbnailUrl\":\"https:\/\/dev.explora.cl\/ohiggins\/wp-content\/uploads\/sites\/8\/2022\/06\/IMG_8001.jpg\",\"datePublished\":\"2022-06-20T13:28:58+00:00\",\"dateModified\":\"2022-07-27T17:16:52+00:00\",\"author\":{\"@id\":\"https:\/\/dev.explora.cl\/ohiggins\/#\/schema\/person\/3240d62ad2624da9148a475abbc509b0\"},\"breadcrumb\":{\"@id\":\"https:\/\/dev.explora.cl\/ohiggins\/pichidegua-sera-la-primera-estacion-de-la-muestra-astronomica-itinerante\/#breadcrumb\"},\"inLanguage\":\"es-CL\",\"potentialAction\":[{\"@type\":\"ReadAction\",\"target\":[\"https:\/\/dev.explora.cl\/ohiggins\/pichidegua-sera-la-primera-estacion-de-la-muestra-astronomica-itinerante\/\"]}]},{\"@type\":\"ImageObject\",\"inLanguage\":\"es-CL\",\"@id\":\"https:\/\/dev.explora.cl\/ohiggins\/pichidegua-sera-la-primera-estacion-de-la-muestra-astronomica-itinerante\/#primaryimage\",\"url\":\"https:\/\/dev.explora.cl\/ohiggins\/wp-content\/uploads\/sites\/8\/2022\/06\/IMG_8001.jpg\",\"contentUrl\":\"https:\/\/dev.explora.cl\/ohiggins\/wp-content\/uploads\/sites\/8\/2022\/06\/IMG_8001.jpg\",\"width\":3984,\"height\":2656},{\"@type\":\"BreadcrumbList\",\"@id\":\"https:\/\/dev.explora.cl\/ohiggins\/pichidegua-sera-la-primera-estacion-de-la-muestra-astronomica-itinerante\/#breadcrumb\",\"itemListElement\":[{\"@type\":\"ListItem\",\"position\":1,\"name\":\"Portada\",\"item\":\"https:\/\/dev.explora.cl\/ohiggins\/\"},{\"@type\":\"ListItem\",\"position\":2,\"name\":\"Pichidegua ser\u00e1 la primera estaci\u00f3n de la muestra astron\u00f3mica itinerante\"}]},{\"@type\":\"WebSite\",\"@id\":\"https:\/\/dev.explora.cl\/ohiggins\/#website\",\"url\":\"https:\/\/dev.explora.cl\/ohiggins\/\",\"name\":\"O&#039;Higgins\",\"description\":\"Otro sitio m\u00e1s de dev.explora.cl\",\"potentialAction\":[{\"@type\":\"SearchAction\",\"target\":{\"@type\":\"EntryPoint\",\"urlTemplate\":\"https:\/\/dev.explora.cl\/ohiggins\/?s={search_term_string}\"},\"query-input\":{\"@type\":\"PropertyValueSpecification\",\"valueRequired\":true,\"valueName\":\"search_term_string\"}}],\"inLanguage\":\"es-CL\"},{\"@type\":\"Person\",\"@id\":\"https:\/\/dev.explora.cl\/ohiggins\/#\/schema\/person\/3240d62ad2624da9148a475abbc509b0\",\"name\":\"nsalazar\",\"image\":{\"@type\":\"ImageObject\",\"inLanguage\":\"es-CL\",\"@id\":\"https:\/\/dev.explora.cl\/ohiggins\/#\/schema\/person\/image\/\",\"url\":\"https:\/\/secure.gravatar.com\/avatar\/b8cf276f31998a0865a3b90e4d663d91b97848887282c9f9a56cad57ff01cc7e?s=96&d=mm&r=g\",\"contentUrl\":\"https:\/\/secure.gravatar.com\/avatar\/b8cf276f31998a0865a3b90e4d663d91b97848887282c9f9a56cad57ff01cc7e?s=96&d=mm&r=g\",\"caption\":\"nsalazar\"},\"url\":\"https:\/\/dev.explora.cl\/ohiggins\/author\/nsalazar\/\"}]}<\/script>\n<!-- \/ Yoast SEO plugin. -->","yoast_head_json":{"title":"Pichidegua ser\u00e1 la primera estaci\u00f3n de la muestra astron\u00f3mica itinerante - O&#039;Higgins","robots":{"index":"index","follow":"follow","max-snippet":"max-snippet:-1","max-image-preview":"max-image-preview:large","max-video-preview":"max-video-preview:-1"},"canonical":"https:\/\/dev.explora.cl\/ohiggins\/pichidegua-sera-la-primera-estacion-de-la-muestra-astronomica-itinerante\/","og_locale":"es_ES","og_type":"article","og_title":"Pichidegua ser\u00e1 la primera estaci\u00f3n de la muestra astron\u00f3mica itinerante - O&#039;Higgins","og_description":"\u201cUn viaje desde Chile al Universo\u201d nos presenta los grandes descubrimientos universales realizados desde nuestro pa\u00eds a trav\u00e9s de im\u00e1genes y realidad aumentada. La muestra fue realizada por la Fundaci\u00f3n Chilena de Astronom\u00eda y donada a la Universidad de O\u00b4Higgins.","og_url":"https:\/\/dev.explora.cl\/ohiggins\/pichidegua-sera-la-primera-estacion-de-la-muestra-astronomica-itinerante\/","og_site_name":"O&#039;Higgins","article_published_time":"2022-06-20T13:28:58+00:00","article_modified_time":"2022-07-27T17:16:52+00:00","og_image":[{"width":1024,"height":683,"url":"https:\/\/dev.explora.cl\/ohiggins\/wp-content\/uploads\/sites\/8\/2022\/06\/IMG_8001-1024x683.jpg","type":"image\/jpeg"}],"author":"nsalazar","twitter_card":"summary_large_image","twitter_misc":{"Escrito por":"nsalazar","Tiempo estimado de lectura":"3 minutos"},"schema":{"@context":"https:\/\/schema.org","@graph":[{"@type":"Article","@id":"https:\/\/dev.explora.cl\/ohiggins\/pichidegua-sera-la-primera-estacion-de-la-muestra-astronomica-itinerante\/#article","isPartOf":{"@id":"https:\/\/dev.explora.cl\/ohiggins\/pichidegua-sera-la-primera-estacion-de-la-muestra-astronomica-itinerante\/"},"author":{"name":"nsalazar","@id":"https:\/\/dev.explora.cl\/ohiggins\/#\/schema\/person\/3240d62ad2624da9148a475abbc509b0"},"headline":"Pichidegua ser\u00e1 la primera estaci\u00f3n de la muestra astron\u00f3mica itinerante","datePublished":"2022-06-20T13:28:58+00:00","dateModified":"2022-07-27T17:16:52+00:00","mainEntityOfPage":{"@id":"https:\/\/dev.explora.cl\/ohiggins\/pichidegua-sera-la-primera-estacion-de-la-muestra-astronomica-itinerante\/"},"wordCount":608,"commentCount":0,"image":{"@id":"https:\/\/dev.explora.cl\/ohiggins\/pichidegua-sera-la-primera-estacion-de-la-muestra-astronomica-itinerante\/#primaryimage"},"thumbnailUrl":"https:\/\/dev.explora.cl\/ohiggins\/wp-content\/uploads\/sites\/8\/2022\/06\/IMG_8001.jpg","articleSection":["Noticias"],"inLanguage":"es-CL","potentialAction":[{"@type":"CommentAction","name":"Comment","target":["https:\/\/dev.explora.cl\/ohiggins\/pichidegua-sera-la-primera-estacion-de-la-muestra-astronomica-itinerante\/#respond"]}]},{"@type":"WebPage","@id":"https:\/\/dev.explora.cl\/ohiggins\/pichidegua-sera-la-primera-estacion-de-la-muestra-astronomica-itinerante\/","url":"https:\/\/dev.explora.cl\/ohiggins\/pichidegua-sera-la-primera-estacion-de-la-muestra-astronomica-itinerante\/","name":"Pichidegua ser\u00e1 la primera estaci\u00f3n de la muestra astron\u00f3mica itinerante - O&#039;Higgins","isPartOf":{"@id":"https:\/\/dev.explora.cl\/ohiggins\/#website"},"primaryImageOfPage":{"@id":"https:\/\/dev.explora.cl\/ohiggins\/pichidegua-sera-la-primera-estacion-de-la-muestra-astronomica-itinerante\/#primaryimage"},"image":{"@id":"https:\/\/dev.explora.cl\/ohiggins\/pichidegua-sera-la-primera-estacion-de-la-muestra-astronomica-itinerante\/#primaryimage"},"thumbnailUrl":"https:\/\/dev.explora.cl\/ohiggins\/wp-content\/uploads\/sites\/8\/2022\/06\/IMG_8001.jpg","datePublished":"2022-06-20T13:28:58+00:00","dateModified":"2022-07-27T17:16:52+00:00","author":{"@id":"https:\/\/dev.explora.cl\/ohiggins\/#\/schema\/person\/3240d62ad2624da9148a475abbc509b0"},"breadcrumb":{"@id":"https:\/\/dev.explora.cl\/ohiggins\/pichidegua-sera-la-primera-estacion-de-la-muestra-astronomica-itinerante\/#breadcrumb"},"inLanguage":"es-CL","potentialAction":[{"@type":"ReadAction","target":["https:\/\/dev.explora.cl\/ohiggins\/pichidegua-sera-la-primera-estacion-de-la-muestra-astronomica-itinerante\/"]}]},{"@type":"ImageObject","inLanguage":"es-CL","@id":"https:\/\/dev.explora.cl\/ohiggins\/pichidegua-sera-la-primera-estacion-de-la-muestra-astronomica-itinerante\/#primaryimage","url":"https:\/\/dev.explora.cl\/ohiggins\/wp-content\/uploads\/sites\/8\/2022\/06\/IMG_8001.jpg","contentUrl":"https:\/\/dev.explora.cl\/ohiggins\/wp-content\/uploads\/sites\/8\/2022\/06\/IMG_8001.jpg","width":3984,"height":2656},{"@type":"BreadcrumbList","@id":"https:\/\/dev.explora.cl\/ohiggins\/pichidegua-sera-la-primera-estacion-de-la-muestra-astronomica-itinerante\/#breadcrumb","itemListElement":[{"@type":"ListItem","position":1,"name":"Portada","item":"https:\/\/dev.explora.cl\/ohiggins\/"},{"@type":"ListItem","position":2,"name":"Pichidegua ser\u00e1 la primera estaci\u00f3n de la muestra astron\u00f3mica itinerante"}]},{"@type":"WebSite","@id":"https:\/\/dev.explora.cl\/ohiggins\/#website","url":"https:\/\/dev.explora.cl\/ohiggins\/","name":"O&#039;Higgins","description":"Otro sitio m\u00e1s de dev.explora.cl","potentialAction":[{"@type":"SearchAction","target":{"@type":"EntryPoint","urlTemplate":"https:\/\/dev.explora.cl\/ohiggins\/?s={search_term_string}"},"query-input":{"@type":"PropertyValueSpecification","valueRequired":true,"valueName":"search_term_string"}}],"inLanguage":"es-CL"},{"@type":"Person","@id":"https:\/\/dev.explora.cl\/ohiggins\/#\/schema\/person\/3240d62ad2624da9148a475abbc509b0","name":"nsalazar","image":{"@type":"ImageObject","inLanguage":"es-CL","@id":"https:\/\/dev.explora.cl\/ohiggins\/#\/schema\/person\/image\/","url":"https:\/\/secure.gravatar.com\/avatar\/b8cf276f31998a0865a3b90e4d663d91b97848887282c9f9a56cad57ff01cc7e?s=96&d=mm&r=g","contentUrl":"https:\/\/secure.gravatar.com\/avatar\/b8cf276f31998a0865a3b90e4d663d91b97848887282c9f9a56cad57ff01cc7e?s=96&d=mm&r=g","caption":"nsalazar"},"url":"https:\/\/dev.explora.cl\/ohiggins\/author\/nsalazar\/"}]}},"_links":{"self":[{"href":"https:\/\/dev.explora.cl\/ohiggins\/wp-json\/wp\/v2\/posts\/39180","targetHints":{"allow":["GET"]}}],"collection":[{"href":"https:\/\/dev.explora.cl\/ohiggins\/wp-json\/wp\/v2\/posts"}],"about":[{"href":"https:\/\/dev.explora.cl\/ohiggins\/wp-json\/wp\/v2\/types\/post"}],"author":[{"embeddable":true,"href":"https:\/\/dev.explora.cl\/ohiggins\/wp-json\/wp\/v2\/users\/23"}],"replies":[{"embeddable":true,"href":"https:\/\/dev.explora.cl\/ohiggins\/wp-json\/wp\/v2\/comments?post=39180"}],"version-history":[{"count":2,"href":"https:\/\/dev.explora.cl\/ohiggins\/wp-json\/wp\/v2\/posts\/39180\/revisions"}],"predecessor-version":[{"id":39187,"href":"https:\/\/dev.explora.cl\/ohiggins\/wp-json\/wp\/v2\/posts\/39180\/revisions\/39187"}],"wp:featuredmedia":[{"embeddable":true,"href":"https:\/\/dev.explora.cl\/ohiggins\/wp-json\/wp\/v2\/media\/39182"}],"wp:attachment":[{"href":"https:\/\/dev.explora.cl\/ohiggins\/wp-json\/wp\/v2\/media?parent=39180"}],"wp:term":[{"taxonomy":"category","embeddable":true,"href":"https:\/\/dev.explora.cl\/ohiggins\/wp-json\/wp\/v2\/categories?post=39180"},{"taxonomy":"post_tag","embeddable":true,"href":"https:\/\/dev.explora.cl\/ohiggins\/wp-json\/wp\/v2\/tags?post=39180"}],"curies":[{"name":"wp","href":"https:\/\/api.w.org\/{rel}","templated":true}]}}