{"id":39175,"date":"2022-06-13T17:22:51","date_gmt":"2022-06-13T21:22:51","guid":{"rendered":"https:\/\/dev.explora.cl\/ohiggins\/?p=39175"},"modified":"2022-07-06T12:24:25","modified_gmt":"2022-07-06T16:24:25","slug":"listado-de-seleccionados-para-las-peque-academias-de-iie","status":"publish","type":"post","link":"https:\/\/dev.explora.cl\/ohiggins\/listado-de-seleccionados-para-las-peque-academias-de-iie\/","title":{"rendered":"Listado de seleccionados para las Peque Academias de IIE"},"content":{"rendered":"<p>Compartimos con ustedes el listado de las y los seleccionados para participar de las Peque Academias de Investigaci\u00f3n e Innovaci\u00f3n Escolar (IIE), instancia especialmente creada por PAR Explora O\u00b4Higgins para fomentar la investigaci\u00f3n e innovaci\u00f3n en los docentes de primero a cuarto b\u00e1sico, de 14 comunas de la Regi\u00f3n de O\u00b4Higgins:<\/p>\n<p>B\u00e1rbara Navarrete Mu\u00f1oz, Colegio Violeta Parra Sandoval, Peralillo.<\/p>\n<p>Katherine Romero Reyes, Escuela Galvarino Valenzuela Moraga, Paredones.<\/p>\n<p>Flor Carolina Lueiza Pino, Escuela La Cantera de Callejones, Codegua.<\/p>\n<p>Nadia Licanqueo, Escuela Profesora M\u00f3nica Silva G\u00f3mez, La Estrella.<\/p>\n<p>Mar\u00eda Teresa Guzm\u00e1n Aguilera, Colegio Municipal Huallil\u00e9n, Coinco.<\/p>\n<p>Marian\u00a0 Bustamante Escalona, Escuela Fernando Arenas Almarza, Chimbarongo.<\/p>\n<p>Romualdo Mellado Toledo, Escuela La Tuna, Placilla.<\/p>\n<p>Pamela del Pilar G\u00e1lvez Navarro, Escuela B\u00e1sica Pul\u00edn, Litueche.<\/p>\n<p>Alejandra Moreno, Escuela Nuestra Se\u00f1ora de la Merced, Olivar.<\/p>\n<p>Sandra\u00a0 Balc\u00e1zar Urz\u00faa, Escuela Nuestra Se\u00f1ora de la Merced, Olivar.<\/p>\n<p>Mauricio Alejandro M\u00e9ndez Valenzuela, Escuela Lo Miranda, Do\u00f1ihue.<\/p>\n<p>Paula Bernardita Mu\u00f1oz Venegas, Escuela Luis Artem\u00f3n P\u00e9rez Ahumada, Paredones.<\/p>\n<p>Nicol Rivera Cavieres, Fundaci\u00f3n Educacional Colegio Sagrado Coraz\u00f3n de Jes\u00fas, Quinta de Tilcoco.<\/p>\n<p>Carolina Alejandra Ogas Tobar, Colegio Ra\u00fal Ramirez Mayol, Quinta de Tilcoco.<\/p>\n<p>Carmen Marambio Salazar, Escuela Los Maquis, Malloa.<\/p>\n<p>Mar\u00eda Catalina\u00a0\u00a0 Valenzuela S\u00e1nchez, Escuela Nilahue Cornejo, Pumanque.<\/p>\n<p>&nbsp;<\/p>\n<p>Felicitaciones a todas y todos los seleccionados.<\/p>\n","protected":false},"excerpt":{"rendered":"<p>Compartimos con ustedes el listado de las y los seleccionados para participar de las Peque Academias de Investigaci\u00f3n e Innovaci\u00f3n Escolar (IIE). <\/p>\n","protected":false},"author":23,"featured_media":39154,"comment_status":"open","ping_status":"open","sticky":false,"template":"","format":"standard","meta":{"_acf_changed":false,"_exactmetrics_skip_tracking":false,"_exactmetrics_sitenote_active":false,"_exactmetrics_sitenote_note":"","_exactmetrics_sitenote_category":0,"footnotes":"","_links_to":"","_links_to_target":""},"categories":[4],"tags":[],"class_list":["post-39175","post","type-post","status-publish","format-standard","has-post-thumbnail","hentry","category-noticias"],"acf":[],"yoast_head":"<!-- This site is optimized with the Yoast SEO plugin v26.7 - https:\/\/yoast.com\/wordpress\/plugins\/seo\/ -->\n<title>Listado de seleccionados para las Peque Academias de IIE - O&#039;Higgins<\/title>\n<meta name=\"robots\" content=\"index, follow, max-snippet:-1, max-image-preview:large, max-video-preview:-1\" \/>\n<link rel=\"canonical\" href=\"https:\/\/dev.explora.cl\/ohiggins\/listado-de-seleccionados-para-las-peque-academias-de-iie\/\" class=\"yoast-seo-meta-tag\" \/>\n<meta property=\"og:locale\" content=\"es_ES\" class=\"yoast-seo-meta-tag\" \/>\n<meta property=\"og:type\" content=\"article\" class=\"yoast-seo-meta-tag\" \/>\n<meta property=\"og:title\" content=\"Listado de seleccionados para las Peque Academias de IIE - O&#039;Higgins\" class=\"yoast-seo-meta-tag\" \/>\n<meta property=\"og:description\" content=\"Compartimos con ustedes el listado de las y los seleccionados para participar de las Peque Academias de Investigaci\u00f3n e Innovaci\u00f3n Escolar (IIE).\" class=\"yoast-seo-meta-tag\" \/>\n<meta property=\"og:url\" content=\"https:\/\/dev.explora.cl\/ohiggins\/listado-de-seleccionados-para-las-peque-academias-de-iie\/\" class=\"yoast-seo-meta-tag\" \/>\n<meta property=\"og:site_name\" content=\"O&#039;Higgins\" class=\"yoast-seo-meta-tag\" \/>\n<meta property=\"article:published_time\" content=\"2022-06-13T21:22:51+00:00\" class=\"yoast-seo-meta-tag\" \/>\n<meta property=\"article:modified_time\" content=\"2022-07-06T16:24:25+00:00\" class=\"yoast-seo-meta-tag\" \/>\n<meta property=\"og:image\" content=\"https:\/\/dev.explora.cl\/ohiggins\/wp-content\/uploads\/sites\/8\/2022\/05\/Academias-IIE-primer-ciclo.jpeg\" class=\"yoast-seo-meta-tag\" \/>\n\t<meta property=\"og:image:width\" content=\"1280\" class=\"yoast-seo-meta-tag\" \/>\n\t<meta property=\"og:image:height\" content=\"989\" class=\"yoast-seo-meta-tag\" \/>\n\t<meta property=\"og:image:type\" content=\"image\/jpeg\" class=\"yoast-seo-meta-tag\" \/>\n<meta name=\"author\" content=\"nsalazar\" class=\"yoast-seo-meta-tag\" \/>\n<meta name=\"twitter:card\" content=\"summary_large_image\" class=\"yoast-seo-meta-tag\" \/>\n<meta name=\"twitter:label1\" content=\"Escrito por\" class=\"yoast-seo-meta-tag\" \/>\n\t<meta name=\"twitter:data1\" content=\"nsalazar\" class=\"yoast-seo-meta-tag\" \/>\n\t<meta name=\"twitter:label2\" content=\"Tiempo estimado de lectura\" class=\"yoast-seo-meta-tag\" \/>\n\t<meta name=\"twitter:data2\" content=\"1 minuto\" class=\"yoast-seo-meta-tag\" \/>\n<script type=\"application\/ld+json\" class=\"yoast-schema-graph\">{\"@context\":\"https:\/\/schema.org\",\"@graph\":[{\"@type\":\"Article\",\"@id\":\"https:\/\/dev.explora.cl\/ohiggins\/listado-de-seleccionados-para-las-peque-academias-de-iie\/#article\",\"isPartOf\":{\"@id\":\"https:\/\/dev.explora.cl\/ohiggins\/listado-de-seleccionados-para-las-peque-academias-de-iie\/\"},\"author\":{\"name\":\"nsalazar\",\"@id\":\"https:\/\/dev.explora.cl\/ohiggins\/#\/schema\/person\/3240d62ad2624da9148a475abbc509b0\"},\"headline\":\"Listado de seleccionados para las Peque Academias de IIE\",\"datePublished\":\"2022-06-13T21:22:51+00:00\",\"dateModified\":\"2022-07-06T16:24:25+00:00\",\"mainEntityOfPage\":{\"@id\":\"https:\/\/dev.explora.cl\/ohiggins\/listado-de-seleccionados-para-las-peque-academias-de-iie\/\"},\"wordCount\":243,\"commentCount\":0,\"image\":{\"@id\":\"https:\/\/dev.explora.cl\/ohiggins\/listado-de-seleccionados-para-las-peque-academias-de-iie\/#primaryimage\"},\"thumbnailUrl\":\"https:\/\/dev.explora.cl\/ohiggins\/wp-content\/uploads\/sites\/8\/2022\/05\/Academias-IIE-primer-ciclo.jpeg\",\"articleSection\":[\"Noticias\"],\"inLanguage\":\"es-CL\",\"potentialAction\":[{\"@type\":\"CommentAction\",\"name\":\"Comment\",\"target\":[\"https:\/\/dev.explora.cl\/ohiggins\/listado-de-seleccionados-para-las-peque-academias-de-iie\/#respond\"]}]},{\"@type\":\"WebPage\",\"@id\":\"https:\/\/dev.explora.cl\/ohiggins\/listado-de-seleccionados-para-las-peque-academias-de-iie\/\",\"url\":\"https:\/\/dev.explora.cl\/ohiggins\/listado-de-seleccionados-para-las-peque-academias-de-iie\/\",\"name\":\"Listado de seleccionados para las Peque Academias de IIE - O&#039;Higgins\",\"isPartOf\":{\"@id\":\"https:\/\/dev.explora.cl\/ohiggins\/#website\"},\"primaryImageOfPage\":{\"@id\":\"https:\/\/dev.explora.cl\/ohiggins\/listado-de-seleccionados-para-las-peque-academias-de-iie\/#primaryimage\"},\"image\":{\"@id\":\"https:\/\/dev.explora.cl\/ohiggins\/listado-de-seleccionados-para-las-peque-academias-de-iie\/#primaryimage\"},\"thumbnailUrl\":\"https:\/\/dev.explora.cl\/ohiggins\/wp-content\/uploads\/sites\/8\/2022\/05\/Academias-IIE-primer-ciclo.jpeg\",\"datePublished\":\"2022-06-13T21:22:51+00:00\",\"dateModified\":\"2022-07-06T16:24:25+00:00\",\"author\":{\"@id\":\"https:\/\/dev.explora.cl\/ohiggins\/#\/schema\/person\/3240d62ad2624da9148a475abbc509b0\"},\"breadcrumb\":{\"@id\":\"https:\/\/dev.explora.cl\/ohiggins\/listado-de-seleccionados-para-las-peque-academias-de-iie\/#breadcrumb\"},\"inLanguage\":\"es-CL\",\"potentialAction\":[{\"@type\":\"ReadAction\",\"target\":[\"https:\/\/dev.explora.cl\/ohiggins\/listado-de-seleccionados-para-las-peque-academias-de-iie\/\"]}]},{\"@type\":\"ImageObject\",\"inLanguage\":\"es-CL\",\"@id\":\"https:\/\/dev.explora.cl\/ohiggins\/listado-de-seleccionados-para-las-peque-academias-de-iie\/#primaryimage\",\"url\":\"https:\/\/dev.explora.cl\/ohiggins\/wp-content\/uploads\/sites\/8\/2022\/05\/Academias-IIE-primer-ciclo.jpeg\",\"contentUrl\":\"https:\/\/dev.explora.cl\/ohiggins\/wp-content\/uploads\/sites\/8\/2022\/05\/Academias-IIE-primer-ciclo.jpeg\",\"width\":1280,\"height\":989},{\"@type\":\"BreadcrumbList\",\"@id\":\"https:\/\/dev.explora.cl\/ohiggins\/listado-de-seleccionados-para-las-peque-academias-de-iie\/#breadcrumb\",\"itemListElement\":[{\"@type\":\"ListItem\",\"position\":1,\"name\":\"Portada\",\"item\":\"https:\/\/dev.explora.cl\/ohiggins\/\"},{\"@type\":\"ListItem\",\"position\":2,\"name\":\"Listado de seleccionados para las Peque Academias de IIE\"}]},{\"@type\":\"WebSite\",\"@id\":\"https:\/\/dev.explora.cl\/ohiggins\/#website\",\"url\":\"https:\/\/dev.explora.cl\/ohiggins\/\",\"name\":\"O&#039;Higgins\",\"description\":\"Otro sitio m\u00e1s de dev.explora.cl\",\"potentialAction\":[{\"@type\":\"SearchAction\",\"target\":{\"@type\":\"EntryPoint\",\"urlTemplate\":\"https:\/\/dev.explora.cl\/ohiggins\/?s={search_term_string}\"},\"query-input\":{\"@type\":\"PropertyValueSpecification\",\"valueRequired\":true,\"valueName\":\"search_term_string\"}}],\"inLanguage\":\"es-CL\"},{\"@type\":\"Person\",\"@id\":\"https:\/\/dev.explora.cl\/ohiggins\/#\/schema\/person\/3240d62ad2624da9148a475abbc509b0\",\"name\":\"nsalazar\",\"image\":{\"@type\":\"ImageObject\",\"inLanguage\":\"es-CL\",\"@id\":\"https:\/\/dev.explora.cl\/ohiggins\/#\/schema\/person\/image\/\",\"url\":\"https:\/\/secure.gravatar.com\/avatar\/b8cf276f31998a0865a3b90e4d663d91b97848887282c9f9a56cad57ff01cc7e?s=96&d=mm&r=g\",\"contentUrl\":\"https:\/\/secure.gravatar.com\/avatar\/b8cf276f31998a0865a3b90e4d663d91b97848887282c9f9a56cad57ff01cc7e?s=96&d=mm&r=g\",\"caption\":\"nsalazar\"},\"url\":\"https:\/\/dev.explora.cl\/ohiggins\/author\/nsalazar\/\"}]}<\/script>\n<!-- \/ Yoast SEO plugin. -->","yoast_head_json":{"title":"Listado de seleccionados para las Peque Academias de IIE - O&#039;Higgins","robots":{"index":"index","follow":"follow","max-snippet":"max-snippet:-1","max-image-preview":"max-image-preview:large","max-video-preview":"max-video-preview:-1"},"canonical":"https:\/\/dev.explora.cl\/ohiggins\/listado-de-seleccionados-para-las-peque-academias-de-iie\/","og_locale":"es_ES","og_type":"article","og_title":"Listado de seleccionados para las Peque Academias de IIE - O&#039;Higgins","og_description":"Compartimos con ustedes el listado de las y los seleccionados para participar de las Peque Academias de Investigaci\u00f3n e Innovaci\u00f3n Escolar (IIE).","og_url":"https:\/\/dev.explora.cl\/ohiggins\/listado-de-seleccionados-para-las-peque-academias-de-iie\/","og_site_name":"O&#039;Higgins","article_published_time":"2022-06-13T21:22:51+00:00","article_modified_time":"2022-07-06T16:24:25+00:00","og_image":[{"width":1280,"height":989,"url":"https:\/\/dev.explora.cl\/ohiggins\/wp-content\/uploads\/sites\/8\/2022\/05\/Academias-IIE-primer-ciclo.jpeg","type":"image\/jpeg"}],"author":"nsalazar","twitter_card":"summary_large_image","twitter_misc":{"Escrito por":"nsalazar","Tiempo estimado de lectura":"1 minuto"},"schema":{"@context":"https:\/\/schema.org","@graph":[{"@type":"Article","@id":"https:\/\/dev.explora.cl\/ohiggins\/listado-de-seleccionados-para-las-peque-academias-de-iie\/#article","isPartOf":{"@id":"https:\/\/dev.explora.cl\/ohiggins\/listado-de-seleccionados-para-las-peque-academias-de-iie\/"},"author":{"name":"nsalazar","@id":"https:\/\/dev.explora.cl\/ohiggins\/#\/schema\/person\/3240d62ad2624da9148a475abbc509b0"},"headline":"Listado de seleccionados para las Peque Academias de IIE","datePublished":"2022-06-13T21:22:51+00:00","dateModified":"2022-07-06T16:24:25+00:00","mainEntityOfPage":{"@id":"https:\/\/dev.explora.cl\/ohiggins\/listado-de-seleccionados-para-las-peque-academias-de-iie\/"},"wordCount":243,"commentCount":0,"image":{"@id":"https:\/\/dev.explora.cl\/ohiggins\/listado-de-seleccionados-para-las-peque-academias-de-iie\/#primaryimage"},"thumbnailUrl":"https:\/\/dev.explora.cl\/ohiggins\/wp-content\/uploads\/sites\/8\/2022\/05\/Academias-IIE-primer-ciclo.jpeg","articleSection":["Noticias"],"inLanguage":"es-CL","potentialAction":[{"@type":"CommentAction","name":"Comment","target":["https:\/\/dev.explora.cl\/ohiggins\/listado-de-seleccionados-para-las-peque-academias-de-iie\/#respond"]}]},{"@type":"WebPage","@id":"https:\/\/dev.explora.cl\/ohiggins\/listado-de-seleccionados-para-las-peque-academias-de-iie\/","url":"https:\/\/dev.explora.cl\/ohiggins\/listado-de-seleccionados-para-las-peque-academias-de-iie\/","name":"Listado de seleccionados para las Peque Academias de IIE - O&#039;Higgins","isPartOf":{"@id":"https:\/\/dev.explora.cl\/ohiggins\/#website"},"primaryImageOfPage":{"@id":"https:\/\/dev.explora.cl\/ohiggins\/listado-de-seleccionados-para-las-peque-academias-de-iie\/#primaryimage"},"image":{"@id":"https:\/\/dev.explora.cl\/ohiggins\/listado-de-seleccionados-para-las-peque-academias-de-iie\/#primaryimage"},"thumbnailUrl":"https:\/\/dev.explora.cl\/ohiggins\/wp-content\/uploads\/sites\/8\/2022\/05\/Academias-IIE-primer-ciclo.jpeg","datePublished":"2022-06-13T21:22:51+00:00","dateModified":"2022-07-06T16:24:25+00:00","author":{"@id":"https:\/\/dev.explora.cl\/ohiggins\/#\/schema\/person\/3240d62ad2624da9148a475abbc509b0"},"breadcrumb":{"@id":"https:\/\/dev.explora.cl\/ohiggins\/listado-de-seleccionados-para-las-peque-academias-de-iie\/#breadcrumb"},"inLanguage":"es-CL","potentialAction":[{"@type":"ReadAction","target":["https:\/\/dev.explora.cl\/ohiggins\/listado-de-seleccionados-para-las-peque-academias-de-iie\/"]}]},{"@type":"ImageObject","inLanguage":"es-CL","@id":"https:\/\/dev.explora.cl\/ohiggins\/listado-de-seleccionados-para-las-peque-academias-de-iie\/#primaryimage","url":"https:\/\/dev.explora.cl\/ohiggins\/wp-content\/uploads\/sites\/8\/2022\/05\/Academias-IIE-primer-ciclo.jpeg","contentUrl":"https:\/\/dev.explora.cl\/ohiggins\/wp-content\/uploads\/sites\/8\/2022\/05\/Academias-IIE-primer-ciclo.jpeg","width":1280,"height":989},{"@type":"BreadcrumbList","@id":"https:\/\/dev.explora.cl\/ohiggins\/listado-de-seleccionados-para-las-peque-academias-de-iie\/#breadcrumb","itemListElement":[{"@type":"ListItem","position":1,"name":"Portada","item":"https:\/\/dev.explora.cl\/ohiggins\/"},{"@type":"ListItem","position":2,"name":"Listado de seleccionados para las Peque Academias de IIE"}]},{"@type":"WebSite","@id":"https:\/\/dev.explora.cl\/ohiggins\/#website","url":"https:\/\/dev.explora.cl\/ohiggins\/","name":"O&#039;Higgins","description":"Otro sitio m\u00e1s de dev.explora.cl","potentialAction":[{"@type":"SearchAction","target":{"@type":"EntryPoint","urlTemplate":"https:\/\/dev.explora.cl\/ohiggins\/?s={search_term_string}"},"query-input":{"@type":"PropertyValueSpecification","valueRequired":true,"valueName":"search_term_string"}}],"inLanguage":"es-CL"},{"@type":"Person","@id":"https:\/\/dev.explora.cl\/ohiggins\/#\/schema\/person\/3240d62ad2624da9148a475abbc509b0","name":"nsalazar","image":{"@type":"ImageObject","inLanguage":"es-CL","@id":"https:\/\/dev.explora.cl\/ohiggins\/#\/schema\/person\/image\/","url":"https:\/\/secure.gravatar.com\/avatar\/b8cf276f31998a0865a3b90e4d663d91b97848887282c9f9a56cad57ff01cc7e?s=96&d=mm&r=g","contentUrl":"https:\/\/secure.gravatar.com\/avatar\/b8cf276f31998a0865a3b90e4d663d91b97848887282c9f9a56cad57ff01cc7e?s=96&d=mm&r=g","caption":"nsalazar"},"url":"https:\/\/dev.explora.cl\/ohiggins\/author\/nsalazar\/"}]}},"_links":{"self":[{"href":"https:\/\/dev.explora.cl\/ohiggins\/wp-json\/wp\/v2\/posts\/39175","targetHints":{"allow":["GET"]}}],"collection":[{"href":"https:\/\/dev.explora.cl\/ohiggins\/wp-json\/wp\/v2\/posts"}],"about":[{"href":"https:\/\/dev.explora.cl\/ohiggins\/wp-json\/wp\/v2\/types\/post"}],"author":[{"embeddable":true,"href":"https:\/\/dev.explora.cl\/ohiggins\/wp-json\/wp\/v2\/users\/23"}],"replies":[{"embeddable":true,"href":"https:\/\/dev.explora.cl\/ohiggins\/wp-json\/wp\/v2\/comments?post=39175"}],"version-history":[{"count":2,"href":"https:\/\/dev.explora.cl\/ohiggins\/wp-json\/wp\/v2\/posts\/39175\/revisions"}],"predecessor-version":[{"id":39177,"href":"https:\/\/dev.explora.cl\/ohiggins\/wp-json\/wp\/v2\/posts\/39175\/revisions\/39177"}],"wp:featuredmedia":[{"embeddable":true,"href":"https:\/\/dev.explora.cl\/ohiggins\/wp-json\/wp\/v2\/media\/39154"}],"wp:attachment":[{"href":"https:\/\/dev.explora.cl\/ohiggins\/wp-json\/wp\/v2\/media?parent=39175"}],"wp:term":[{"taxonomy":"category","embeddable":true,"href":"https:\/\/dev.explora.cl\/ohiggins\/wp-json\/wp\/v2\/categories?post=39175"},{"taxonomy":"post_tag","embeddable":true,"href":"https:\/\/dev.explora.cl\/ohiggins\/wp-json\/wp\/v2\/tags?post=39175"}],"curies":[{"name":"wp","href":"https:\/\/api.w.org\/{rel}","templated":true}]}}