{"id":39158,"date":"2022-05-30T15:04:29","date_gmt":"2022-05-30T19:04:29","guid":{"rendered":"https:\/\/dev.explora.cl\/ohiggins\/?p=39158"},"modified":"2022-06-24T11:45:02","modified_gmt":"2022-06-24T15:45:02","slug":"par-explora-invita-a-participar-del-taller-de-plasticos-en-pichilemu","status":"publish","type":"post","link":"https:\/\/dev.explora.cl\/ohiggins\/par-explora-invita-a-participar-del-taller-de-plasticos-en-pichilemu\/","title":{"rendered":"PAR Explora invita a participar del Taller de Pl\u00e1sticos en Pichilemu"},"content":{"rendered":"<p>Este viernes 3 de junio finaliza la primera parte de los talleres de la iniciativa Mu\u00e9vete sin Pl\u00e1sticos, \u201cTalleres de Pl\u00e1sticos\u201d, que tienen como objetivo entregar las herramientas a la comunidad para aportar a la reducci\u00f3n, reutilizaci\u00f3n y reciclaje de este material altamente contaminante. Este curso ya se ha realizado en Cachapoal (Rancagua) y Colchagua (San Fernando), y hora es el turno de Cardenal Caro en el Auditorio Municipal de Pichilemu.<\/p>\n<p>\u201cEsta actividad busca abordar una problem\u00e1tica regional de importancia nacional, que es el reciclaje de pl\u00e1stico relacionado con la econom\u00eda circular. Estamos entregando herramientas a la comunidad para identificar los tipos de pl\u00e1sticos. Durante el \u00faltimo taller, realizado en San Fernando, nos acompa\u00f1\u00f3 la seremi de Medio Ambiente y la delegada Presidencial Provincial de Colchagua, lo que nos ayuda a tener un mayor impacto, siempre buscando llevar la ciencia a la comunidad. Hoy invitamos a toda la gente de Cardenal Caro a participar en Pichilemu\u201d, indic\u00f3 el director de PAR Explora O\u00b4Higgins y director del Instituto de Ciencias de la Ingenier\u00eda de la UOH, Rodrigo Verschae.<\/p>\n<p>Los talleres son parte de la iniciativa Mu\u00e9vete sin Pl\u00e1sticos de PAR Explora O\u00b4Higgins y tienen por objetivo mezclar la ciencia ciudadana con el reciclaje y la inteligencia artificial para as\u00ed crear una aplicaci\u00f3n que reconozca los distintos tipos de pl\u00e1sticos; los pr\u00f3ximos talleres ser\u00e1n, precisamente, de inteligencia artificial.<\/p>\n<p>La cita es para este viernes 3 de junio en el Auditorio Municipal de Pichilemu, desde las 10 horas. Par participar, pueden inscribirse en el siguiente link: <a href=\"https:\/\/airtable.com\/shrJOxgk2RdZlKnZz\">https:\/\/airtable.com\/shrJOxgk2RdZlKnZz<\/a>.<\/p>\n<p><strong>Taller de Pl\u00e1sticos Colchagua<\/strong><\/p>\n<p>Tal como se\u00f1al\u00e1bamos, durante el pasado viernes 20 de mayo se realiz\u00f3 en el Campus Colchagua de la Universidad de O\u00b4Higgins el segundo Taller de Pl\u00e1sticos de la iniciativa de Mu\u00e9vete sin Pl\u00e1sticos.<\/p>\n<p><img loading=\"lazy\" decoding=\"async\" class=\"alignnone size-medium wp-image-39161\" src=\"https:\/\/dev.explora.cl\/ohiggins\/wp-content\/uploads\/sites\/8\/2022\/05\/WhatsApp-Image-2022-05-20-at-10.30.15-AM-300x191.jpeg\" alt=\"\" width=\"300\" height=\"191\" srcset=\"https:\/\/dev.explora.cl\/ohiggins\/wp-content\/uploads\/sites\/8\/2022\/05\/WhatsApp-Image-2022-05-20-at-10.30.15-AM-300x191.jpeg 300w, https:\/\/dev.explora.cl\/ohiggins\/wp-content\/uploads\/sites\/8\/2022\/05\/WhatsApp-Image-2022-05-20-at-10.30.15-AM-768x490.jpeg 768w, https:\/\/dev.explora.cl\/ohiggins\/wp-content\/uploads\/sites\/8\/2022\/05\/WhatsApp-Image-2022-05-20-at-10.30.15-AM-1024x653.jpeg 1024w, https:\/\/dev.explora.cl\/ohiggins\/wp-content\/uploads\/sites\/8\/2022\/05\/WhatsApp-Image-2022-05-20-at-10.30.15-AM.jpeg 1600w\" sizes=\"auto, (max-width: 300px) 100vw, 300px\" \/><\/p>\n<p>Al igual que en la primera actividad realizada en el Campus Rancagua de la UOH, el Taller de Pl\u00e1sticos Colchagua tuvo como principal expositora a la recicladora y fundadora de Reclim, Patricia Jara, quien explic\u00f3 a los presentes \u2013entre ellos altas autoridades regionales y provinciales- la diferencia de los distintos tipos de pl\u00e1sticos y su manejo para reducir su uso, su reutilizaci\u00f3n y su reciclaje. Adem\u00e1s, particip\u00f3 su compa\u00f1era recicladora, \u201cBlaquelita Plastic\u201d, quien realiz\u00f3 una entretenida intervenci\u00f3n art\u00edstica.<\/p>\n<p>Una de las participantes, la seremi de Medio Ambiente de O\u00b4Higgins, Giovanna Amaya, se\u00f1al\u00f3 que \u201ccomo Ministerio y Seremi de Medio Ambiente creemos que esto es espectacular. Siempre se ha considerado a la UOH como un socio estrat\u00e9gico para desarrollar ciencias y replicarla dentro de los territorios. Nos comentaba el director de PAR Explora c\u00f3mo involucrar la ciencia desde las aulas. Hoy hemos solicitado p\u00fablicamente al director de PAR Explora que se reintegre a la Mesa Ambiental\u201d.<\/p>\n<p>Por su parte, la delegada Presidencial Provincial de Colchagua, Marta Pizarro, agreg\u00f3 que \u201cesta es una iniciativa fundamental que apunta el Programa de Gobierno del Presidente Gabriel Boric, donde pretendemos trabajar, y donde se est\u00e1 trabajando profundamente en estrategias transformadora que apunten al cambio clim\u00e1tico y al reciclaje, a la reutilizaci\u00f3n, que son aspectos importantes de tener en cuenta al momento de generar estas estrategias transformadoras para sopesar el cambio clim\u00e1tico\u201d.<\/p>\n<p>Una de las asistentes fue la educadora del jard\u00edn Mi Gran Tesoro de Rancagua, Katherine Y\u00e1\u00f1ez, quien junto a su compa\u00f1era de establecimiento viajaron desde Rancagua a San Fernando para no perderse el taller. \u201cHa sido una actividad muy satisfactoria, muy relevante para nosotros y para nuestro sello como establecimiento. Fue una actividad l\u00fadica, hablado de temas pertinentes para ni\u00f1os de primeras edades, interesante, con nuevas estrategias y lineamientos para utilizarlas en el jard\u00edn, adem\u00e1s que crecen nuestras redes de apoyo. El taller ha sido muy bueno, y nos servir\u00e1 mucho para replicarlo en el jard\u00edn\u201d, asegur\u00f3 la t\u00eda que no pudo estar en el curso realizado en Rancagua.<\/p>\n","protected":false},"excerpt":{"rendered":"<p>El tercer taller de la iniciativa Mu\u00e9vete sin Pl\u00e1sticos ya se ha realizado con gran \u00e9xito en Cachapoal y Colchagua; este viernes 3 de junio ser\u00e1 el turno del \u00faltimo, en Cardenal Caro. <\/p>\n","protected":false},"author":23,"featured_media":39159,"comment_status":"open","ping_status":"open","sticky":false,"template":"","format":"standard","meta":{"_acf_changed":false,"_exactmetrics_skip_tracking":false,"_exactmetrics_sitenote_active":false,"_exactmetrics_sitenote_note":"","_exactmetrics_sitenote_category":0,"footnotes":"","_links_to":"","_links_to_target":""},"categories":[4],"tags":[],"class_list":["post-39158","post","type-post","status-publish","format-standard","has-post-thumbnail","hentry","category-noticias"],"acf":[],"yoast_head":"<!-- This site is optimized with the Yoast SEO plugin v26.7 - https:\/\/yoast.com\/wordpress\/plugins\/seo\/ -->\n<title>PAR Explora invita a participar del Taller de Pl\u00e1sticos en Pichilemu - O&#039;Higgins<\/title>\n<meta name=\"robots\" content=\"index, follow, max-snippet:-1, max-image-preview:large, max-video-preview:-1\" \/>\n<link rel=\"canonical\" href=\"https:\/\/dev.explora.cl\/ohiggins\/par-explora-invita-a-participar-del-taller-de-plasticos-en-pichilemu\/\" class=\"yoast-seo-meta-tag\" \/>\n<meta property=\"og:locale\" content=\"es_ES\" class=\"yoast-seo-meta-tag\" \/>\n<meta property=\"og:type\" content=\"article\" class=\"yoast-seo-meta-tag\" \/>\n<meta property=\"og:title\" content=\"PAR Explora invita a participar del Taller de Pl\u00e1sticos en Pichilemu - O&#039;Higgins\" class=\"yoast-seo-meta-tag\" \/>\n<meta property=\"og:description\" content=\"El tercer taller de la iniciativa Mu\u00e9vete sin Pl\u00e1sticos ya se ha realizado con gran \u00e9xito en Cachapoal y Colchagua; este viernes 3 de junio ser\u00e1 el turno del \u00faltimo, en Cardenal Caro.\" class=\"yoast-seo-meta-tag\" \/>\n<meta property=\"og:url\" content=\"https:\/\/dev.explora.cl\/ohiggins\/par-explora-invita-a-participar-del-taller-de-plasticos-en-pichilemu\/\" class=\"yoast-seo-meta-tag\" \/>\n<meta property=\"og:site_name\" content=\"O&#039;Higgins\" class=\"yoast-seo-meta-tag\" \/>\n<meta property=\"article:published_time\" content=\"2022-05-30T19:04:29+00:00\" class=\"yoast-seo-meta-tag\" \/>\n<meta property=\"article:modified_time\" content=\"2022-06-24T15:45:02+00:00\" class=\"yoast-seo-meta-tag\" \/>\n<meta property=\"og:image\" content=\"https:\/\/dev.explora.cl\/ohiggins\/wp-content\/uploads\/sites\/8\/2022\/05\/WhatsApp-Image-2022-05-20-at-11.49.13-AM.jpeg\" class=\"yoast-seo-meta-tag\" \/>\n\t<meta property=\"og:image:width\" content=\"1600\" class=\"yoast-seo-meta-tag\" \/>\n\t<meta property=\"og:image:height\" content=\"1066\" class=\"yoast-seo-meta-tag\" \/>\n\t<meta property=\"og:image:type\" content=\"image\/jpeg\" class=\"yoast-seo-meta-tag\" \/>\n<meta name=\"author\" content=\"nsalazar\" class=\"yoast-seo-meta-tag\" \/>\n<meta name=\"twitter:card\" content=\"summary_large_image\" class=\"yoast-seo-meta-tag\" \/>\n<meta name=\"twitter:label1\" content=\"Escrito por\" class=\"yoast-seo-meta-tag\" \/>\n\t<meta name=\"twitter:data1\" content=\"nsalazar\" class=\"yoast-seo-meta-tag\" \/>\n\t<meta name=\"twitter:label2\" content=\"Tiempo estimado de lectura\" class=\"yoast-seo-meta-tag\" \/>\n\t<meta name=\"twitter:data2\" content=\"3 minutos\" class=\"yoast-seo-meta-tag\" \/>\n<script type=\"application\/ld+json\" class=\"yoast-schema-graph\">{\"@context\":\"https:\/\/schema.org\",\"@graph\":[{\"@type\":\"Article\",\"@id\":\"https:\/\/dev.explora.cl\/ohiggins\/par-explora-invita-a-participar-del-taller-de-plasticos-en-pichilemu\/#article\",\"isPartOf\":{\"@id\":\"https:\/\/dev.explora.cl\/ohiggins\/par-explora-invita-a-participar-del-taller-de-plasticos-en-pichilemu\/\"},\"author\":{\"name\":\"nsalazar\",\"@id\":\"https:\/\/dev.explora.cl\/ohiggins\/#\/schema\/person\/3240d62ad2624da9148a475abbc509b0\"},\"headline\":\"PAR Explora invita a participar del Taller de Pl\u00e1sticos en Pichilemu\",\"datePublished\":\"2022-05-30T19:04:29+00:00\",\"dateModified\":\"2022-06-24T15:45:02+00:00\",\"mainEntityOfPage\":{\"@id\":\"https:\/\/dev.explora.cl\/ohiggins\/par-explora-invita-a-participar-del-taller-de-plasticos-en-pichilemu\/\"},\"wordCount\":687,\"commentCount\":0,\"image\":{\"@id\":\"https:\/\/dev.explora.cl\/ohiggins\/par-explora-invita-a-participar-del-taller-de-plasticos-en-pichilemu\/#primaryimage\"},\"thumbnailUrl\":\"https:\/\/dev.explora.cl\/ohiggins\/wp-content\/uploads\/sites\/8\/2022\/05\/WhatsApp-Image-2022-05-20-at-11.49.13-AM.jpeg\",\"articleSection\":[\"Noticias\"],\"inLanguage\":\"es-CL\",\"potentialAction\":[{\"@type\":\"CommentAction\",\"name\":\"Comment\",\"target\":[\"https:\/\/dev.explora.cl\/ohiggins\/par-explora-invita-a-participar-del-taller-de-plasticos-en-pichilemu\/#respond\"]}]},{\"@type\":\"WebPage\",\"@id\":\"https:\/\/dev.explora.cl\/ohiggins\/par-explora-invita-a-participar-del-taller-de-plasticos-en-pichilemu\/\",\"url\":\"https:\/\/dev.explora.cl\/ohiggins\/par-explora-invita-a-participar-del-taller-de-plasticos-en-pichilemu\/\",\"name\":\"PAR Explora invita a participar del Taller de Pl\u00e1sticos en Pichilemu - O&#039;Higgins\",\"isPartOf\":{\"@id\":\"https:\/\/dev.explora.cl\/ohiggins\/#website\"},\"primaryImageOfPage\":{\"@id\":\"https:\/\/dev.explora.cl\/ohiggins\/par-explora-invita-a-participar-del-taller-de-plasticos-en-pichilemu\/#primaryimage\"},\"image\":{\"@id\":\"https:\/\/dev.explora.cl\/ohiggins\/par-explora-invita-a-participar-del-taller-de-plasticos-en-pichilemu\/#primaryimage\"},\"thumbnailUrl\":\"https:\/\/dev.explora.cl\/ohiggins\/wp-content\/uploads\/sites\/8\/2022\/05\/WhatsApp-Image-2022-05-20-at-11.49.13-AM.jpeg\",\"datePublished\":\"2022-05-30T19:04:29+00:00\",\"dateModified\":\"2022-06-24T15:45:02+00:00\",\"author\":{\"@id\":\"https:\/\/dev.explora.cl\/ohiggins\/#\/schema\/person\/3240d62ad2624da9148a475abbc509b0\"},\"breadcrumb\":{\"@id\":\"https:\/\/dev.explora.cl\/ohiggins\/par-explora-invita-a-participar-del-taller-de-plasticos-en-pichilemu\/#breadcrumb\"},\"inLanguage\":\"es-CL\",\"potentialAction\":[{\"@type\":\"ReadAction\",\"target\":[\"https:\/\/dev.explora.cl\/ohiggins\/par-explora-invita-a-participar-del-taller-de-plasticos-en-pichilemu\/\"]}]},{\"@type\":\"ImageObject\",\"inLanguage\":\"es-CL\",\"@id\":\"https:\/\/dev.explora.cl\/ohiggins\/par-explora-invita-a-participar-del-taller-de-plasticos-en-pichilemu\/#primaryimage\",\"url\":\"https:\/\/dev.explora.cl\/ohiggins\/wp-content\/uploads\/sites\/8\/2022\/05\/WhatsApp-Image-2022-05-20-at-11.49.13-AM.jpeg\",\"contentUrl\":\"https:\/\/dev.explora.cl\/ohiggins\/wp-content\/uploads\/sites\/8\/2022\/05\/WhatsApp-Image-2022-05-20-at-11.49.13-AM.jpeg\",\"width\":1600,\"height\":1066},{\"@type\":\"BreadcrumbList\",\"@id\":\"https:\/\/dev.explora.cl\/ohiggins\/par-explora-invita-a-participar-del-taller-de-plasticos-en-pichilemu\/#breadcrumb\",\"itemListElement\":[{\"@type\":\"ListItem\",\"position\":1,\"name\":\"Portada\",\"item\":\"https:\/\/dev.explora.cl\/ohiggins\/\"},{\"@type\":\"ListItem\",\"position\":2,\"name\":\"PAR Explora invita a participar del Taller de Pl\u00e1sticos en Pichilemu\"}]},{\"@type\":\"WebSite\",\"@id\":\"https:\/\/dev.explora.cl\/ohiggins\/#website\",\"url\":\"https:\/\/dev.explora.cl\/ohiggins\/\",\"name\":\"O&#039;Higgins\",\"description\":\"Otro sitio m\u00e1s de dev.explora.cl\",\"potentialAction\":[{\"@type\":\"SearchAction\",\"target\":{\"@type\":\"EntryPoint\",\"urlTemplate\":\"https:\/\/dev.explora.cl\/ohiggins\/?s={search_term_string}\"},\"query-input\":{\"@type\":\"PropertyValueSpecification\",\"valueRequired\":true,\"valueName\":\"search_term_string\"}}],\"inLanguage\":\"es-CL\"},{\"@type\":\"Person\",\"@id\":\"https:\/\/dev.explora.cl\/ohiggins\/#\/schema\/person\/3240d62ad2624da9148a475abbc509b0\",\"name\":\"nsalazar\",\"image\":{\"@type\":\"ImageObject\",\"inLanguage\":\"es-CL\",\"@id\":\"https:\/\/dev.explora.cl\/ohiggins\/#\/schema\/person\/image\/\",\"url\":\"https:\/\/secure.gravatar.com\/avatar\/b8cf276f31998a0865a3b90e4d663d91b97848887282c9f9a56cad57ff01cc7e?s=96&d=mm&r=g\",\"contentUrl\":\"https:\/\/secure.gravatar.com\/avatar\/b8cf276f31998a0865a3b90e4d663d91b97848887282c9f9a56cad57ff01cc7e?s=96&d=mm&r=g\",\"caption\":\"nsalazar\"},\"url\":\"https:\/\/dev.explora.cl\/ohiggins\/author\/nsalazar\/\"}]}<\/script>\n<!-- \/ Yoast SEO plugin. -->","yoast_head_json":{"title":"PAR Explora invita a participar del Taller de Pl\u00e1sticos en Pichilemu - O&#039;Higgins","robots":{"index":"index","follow":"follow","max-snippet":"max-snippet:-1","max-image-preview":"max-image-preview:large","max-video-preview":"max-video-preview:-1"},"canonical":"https:\/\/dev.explora.cl\/ohiggins\/par-explora-invita-a-participar-del-taller-de-plasticos-en-pichilemu\/","og_locale":"es_ES","og_type":"article","og_title":"PAR Explora invita a participar del Taller de Pl\u00e1sticos en Pichilemu - O&#039;Higgins","og_description":"El tercer taller de la iniciativa Mu\u00e9vete sin Pl\u00e1sticos ya se ha realizado con gran \u00e9xito en Cachapoal y Colchagua; este viernes 3 de junio ser\u00e1 el turno del \u00faltimo, en Cardenal Caro.","og_url":"https:\/\/dev.explora.cl\/ohiggins\/par-explora-invita-a-participar-del-taller-de-plasticos-en-pichilemu\/","og_site_name":"O&#039;Higgins","article_published_time":"2022-05-30T19:04:29+00:00","article_modified_time":"2022-06-24T15:45:02+00:00","og_image":[{"width":1600,"height":1066,"url":"https:\/\/dev.explora.cl\/ohiggins\/wp-content\/uploads\/sites\/8\/2022\/05\/WhatsApp-Image-2022-05-20-at-11.49.13-AM.jpeg","type":"image\/jpeg"}],"author":"nsalazar","twitter_card":"summary_large_image","twitter_misc":{"Escrito por":"nsalazar","Tiempo estimado de lectura":"3 minutos"},"schema":{"@context":"https:\/\/schema.org","@graph":[{"@type":"Article","@id":"https:\/\/dev.explora.cl\/ohiggins\/par-explora-invita-a-participar-del-taller-de-plasticos-en-pichilemu\/#article","isPartOf":{"@id":"https:\/\/dev.explora.cl\/ohiggins\/par-explora-invita-a-participar-del-taller-de-plasticos-en-pichilemu\/"},"author":{"name":"nsalazar","@id":"https:\/\/dev.explora.cl\/ohiggins\/#\/schema\/person\/3240d62ad2624da9148a475abbc509b0"},"headline":"PAR Explora invita a participar del Taller de Pl\u00e1sticos en Pichilemu","datePublished":"2022-05-30T19:04:29+00:00","dateModified":"2022-06-24T15:45:02+00:00","mainEntityOfPage":{"@id":"https:\/\/dev.explora.cl\/ohiggins\/par-explora-invita-a-participar-del-taller-de-plasticos-en-pichilemu\/"},"wordCount":687,"commentCount":0,"image":{"@id":"https:\/\/dev.explora.cl\/ohiggins\/par-explora-invita-a-participar-del-taller-de-plasticos-en-pichilemu\/#primaryimage"},"thumbnailUrl":"https:\/\/dev.explora.cl\/ohiggins\/wp-content\/uploads\/sites\/8\/2022\/05\/WhatsApp-Image-2022-05-20-at-11.49.13-AM.jpeg","articleSection":["Noticias"],"inLanguage":"es-CL","potentialAction":[{"@type":"CommentAction","name":"Comment","target":["https:\/\/dev.explora.cl\/ohiggins\/par-explora-invita-a-participar-del-taller-de-plasticos-en-pichilemu\/#respond"]}]},{"@type":"WebPage","@id":"https:\/\/dev.explora.cl\/ohiggins\/par-explora-invita-a-participar-del-taller-de-plasticos-en-pichilemu\/","url":"https:\/\/dev.explora.cl\/ohiggins\/par-explora-invita-a-participar-del-taller-de-plasticos-en-pichilemu\/","name":"PAR Explora invita a participar del Taller de Pl\u00e1sticos en Pichilemu - O&#039;Higgins","isPartOf":{"@id":"https:\/\/dev.explora.cl\/ohiggins\/#website"},"primaryImageOfPage":{"@id":"https:\/\/dev.explora.cl\/ohiggins\/par-explora-invita-a-participar-del-taller-de-plasticos-en-pichilemu\/#primaryimage"},"image":{"@id":"https:\/\/dev.explora.cl\/ohiggins\/par-explora-invita-a-participar-del-taller-de-plasticos-en-pichilemu\/#primaryimage"},"thumbnailUrl":"https:\/\/dev.explora.cl\/ohiggins\/wp-content\/uploads\/sites\/8\/2022\/05\/WhatsApp-Image-2022-05-20-at-11.49.13-AM.jpeg","datePublished":"2022-05-30T19:04:29+00:00","dateModified":"2022-06-24T15:45:02+00:00","author":{"@id":"https:\/\/dev.explora.cl\/ohiggins\/#\/schema\/person\/3240d62ad2624da9148a475abbc509b0"},"breadcrumb":{"@id":"https:\/\/dev.explora.cl\/ohiggins\/par-explora-invita-a-participar-del-taller-de-plasticos-en-pichilemu\/#breadcrumb"},"inLanguage":"es-CL","potentialAction":[{"@type":"ReadAction","target":["https:\/\/dev.explora.cl\/ohiggins\/par-explora-invita-a-participar-del-taller-de-plasticos-en-pichilemu\/"]}]},{"@type":"ImageObject","inLanguage":"es-CL","@id":"https:\/\/dev.explora.cl\/ohiggins\/par-explora-invita-a-participar-del-taller-de-plasticos-en-pichilemu\/#primaryimage","url":"https:\/\/dev.explora.cl\/ohiggins\/wp-content\/uploads\/sites\/8\/2022\/05\/WhatsApp-Image-2022-05-20-at-11.49.13-AM.jpeg","contentUrl":"https:\/\/dev.explora.cl\/ohiggins\/wp-content\/uploads\/sites\/8\/2022\/05\/WhatsApp-Image-2022-05-20-at-11.49.13-AM.jpeg","width":1600,"height":1066},{"@type":"BreadcrumbList","@id":"https:\/\/dev.explora.cl\/ohiggins\/par-explora-invita-a-participar-del-taller-de-plasticos-en-pichilemu\/#breadcrumb","itemListElement":[{"@type":"ListItem","position":1,"name":"Portada","item":"https:\/\/dev.explora.cl\/ohiggins\/"},{"@type":"ListItem","position":2,"name":"PAR Explora invita a participar del Taller de Pl\u00e1sticos en Pichilemu"}]},{"@type":"WebSite","@id":"https:\/\/dev.explora.cl\/ohiggins\/#website","url":"https:\/\/dev.explora.cl\/ohiggins\/","name":"O&#039;Higgins","description":"Otro sitio m\u00e1s de dev.explora.cl","potentialAction":[{"@type":"SearchAction","target":{"@type":"EntryPoint","urlTemplate":"https:\/\/dev.explora.cl\/ohiggins\/?s={search_term_string}"},"query-input":{"@type":"PropertyValueSpecification","valueRequired":true,"valueName":"search_term_string"}}],"inLanguage":"es-CL"},{"@type":"Person","@id":"https:\/\/dev.explora.cl\/ohiggins\/#\/schema\/person\/3240d62ad2624da9148a475abbc509b0","name":"nsalazar","image":{"@type":"ImageObject","inLanguage":"es-CL","@id":"https:\/\/dev.explora.cl\/ohiggins\/#\/schema\/person\/image\/","url":"https:\/\/secure.gravatar.com\/avatar\/b8cf276f31998a0865a3b90e4d663d91b97848887282c9f9a56cad57ff01cc7e?s=96&d=mm&r=g","contentUrl":"https:\/\/secure.gravatar.com\/avatar\/b8cf276f31998a0865a3b90e4d663d91b97848887282c9f9a56cad57ff01cc7e?s=96&d=mm&r=g","caption":"nsalazar"},"url":"https:\/\/dev.explora.cl\/ohiggins\/author\/nsalazar\/"}]}},"_links":{"self":[{"href":"https:\/\/dev.explora.cl\/ohiggins\/wp-json\/wp\/v2\/posts\/39158","targetHints":{"allow":["GET"]}}],"collection":[{"href":"https:\/\/dev.explora.cl\/ohiggins\/wp-json\/wp\/v2\/posts"}],"about":[{"href":"https:\/\/dev.explora.cl\/ohiggins\/wp-json\/wp\/v2\/types\/post"}],"author":[{"embeddable":true,"href":"https:\/\/dev.explora.cl\/ohiggins\/wp-json\/wp\/v2\/users\/23"}],"replies":[{"embeddable":true,"href":"https:\/\/dev.explora.cl\/ohiggins\/wp-json\/wp\/v2\/comments?post=39158"}],"version-history":[{"count":3,"href":"https:\/\/dev.explora.cl\/ohiggins\/wp-json\/wp\/v2\/posts\/39158\/revisions"}],"predecessor-version":[{"id":39163,"href":"https:\/\/dev.explora.cl\/ohiggins\/wp-json\/wp\/v2\/posts\/39158\/revisions\/39163"}],"wp:featuredmedia":[{"embeddable":true,"href":"https:\/\/dev.explora.cl\/ohiggins\/wp-json\/wp\/v2\/media\/39159"}],"wp:attachment":[{"href":"https:\/\/dev.explora.cl\/ohiggins\/wp-json\/wp\/v2\/media?parent=39158"}],"wp:term":[{"taxonomy":"category","embeddable":true,"href":"https:\/\/dev.explora.cl\/ohiggins\/wp-json\/wp\/v2\/categories?post=39158"},{"taxonomy":"post_tag","embeddable":true,"href":"https:\/\/dev.explora.cl\/ohiggins\/wp-json\/wp\/v2\/tags?post=39158"}],"curies":[{"name":"wp","href":"https:\/\/api.w.org\/{rel}","templated":true}]}}