{"id":39135,"date":"2022-05-10T17:45:08","date_gmt":"2022-05-10T21:45:08","guid":{"rendered":"https:\/\/dev.explora.cl\/ohiggins\/?p=39135"},"modified":"2022-06-09T09:40:50","modified_gmt":"2022-06-09T13:40:50","slug":"con-gran-participacion-iniciaron-los-talleres-de-plastico-que-organiza-par-explora","status":"publish","type":"post","link":"https:\/\/dev.explora.cl\/ohiggins\/con-gran-participacion-iniciaron-los-talleres-de-plastico-que-organiza-par-explora\/","title":{"rendered":"Con gran participaci\u00f3n iniciaron los talleres de pl\u00e1stico que organiza PAR Explora"},"content":{"rendered":"<p>Con una participaci\u00f3n de cerca de 60 vecinos y vecinas de la Provincia de Cachapoal, comenzaron los talleres de conocimiento y manejo de pl\u00e1sticos que organiza PAR Explora O\u00b4Higgins, a trav\u00e9s de la campa\u00f1a de ciencia ciudadana \u201cMu\u00e9vete sin Pl\u00e1sticos\u201d. El primer curso, dirigido por la recicladora Patricia Jara, se realiz\u00f3 en el Campus Rancagua de la Universidad de O\u00b4Higgins, y se repetir\u00e1 en las otras dos capitales provinciales de la regi\u00f3n.<\/p>\n<p>\u201cEstamos muy contentos con la masiva participaci\u00f3n en el primero de los tres talleres que realizamos para el conocimiento y manejo de pl\u00e1sticos. Fue una jornada de mucho aprendizaje, pero tambi\u00e9n de entretenci\u00f3n, todo enfocado en crear esta aplicaci\u00f3n que utilizar\u00e1 inteligencia artificial para aportar a solucionar el problema del manejo de pl\u00e1sticos\u201d, indic\u00f3 el director de PAR Explora O\u00b4Higgins y director del Instituto de Ciencias de la Ingenier\u00eda de la UOH, Rodrigo Verschae.<\/p>\n<p>Durante la actividad -que cont\u00f3 con la presencia de activistas medioambientales, academias de ciencias, representante de la Seremi de Medio Ambiente (Emilio L\u00f3pez), profesores y p\u00fablico en general-, se ense\u00f1\u00f3 sobre qu\u00e9 es el pl\u00e1stico, su importancia, su reutilizaci\u00f3n, su reducci\u00f3n y reciclaje, a trav\u00e9s de una charla y una entretenida obra teatralizada.<\/p>\n<p>\u201cMe encant\u00f3. Estoy s\u00faper feliz de estar aqu\u00ed, muchas gracias a la Universidad de O\u00b4Higgins y PAR Explora, porque el proyecto est\u00e1 muy bonito. La idea es reducir el uso de pl\u00e1sticos, entender que es un contaminante macabro, pero que tambi\u00e9n ha sido muy \u00fatil para el desarrollo de tecnolog\u00edas. Nosotros como Reclim tenemos la misi\u00f3n de transmitir este mensaje y concientizar a las personas. Que la gente trabaje en la futura aplicaci\u00f3n, como participaci\u00f3n ciudadana, me encanta; ac\u00e1 tenemos que trabajar todos y todas\u201d, asegur\u00f3 la fundadora de la recicladora Reclim, Patricia Jara.<\/p>\n<p>Su compa\u00f1era de exposici\u00f3n, la actriz y activista medioambiental que actu\u00f3 como el personaje &#8220;Baquelita Plastic&#8221;, agreg\u00f3 que \u201cme voy muy contenta porque creo que fue una participaci\u00f3n muy activa con impresiones y conclusiones muy importantes del quehacer del medioambiente. Tambi\u00e9n fue s\u00faper educativo porque aprendimos sobre los siete tipos de pl\u00e1sticos y c\u00f3mo poder hacer la gesti\u00f3n de la basura y reciclaje. Invitamos a sumarse a las actividades porque son s\u00faper interesantes ya que combinamos arte y reciclaje\u201d.<\/p>\n<p>Para el profesor qu\u00edmica y ciencias naturales del Liceo Bicentenario Oriente de Rengo, Manuel Echeverr\u00eda, \u201cagradezco la invitaci\u00f3n para nuestro establecimiento y felicito la iniciativa de invitar a los colegios a conocer un poco m\u00e1s sobre la problem\u00e1tica que estamos viviendo en este momento con el tema de los pl\u00e1sticos. La idea es dejar en ellos estas ense\u00f1anzas, el conocer los diferentes tipos, las clasificaciones y lo que se puede hacer con ellos; aclarar algunos conceptos como reutilizaci\u00f3n, reducci\u00f3n y reciclaje. Todo esto con el fin de cuidar el planeta; el taller nos dio esta posibilidad. Ojal\u00e1 podamos seguir avanzando\u201d.<\/p>\n<p>\u201cMe pareci\u00f3 s\u00faper interesante, porque el pl\u00e1stico, desde hace un tiempo, dej\u00f3 de ser un tema de lado, hoy tiene mucha importancia. Vi a la gente bastante interesada, con mucha participaci\u00f3n, no vinieron a calentar el asiento, participaron y consultaron. Muchos de ellos se dieron cuenta que ellos tambi\u00e9n hac\u00edan algo, y no se daban cuenta\u201d, finaliz\u00f3 Emilia, alumna de primero medio Colegio San Alberto de Machal\u00ed.<\/p>\n<p>Los pr\u00f3ximos talleres se realizar\u00e1n los d\u00edas viernes 20 de mayo y 3 de junio, en San Fernando (Campus Colchagua de la UOH) y Pichilemu (Sal\u00f3n Auditorium), respectivamente. Si quieren ser parte de esta comunidad que combina la ciencia ciudadana, el reciclaje y la inteligencia artificial, pueden inscribirse en el siguiente link: <a href=\"https:\/\/airtable.com\/shrJOxgk2RdZlKnZz\">https:\/\/airtable.com\/shrJOxgk2RdZlKnZz<\/a>.<\/p>\n","protected":false},"excerpt":{"rendered":"<p>Los cursos de la campa\u00f1a Mu\u00e9vete sin Pl\u00e1stico continuar\u00e1n en San Fernando y Pichilemu, para formar a los participantes que ser\u00e1n parte de la aplicaci\u00f3n de inteligencia artificial que ayudar\u00e1 a reconocer los pl\u00e1sticos para ayudar a reutilizarlos, reducirlos o reciclarlos.<\/p>\n","protected":false},"author":23,"featured_media":39136,"comment_status":"open","ping_status":"open","sticky":false,"template":"","format":"standard","meta":{"_acf_changed":false,"_exactmetrics_skip_tracking":false,"_exactmetrics_sitenote_active":false,"_exactmetrics_sitenote_note":"","_exactmetrics_sitenote_category":0,"footnotes":"","_links_to":"","_links_to_target":""},"categories":[4],"tags":[],"class_list":["post-39135","post","type-post","status-publish","format-standard","has-post-thumbnail","hentry","category-noticias"],"acf":[],"yoast_head":"<!-- This site is optimized with the Yoast SEO plugin v26.7 - https:\/\/yoast.com\/wordpress\/plugins\/seo\/ -->\n<title>Con gran participaci\u00f3n iniciaron los talleres de pl\u00e1stico que organiza PAR Explora - O&#039;Higgins<\/title>\n<meta name=\"robots\" content=\"index, follow, max-snippet:-1, max-image-preview:large, max-video-preview:-1\" \/>\n<link rel=\"canonical\" href=\"https:\/\/dev.explora.cl\/ohiggins\/con-gran-participacion-iniciaron-los-talleres-de-plastico-que-organiza-par-explora\/\" class=\"yoast-seo-meta-tag\" \/>\n<meta property=\"og:locale\" content=\"es_ES\" class=\"yoast-seo-meta-tag\" \/>\n<meta property=\"og:type\" content=\"article\" class=\"yoast-seo-meta-tag\" \/>\n<meta property=\"og:title\" content=\"Con gran participaci\u00f3n iniciaron los talleres de pl\u00e1stico que organiza PAR Explora - O&#039;Higgins\" class=\"yoast-seo-meta-tag\" \/>\n<meta property=\"og:description\" content=\"Los cursos de la campa\u00f1a Mu\u00e9vete sin Pl\u00e1stico continuar\u00e1n en San Fernando y Pichilemu, para formar a los participantes que ser\u00e1n parte de la aplicaci\u00f3n de inteligencia artificial que ayudar\u00e1 a reconocer los pl\u00e1sticos para ayudar a reutilizarlos, reducirlos o reciclarlos.\" class=\"yoast-seo-meta-tag\" \/>\n<meta property=\"og:url\" content=\"https:\/\/dev.explora.cl\/ohiggins\/con-gran-participacion-iniciaron-los-talleres-de-plastico-que-organiza-par-explora\/\" class=\"yoast-seo-meta-tag\" \/>\n<meta property=\"og:site_name\" content=\"O&#039;Higgins\" class=\"yoast-seo-meta-tag\" \/>\n<meta property=\"article:published_time\" content=\"2022-05-10T21:45:08+00:00\" class=\"yoast-seo-meta-tag\" \/>\n<meta property=\"article:modified_time\" content=\"2022-06-09T13:40:50+00:00\" class=\"yoast-seo-meta-tag\" \/>\n<meta property=\"og:image\" content=\"https:\/\/dev.explora.cl\/ohiggins\/wp-content\/uploads\/sites\/8\/2022\/05\/15.jpeg\" class=\"yoast-seo-meta-tag\" \/>\n\t<meta property=\"og:image:width\" content=\"1280\" class=\"yoast-seo-meta-tag\" \/>\n\t<meta property=\"og:image:height\" content=\"853\" class=\"yoast-seo-meta-tag\" \/>\n\t<meta property=\"og:image:type\" content=\"image\/jpeg\" class=\"yoast-seo-meta-tag\" \/>\n<meta name=\"author\" content=\"nsalazar\" class=\"yoast-seo-meta-tag\" \/>\n<meta name=\"twitter:card\" content=\"summary_large_image\" class=\"yoast-seo-meta-tag\" \/>\n<meta name=\"twitter:label1\" content=\"Escrito por\" class=\"yoast-seo-meta-tag\" \/>\n\t<meta name=\"twitter:data1\" content=\"nsalazar\" class=\"yoast-seo-meta-tag\" \/>\n\t<meta name=\"twitter:label2\" content=\"Tiempo estimado de lectura\" class=\"yoast-seo-meta-tag\" \/>\n\t<meta name=\"twitter:data2\" content=\"3 minutos\" class=\"yoast-seo-meta-tag\" \/>\n<script type=\"application\/ld+json\" class=\"yoast-schema-graph\">{\"@context\":\"https:\/\/schema.org\",\"@graph\":[{\"@type\":\"Article\",\"@id\":\"https:\/\/dev.explora.cl\/ohiggins\/con-gran-participacion-iniciaron-los-talleres-de-plastico-que-organiza-par-explora\/#article\",\"isPartOf\":{\"@id\":\"https:\/\/dev.explora.cl\/ohiggins\/con-gran-participacion-iniciaron-los-talleres-de-plastico-que-organiza-par-explora\/\"},\"author\":{\"name\":\"nsalazar\",\"@id\":\"https:\/\/dev.explora.cl\/ohiggins\/#\/schema\/person\/3240d62ad2624da9148a475abbc509b0\"},\"headline\":\"Con gran participaci\u00f3n iniciaron los talleres de pl\u00e1stico que organiza PAR Explora\",\"datePublished\":\"2022-05-10T21:45:08+00:00\",\"dateModified\":\"2022-06-09T13:40:50+00:00\",\"mainEntityOfPage\":{\"@id\":\"https:\/\/dev.explora.cl\/ohiggins\/con-gran-participacion-iniciaron-los-talleres-de-plastico-que-organiza-par-explora\/\"},\"wordCount\":665,\"commentCount\":0,\"image\":{\"@id\":\"https:\/\/dev.explora.cl\/ohiggins\/con-gran-participacion-iniciaron-los-talleres-de-plastico-que-organiza-par-explora\/#primaryimage\"},\"thumbnailUrl\":\"https:\/\/dev.explora.cl\/ohiggins\/wp-content\/uploads\/sites\/8\/2022\/05\/15.jpeg\",\"articleSection\":[\"Noticias\"],\"inLanguage\":\"es-CL\",\"potentialAction\":[{\"@type\":\"CommentAction\",\"name\":\"Comment\",\"target\":[\"https:\/\/dev.explora.cl\/ohiggins\/con-gran-participacion-iniciaron-los-talleres-de-plastico-que-organiza-par-explora\/#respond\"]}]},{\"@type\":\"WebPage\",\"@id\":\"https:\/\/dev.explora.cl\/ohiggins\/con-gran-participacion-iniciaron-los-talleres-de-plastico-que-organiza-par-explora\/\",\"url\":\"https:\/\/dev.explora.cl\/ohiggins\/con-gran-participacion-iniciaron-los-talleres-de-plastico-que-organiza-par-explora\/\",\"name\":\"Con gran participaci\u00f3n iniciaron los talleres de pl\u00e1stico que organiza PAR Explora - O&#039;Higgins\",\"isPartOf\":{\"@id\":\"https:\/\/dev.explora.cl\/ohiggins\/#website\"},\"primaryImageOfPage\":{\"@id\":\"https:\/\/dev.explora.cl\/ohiggins\/con-gran-participacion-iniciaron-los-talleres-de-plastico-que-organiza-par-explora\/#primaryimage\"},\"image\":{\"@id\":\"https:\/\/dev.explora.cl\/ohiggins\/con-gran-participacion-iniciaron-los-talleres-de-plastico-que-organiza-par-explora\/#primaryimage\"},\"thumbnailUrl\":\"https:\/\/dev.explora.cl\/ohiggins\/wp-content\/uploads\/sites\/8\/2022\/05\/15.jpeg\",\"datePublished\":\"2022-05-10T21:45:08+00:00\",\"dateModified\":\"2022-06-09T13:40:50+00:00\",\"author\":{\"@id\":\"https:\/\/dev.explora.cl\/ohiggins\/#\/schema\/person\/3240d62ad2624da9148a475abbc509b0\"},\"breadcrumb\":{\"@id\":\"https:\/\/dev.explora.cl\/ohiggins\/con-gran-participacion-iniciaron-los-talleres-de-plastico-que-organiza-par-explora\/#breadcrumb\"},\"inLanguage\":\"es-CL\",\"potentialAction\":[{\"@type\":\"ReadAction\",\"target\":[\"https:\/\/dev.explora.cl\/ohiggins\/con-gran-participacion-iniciaron-los-talleres-de-plastico-que-organiza-par-explora\/\"]}]},{\"@type\":\"ImageObject\",\"inLanguage\":\"es-CL\",\"@id\":\"https:\/\/dev.explora.cl\/ohiggins\/con-gran-participacion-iniciaron-los-talleres-de-plastico-que-organiza-par-explora\/#primaryimage\",\"url\":\"https:\/\/dev.explora.cl\/ohiggins\/wp-content\/uploads\/sites\/8\/2022\/05\/15.jpeg\",\"contentUrl\":\"https:\/\/dev.explora.cl\/ohiggins\/wp-content\/uploads\/sites\/8\/2022\/05\/15.jpeg\",\"width\":1280,\"height\":853},{\"@type\":\"BreadcrumbList\",\"@id\":\"https:\/\/dev.explora.cl\/ohiggins\/con-gran-participacion-iniciaron-los-talleres-de-plastico-que-organiza-par-explora\/#breadcrumb\",\"itemListElement\":[{\"@type\":\"ListItem\",\"position\":1,\"name\":\"Portada\",\"item\":\"https:\/\/dev.explora.cl\/ohiggins\/\"},{\"@type\":\"ListItem\",\"position\":2,\"name\":\"Con gran participaci\u00f3n iniciaron los talleres de pl\u00e1stico que organiza PAR Explora\"}]},{\"@type\":\"WebSite\",\"@id\":\"https:\/\/dev.explora.cl\/ohiggins\/#website\",\"url\":\"https:\/\/dev.explora.cl\/ohiggins\/\",\"name\":\"O&#039;Higgins\",\"description\":\"Otro sitio m\u00e1s de dev.explora.cl\",\"potentialAction\":[{\"@type\":\"SearchAction\",\"target\":{\"@type\":\"EntryPoint\",\"urlTemplate\":\"https:\/\/dev.explora.cl\/ohiggins\/?s={search_term_string}\"},\"query-input\":{\"@type\":\"PropertyValueSpecification\",\"valueRequired\":true,\"valueName\":\"search_term_string\"}}],\"inLanguage\":\"es-CL\"},{\"@type\":\"Person\",\"@id\":\"https:\/\/dev.explora.cl\/ohiggins\/#\/schema\/person\/3240d62ad2624da9148a475abbc509b0\",\"name\":\"nsalazar\",\"image\":{\"@type\":\"ImageObject\",\"inLanguage\":\"es-CL\",\"@id\":\"https:\/\/dev.explora.cl\/ohiggins\/#\/schema\/person\/image\/\",\"url\":\"https:\/\/secure.gravatar.com\/avatar\/b8cf276f31998a0865a3b90e4d663d91b97848887282c9f9a56cad57ff01cc7e?s=96&d=mm&r=g\",\"contentUrl\":\"https:\/\/secure.gravatar.com\/avatar\/b8cf276f31998a0865a3b90e4d663d91b97848887282c9f9a56cad57ff01cc7e?s=96&d=mm&r=g\",\"caption\":\"nsalazar\"},\"url\":\"https:\/\/dev.explora.cl\/ohiggins\/author\/nsalazar\/\"}]}<\/script>\n<!-- \/ Yoast SEO plugin. -->","yoast_head_json":{"title":"Con gran participaci\u00f3n iniciaron los talleres de pl\u00e1stico que organiza PAR Explora - O&#039;Higgins","robots":{"index":"index","follow":"follow","max-snippet":"max-snippet:-1","max-image-preview":"max-image-preview:large","max-video-preview":"max-video-preview:-1"},"canonical":"https:\/\/dev.explora.cl\/ohiggins\/con-gran-participacion-iniciaron-los-talleres-de-plastico-que-organiza-par-explora\/","og_locale":"es_ES","og_type":"article","og_title":"Con gran participaci\u00f3n iniciaron los talleres de pl\u00e1stico que organiza PAR Explora - O&#039;Higgins","og_description":"Los cursos de la campa\u00f1a Mu\u00e9vete sin Pl\u00e1stico continuar\u00e1n en San Fernando y Pichilemu, para formar a los participantes que ser\u00e1n parte de la aplicaci\u00f3n de inteligencia artificial que ayudar\u00e1 a reconocer los pl\u00e1sticos para ayudar a reutilizarlos, reducirlos o reciclarlos.","og_url":"https:\/\/dev.explora.cl\/ohiggins\/con-gran-participacion-iniciaron-los-talleres-de-plastico-que-organiza-par-explora\/","og_site_name":"O&#039;Higgins","article_published_time":"2022-05-10T21:45:08+00:00","article_modified_time":"2022-06-09T13:40:50+00:00","og_image":[{"width":1280,"height":853,"url":"https:\/\/dev.explora.cl\/ohiggins\/wp-content\/uploads\/sites\/8\/2022\/05\/15.jpeg","type":"image\/jpeg"}],"author":"nsalazar","twitter_card":"summary_large_image","twitter_misc":{"Escrito por":"nsalazar","Tiempo estimado de lectura":"3 minutos"},"schema":{"@context":"https:\/\/schema.org","@graph":[{"@type":"Article","@id":"https:\/\/dev.explora.cl\/ohiggins\/con-gran-participacion-iniciaron-los-talleres-de-plastico-que-organiza-par-explora\/#article","isPartOf":{"@id":"https:\/\/dev.explora.cl\/ohiggins\/con-gran-participacion-iniciaron-los-talleres-de-plastico-que-organiza-par-explora\/"},"author":{"name":"nsalazar","@id":"https:\/\/dev.explora.cl\/ohiggins\/#\/schema\/person\/3240d62ad2624da9148a475abbc509b0"},"headline":"Con gran participaci\u00f3n iniciaron los talleres de pl\u00e1stico que organiza PAR Explora","datePublished":"2022-05-10T21:45:08+00:00","dateModified":"2022-06-09T13:40:50+00:00","mainEntityOfPage":{"@id":"https:\/\/dev.explora.cl\/ohiggins\/con-gran-participacion-iniciaron-los-talleres-de-plastico-que-organiza-par-explora\/"},"wordCount":665,"commentCount":0,"image":{"@id":"https:\/\/dev.explora.cl\/ohiggins\/con-gran-participacion-iniciaron-los-talleres-de-plastico-que-organiza-par-explora\/#primaryimage"},"thumbnailUrl":"https:\/\/dev.explora.cl\/ohiggins\/wp-content\/uploads\/sites\/8\/2022\/05\/15.jpeg","articleSection":["Noticias"],"inLanguage":"es-CL","potentialAction":[{"@type":"CommentAction","name":"Comment","target":["https:\/\/dev.explora.cl\/ohiggins\/con-gran-participacion-iniciaron-los-talleres-de-plastico-que-organiza-par-explora\/#respond"]}]},{"@type":"WebPage","@id":"https:\/\/dev.explora.cl\/ohiggins\/con-gran-participacion-iniciaron-los-talleres-de-plastico-que-organiza-par-explora\/","url":"https:\/\/dev.explora.cl\/ohiggins\/con-gran-participacion-iniciaron-los-talleres-de-plastico-que-organiza-par-explora\/","name":"Con gran participaci\u00f3n iniciaron los talleres de pl\u00e1stico que organiza PAR Explora - O&#039;Higgins","isPartOf":{"@id":"https:\/\/dev.explora.cl\/ohiggins\/#website"},"primaryImageOfPage":{"@id":"https:\/\/dev.explora.cl\/ohiggins\/con-gran-participacion-iniciaron-los-talleres-de-plastico-que-organiza-par-explora\/#primaryimage"},"image":{"@id":"https:\/\/dev.explora.cl\/ohiggins\/con-gran-participacion-iniciaron-los-talleres-de-plastico-que-organiza-par-explora\/#primaryimage"},"thumbnailUrl":"https:\/\/dev.explora.cl\/ohiggins\/wp-content\/uploads\/sites\/8\/2022\/05\/15.jpeg","datePublished":"2022-05-10T21:45:08+00:00","dateModified":"2022-06-09T13:40:50+00:00","author":{"@id":"https:\/\/dev.explora.cl\/ohiggins\/#\/schema\/person\/3240d62ad2624da9148a475abbc509b0"},"breadcrumb":{"@id":"https:\/\/dev.explora.cl\/ohiggins\/con-gran-participacion-iniciaron-los-talleres-de-plastico-que-organiza-par-explora\/#breadcrumb"},"inLanguage":"es-CL","potentialAction":[{"@type":"ReadAction","target":["https:\/\/dev.explora.cl\/ohiggins\/con-gran-participacion-iniciaron-los-talleres-de-plastico-que-organiza-par-explora\/"]}]},{"@type":"ImageObject","inLanguage":"es-CL","@id":"https:\/\/dev.explora.cl\/ohiggins\/con-gran-participacion-iniciaron-los-talleres-de-plastico-que-organiza-par-explora\/#primaryimage","url":"https:\/\/dev.explora.cl\/ohiggins\/wp-content\/uploads\/sites\/8\/2022\/05\/15.jpeg","contentUrl":"https:\/\/dev.explora.cl\/ohiggins\/wp-content\/uploads\/sites\/8\/2022\/05\/15.jpeg","width":1280,"height":853},{"@type":"BreadcrumbList","@id":"https:\/\/dev.explora.cl\/ohiggins\/con-gran-participacion-iniciaron-los-talleres-de-plastico-que-organiza-par-explora\/#breadcrumb","itemListElement":[{"@type":"ListItem","position":1,"name":"Portada","item":"https:\/\/dev.explora.cl\/ohiggins\/"},{"@type":"ListItem","position":2,"name":"Con gran participaci\u00f3n iniciaron los talleres de pl\u00e1stico que organiza PAR Explora"}]},{"@type":"WebSite","@id":"https:\/\/dev.explora.cl\/ohiggins\/#website","url":"https:\/\/dev.explora.cl\/ohiggins\/","name":"O&#039;Higgins","description":"Otro sitio m\u00e1s de dev.explora.cl","potentialAction":[{"@type":"SearchAction","target":{"@type":"EntryPoint","urlTemplate":"https:\/\/dev.explora.cl\/ohiggins\/?s={search_term_string}"},"query-input":{"@type":"PropertyValueSpecification","valueRequired":true,"valueName":"search_term_string"}}],"inLanguage":"es-CL"},{"@type":"Person","@id":"https:\/\/dev.explora.cl\/ohiggins\/#\/schema\/person\/3240d62ad2624da9148a475abbc509b0","name":"nsalazar","image":{"@type":"ImageObject","inLanguage":"es-CL","@id":"https:\/\/dev.explora.cl\/ohiggins\/#\/schema\/person\/image\/","url":"https:\/\/secure.gravatar.com\/avatar\/b8cf276f31998a0865a3b90e4d663d91b97848887282c9f9a56cad57ff01cc7e?s=96&d=mm&r=g","contentUrl":"https:\/\/secure.gravatar.com\/avatar\/b8cf276f31998a0865a3b90e4d663d91b97848887282c9f9a56cad57ff01cc7e?s=96&d=mm&r=g","caption":"nsalazar"},"url":"https:\/\/dev.explora.cl\/ohiggins\/author\/nsalazar\/"}]}},"_links":{"self":[{"href":"https:\/\/dev.explora.cl\/ohiggins\/wp-json\/wp\/v2\/posts\/39135","targetHints":{"allow":["GET"]}}],"collection":[{"href":"https:\/\/dev.explora.cl\/ohiggins\/wp-json\/wp\/v2\/posts"}],"about":[{"href":"https:\/\/dev.explora.cl\/ohiggins\/wp-json\/wp\/v2\/types\/post"}],"author":[{"embeddable":true,"href":"https:\/\/dev.explora.cl\/ohiggins\/wp-json\/wp\/v2\/users\/23"}],"replies":[{"embeddable":true,"href":"https:\/\/dev.explora.cl\/ohiggins\/wp-json\/wp\/v2\/comments?post=39135"}],"version-history":[{"count":4,"href":"https:\/\/dev.explora.cl\/ohiggins\/wp-json\/wp\/v2\/posts\/39135\/revisions"}],"predecessor-version":[{"id":39140,"href":"https:\/\/dev.explora.cl\/ohiggins\/wp-json\/wp\/v2\/posts\/39135\/revisions\/39140"}],"wp:featuredmedia":[{"embeddable":true,"href":"https:\/\/dev.explora.cl\/ohiggins\/wp-json\/wp\/v2\/media\/39136"}],"wp:attachment":[{"href":"https:\/\/dev.explora.cl\/ohiggins\/wp-json\/wp\/v2\/media?parent=39135"}],"wp:term":[{"taxonomy":"category","embeddable":true,"href":"https:\/\/dev.explora.cl\/ohiggins\/wp-json\/wp\/v2\/categories?post=39135"},{"taxonomy":"post_tag","embeddable":true,"href":"https:\/\/dev.explora.cl\/ohiggins\/wp-json\/wp\/v2\/tags?post=39135"}],"curies":[{"name":"wp","href":"https:\/\/api.w.org\/{rel}","templated":true}]}}