{"id":39131,"date":"2022-05-04T16:10:48","date_gmt":"2022-05-04T20:10:48","guid":{"rendered":"https:\/\/dev.explora.cl\/ohiggins\/?p=39131"},"modified":"2022-05-30T15:02:40","modified_gmt":"2022-05-30T19:02:40","slug":"programa-de-par-explora-para-educacion-parvularia-trabajara-con-profesionales-de-30-comunas-de-la-region","status":"publish","type":"post","link":"https:\/\/dev.explora.cl\/ohiggins\/programa-de-par-explora-para-educacion-parvularia-trabajara-con-profesionales-de-30-comunas-de-la-region\/","title":{"rendered":"Programa de PAR Explora para Educaci\u00f3n Parvularia trabajar\u00e1 con profesionales de 30 comunas de la regi\u00f3n"},"content":{"rendered":"<p>Con una cobertura de 30 de las 33 comunas de la Regi\u00f3n de O\u00b4Higgins trabajar\u00e1 este a\u00f1o el Programa de Ciencia y Tecnolog\u00eda para Primeras Edades (PIPE), realizado por el Proyecto Asociativo Regional Explora, ejecutado en nuestra regi\u00f3n por la Universidad de O\u00b4Higgins.<\/p>\n<p>El programa PIPE busca aportar al desarrollo de las competencias necesarias para que ni\u00f1as y ni\u00f1os conozcan y comprendan su entorno desde la primera infancia. Como parte de esta iniciativa, se han desarrollado una serie de m\u00f3dulos divididos en tres \u00e1reas de aprendizaje: Ciencias Naturales, Ciencias Sociales y Tecnolog\u00eda.<\/p>\n<p>Durante este a\u00f1o 2022 PIPE de PAR Explora O\u00b4Higgins trabajar\u00e1 dividido en dos grupos: el de la Comunidad de Aprendizaje que ha trabajado desde hace dos a\u00f1os con cerca de 50 participantes, y las 136 seleccionadas de la convocatoria 2022; en total m\u00e1s de 180 educadoras y t\u00e9cnicos que trabajar\u00e1n a trav\u00e9s de una modalidad mixta, con reuniones virtuales y presenciales en las diversas provincias.<\/p>\n<p>De acuerdo a la encargada de Valoraci\u00f3n de PAR Explora O\u00b4Higgins, Mar\u00eda Antonieta Rojas, \u201cpor un lado tenemos la comunidad de aprendizaje de PIPE correspondiente a las educadoras y t\u00e9cnicos que participaron con nosotros durante el 2020 y 2021 con los m\u00f3dulos de animales y plantas y con el de ciencias sociales. Adem\u00e1s, este a\u00f1o tenemos 136 inscritas de diferentes jardines infantiles y establecimientos que trabajan con primera infancia en la regi\u00f3n, que van a trabajar con el m\u00f3dulo de ciencias naturales\u201d.<\/p>\n<p>Para este a\u00f1o las seleccionadas vienen de las instituciones especializadas en educaci\u00f3n inicial, Integra y Junji, a lo que se suman las educadoras y t\u00e9cnicos en Educaci\u00f3n Parvularia del Servicio Local de Educaci\u00f3n P\u00fablica (SLEP) de Colchagua, que incluye las comunas de San Fernando, Chimbarongo, Nancagua y Placilla.<\/p>\n<p>\u201cEllas tienen altas expectativas de este programa y nosotros como PAR Explora esperamos cumplir con las necesidades que tienen las diferentes comunidades educativas respecto al trabajo con la ciencia, la tecnolog\u00eda, el conocimiento y la innovaci\u00f3n con ni\u00f1os y ni\u00f1as, a trav\u00e9s de talleres de perfeccionamiento docente que incluye la entrega de un kit de materiales para todas las participantes, tanto de la comunidad de aprendizaje como de las nuevas participantes de PIPE 2022\u201d, agreg\u00f3 la representante de PAR Explora O\u00b4Higgins.<\/p>\n","protected":false},"excerpt":{"rendered":"<p>El Programa de Ciencia y Tecnolog\u00eda para Primeras Edades (PIPE) de PAR Explora O\u00b4Higgins, estar\u00e1 trabajando con dos grupos de educadoras y t\u00e9cnicos de Educaci\u00f3n Parvularia en 30 de las 33 comunas de la Regi\u00f3n de O\u00b4Higgins.<\/p>\n","protected":false},"author":23,"featured_media":39132,"comment_status":"open","ping_status":"open","sticky":false,"template":"","format":"standard","meta":{"_acf_changed":false,"_exactmetrics_skip_tracking":false,"_exactmetrics_sitenote_active":false,"_exactmetrics_sitenote_note":"","_exactmetrics_sitenote_category":0,"footnotes":"","_links_to":"","_links_to_target":""},"categories":[4],"tags":[],"class_list":["post-39131","post","type-post","status-publish","format-standard","has-post-thumbnail","hentry","category-noticias"],"acf":[],"yoast_head":"<!-- This site is optimized with the Yoast SEO plugin v26.7 - https:\/\/yoast.com\/wordpress\/plugins\/seo\/ -->\n<title>Programa de PAR Explora para Educaci\u00f3n Parvularia trabajar\u00e1 con profesionales de 30 comunas de la regi\u00f3n - O&#039;Higgins<\/title>\n<meta name=\"robots\" content=\"index, follow, max-snippet:-1, max-image-preview:large, max-video-preview:-1\" \/>\n<link rel=\"canonical\" href=\"https:\/\/dev.explora.cl\/ohiggins\/programa-de-par-explora-para-educacion-parvularia-trabajara-con-profesionales-de-30-comunas-de-la-region\/\" class=\"yoast-seo-meta-tag\" \/>\n<meta property=\"og:locale\" content=\"es_ES\" class=\"yoast-seo-meta-tag\" \/>\n<meta property=\"og:type\" content=\"article\" class=\"yoast-seo-meta-tag\" \/>\n<meta property=\"og:title\" content=\"Programa de PAR Explora para Educaci\u00f3n Parvularia trabajar\u00e1 con profesionales de 30 comunas de la regi\u00f3n - O&#039;Higgins\" class=\"yoast-seo-meta-tag\" \/>\n<meta property=\"og:description\" content=\"El Programa de Ciencia y Tecnolog\u00eda para Primeras Edades (PIPE) de PAR Explora O\u00b4Higgins, estar\u00e1 trabajando con dos grupos de educadoras y t\u00e9cnicos de Educaci\u00f3n Parvularia en 30 de las 33 comunas de la Regi\u00f3n de O\u00b4Higgins.\" class=\"yoast-seo-meta-tag\" \/>\n<meta property=\"og:url\" content=\"https:\/\/dev.explora.cl\/ohiggins\/programa-de-par-explora-para-educacion-parvularia-trabajara-con-profesionales-de-30-comunas-de-la-region\/\" class=\"yoast-seo-meta-tag\" \/>\n<meta property=\"og:site_name\" content=\"O&#039;Higgins\" class=\"yoast-seo-meta-tag\" \/>\n<meta property=\"article:published_time\" content=\"2022-05-04T20:10:48+00:00\" class=\"yoast-seo-meta-tag\" \/>\n<meta property=\"article:modified_time\" content=\"2022-05-30T19:02:40+00:00\" class=\"yoast-seo-meta-tag\" \/>\n<meta property=\"og:image\" content=\"https:\/\/dev.explora.cl\/ohiggins\/wp-content\/uploads\/sites\/8\/2022\/05\/chiquituti-cient\u00edfico.jpeg\" class=\"yoast-seo-meta-tag\" \/>\n\t<meta property=\"og:image:width\" content=\"768\" class=\"yoast-seo-meta-tag\" \/>\n\t<meta property=\"og:image:height\" content=\"1024\" class=\"yoast-seo-meta-tag\" \/>\n\t<meta property=\"og:image:type\" content=\"image\/jpeg\" class=\"yoast-seo-meta-tag\" \/>\n<meta name=\"author\" content=\"nsalazar\" class=\"yoast-seo-meta-tag\" \/>\n<meta name=\"twitter:card\" content=\"summary_large_image\" class=\"yoast-seo-meta-tag\" \/>\n<meta name=\"twitter:label1\" content=\"Escrito por\" class=\"yoast-seo-meta-tag\" \/>\n\t<meta name=\"twitter:data1\" content=\"nsalazar\" class=\"yoast-seo-meta-tag\" \/>\n\t<meta name=\"twitter:label2\" content=\"Tiempo estimado de lectura\" class=\"yoast-seo-meta-tag\" \/>\n\t<meta name=\"twitter:data2\" content=\"2 minutos\" class=\"yoast-seo-meta-tag\" \/>\n<script type=\"application\/ld+json\" class=\"yoast-schema-graph\">{\"@context\":\"https:\/\/schema.org\",\"@graph\":[{\"@type\":\"Article\",\"@id\":\"https:\/\/dev.explora.cl\/ohiggins\/programa-de-par-explora-para-educacion-parvularia-trabajara-con-profesionales-de-30-comunas-de-la-region\/#article\",\"isPartOf\":{\"@id\":\"https:\/\/dev.explora.cl\/ohiggins\/programa-de-par-explora-para-educacion-parvularia-trabajara-con-profesionales-de-30-comunas-de-la-region\/\"},\"author\":{\"name\":\"nsalazar\",\"@id\":\"https:\/\/dev.explora.cl\/ohiggins\/#\/schema\/person\/3240d62ad2624da9148a475abbc509b0\"},\"headline\":\"Programa de PAR Explora para Educaci\u00f3n Parvularia trabajar\u00e1 con profesionales de 30 comunas de la regi\u00f3n\",\"datePublished\":\"2022-05-04T20:10:48+00:00\",\"dateModified\":\"2022-05-30T19:02:40+00:00\",\"mainEntityOfPage\":{\"@id\":\"https:\/\/dev.explora.cl\/ohiggins\/programa-de-par-explora-para-educacion-parvularia-trabajara-con-profesionales-de-30-comunas-de-la-region\/\"},\"wordCount\":412,\"commentCount\":0,\"image\":{\"@id\":\"https:\/\/dev.explora.cl\/ohiggins\/programa-de-par-explora-para-educacion-parvularia-trabajara-con-profesionales-de-30-comunas-de-la-region\/#primaryimage\"},\"thumbnailUrl\":\"https:\/\/dev.explora.cl\/ohiggins\/wp-content\/uploads\/sites\/8\/2022\/05\/chiquituti-cient\u00edfico.jpeg\",\"articleSection\":[\"Noticias\"],\"inLanguage\":\"es-CL\",\"potentialAction\":[{\"@type\":\"CommentAction\",\"name\":\"Comment\",\"target\":[\"https:\/\/dev.explora.cl\/ohiggins\/programa-de-par-explora-para-educacion-parvularia-trabajara-con-profesionales-de-30-comunas-de-la-region\/#respond\"]}]},{\"@type\":\"WebPage\",\"@id\":\"https:\/\/dev.explora.cl\/ohiggins\/programa-de-par-explora-para-educacion-parvularia-trabajara-con-profesionales-de-30-comunas-de-la-region\/\",\"url\":\"https:\/\/dev.explora.cl\/ohiggins\/programa-de-par-explora-para-educacion-parvularia-trabajara-con-profesionales-de-30-comunas-de-la-region\/\",\"name\":\"Programa de PAR Explora para Educaci\u00f3n Parvularia trabajar\u00e1 con profesionales de 30 comunas de la regi\u00f3n - O&#039;Higgins\",\"isPartOf\":{\"@id\":\"https:\/\/dev.explora.cl\/ohiggins\/#website\"},\"primaryImageOfPage\":{\"@id\":\"https:\/\/dev.explora.cl\/ohiggins\/programa-de-par-explora-para-educacion-parvularia-trabajara-con-profesionales-de-30-comunas-de-la-region\/#primaryimage\"},\"image\":{\"@id\":\"https:\/\/dev.explora.cl\/ohiggins\/programa-de-par-explora-para-educacion-parvularia-trabajara-con-profesionales-de-30-comunas-de-la-region\/#primaryimage\"},\"thumbnailUrl\":\"https:\/\/dev.explora.cl\/ohiggins\/wp-content\/uploads\/sites\/8\/2022\/05\/chiquituti-cient\u00edfico.jpeg\",\"datePublished\":\"2022-05-04T20:10:48+00:00\",\"dateModified\":\"2022-05-30T19:02:40+00:00\",\"author\":{\"@id\":\"https:\/\/dev.explora.cl\/ohiggins\/#\/schema\/person\/3240d62ad2624da9148a475abbc509b0\"},\"breadcrumb\":{\"@id\":\"https:\/\/dev.explora.cl\/ohiggins\/programa-de-par-explora-para-educacion-parvularia-trabajara-con-profesionales-de-30-comunas-de-la-region\/#breadcrumb\"},\"inLanguage\":\"es-CL\",\"potentialAction\":[{\"@type\":\"ReadAction\",\"target\":[\"https:\/\/dev.explora.cl\/ohiggins\/programa-de-par-explora-para-educacion-parvularia-trabajara-con-profesionales-de-30-comunas-de-la-region\/\"]}]},{\"@type\":\"ImageObject\",\"inLanguage\":\"es-CL\",\"@id\":\"https:\/\/dev.explora.cl\/ohiggins\/programa-de-par-explora-para-educacion-parvularia-trabajara-con-profesionales-de-30-comunas-de-la-region\/#primaryimage\",\"url\":\"https:\/\/dev.explora.cl\/ohiggins\/wp-content\/uploads\/sites\/8\/2022\/05\/chiquituti-cient\u00edfico.jpeg\",\"contentUrl\":\"https:\/\/dev.explora.cl\/ohiggins\/wp-content\/uploads\/sites\/8\/2022\/05\/chiquituti-cient\u00edfico.jpeg\",\"width\":768,\"height\":1024},{\"@type\":\"BreadcrumbList\",\"@id\":\"https:\/\/dev.explora.cl\/ohiggins\/programa-de-par-explora-para-educacion-parvularia-trabajara-con-profesionales-de-30-comunas-de-la-region\/#breadcrumb\",\"itemListElement\":[{\"@type\":\"ListItem\",\"position\":1,\"name\":\"Portada\",\"item\":\"https:\/\/dev.explora.cl\/ohiggins\/\"},{\"@type\":\"ListItem\",\"position\":2,\"name\":\"Programa de PAR Explora para Educaci\u00f3n Parvularia trabajar\u00e1 con profesionales de 30 comunas de la regi\u00f3n\"}]},{\"@type\":\"WebSite\",\"@id\":\"https:\/\/dev.explora.cl\/ohiggins\/#website\",\"url\":\"https:\/\/dev.explora.cl\/ohiggins\/\",\"name\":\"O&#039;Higgins\",\"description\":\"Otro sitio m\u00e1s de dev.explora.cl\",\"potentialAction\":[{\"@type\":\"SearchAction\",\"target\":{\"@type\":\"EntryPoint\",\"urlTemplate\":\"https:\/\/dev.explora.cl\/ohiggins\/?s={search_term_string}\"},\"query-input\":{\"@type\":\"PropertyValueSpecification\",\"valueRequired\":true,\"valueName\":\"search_term_string\"}}],\"inLanguage\":\"es-CL\"},{\"@type\":\"Person\",\"@id\":\"https:\/\/dev.explora.cl\/ohiggins\/#\/schema\/person\/3240d62ad2624da9148a475abbc509b0\",\"name\":\"nsalazar\",\"image\":{\"@type\":\"ImageObject\",\"inLanguage\":\"es-CL\",\"@id\":\"https:\/\/dev.explora.cl\/ohiggins\/#\/schema\/person\/image\/\",\"url\":\"https:\/\/secure.gravatar.com\/avatar\/b8cf276f31998a0865a3b90e4d663d91b97848887282c9f9a56cad57ff01cc7e?s=96&d=mm&r=g\",\"contentUrl\":\"https:\/\/secure.gravatar.com\/avatar\/b8cf276f31998a0865a3b90e4d663d91b97848887282c9f9a56cad57ff01cc7e?s=96&d=mm&r=g\",\"caption\":\"nsalazar\"},\"url\":\"https:\/\/dev.explora.cl\/ohiggins\/author\/nsalazar\/\"}]}<\/script>\n<!-- \/ Yoast SEO plugin. -->","yoast_head_json":{"title":"Programa de PAR Explora para Educaci\u00f3n Parvularia trabajar\u00e1 con profesionales de 30 comunas de la regi\u00f3n - O&#039;Higgins","robots":{"index":"index","follow":"follow","max-snippet":"max-snippet:-1","max-image-preview":"max-image-preview:large","max-video-preview":"max-video-preview:-1"},"canonical":"https:\/\/dev.explora.cl\/ohiggins\/programa-de-par-explora-para-educacion-parvularia-trabajara-con-profesionales-de-30-comunas-de-la-region\/","og_locale":"es_ES","og_type":"article","og_title":"Programa de PAR Explora para Educaci\u00f3n Parvularia trabajar\u00e1 con profesionales de 30 comunas de la regi\u00f3n - O&#039;Higgins","og_description":"El Programa de Ciencia y Tecnolog\u00eda para Primeras Edades (PIPE) de PAR Explora O\u00b4Higgins, estar\u00e1 trabajando con dos grupos de educadoras y t\u00e9cnicos de Educaci\u00f3n Parvularia en 30 de las 33 comunas de la Regi\u00f3n de O\u00b4Higgins.","og_url":"https:\/\/dev.explora.cl\/ohiggins\/programa-de-par-explora-para-educacion-parvularia-trabajara-con-profesionales-de-30-comunas-de-la-region\/","og_site_name":"O&#039;Higgins","article_published_time":"2022-05-04T20:10:48+00:00","article_modified_time":"2022-05-30T19:02:40+00:00","og_image":[{"width":768,"height":1024,"url":"https:\/\/dev.explora.cl\/ohiggins\/wp-content\/uploads\/sites\/8\/2022\/05\/chiquituti-cient\u00edfico.jpeg","type":"image\/jpeg"}],"author":"nsalazar","twitter_card":"summary_large_image","twitter_misc":{"Escrito por":"nsalazar","Tiempo estimado de lectura":"2 minutos"},"schema":{"@context":"https:\/\/schema.org","@graph":[{"@type":"Article","@id":"https:\/\/dev.explora.cl\/ohiggins\/programa-de-par-explora-para-educacion-parvularia-trabajara-con-profesionales-de-30-comunas-de-la-region\/#article","isPartOf":{"@id":"https:\/\/dev.explora.cl\/ohiggins\/programa-de-par-explora-para-educacion-parvularia-trabajara-con-profesionales-de-30-comunas-de-la-region\/"},"author":{"name":"nsalazar","@id":"https:\/\/dev.explora.cl\/ohiggins\/#\/schema\/person\/3240d62ad2624da9148a475abbc509b0"},"headline":"Programa de PAR Explora para Educaci\u00f3n Parvularia trabajar\u00e1 con profesionales de 30 comunas de la regi\u00f3n","datePublished":"2022-05-04T20:10:48+00:00","dateModified":"2022-05-30T19:02:40+00:00","mainEntityOfPage":{"@id":"https:\/\/dev.explora.cl\/ohiggins\/programa-de-par-explora-para-educacion-parvularia-trabajara-con-profesionales-de-30-comunas-de-la-region\/"},"wordCount":412,"commentCount":0,"image":{"@id":"https:\/\/dev.explora.cl\/ohiggins\/programa-de-par-explora-para-educacion-parvularia-trabajara-con-profesionales-de-30-comunas-de-la-region\/#primaryimage"},"thumbnailUrl":"https:\/\/dev.explora.cl\/ohiggins\/wp-content\/uploads\/sites\/8\/2022\/05\/chiquituti-cient\u00edfico.jpeg","articleSection":["Noticias"],"inLanguage":"es-CL","potentialAction":[{"@type":"CommentAction","name":"Comment","target":["https:\/\/dev.explora.cl\/ohiggins\/programa-de-par-explora-para-educacion-parvularia-trabajara-con-profesionales-de-30-comunas-de-la-region\/#respond"]}]},{"@type":"WebPage","@id":"https:\/\/dev.explora.cl\/ohiggins\/programa-de-par-explora-para-educacion-parvularia-trabajara-con-profesionales-de-30-comunas-de-la-region\/","url":"https:\/\/dev.explora.cl\/ohiggins\/programa-de-par-explora-para-educacion-parvularia-trabajara-con-profesionales-de-30-comunas-de-la-region\/","name":"Programa de PAR Explora para Educaci\u00f3n Parvularia trabajar\u00e1 con profesionales de 30 comunas de la regi\u00f3n - O&#039;Higgins","isPartOf":{"@id":"https:\/\/dev.explora.cl\/ohiggins\/#website"},"primaryImageOfPage":{"@id":"https:\/\/dev.explora.cl\/ohiggins\/programa-de-par-explora-para-educacion-parvularia-trabajara-con-profesionales-de-30-comunas-de-la-region\/#primaryimage"},"image":{"@id":"https:\/\/dev.explora.cl\/ohiggins\/programa-de-par-explora-para-educacion-parvularia-trabajara-con-profesionales-de-30-comunas-de-la-region\/#primaryimage"},"thumbnailUrl":"https:\/\/dev.explora.cl\/ohiggins\/wp-content\/uploads\/sites\/8\/2022\/05\/chiquituti-cient\u00edfico.jpeg","datePublished":"2022-05-04T20:10:48+00:00","dateModified":"2022-05-30T19:02:40+00:00","author":{"@id":"https:\/\/dev.explora.cl\/ohiggins\/#\/schema\/person\/3240d62ad2624da9148a475abbc509b0"},"breadcrumb":{"@id":"https:\/\/dev.explora.cl\/ohiggins\/programa-de-par-explora-para-educacion-parvularia-trabajara-con-profesionales-de-30-comunas-de-la-region\/#breadcrumb"},"inLanguage":"es-CL","potentialAction":[{"@type":"ReadAction","target":["https:\/\/dev.explora.cl\/ohiggins\/programa-de-par-explora-para-educacion-parvularia-trabajara-con-profesionales-de-30-comunas-de-la-region\/"]}]},{"@type":"ImageObject","inLanguage":"es-CL","@id":"https:\/\/dev.explora.cl\/ohiggins\/programa-de-par-explora-para-educacion-parvularia-trabajara-con-profesionales-de-30-comunas-de-la-region\/#primaryimage","url":"https:\/\/dev.explora.cl\/ohiggins\/wp-content\/uploads\/sites\/8\/2022\/05\/chiquituti-cient\u00edfico.jpeg","contentUrl":"https:\/\/dev.explora.cl\/ohiggins\/wp-content\/uploads\/sites\/8\/2022\/05\/chiquituti-cient\u00edfico.jpeg","width":768,"height":1024},{"@type":"BreadcrumbList","@id":"https:\/\/dev.explora.cl\/ohiggins\/programa-de-par-explora-para-educacion-parvularia-trabajara-con-profesionales-de-30-comunas-de-la-region\/#breadcrumb","itemListElement":[{"@type":"ListItem","position":1,"name":"Portada","item":"https:\/\/dev.explora.cl\/ohiggins\/"},{"@type":"ListItem","position":2,"name":"Programa de PAR Explora para Educaci\u00f3n Parvularia trabajar\u00e1 con profesionales de 30 comunas de la regi\u00f3n"}]},{"@type":"WebSite","@id":"https:\/\/dev.explora.cl\/ohiggins\/#website","url":"https:\/\/dev.explora.cl\/ohiggins\/","name":"O&#039;Higgins","description":"Otro sitio m\u00e1s de dev.explora.cl","potentialAction":[{"@type":"SearchAction","target":{"@type":"EntryPoint","urlTemplate":"https:\/\/dev.explora.cl\/ohiggins\/?s={search_term_string}"},"query-input":{"@type":"PropertyValueSpecification","valueRequired":true,"valueName":"search_term_string"}}],"inLanguage":"es-CL"},{"@type":"Person","@id":"https:\/\/dev.explora.cl\/ohiggins\/#\/schema\/person\/3240d62ad2624da9148a475abbc509b0","name":"nsalazar","image":{"@type":"ImageObject","inLanguage":"es-CL","@id":"https:\/\/dev.explora.cl\/ohiggins\/#\/schema\/person\/image\/","url":"https:\/\/secure.gravatar.com\/avatar\/b8cf276f31998a0865a3b90e4d663d91b97848887282c9f9a56cad57ff01cc7e?s=96&d=mm&r=g","contentUrl":"https:\/\/secure.gravatar.com\/avatar\/b8cf276f31998a0865a3b90e4d663d91b97848887282c9f9a56cad57ff01cc7e?s=96&d=mm&r=g","caption":"nsalazar"},"url":"https:\/\/dev.explora.cl\/ohiggins\/author\/nsalazar\/"}]}},"_links":{"self":[{"href":"https:\/\/dev.explora.cl\/ohiggins\/wp-json\/wp\/v2\/posts\/39131","targetHints":{"allow":["GET"]}}],"collection":[{"href":"https:\/\/dev.explora.cl\/ohiggins\/wp-json\/wp\/v2\/posts"}],"about":[{"href":"https:\/\/dev.explora.cl\/ohiggins\/wp-json\/wp\/v2\/types\/post"}],"author":[{"embeddable":true,"href":"https:\/\/dev.explora.cl\/ohiggins\/wp-json\/wp\/v2\/users\/23"}],"replies":[{"embeddable":true,"href":"https:\/\/dev.explora.cl\/ohiggins\/wp-json\/wp\/v2\/comments?post=39131"}],"version-history":[{"count":1,"href":"https:\/\/dev.explora.cl\/ohiggins\/wp-json\/wp\/v2\/posts\/39131\/revisions"}],"predecessor-version":[{"id":39133,"href":"https:\/\/dev.explora.cl\/ohiggins\/wp-json\/wp\/v2\/posts\/39131\/revisions\/39133"}],"wp:featuredmedia":[{"embeddable":true,"href":"https:\/\/dev.explora.cl\/ohiggins\/wp-json\/wp\/v2\/media\/39132"}],"wp:attachment":[{"href":"https:\/\/dev.explora.cl\/ohiggins\/wp-json\/wp\/v2\/media?parent=39131"}],"wp:term":[{"taxonomy":"category","embeddable":true,"href":"https:\/\/dev.explora.cl\/ohiggins\/wp-json\/wp\/v2\/categories?post=39131"},{"taxonomy":"post_tag","embeddable":true,"href":"https:\/\/dev.explora.cl\/ohiggins\/wp-json\/wp\/v2\/tags?post=39131"}],"curies":[{"name":"wp","href":"https:\/\/api.w.org\/{rel}","templated":true}]}}