{"id":39110,"date":"2022-04-22T16:22:03","date_gmt":"2022-04-22T20:22:03","guid":{"rendered":"https:\/\/dev.explora.cl\/ohiggins\/?p=39110"},"modified":"2022-05-13T11:00:15","modified_gmt":"2022-05-13T15:00:15","slug":"lista-de-seleccionados-para-pipe-2022","status":"publish","type":"post","link":"https:\/\/dev.explora.cl\/ohiggins\/lista-de-seleccionados-para-pipe-2022\/","title":{"rendered":"Lista de seleccionados para PIPE 2022"},"content":{"rendered":"<p>Compartimos con ustedes los 110 proyectos seleccionados para trabajar en el Programa de Ciencia y Tecnolog\u00eda para Primeras Edades, PIPE 2022. Agradecemos la destacada participaci\u00f3n de instituciones como Junji e Integra, y de los postulantes del Servicio Local de Educaci\u00f3n Colchagua.<\/p>\n<table width=\"0\">\n<tbody>\n<tr>\n<td width=\"131\"><strong>Nombre <\/strong><\/td>\n<td width=\"115\"><strong>Apellidos<\/strong><\/td>\n<td width=\"252\"><strong>Nombre del establecimiento<\/strong><\/td>\n<td width=\"156\"><strong>Comuna<\/strong><\/td>\n<\/tr>\n<tr>\n<td width=\"131\">Valerie Marlene<\/td>\n<td width=\"115\">Or\u00f3stegui Romero<\/td>\n<td width=\"252\">Escuela Alto Miraflores E456<\/td>\n<td width=\"156\">Chimbarongo<\/td>\n<\/tr>\n<tr>\n<td width=\"131\">Nicole Alejandra<\/td>\n<td width=\"115\">Pavez Contreras<\/td>\n<td width=\"252\">Los rulitos<\/td>\n<td width=\"156\">Coinco<\/td>\n<\/tr>\n<tr>\n<td width=\"131\">Claudia Elizabeth<\/td>\n<td width=\"115\">Cornejo Molina<\/td>\n<td width=\"252\">Los rulitos<\/td>\n<td width=\"156\">Coinco<\/td>\n<\/tr>\n<tr>\n<td width=\"131\">Aracely<\/td>\n<td width=\"115\">P\u00e9rez Acosta<\/td>\n<td width=\"252\">Jard\u00edn Infantil\u00a0 Fantas\u00eda<\/td>\n<td width=\"156\">Do\u00f1ihue<\/td>\n<\/tr>\n<tr>\n<td width=\"131\">Paulina<\/td>\n<td width=\"115\">Z\u00fa\u00f1iga Camus<\/td>\n<td width=\"252\">Escuela Laura Matus Mel\u00e9ndez<\/td>\n<td width=\"156\">Do\u00f1ihue<\/td>\n<\/tr>\n<tr>\n<td width=\"131\">Karen<\/td>\n<td width=\"115\">Elizondo Vergara<\/td>\n<td width=\"252\">Escuela Laura Matus Mel\u00e9ndez<\/td>\n<td width=\"156\">Do\u00f1ihue<\/td>\n<\/tr>\n<tr>\n<td width=\"131\">Karen<\/td>\n<td width=\"115\">Chacoff Poblete<\/td>\n<td width=\"252\">Escuela Laura Matus Mel\u00e9ndez<\/td>\n<td width=\"156\">Do\u00f1ihue<\/td>\n<\/tr>\n<tr>\n<td width=\"131\">Carolina<\/td>\n<td width=\"115\">Olivos Becerra<\/td>\n<td width=\"252\">Escuela Laura Matus Mel\u00e9ndez<\/td>\n<td width=\"156\">Do\u00f1ihue<\/td>\n<\/tr>\n<tr>\n<td width=\"131\">Laura Alejandra<\/td>\n<td width=\"115\">Ayala Tobar<\/td>\n<td width=\"252\">Escuela Laura Matus Mel\u00e9ndez<\/td>\n<td width=\"156\">Do\u00f1ihue<\/td>\n<\/tr>\n<tr>\n<td width=\"131\">Javiera Andrea<\/td>\n<td width=\"115\">Moreno Tapia<\/td>\n<td width=\"252\">Escuela Laura Matus Mel\u00e9ndez<\/td>\n<td width=\"156\">Do\u00f1ihue<\/td>\n<\/tr>\n<tr>\n<td width=\"131\">Sandra Fabiola<\/td>\n<td width=\"115\">Marchant Sep\u00falveda<\/td>\n<td width=\"252\">Colegio Hernan Olguin Maibee<\/td>\n<td width=\"156\">Graneros<\/td>\n<\/tr>\n<tr>\n<td width=\"131\">Pamela<\/td>\n<td width=\"115\">Verdugo C\u00e1ceres<\/td>\n<td width=\"252\">Colegio Sixto M\u00e9ndez Parada<\/td>\n<td width=\"156\">Graneros<\/td>\n<\/tr>\n<tr>\n<td width=\"131\">Roxana<\/td>\n<td width=\"115\">Rojas Soto<\/td>\n<td width=\"252\">Jardin Infantil Los Pitufos<\/td>\n<td width=\"156\">Graneros<\/td>\n<\/tr>\n<tr>\n<td width=\"131\">Leontina Amelia<\/td>\n<td width=\"115\">N\u00fa\u00f1ez D\u00edaz<\/td>\n<td width=\"252\">Jard\u00edn Infantil Los Pitufos<\/td>\n<td width=\"156\">Graneros<\/td>\n<\/tr>\n<tr>\n<td width=\"131\">Mariza Alejandra<\/td>\n<td width=\"115\">Avello Chaparro<\/td>\n<td width=\"252\">JI y SC Millant\u00fa<\/td>\n<td width=\"156\">Graneros<\/td>\n<\/tr>\n<tr>\n<td width=\"131\">Pamela Evelin<\/td>\n<td width=\"115\">Soto P\u00e9rez<\/td>\n<td width=\"252\">JI y SC Millant\u00fa<\/td>\n<td width=\"156\">Graneros<\/td>\n<\/tr>\n<tr>\n<td width=\"131\">Tamara Alejandra<\/td>\n<td width=\"115\">Catal\u00e1n Reyes<\/td>\n<td width=\"252\">JI y SC Millant\u00fa<\/td>\n<td width=\"156\">Graneros<\/td>\n<\/tr>\n<tr>\n<td width=\"131\">Silvina Antonia<\/td>\n<td width=\"115\">Huaiquip\u00e1n Mu\u00f1oz<\/td>\n<td width=\"252\">JI y SC Millant\u00fa<\/td>\n<td width=\"156\">Graneros<\/td>\n<\/tr>\n<tr>\n<td width=\"131\">Franchesca Valentina<\/td>\n<td width=\"115\">Z\u00fa\u00f1iga Rojas<\/td>\n<td width=\"252\">JI y SC Millant\u00fa<\/td>\n<td width=\"156\">Graneros<\/td>\n<\/tr>\n<tr>\n<td width=\"131\">Tamara Leontina<\/td>\n<td width=\"115\">Chac\u00f3n Cavieres<\/td>\n<td width=\"252\">JI y SC Millant\u00fa<\/td>\n<td width=\"156\">Graneros<\/td>\n<\/tr>\n<tr>\n<td width=\"131\">Constanza<\/td>\n<td width=\"115\">R\u00edos Ram\u00edrez<\/td>\n<td width=\"252\">Jardin Infantil Y Sala Cuna Nuevo Amanecer<\/td>\n<td width=\"156\">Graneros<\/td>\n<\/tr>\n<tr>\n<td width=\"131\">Baleska<\/td>\n<td width=\"115\">Toro Beas<\/td>\n<td width=\"252\">Jard\u00edn Infantil y sala cuna San Jos\u00e9<\/td>\n<td width=\"156\">La Estrella<\/td>\n<\/tr>\n<tr>\n<td width=\"131\">Valentina Ignacia<\/td>\n<td width=\"115\">Atenas Donoso<\/td>\n<td width=\"252\">Jard\u00edn Infantil y sala cuna San Jos\u00e9<\/td>\n<td width=\"156\">La Estrella<\/td>\n<\/tr>\n<tr>\n<td width=\"131\">Maria Pilar<\/td>\n<td width=\"115\">L\u00f3pez Zamorano<\/td>\n<td width=\"252\">Colegio Bellavista\u00a0 Coya<\/td>\n<td width=\"156\">Machal\u00ed<\/td>\n<\/tr>\n<tr>\n<td width=\"131\">Sandra Lidia<\/td>\n<td width=\"115\">Vergara Fuenzalida<\/td>\n<td width=\"252\">Los cari\u00f1ositos<\/td>\n<td width=\"156\">Machal\u00ed<\/td>\n<\/tr>\n<tr>\n<td width=\"131\">Macarena<\/td>\n<td width=\"115\">Maldonado G\u00e1lvez<\/td>\n<td width=\"252\">Del Camino Real Mario Miranda Pinto<\/td>\n<td width=\"156\">Mostazal<\/td>\n<\/tr>\n<tr>\n<td width=\"131\">Mar\u00eda Cristina<\/td>\n<td width=\"115\">Vidal Guti\u00e9rez<\/td>\n<td width=\"252\">Del Camino Real Mario Miranda Pinto<\/td>\n<td width=\"156\">Mostazal<\/td>\n<\/tr>\n<tr>\n<td width=\"131\">Teresa<\/td>\n<td width=\"115\">Astorga Pinto<\/td>\n<td width=\"252\">Escuela El Rinc\u00f3n<\/td>\n<td width=\"156\">Mostazal<\/td>\n<\/tr>\n<tr>\n<td width=\"131\">Laura<\/td>\n<td width=\"115\">Palomera Pereira<\/td>\n<td width=\"252\">Escuela El Rinc\u00f3n<\/td>\n<td width=\"156\">Mostazal<\/td>\n<\/tr>\n<tr>\n<td width=\"131\">Susana<\/td>\n<td width=\"115\">C\u00e1ceres Escobar<\/td>\n<td width=\"252\">Escuela El Rinc\u00f3n<\/td>\n<td width=\"156\">Mostazal<\/td>\n<\/tr>\n<tr>\n<td width=\"131\">Camila<\/td>\n<td width=\"115\">Prado Arredondo<\/td>\n<td width=\"252\">Escuela El Rinc\u00f3n<\/td>\n<td width=\"156\">Mostazal<\/td>\n<\/tr>\n<tr>\n<td width=\"131\">Karen Mabel<\/td>\n<td width=\"115\">Ibarra Silva<\/td>\n<td width=\"252\">Jard\u00edn Infantil Lucerito<\/td>\n<td width=\"156\">Nancagua<\/td>\n<\/tr>\n<tr>\n<td width=\"131\">Mar\u00eda Paz<\/td>\n<td width=\"115\">Prado P\u00e9rez<\/td>\n<td width=\"252\">Jard\u00edn Infantil Lucerito<\/td>\n<td width=\"156\">Nancagua<\/td>\n<\/tr>\n<tr>\n<td width=\"131\">Claudia Isabel<\/td>\n<td width=\"115\">Moya Zarate<\/td>\n<td width=\"252\">Jard\u00edn Infantil Lucerito<\/td>\n<td width=\"156\">Nancagua<\/td>\n<\/tr>\n<tr>\n<td width=\"131\">Nice Estefani<\/td>\n<td width=\"115\">Castillo P\u00e9rez<\/td>\n<td width=\"252\">Jard\u00edn Infantil Lucerito<\/td>\n<td width=\"156\">Nancagua<\/td>\n<\/tr>\n<tr>\n<td width=\"131\">Evelin Beatriz<\/td>\n<td width=\"115\">Trujillo Lucero<\/td>\n<td width=\"252\">Jard\u00edn Infantil Lucerito<\/td>\n<td width=\"156\">Nancagua<\/td>\n<\/tr>\n<tr>\n<td width=\"131\">Rosa Patricia<\/td>\n<td width=\"115\">Lizana Lizama<\/td>\n<td width=\"252\">Jard\u00edn Infantil Lucerito<\/td>\n<td width=\"156\">Nancagua<\/td>\n<\/tr>\n<tr>\n<td width=\"131\">\u00c1ngela Paz<\/td>\n<td width=\"115\">Trujillo Lucero<\/td>\n<td width=\"252\">Jard\u00edn Infantil Lucerito<\/td>\n<td width=\"156\">Nancagua<\/td>\n<\/tr>\n<tr>\n<td width=\"131\">Yoselyn Clementina<\/td>\n<td width=\"115\">Carrasco Mej\u00edas<\/td>\n<td width=\"252\">Jard\u00edn Infantil Lucerito<\/td>\n<td width=\"156\">Nancagua<\/td>\n<\/tr>\n<tr>\n<td width=\"131\">Sabrina Alejandra<\/td>\n<td width=\"115\">Romero Dip<\/td>\n<td width=\"252\">Jard\u00edn Infantil y Sala Cuna Peque\u00f1o Arcoiris<\/td>\n<td width=\"156\">Nancagua<\/td>\n<\/tr>\n<tr>\n<td width=\"131\">Marcela<\/td>\n<td width=\"115\">Ram\u00edrez Osorio<\/td>\n<td width=\"252\">Colegio Divina Gabriela<\/td>\n<td width=\"156\">Navidad<\/td>\n<\/tr>\n<tr>\n<td width=\"131\">Camila<\/td>\n<td width=\"115\">Osorio Osorio<\/td>\n<td width=\"252\">Escuela Divina Gabriela<\/td>\n<td width=\"156\">Navidad<\/td>\n<\/tr>\n<tr>\n<td width=\"131\">Patricia Andrea<\/td>\n<td width=\"115\">G\u00f3mez Quinteros<\/td>\n<td width=\"252\">Escuela Divina Gabriela<\/td>\n<td width=\"156\">Navidad<\/td>\n<\/tr>\n<tr>\n<td width=\"131\">Paola Luz Mar\u00eda<\/td>\n<td width=\"115\">Espinoza Ramirez<\/td>\n<td width=\"252\">Escuela Divina Gabriela<\/td>\n<td width=\"156\">Navidad<\/td>\n<\/tr>\n<tr>\n<td width=\"131\">Alicia<\/td>\n<td width=\"115\">Montes Naranjo<\/td>\n<td width=\"252\">Escuela Divina Gabriela<\/td>\n<td width=\"156\">Navidad<\/td>\n<\/tr>\n<tr>\n<td width=\"131\">Pamela<\/td>\n<td width=\"115\">Fuentes Rojas<\/td>\n<td width=\"252\">Confederaci\u00f3n Helv\u00e9tica<\/td>\n<td width=\"156\">Navidad<\/td>\n<\/tr>\n<tr>\n<td width=\"131\">Alicia<\/td>\n<td width=\"115\">Farias Vargas<\/td>\n<td width=\"252\">Confederaci\u00f3n Helv\u00e9tica<\/td>\n<td width=\"156\">Navidad<\/td>\n<\/tr>\n<tr>\n<td width=\"131\">Gemita Oriana<\/td>\n<td width=\"115\">Ramos Vargas<\/td>\n<td width=\"252\">CECI Las Ardillitas<\/td>\n<td width=\"156\">Navidad<\/td>\n<\/tr>\n<tr>\n<td width=\"131\">Mar\u00eda Soledad<\/td>\n<td width=\"115\">Cumsille Vald\u00e9s<\/td>\n<td width=\"252\">Colegio B\u00e1sico Violeta Parra Sandoval<\/td>\n<td width=\"156\">Peralillo<\/td>\n<\/tr>\n<tr>\n<td width=\"131\">Lilian Andrea<\/td>\n<td width=\"115\">Vargas Lorca<\/td>\n<td width=\"252\">Colegio B\u00e1sico Violeta Parra Sandoval<\/td>\n<td width=\"156\">Peralillo<\/td>\n<\/tr>\n<tr>\n<td width=\"131\">Patricia<\/td>\n<td width=\"115\">Guerrero Parraguez<\/td>\n<td width=\"252\">La Esperanza<\/td>\n<td width=\"156\">Peralillo<\/td>\n<\/tr>\n<tr>\n<td width=\"131\">Magdalena del Rosario<\/td>\n<td width=\"115\">Martinez rubio<\/td>\n<td width=\"252\">Jardin infantil y sala cuna Arturo Prat<\/td>\n<td width=\"156\">Peumo<\/td>\n<\/tr>\n<tr>\n<td width=\"131\">Patricia andrea<\/td>\n<td width=\"115\">Y\u00e1\u00f1ez cornejo<\/td>\n<td width=\"252\">Jardin infantil y sala cuna Arturo Prat<\/td>\n<td width=\"156\">Peumo<\/td>\n<\/tr>\n<tr>\n<td width=\"131\">Cecilia Beatriz<\/td>\n<td width=\"115\">Galaz Fernandes<\/td>\n<td width=\"252\">Jardin infantil y sala cuna Arturo Prat<\/td>\n<td width=\"156\">Peumo<\/td>\n<\/tr>\n<tr>\n<td width=\"131\">Cecilia Alejandra<\/td>\n<td width=\"115\">Contreras Herrera<\/td>\n<td width=\"252\">JI Rabito<\/td>\n<td width=\"156\">Pichidegua<\/td>\n<\/tr>\n<tr>\n<td width=\"131\">Daniela Paz<\/td>\n<td width=\"115\">Herrera Urz\u00faa<\/td>\n<td width=\"252\">Escuela de Ciruelos<\/td>\n<td width=\"156\">Pichilemu<\/td>\n<\/tr>\n<tr>\n<td width=\"131\">Magdalena Yaritza<\/td>\n<td width=\"115\">Viera Gonz\u00e1lez<\/td>\n<td width=\"252\">Jard\u00edn Infantil Alternativo Familiar Rayito de Sol<\/td>\n<td width=\"156\">Pumanque<\/td>\n<\/tr>\n<tr>\n<td width=\"131\">Marlene<\/td>\n<td width=\"115\">Mes\u00edas<\/td>\n<td width=\"252\">Jardin Infantil Las Abejitas<\/td>\n<td width=\"156\">Quinta de Tilcoco<\/td>\n<\/tr>\n<tr>\n<td width=\"131\">Yazmin<\/td>\n<td width=\"115\">Caniulado Castro<\/td>\n<td width=\"252\">Jard\u00edn Infantil Sonrisas de colores<\/td>\n<td width=\"156\">Rancagua<\/td>\n<\/tr>\n<tr>\n<td width=\"131\">Nadia<\/td>\n<td width=\"115\">C\u00e9spedes Balcazar<\/td>\n<td width=\"252\">Jard\u00edn Infantil Sonrisas de colores<\/td>\n<td width=\"156\">Rancagua<\/td>\n<\/tr>\n<tr>\n<td width=\"131\">Jacqueline<\/td>\n<td width=\"115\">G\u00f3mez Figueroa<\/td>\n<td width=\"252\">Colegio Aurora de Chile<\/td>\n<td width=\"156\">Rancagua<\/td>\n<\/tr>\n<tr>\n<td width=\"131\">Oriana<\/td>\n<td width=\"115\">V\u00e1squez Pe\u00f1a<\/td>\n<td width=\"252\">Colegio Alberto Blest Gana<\/td>\n<td width=\"156\">Rancagua<\/td>\n<\/tr>\n<tr>\n<td width=\"131\">Francisca Andrea<\/td>\n<td width=\"115\">M\u00e9ndez Olivares<\/td>\n<td width=\"252\">Jard\u00edn Infantil Los Naranjitos<\/td>\n<td width=\"156\">Rancagua<\/td>\n<\/tr>\n<tr>\n<td width=\"131\">Tatiana Ivonne<\/td>\n<td width=\"115\">S\u00e1nchez Gonz\u00e1lez<\/td>\n<td width=\"252\">Jard\u00edn Infantil Los Naranjitos<\/td>\n<td width=\"156\">Rancagua<\/td>\n<\/tr>\n<tr>\n<td width=\"131\">Karen Andrea<\/td>\n<td width=\"115\">Silva Mendoza<\/td>\n<td width=\"252\">Jard\u00edn Infantil Los Naranjitos<\/td>\n<td width=\"156\">Rancagua<\/td>\n<\/tr>\n<tr>\n<td width=\"131\">Valentina<\/td>\n<td width=\"115\">Roco Garrido<\/td>\n<td width=\"252\">Colegio Pablo Garrido<\/td>\n<td width=\"156\">Rancagua<\/td>\n<\/tr>\n<tr>\n<td width=\"131\">Constanza<\/td>\n<td width=\"115\">Rivera Hernandez<\/td>\n<td width=\"252\">Colegio Pablo Garrido<\/td>\n<td width=\"156\">Rancagua<\/td>\n<\/tr>\n<tr>\n<td width=\"131\">Daniela<\/td>\n<td width=\"115\">Camilo Garrido<\/td>\n<td width=\"252\">Pasitos de colores<\/td>\n<td width=\"156\">Rancagua<\/td>\n<\/tr>\n<tr>\n<td width=\"131\">Mar\u00eda Antonia<\/td>\n<td width=\"115\">Jara Albornoz<\/td>\n<td width=\"252\">Sala cuna y Jard\u00edn Infantil Campanita<\/td>\n<td width=\"156\">Rancagua<\/td>\n<\/tr>\n<tr>\n<td width=\"131\">Micaela<\/td>\n<td width=\"115\">Bossa Morales<\/td>\n<td width=\"252\">Sala cuna y Jard\u00edn Infantil Campanita<\/td>\n<td width=\"156\">Rancagua<\/td>\n<\/tr>\n<tr>\n<td width=\"131\">Carol<\/td>\n<td width=\"115\">Hern\u00e1ndez Duarte<\/td>\n<td width=\"252\">Jard\u00edn Santa Gemita<\/td>\n<td width=\"156\">Rancagua<\/td>\n<\/tr>\n<tr>\n<td width=\"131\">Patricia<\/td>\n<td width=\"115\">Mendoza<\/td>\n<td width=\"252\">Jardin infantil y sala cuna San Jose Obrero<\/td>\n<td width=\"156\">Rancagua<\/td>\n<\/tr>\n<tr>\n<td width=\"131\">Katherine<\/td>\n<td width=\"115\">Ya\u00f1ez Saavedra<\/td>\n<td width=\"252\">Mi gran tesoro<\/td>\n<td width=\"156\">Rancagua<\/td>\n<\/tr>\n<tr>\n<td width=\"131\">Marcela<\/td>\n<td width=\"115\">P\u00e1vez<\/td>\n<td width=\"252\">Mi gran tesoro<\/td>\n<td width=\"156\">Rancagua<\/td>\n<\/tr>\n<tr>\n<td width=\"131\">Nadia<\/td>\n<td width=\"115\">Tamayo<\/td>\n<td width=\"252\">Mi gran tesoro<\/td>\n<td width=\"156\">Rancagua<\/td>\n<\/tr>\n<tr>\n<td width=\"131\">Maria Alejandra<\/td>\n<td width=\"115\">Maturana<\/td>\n<td width=\"252\">Mi gran tesoro<\/td>\n<td width=\"156\">Rancagua<\/td>\n<\/tr>\n<tr>\n<td width=\"131\">Carolina<\/td>\n<td width=\"115\">Carrizo<\/td>\n<td width=\"252\">Mi gran tesoro<\/td>\n<td width=\"156\">Rancagua<\/td>\n<\/tr>\n<tr>\n<td width=\"131\">Nataly<\/td>\n<td width=\"115\">Carrasco<\/td>\n<td width=\"252\">Mi gran tesoro<\/td>\n<td width=\"156\">Rancagua<\/td>\n<\/tr>\n<tr>\n<td width=\"131\">Danitza Ines<\/td>\n<td width=\"115\">Serrano Duarte<\/td>\n<td width=\"252\">Semillas del ma\u00f1ana<\/td>\n<td width=\"156\">Rancagua<\/td>\n<\/tr>\n<tr>\n<td width=\"131\">Nancy del Carmen<\/td>\n<td width=\"115\">P\u00e9rez Rubio<\/td>\n<td width=\"252\">Semillas del ma\u00f1ana<\/td>\n<td width=\"156\">Rancagua<\/td>\n<\/tr>\n<tr>\n<td width=\"131\">Karla Mori\u00f3n<\/td>\n<td width=\"115\">Sanchez Salinas<\/td>\n<td width=\"252\">Jard\u00edn manitos a la obra<\/td>\n<td width=\"156\">Rancagua<\/td>\n<\/tr>\n<tr>\n<td width=\"131\">Elizabeth<\/td>\n<td width=\"115\">Calderon Medina<\/td>\n<td width=\"252\">JI Mil sonrisas<\/td>\n<td width=\"156\">Rancagua<\/td>\n<\/tr>\n<tr>\n<td width=\"131\">M\u00f3nica Elena<\/td>\n<td width=\"115\">Olivares Guti\u00e9rrez<\/td>\n<td width=\"252\">Manitos a la obra<\/td>\n<td width=\"156\">Rancagua<\/td>\n<\/tr>\n<tr>\n<td width=\"131\">Paola Isabel<\/td>\n<td width=\"115\">Vergara Ovalle<\/td>\n<td width=\"252\">Escuela Apalta<\/td>\n<td width=\"156\">Rengo<\/td>\n<\/tr>\n<tr>\n<td width=\"131\">Violeta Fernanda<\/td>\n<td width=\"115\">C\u00e1ceres Soto<\/td>\n<td width=\"252\">Escuela Apalta<\/td>\n<td width=\"156\">Rengo<\/td>\n<\/tr>\n<tr>\n<td width=\"131\">Katherina<\/td>\n<td width=\"115\">Saavedra Abarca<\/td>\n<td width=\"252\">Colegio La Paz<\/td>\n<td width=\"156\">Rengo<\/td>\n<\/tr>\n<tr>\n<td width=\"131\">Catalina<\/td>\n<td width=\"115\">Barria<\/td>\n<td width=\"252\">Primavera de colores<\/td>\n<td width=\"156\">Rengo<\/td>\n<\/tr>\n<tr>\n<td width=\"131\">Jaqueline<\/td>\n<td width=\"115\">Maturana Olivares<\/td>\n<td width=\"252\">San Nicol\u00e1s<\/td>\n<td width=\"156\">Requ\u00ednoa<\/td>\n<\/tr>\n<tr>\n<td width=\"131\">Alejandra Cecilia<\/td>\n<td width=\"115\">Donoso Morales<\/td>\n<td width=\"252\">Jardin Infantil y Sala Cuna Mundo Feliz<\/td>\n<td width=\"156\">San Fernando<\/td>\n<\/tr>\n<tr>\n<td width=\"131\">Pamela<\/td>\n<td width=\"115\">Sanchez Erazo<\/td>\n<td width=\"252\">Jardin Infantil y Sala Cuna Mundo Feliz<\/td>\n<td width=\"156\">San Fernando<\/td>\n<\/tr>\n<tr>\n<td width=\"131\">Ingeborg<\/td>\n<td width=\"115\">C\u00e1ceres Catal\u00e1n<\/td>\n<td width=\"252\">Sala Cuna y Jard\u00edn Infantil Ayekantun<\/td>\n<td width=\"156\">San Fernando<\/td>\n<\/tr>\n<tr>\n<td width=\"131\">Gloria N\u00e1taly<\/td>\n<td width=\"115\">Menares G\u00e1lvez<\/td>\n<td width=\"252\">Sala Cuna y Jard\u00edn Infantil Ayekantun<\/td>\n<td width=\"156\">San Fernando<\/td>\n<\/tr>\n<tr>\n<td width=\"131\">Stephanie<\/td>\n<td width=\"115\">Quezada Jara<\/td>\n<td width=\"252\">Sala Cuna y Jard\u00edn Infantil Ayekantun<\/td>\n<td width=\"156\">San Fernando<\/td>\n<\/tr>\n<tr>\n<td width=\"131\">Francisca Valentina<\/td>\n<td width=\"115\">Guti\u00e9rrez Arce<\/td>\n<td width=\"252\">Sala Cuna y Jard\u00edn Infantil Ayekantun<\/td>\n<td width=\"156\">San Fernando<\/td>\n<\/tr>\n<tr>\n<td width=\"131\">Paola<\/td>\n<td width=\"115\">Villavicencio Neira<\/td>\n<td width=\"252\">Sala Cuna y Jard\u00edn Infantil Ayekantun<\/td>\n<td width=\"156\">San Fernando<\/td>\n<\/tr>\n<tr>\n<td width=\"131\">Natalia<\/td>\n<td width=\"115\">Navarro Moreno<\/td>\n<td width=\"252\">Sala Cuna y Jard\u00edn Infantil Ayekantun<\/td>\n<td width=\"156\">San Fernando<\/td>\n<\/tr>\n<tr>\n<td width=\"131\">Jessica Alejandra<\/td>\n<td width=\"115\">Aedo Celis<\/td>\n<td width=\"252\">Jardin Infantil y Sala Cuna Mundo Feliz<\/td>\n<td width=\"156\">San Fernando<\/td>\n<\/tr>\n<tr>\n<td width=\"131\">Johana Beatriz<\/td>\n<td width=\"115\">L\u00f3pez Gaete<\/td>\n<td width=\"252\">Sala Cuna y Jard\u00edn Infantil Ayekantun<\/td>\n<td width=\"156\">San Fernando<\/td>\n<\/tr>\n<tr>\n<td width=\"131\">Claudia Andrea<\/td>\n<td width=\"115\">Guti\u00e9rrez Machuca<\/td>\n<td width=\"252\">Colegio Hermano Fernando de la Fuente<\/td>\n<td width=\"156\">San Fernando<\/td>\n<\/tr>\n<tr>\n<td width=\"131\">Camila<\/td>\n<td width=\"115\">Figueroa Prieto<\/td>\n<td width=\"252\">Jard\u00edn Infantil Peumay\u00e9n<\/td>\n<td width=\"156\">San Fernando<\/td>\n<\/tr>\n<tr>\n<td width=\"131\">Carolina<\/td>\n<td width=\"115\">Moya Dimas<\/td>\n<td width=\"252\">Jardin Infantil Y Sala Cuna Los Peques<\/td>\n<td width=\"156\">San Fernando<\/td>\n<\/tr>\n<tr>\n<td width=\"131\">Carla<\/td>\n<td width=\"115\">Rodr\u00edguez Gallardo<\/td>\n<td width=\"252\">Parque de los barrios<\/td>\n<td width=\"156\">San Fernando<\/td>\n<\/tr>\n<tr>\n<td width=\"131\">Ingrid<\/td>\n<td width=\"115\">Morales Far\u00edas<\/td>\n<td width=\"252\">Capullito<\/td>\n<td width=\"156\">San Fernando<\/td>\n<\/tr>\n<tr>\n<td width=\"131\">Gloria Elizabeth<\/td>\n<td width=\"115\">Fuentes Bustamante<\/td>\n<td width=\"252\">JI Rayito de Luna<\/td>\n<td width=\"156\">San Vicente de Tagua Tagua<\/td>\n<\/tr>\n<tr>\n<td width=\"131\">Silvana Nataly<\/td>\n<td width=\"115\">Carrasco Chavez<\/td>\n<td width=\"252\">Escuela Paniahue<\/td>\n<td width=\"156\">Santa Cruz<\/td>\n<\/tr>\n<tr>\n<td width=\"131\">Pamela<\/td>\n<td width=\"115\">Ortiz Vargas<\/td>\n<td width=\"252\">Sala cuna y jardin infantil sue\u00f1os de colores<\/td>\n<td width=\"156\">Santa Cruz<\/td>\n<\/tr>\n<tr>\n<td width=\"131\">Carolina Andrea<\/td>\n<td width=\"115\">Pino Barahona<\/td>\n<td width=\"252\">Sala cuna y jardin infantil sue\u00f1os de colores<\/td>\n<td width=\"156\">Santa Cruz<\/td>\n<\/tr>\n<tr>\n<td width=\"131\">Claudia Andrea<\/td>\n<td width=\"115\">Osores Gallardo<\/td>\n<td width=\"252\">Sala cuna y jardin infantil sue\u00f1os de colores<\/td>\n<td width=\"156\">Santa Cruz<\/td>\n<\/tr>\n<tr>\n<td width=\"131\">Carla<\/td>\n<td width=\"115\">L\u00f3pez P\u00e9rez<\/td>\n<td width=\"252\">Escuela Rinc\u00f3n de Yaquil<\/td>\n<td width=\"156\">Santa Cruz<\/td>\n<\/tr>\n<tr>\n<td width=\"131\">Mar\u00eda Eliana<\/td>\n<td width=\"115\">Figueroa Guzm\u00e1n<\/td>\n<td width=\"252\">Evelyns School<\/td>\n<td width=\"156\">Santa Cruz<\/td>\n<\/tr>\n<\/tbody>\n<\/table>\n<p>&nbsp;<\/p>\n","protected":false},"excerpt":{"rendered":"<p>Compartimos con ustedes los 110 proyectos seleccionados para trabajar en el Programa de Indagaci\u00f3n para Primera Edades, PIPE 2022. Agradecemos la destacada participaci\u00f3n de instituciones como Junji e Integra, y de los postulantes del Servicio Local de Educaci\u00f3n Colchagua.<\/p>\n","protected":false},"author":23,"featured_media":39111,"comment_status":"open","ping_status":"open","sticky":false,"template":"","format":"standard","meta":{"_acf_changed":false,"_exactmetrics_skip_tracking":false,"_exactmetrics_sitenote_active":false,"_exactmetrics_sitenote_note":"","_exactmetrics_sitenote_category":0,"footnotes":"","_links_to":"","_links_to_target":""},"categories":[4],"tags":[],"class_list":["post-39110","post","type-post","status-publish","format-standard","has-post-thumbnail","hentry","category-noticias"],"acf":[],"yoast_head":"<!-- This site is optimized with the Yoast SEO plugin v26.7 - https:\/\/yoast.com\/wordpress\/plugins\/seo\/ -->\n<title>Lista de seleccionados para PIPE 2022 - O&#039;Higgins<\/title>\n<meta name=\"robots\" content=\"index, follow, max-snippet:-1, max-image-preview:large, max-video-preview:-1\" \/>\n<link rel=\"canonical\" href=\"https:\/\/dev.explora.cl\/ohiggins\/lista-de-seleccionados-para-pipe-2022\/\" class=\"yoast-seo-meta-tag\" \/>\n<meta property=\"og:locale\" content=\"es_ES\" class=\"yoast-seo-meta-tag\" \/>\n<meta property=\"og:type\" content=\"article\" class=\"yoast-seo-meta-tag\" \/>\n<meta property=\"og:title\" content=\"Lista de seleccionados para PIPE 2022 - O&#039;Higgins\" class=\"yoast-seo-meta-tag\" \/>\n<meta property=\"og:description\" content=\"Compartimos con ustedes los 110 proyectos seleccionados para trabajar en el Programa de Indagaci\u00f3n para Primera Edades, PIPE 2022. Agradecemos la destacada participaci\u00f3n de instituciones como Junji e Integra, y de los postulantes del Servicio Local de Educaci\u00f3n Colchagua.\" class=\"yoast-seo-meta-tag\" \/>\n<meta property=\"og:url\" content=\"https:\/\/dev.explora.cl\/ohiggins\/lista-de-seleccionados-para-pipe-2022\/\" class=\"yoast-seo-meta-tag\" \/>\n<meta property=\"og:site_name\" content=\"O&#039;Higgins\" class=\"yoast-seo-meta-tag\" \/>\n<meta property=\"article:published_time\" content=\"2022-04-22T20:22:03+00:00\" class=\"yoast-seo-meta-tag\" \/>\n<meta property=\"article:modified_time\" content=\"2022-05-13T15:00:15+00:00\" class=\"yoast-seo-meta-tag\" \/>\n<meta property=\"og:image\" content=\"https:\/\/dev.explora.cl\/ohiggins\/wp-content\/uploads\/sites\/8\/2022\/04\/pipe-2.png\" class=\"yoast-seo-meta-tag\" \/>\n\t<meta property=\"og:image:width\" content=\"574\" class=\"yoast-seo-meta-tag\" \/>\n\t<meta property=\"og:image:height\" content=\"628\" class=\"yoast-seo-meta-tag\" \/>\n\t<meta property=\"og:image:type\" content=\"image\/png\" class=\"yoast-seo-meta-tag\" \/>\n<meta name=\"author\" content=\"nsalazar\" class=\"yoast-seo-meta-tag\" \/>\n<meta name=\"twitter:card\" content=\"summary_large_image\" class=\"yoast-seo-meta-tag\" \/>\n<meta name=\"twitter:label1\" content=\"Escrito por\" class=\"yoast-seo-meta-tag\" \/>\n\t<meta name=\"twitter:data1\" content=\"nsalazar\" class=\"yoast-seo-meta-tag\" \/>\n\t<meta name=\"twitter:label2\" content=\"Tiempo estimado de lectura\" class=\"yoast-seo-meta-tag\" \/>\n\t<meta name=\"twitter:data2\" content=\"6 minutos\" class=\"yoast-seo-meta-tag\" \/>\n<script type=\"application\/ld+json\" class=\"yoast-schema-graph\">{\"@context\":\"https:\/\/schema.org\",\"@graph\":[{\"@type\":\"Article\",\"@id\":\"https:\/\/dev.explora.cl\/ohiggins\/lista-de-seleccionados-para-pipe-2022\/#article\",\"isPartOf\":{\"@id\":\"https:\/\/dev.explora.cl\/ohiggins\/lista-de-seleccionados-para-pipe-2022\/\"},\"author\":{\"name\":\"nsalazar\",\"@id\":\"https:\/\/dev.explora.cl\/ohiggins\/#\/schema\/person\/3240d62ad2624da9148a475abbc509b0\"},\"headline\":\"Lista de seleccionados para PIPE 2022\",\"datePublished\":\"2022-04-22T20:22:03+00:00\",\"dateModified\":\"2022-05-13T15:00:15+00:00\",\"mainEntityOfPage\":{\"@id\":\"https:\/\/dev.explora.cl\/ohiggins\/lista-de-seleccionados-para-pipe-2022\/\"},\"wordCount\":1163,\"commentCount\":0,\"image\":{\"@id\":\"https:\/\/dev.explora.cl\/ohiggins\/lista-de-seleccionados-para-pipe-2022\/#primaryimage\"},\"thumbnailUrl\":\"https:\/\/dev.explora.cl\/ohiggins\/wp-content\/uploads\/sites\/8\/2022\/04\/pipe-2.png\",\"articleSection\":[\"Noticias\"],\"inLanguage\":\"es-CL\",\"potentialAction\":[{\"@type\":\"CommentAction\",\"name\":\"Comment\",\"target\":[\"https:\/\/dev.explora.cl\/ohiggins\/lista-de-seleccionados-para-pipe-2022\/#respond\"]}]},{\"@type\":\"WebPage\",\"@id\":\"https:\/\/dev.explora.cl\/ohiggins\/lista-de-seleccionados-para-pipe-2022\/\",\"url\":\"https:\/\/dev.explora.cl\/ohiggins\/lista-de-seleccionados-para-pipe-2022\/\",\"name\":\"Lista de seleccionados para PIPE 2022 - O&#039;Higgins\",\"isPartOf\":{\"@id\":\"https:\/\/dev.explora.cl\/ohiggins\/#website\"},\"primaryImageOfPage\":{\"@id\":\"https:\/\/dev.explora.cl\/ohiggins\/lista-de-seleccionados-para-pipe-2022\/#primaryimage\"},\"image\":{\"@id\":\"https:\/\/dev.explora.cl\/ohiggins\/lista-de-seleccionados-para-pipe-2022\/#primaryimage\"},\"thumbnailUrl\":\"https:\/\/dev.explora.cl\/ohiggins\/wp-content\/uploads\/sites\/8\/2022\/04\/pipe-2.png\",\"datePublished\":\"2022-04-22T20:22:03+00:00\",\"dateModified\":\"2022-05-13T15:00:15+00:00\",\"author\":{\"@id\":\"https:\/\/dev.explora.cl\/ohiggins\/#\/schema\/person\/3240d62ad2624da9148a475abbc509b0\"},\"breadcrumb\":{\"@id\":\"https:\/\/dev.explora.cl\/ohiggins\/lista-de-seleccionados-para-pipe-2022\/#breadcrumb\"},\"inLanguage\":\"es-CL\",\"potentialAction\":[{\"@type\":\"ReadAction\",\"target\":[\"https:\/\/dev.explora.cl\/ohiggins\/lista-de-seleccionados-para-pipe-2022\/\"]}]},{\"@type\":\"ImageObject\",\"inLanguage\":\"es-CL\",\"@id\":\"https:\/\/dev.explora.cl\/ohiggins\/lista-de-seleccionados-para-pipe-2022\/#primaryimage\",\"url\":\"https:\/\/dev.explora.cl\/ohiggins\/wp-content\/uploads\/sites\/8\/2022\/04\/pipe-2.png\",\"contentUrl\":\"https:\/\/dev.explora.cl\/ohiggins\/wp-content\/uploads\/sites\/8\/2022\/04\/pipe-2.png\",\"width\":574,\"height\":628},{\"@type\":\"BreadcrumbList\",\"@id\":\"https:\/\/dev.explora.cl\/ohiggins\/lista-de-seleccionados-para-pipe-2022\/#breadcrumb\",\"itemListElement\":[{\"@type\":\"ListItem\",\"position\":1,\"name\":\"Portada\",\"item\":\"https:\/\/dev.explora.cl\/ohiggins\/\"},{\"@type\":\"ListItem\",\"position\":2,\"name\":\"Lista de seleccionados para PIPE 2022\"}]},{\"@type\":\"WebSite\",\"@id\":\"https:\/\/dev.explora.cl\/ohiggins\/#website\",\"url\":\"https:\/\/dev.explora.cl\/ohiggins\/\",\"name\":\"O&#039;Higgins\",\"description\":\"Otro sitio m\u00e1s de dev.explora.cl\",\"potentialAction\":[{\"@type\":\"SearchAction\",\"target\":{\"@type\":\"EntryPoint\",\"urlTemplate\":\"https:\/\/dev.explora.cl\/ohiggins\/?s={search_term_string}\"},\"query-input\":{\"@type\":\"PropertyValueSpecification\",\"valueRequired\":true,\"valueName\":\"search_term_string\"}}],\"inLanguage\":\"es-CL\"},{\"@type\":\"Person\",\"@id\":\"https:\/\/dev.explora.cl\/ohiggins\/#\/schema\/person\/3240d62ad2624da9148a475abbc509b0\",\"name\":\"nsalazar\",\"image\":{\"@type\":\"ImageObject\",\"inLanguage\":\"es-CL\",\"@id\":\"https:\/\/dev.explora.cl\/ohiggins\/#\/schema\/person\/image\/\",\"url\":\"https:\/\/secure.gravatar.com\/avatar\/b8cf276f31998a0865a3b90e4d663d91b97848887282c9f9a56cad57ff01cc7e?s=96&d=mm&r=g\",\"contentUrl\":\"https:\/\/secure.gravatar.com\/avatar\/b8cf276f31998a0865a3b90e4d663d91b97848887282c9f9a56cad57ff01cc7e?s=96&d=mm&r=g\",\"caption\":\"nsalazar\"},\"url\":\"https:\/\/dev.explora.cl\/ohiggins\/author\/nsalazar\/\"}]}<\/script>\n<!-- \/ Yoast SEO plugin. -->","yoast_head_json":{"title":"Lista de seleccionados para PIPE 2022 - O&#039;Higgins","robots":{"index":"index","follow":"follow","max-snippet":"max-snippet:-1","max-image-preview":"max-image-preview:large","max-video-preview":"max-video-preview:-1"},"canonical":"https:\/\/dev.explora.cl\/ohiggins\/lista-de-seleccionados-para-pipe-2022\/","og_locale":"es_ES","og_type":"article","og_title":"Lista de seleccionados para PIPE 2022 - O&#039;Higgins","og_description":"Compartimos con ustedes los 110 proyectos seleccionados para trabajar en el Programa de Indagaci\u00f3n para Primera Edades, PIPE 2022. Agradecemos la destacada participaci\u00f3n de instituciones como Junji e Integra, y de los postulantes del Servicio Local de Educaci\u00f3n Colchagua.","og_url":"https:\/\/dev.explora.cl\/ohiggins\/lista-de-seleccionados-para-pipe-2022\/","og_site_name":"O&#039;Higgins","article_published_time":"2022-04-22T20:22:03+00:00","article_modified_time":"2022-05-13T15:00:15+00:00","og_image":[{"width":574,"height":628,"url":"https:\/\/dev.explora.cl\/ohiggins\/wp-content\/uploads\/sites\/8\/2022\/04\/pipe-2.png","type":"image\/png"}],"author":"nsalazar","twitter_card":"summary_large_image","twitter_misc":{"Escrito por":"nsalazar","Tiempo estimado de lectura":"6 minutos"},"schema":{"@context":"https:\/\/schema.org","@graph":[{"@type":"Article","@id":"https:\/\/dev.explora.cl\/ohiggins\/lista-de-seleccionados-para-pipe-2022\/#article","isPartOf":{"@id":"https:\/\/dev.explora.cl\/ohiggins\/lista-de-seleccionados-para-pipe-2022\/"},"author":{"name":"nsalazar","@id":"https:\/\/dev.explora.cl\/ohiggins\/#\/schema\/person\/3240d62ad2624da9148a475abbc509b0"},"headline":"Lista de seleccionados para PIPE 2022","datePublished":"2022-04-22T20:22:03+00:00","dateModified":"2022-05-13T15:00:15+00:00","mainEntityOfPage":{"@id":"https:\/\/dev.explora.cl\/ohiggins\/lista-de-seleccionados-para-pipe-2022\/"},"wordCount":1163,"commentCount":0,"image":{"@id":"https:\/\/dev.explora.cl\/ohiggins\/lista-de-seleccionados-para-pipe-2022\/#primaryimage"},"thumbnailUrl":"https:\/\/dev.explora.cl\/ohiggins\/wp-content\/uploads\/sites\/8\/2022\/04\/pipe-2.png","articleSection":["Noticias"],"inLanguage":"es-CL","potentialAction":[{"@type":"CommentAction","name":"Comment","target":["https:\/\/dev.explora.cl\/ohiggins\/lista-de-seleccionados-para-pipe-2022\/#respond"]}]},{"@type":"WebPage","@id":"https:\/\/dev.explora.cl\/ohiggins\/lista-de-seleccionados-para-pipe-2022\/","url":"https:\/\/dev.explora.cl\/ohiggins\/lista-de-seleccionados-para-pipe-2022\/","name":"Lista de seleccionados para PIPE 2022 - O&#039;Higgins","isPartOf":{"@id":"https:\/\/dev.explora.cl\/ohiggins\/#website"},"primaryImageOfPage":{"@id":"https:\/\/dev.explora.cl\/ohiggins\/lista-de-seleccionados-para-pipe-2022\/#primaryimage"},"image":{"@id":"https:\/\/dev.explora.cl\/ohiggins\/lista-de-seleccionados-para-pipe-2022\/#primaryimage"},"thumbnailUrl":"https:\/\/dev.explora.cl\/ohiggins\/wp-content\/uploads\/sites\/8\/2022\/04\/pipe-2.png","datePublished":"2022-04-22T20:22:03+00:00","dateModified":"2022-05-13T15:00:15+00:00","author":{"@id":"https:\/\/dev.explora.cl\/ohiggins\/#\/schema\/person\/3240d62ad2624da9148a475abbc509b0"},"breadcrumb":{"@id":"https:\/\/dev.explora.cl\/ohiggins\/lista-de-seleccionados-para-pipe-2022\/#breadcrumb"},"inLanguage":"es-CL","potentialAction":[{"@type":"ReadAction","target":["https:\/\/dev.explora.cl\/ohiggins\/lista-de-seleccionados-para-pipe-2022\/"]}]},{"@type":"ImageObject","inLanguage":"es-CL","@id":"https:\/\/dev.explora.cl\/ohiggins\/lista-de-seleccionados-para-pipe-2022\/#primaryimage","url":"https:\/\/dev.explora.cl\/ohiggins\/wp-content\/uploads\/sites\/8\/2022\/04\/pipe-2.png","contentUrl":"https:\/\/dev.explora.cl\/ohiggins\/wp-content\/uploads\/sites\/8\/2022\/04\/pipe-2.png","width":574,"height":628},{"@type":"BreadcrumbList","@id":"https:\/\/dev.explora.cl\/ohiggins\/lista-de-seleccionados-para-pipe-2022\/#breadcrumb","itemListElement":[{"@type":"ListItem","position":1,"name":"Portada","item":"https:\/\/dev.explora.cl\/ohiggins\/"},{"@type":"ListItem","position":2,"name":"Lista de seleccionados para PIPE 2022"}]},{"@type":"WebSite","@id":"https:\/\/dev.explora.cl\/ohiggins\/#website","url":"https:\/\/dev.explora.cl\/ohiggins\/","name":"O&#039;Higgins","description":"Otro sitio m\u00e1s de dev.explora.cl","potentialAction":[{"@type":"SearchAction","target":{"@type":"EntryPoint","urlTemplate":"https:\/\/dev.explora.cl\/ohiggins\/?s={search_term_string}"},"query-input":{"@type":"PropertyValueSpecification","valueRequired":true,"valueName":"search_term_string"}}],"inLanguage":"es-CL"},{"@type":"Person","@id":"https:\/\/dev.explora.cl\/ohiggins\/#\/schema\/person\/3240d62ad2624da9148a475abbc509b0","name":"nsalazar","image":{"@type":"ImageObject","inLanguage":"es-CL","@id":"https:\/\/dev.explora.cl\/ohiggins\/#\/schema\/person\/image\/","url":"https:\/\/secure.gravatar.com\/avatar\/b8cf276f31998a0865a3b90e4d663d91b97848887282c9f9a56cad57ff01cc7e?s=96&d=mm&r=g","contentUrl":"https:\/\/secure.gravatar.com\/avatar\/b8cf276f31998a0865a3b90e4d663d91b97848887282c9f9a56cad57ff01cc7e?s=96&d=mm&r=g","caption":"nsalazar"},"url":"https:\/\/dev.explora.cl\/ohiggins\/author\/nsalazar\/"}]}},"_links":{"self":[{"href":"https:\/\/dev.explora.cl\/ohiggins\/wp-json\/wp\/v2\/posts\/39110","targetHints":{"allow":["GET"]}}],"collection":[{"href":"https:\/\/dev.explora.cl\/ohiggins\/wp-json\/wp\/v2\/posts"}],"about":[{"href":"https:\/\/dev.explora.cl\/ohiggins\/wp-json\/wp\/v2\/types\/post"}],"author":[{"embeddable":true,"href":"https:\/\/dev.explora.cl\/ohiggins\/wp-json\/wp\/v2\/users\/23"}],"replies":[{"embeddable":true,"href":"https:\/\/dev.explora.cl\/ohiggins\/wp-json\/wp\/v2\/comments?post=39110"}],"version-history":[{"count":3,"href":"https:\/\/dev.explora.cl\/ohiggins\/wp-json\/wp\/v2\/posts\/39110\/revisions"}],"predecessor-version":[{"id":39118,"href":"https:\/\/dev.explora.cl\/ohiggins\/wp-json\/wp\/v2\/posts\/39110\/revisions\/39118"}],"wp:featuredmedia":[{"embeddable":true,"href":"https:\/\/dev.explora.cl\/ohiggins\/wp-json\/wp\/v2\/media\/39111"}],"wp:attachment":[{"href":"https:\/\/dev.explora.cl\/ohiggins\/wp-json\/wp\/v2\/media?parent=39110"}],"wp:term":[{"taxonomy":"category","embeddable":true,"href":"https:\/\/dev.explora.cl\/ohiggins\/wp-json\/wp\/v2\/categories?post=39110"},{"taxonomy":"post_tag","embeddable":true,"href":"https:\/\/dev.explora.cl\/ohiggins\/wp-json\/wp\/v2\/tags?post=39110"}],"curies":[{"name":"wp","href":"https:\/\/api.w.org\/{rel}","templated":true}]}}