{"id":39106,"date":"2022-04-22T16:03:59","date_gmt":"2022-04-22T20:03:59","guid":{"rendered":"https:\/\/dev.explora.cl\/ohiggins\/?p=39106"},"modified":"2022-05-17T12:05:50","modified_gmt":"2022-05-17T16:05:50","slug":"listado-final-de-docentes-seleccionados-para-academias-iie-2022","status":"publish","type":"post","link":"https:\/\/dev.explora.cl\/ohiggins\/listado-final-de-docentes-seleccionados-para-academias-iie-2022\/","title":{"rendered":"Listado final de docentes seleccionados para Academias IIE 2022"},"content":{"rendered":"<p>Presentamos a ustedes los 56 proyectos seleccionados de docentes para participar en las Academias IIE 2022. Agradecemos a todos las y los participantes.<\/p>\n<table width=\"0\">\n<tbody>\n<tr>\n<td width=\"115\"><strong>Nombre <\/strong><\/td>\n<td width=\"141\"><strong>Apellidos<\/strong><\/td>\n<td width=\"237\"><strong>Nivel educativo <\/strong><\/td>\n<td width=\"299\"><strong>Nombre del establecimiento<\/strong><\/td>\n<td width=\"176\"><strong>Comuna<\/strong><\/td>\n<\/tr>\n<tr>\n<td width=\"115\">Karola Pia<\/td>\n<td width=\"141\">Diez de Medina Mu\u00f1oz<\/td>\n<td width=\"237\">Educaci\u00f3n media<\/td>\n<td width=\"299\">Liceo Ferm\u00edn del Real Castillo<\/td>\n<td width=\"176\">Ch\u00e9pica<\/td>\n<\/tr>\n<tr>\n<td width=\"115\">Berta<\/td>\n<td width=\"141\">Lizana Mu\u00f1oz<\/td>\n<td width=\"237\">Educaci\u00f3n b\u00e1sica segundo ciclo<\/td>\n<td width=\"299\">Colegio Nuestra Se\u00f1ora de Loreto<\/td>\n<td width=\"176\">Coltauco<\/td>\n<\/tr>\n<tr>\n<td width=\"115\">Roxana Isabel<\/td>\n<td width=\"141\">Soto Garay<\/td>\n<td width=\"237\">Educaci\u00f3n b\u00e1sica segundo ciclo<\/td>\n<td width=\"299\">Colegio Quillayqu\u00e9n<\/td>\n<td width=\"176\">Coltauco<\/td>\n<\/tr>\n<tr>\n<td width=\"115\">Daniel<\/td>\n<td width=\"141\">Guzm\u00e1n Fuentes<\/td>\n<td width=\"237\">Educaci\u00f3n media<\/td>\n<td width=\"299\">Aprendiaje en casa<\/td>\n<td width=\"176\">Graneros<\/td>\n<\/tr>\n<tr>\n<td width=\"115\">Luis<\/td>\n<td width=\"141\">Carvajal Barahona<\/td>\n<td width=\"237\">Educaci\u00f3n b\u00e1sica segundo ciclo<\/td>\n<td width=\"299\">Escuela Municipal F-103 Los Aromos<\/td>\n<td width=\"176\">Las Cabras<\/td>\n<\/tr>\n<tr>\n<td width=\"115\">Evelyn Valeria<\/td>\n<td width=\"141\">Becerra Medina<\/td>\n<td width=\"237\">Educaci\u00f3n b\u00e1sica segundo ciclo<\/td>\n<td width=\"299\">Escuela Juana Gonz\u00e1lez<\/td>\n<td width=\"176\">Lolol<\/td>\n<\/tr>\n<tr>\n<td width=\"115\">Miguel \u00c1ngel<\/td>\n<td width=\"141\">Mora P\u00e9rez<\/td>\n<td width=\"237\">Educaci\u00f3n b\u00e1sica segundo ciclo<\/td>\n<td width=\"299\">Hugo Urz\u00faa Urz\u00faa<\/td>\n<td width=\"176\">Lolol<\/td>\n<\/tr>\n<tr>\n<td width=\"115\">V\u00edctor<\/td>\n<td width=\"141\">Ar\u00e1nguiz Espinoza<\/td>\n<td width=\"237\">Educaci\u00f3n b\u00e1sica primer ciclo<\/td>\n<td width=\"299\">Colegio San Alberto<\/td>\n<td width=\"176\">Machal\u00ed<\/td>\n<\/tr>\n<tr>\n<td width=\"115\">Pabla Andrea<\/td>\n<td width=\"141\">Barr\u00eda Labra<\/td>\n<td width=\"237\">Educaci\u00f3n media<\/td>\n<td width=\"299\">Colegio San Alberto<\/td>\n<td width=\"176\">Machal\u00ed<\/td>\n<\/tr>\n<tr>\n<td width=\"115\">Josefina<\/td>\n<td width=\"141\">Pe\u00f1aloza P\u00e9rez<\/td>\n<td width=\"237\">Educaci\u00f3n media<\/td>\n<td width=\"299\">Liceo Municipal Institutia Cardenal Caro<\/td>\n<td width=\"176\">Marchig\u00fce<\/td>\n<\/tr>\n<tr>\n<td width=\"115\">Carolina<\/td>\n<td width=\"141\">Arce P\u00e9rez<\/td>\n<td width=\"237\">Educaci\u00f3n b\u00e1sica segundo ciclo<\/td>\n<td width=\"299\">Escuela El Rinc\u00f3n<\/td>\n<td width=\"176\">Mostazal<\/td>\n<\/tr>\n<tr>\n<td width=\"115\">Catalina<\/td>\n<td width=\"141\">Godoy Jim\u00e9nez<\/td>\n<td width=\"237\">Educaci\u00f3n b\u00e1sica segundo ciclo<\/td>\n<td width=\"299\">Escuela El Rinc\u00f3n<\/td>\n<td width=\"176\">Mostazal<\/td>\n<\/tr>\n<tr>\n<td width=\"115\">Cristina<\/td>\n<td width=\"141\">Lagos Sep\u00falveda<\/td>\n<td width=\"237\">Educaci\u00f3n b\u00e1sica segundo ciclo<\/td>\n<td width=\"299\">Escuela B\u00e1sica Cunaco<\/td>\n<td width=\"176\">Nancagua<\/td>\n<\/tr>\n<tr>\n<td width=\"115\">Loreto<\/td>\n<td width=\"141\">Castro<\/td>\n<td width=\"237\">Educaci\u00f3n media<\/td>\n<td width=\"299\">Liceo Pablo Neruda<\/td>\n<td width=\"176\">Navidad<\/td>\n<\/tr>\n<tr>\n<td width=\"115\">Patricia<\/td>\n<td width=\"141\">Cabello<\/td>\n<td width=\"237\">Educaci\u00f3n b\u00e1sica segundo ciclo<\/td>\n<td width=\"299\">Escuela Maria Williams<\/td>\n<td width=\"176\">Navidad<\/td>\n<\/tr>\n<tr>\n<td width=\"115\">Valentina Andrea<\/td>\n<td width=\"141\">G\u00f3mez L\u00f3pez<\/td>\n<td width=\"237\">Educaci\u00f3n b\u00e1sica segundo ciclo<\/td>\n<td width=\"299\">Escuela Margot Loyola Palacios<\/td>\n<td width=\"176\">Palmilla<\/td>\n<\/tr>\n<tr>\n<td width=\"115\">Alicia Evelyn<\/td>\n<td width=\"141\">Ortega Villal\u00f3n<\/td>\n<td width=\"237\">Educaci\u00f3n media<\/td>\n<td width=\"299\">Liceo Bicentenario Latinoamericano<\/td>\n<td width=\"176\">Pichidegua<\/td>\n<\/tr>\n<tr>\n<td width=\"115\">Emerson Leandro<\/td>\n<td width=\"141\">Hern\u00e1ndez Torres<\/td>\n<td width=\"237\">Educaci\u00f3n especial o diferencial<\/td>\n<td width=\"299\">Escuela Especial<\/td>\n<td width=\"176\">Pichidegua<\/td>\n<\/tr>\n<tr>\n<td width=\"115\">Cristian<\/td>\n<td width=\"141\">Espinoza Z\u00fa\u00f1iga<\/td>\n<td width=\"237\">Educaci\u00f3n b\u00e1sica segundo ciclo<\/td>\n<td width=\"299\">Colegio Divino Maestro<\/td>\n<td width=\"176\">Pichilemu<\/td>\n<\/tr>\n<tr>\n<td width=\"115\">Mayda<\/td>\n<td width=\"141\">Leyton Gonz\u00e1lez<\/td>\n<td width=\"237\">Educaci\u00f3n b\u00e1sica primer ciclo<\/td>\n<td width=\"299\">Escuela G-370 Ciruelos<\/td>\n<td width=\"176\">Pichilemu<\/td>\n<\/tr>\n<tr>\n<td width=\"115\">\u00c1lvaro Sebasti\u00e1n<\/td>\n<td width=\"141\">\u00a0\u00c1lvarez P\u00e9rez<\/td>\n<td width=\"237\">Educaci\u00f3n b\u00e1sica segundo ciclo<\/td>\n<td width=\"299\">Colegio Charly&#8217;s School<\/td>\n<td width=\"176\">Pichilemu<\/td>\n<\/tr>\n<tr>\n<td width=\"115\">Alex Antonio<\/td>\n<td width=\"141\">Catal\u00e1n Rom\u00e1n<\/td>\n<td width=\"237\">Educaci\u00f3n media<\/td>\n<td width=\"299\">Colegio Ingl\u00e9s Saint John<\/td>\n<td width=\"176\">Rancagua<\/td>\n<\/tr>\n<tr>\n<td width=\"115\">H\u00e9ctor Patricio<\/td>\n<td width=\"141\">Becerra D\u00edaz<\/td>\n<td width=\"237\">Educaci\u00f3n b\u00e1sica segundo ciclo\/media<\/td>\n<td width=\"299\">Colegio Quimahue<\/td>\n<td width=\"176\">Rancagua<\/td>\n<\/tr>\n<tr>\n<td width=\"115\">Pia Carolina<\/td>\n<td width=\"141\">Luna Lara<\/td>\n<td width=\"237\">Educaci\u00f3n media<\/td>\n<td width=\"299\">Liceo Bicentenario Oscar Castro<\/td>\n<td width=\"176\">Rancagua<\/td>\n<\/tr>\n<tr>\n<td width=\"115\">Paola<\/td>\n<td width=\"141\">Oyarz\u00fan Campos<\/td>\n<td width=\"237\">Educaci\u00f3n media<\/td>\n<td width=\"299\">Liceo Comercial Jorge Alessandri Rodr\u00edguez B-34<\/td>\n<td width=\"176\">Rancagua<\/td>\n<\/tr>\n<tr>\n<td width=\"115\">Liz<\/td>\n<td width=\"141\">Inturias Ramos<\/td>\n<td width=\"237\">Aprendizaje en casa<\/td>\n<td width=\"299\">Aprendiaje en casa<\/td>\n<td width=\"176\">Rancagua<\/td>\n<\/tr>\n<tr>\n<td width=\"115\">Maria Victoria<\/td>\n<td width=\"141\">Guevara Pino<\/td>\n<td width=\"237\">Educaci\u00f3n de adultos<\/td>\n<td width=\"299\">Aprendiaje en casa<\/td>\n<td width=\"176\">Rancagua<\/td>\n<\/tr>\n<tr>\n<td width=\"115\">Nicol\u00e1s<\/td>\n<td width=\"141\">Salgado Ahumada<\/td>\n<td width=\"237\">Educaci\u00f3n media<\/td>\n<td width=\"299\">Liceo Integrado Libertador Sim\u00f3n Bol\u00edvar<\/td>\n<td width=\"176\">Rancagua<\/td>\n<\/tr>\n<tr>\n<td width=\"115\">Pedro<\/td>\n<td width=\"141\">Jilberto Vergara<\/td>\n<td width=\"237\">Educaci\u00f3n media<\/td>\n<td width=\"299\">Liceo Industrial Ernesto Pinto Lagarrigue<\/td>\n<td width=\"176\">Rancagua<\/td>\n<\/tr>\n<tr>\n<td width=\"115\">Gisela del Carmen<\/td>\n<td width=\"141\">Riquelme Vera<\/td>\n<td width=\"237\">Educaci\u00f3n media<\/td>\n<td width=\"299\">Liceo T\u00e9cnico Jos\u00e9 Victorino Lastarria<\/td>\n<td width=\"176\">Rancagua<\/td>\n<\/tr>\n<tr>\n<td width=\"115\">Ruperto<\/td>\n<td width=\"141\">Z\u00fa\u00f1iga S\u00e1nchez<\/td>\n<td width=\"237\">Educaci\u00f3n b\u00e1sica segundo ciclo<\/td>\n<td width=\"299\">Colegio Marista Rancagua &#8211; Instituto O&#8217;Higgins<\/td>\n<td width=\"176\">Rancagua<\/td>\n<\/tr>\n<tr>\n<td width=\"115\">Marcia<\/td>\n<td width=\"141\">Sep\u00falveda Marambio<\/td>\n<td width=\"237\">Educaci\u00f3n media<\/td>\n<td width=\"299\">Liceo Bicentenario Oscar Castro Z\u00fa\u00f1iga<\/td>\n<td width=\"176\">Rancagua<\/td>\n<\/tr>\n<tr>\n<td width=\"115\">Adriana<\/td>\n<td width=\"141\">Mart\u00ednez Soto<\/td>\n<td width=\"237\">Educaci\u00f3n media<\/td>\n<td width=\"299\">Liceo Comercial Diego Portales<\/td>\n<td width=\"176\">Rancagua<\/td>\n<\/tr>\n<tr>\n<td width=\"115\">Vivian<\/td>\n<td width=\"141\">Barra Maturana<\/td>\n<td width=\"237\">Educaci\u00f3n media<\/td>\n<td width=\"299\">Liceo Comercial Diego Portales<\/td>\n<td width=\"176\">Rancagua<\/td>\n<\/tr>\n<tr>\n<td width=\"115\">B\u00e1rbara<\/td>\n<td width=\"141\">Gonz\u00e1lez Urz\u00faa<\/td>\n<td width=\"237\">Educaci\u00f3n b\u00e1sica segundo ciclo<\/td>\n<td width=\"299\">Liceo Bicentenario Oscar Castro Z\u00fa\u00f1iga<\/td>\n<td width=\"176\">Rancagua<\/td>\n<\/tr>\n<tr>\n<td width=\"115\">Jocelyn<\/td>\n<td width=\"141\">Sald\u00eda Reyes<\/td>\n<td width=\"237\">Educaci\u00f3n b\u00e1sica segundo ciclo<\/td>\n<td width=\"299\">Escuela Luis Galdames<\/td>\n<td width=\"176\">Rengo<\/td>\n<\/tr>\n<tr>\n<td width=\"115\">Monica Andrea<\/td>\n<td width=\"141\">Cabrera Tobar<\/td>\n<td width=\"237\">Educaci\u00f3n media<\/td>\n<td width=\"299\">Liceo Luis Urbina Flores<\/td>\n<td width=\"176\">Rengo<\/td>\n<\/tr>\n<tr>\n<td width=\"115\">Ana<\/td>\n<td width=\"141\">Aguirre Pich\u00fan<\/td>\n<td width=\"237\">Educaci\u00f3n b\u00e1sica segundo ciclo<\/td>\n<td width=\"299\">Colegio Tricahue<\/td>\n<td width=\"176\">Requ\u00ednoa<\/td>\n<\/tr>\n<tr>\n<td width=\"115\">Catalina<\/td>\n<td width=\"141\">Faune Carrasco<\/td>\n<td width=\"237\">Educaci\u00f3n media<\/td>\n<td width=\"299\">Colegio El Real<\/td>\n<td width=\"176\">San Fernando<\/td>\n<\/tr>\n<tr>\n<td width=\"115\">V\u00edctor Manuel<\/td>\n<td width=\"141\">Le\u00f3n Donoso<\/td>\n<td width=\"237\">Educaci\u00f3n media<\/td>\n<td width=\"299\">Liceo Industrial de San Fernando<\/td>\n<td width=\"176\">San Fernando<\/td>\n<\/tr>\n<tr>\n<td width=\"115\">Susy Elizabeth<\/td>\n<td width=\"141\">Sagredo Caroca<\/td>\n<td width=\"237\">Educaci\u00f3n b\u00e1sica segundo ciclo<\/td>\n<td width=\"299\">Escuela Pedro Morales Barrera<\/td>\n<td width=\"176\">San Fernando<\/td>\n<\/tr>\n<tr>\n<td width=\"115\">Jenniffer<\/td>\n<td width=\"141\">Salas Neira<\/td>\n<td width=\"237\">Educaci\u00f3n b\u00e1sica segundo ciclo<\/td>\n<td width=\"299\">Escuela Jorge Mu\u00f1oz Silva<\/td>\n<td width=\"176\">San Fernando<\/td>\n<\/tr>\n<tr>\n<td width=\"115\">M\u00f3nica Margarita<\/td>\n<td width=\"141\">Betancourt Garc\u00eda<\/td>\n<td width=\"237\">Educaci\u00f3n b\u00e1sica segundo ciclo<\/td>\n<td width=\"299\">Escuela Mar\u00eda Luisa Bouchon<\/td>\n<td width=\"176\">San Fernando<\/td>\n<\/tr>\n<tr>\n<td width=\"115\">Marcia<\/td>\n<td width=\"141\">P\u00e9rez Beltr\u00e1n<\/td>\n<td width=\"237\">Educaci\u00f3n b\u00e1sica segundo ciclo<\/td>\n<td width=\"299\">Escuela Olegario Lazo Baeza<\/td>\n<td width=\"176\">San Fernando<\/td>\n<\/tr>\n<tr>\n<td width=\"115\">Argelia<\/td>\n<td width=\"141\">Rojas Mu\u00f1oz<\/td>\n<td width=\"237\">Educaci\u00f3n media<\/td>\n<td width=\"299\">Instituto Comercial Alberto Valenzuela Llanos<\/td>\n<td width=\"176\">San Fernando<\/td>\n<\/tr>\n<tr>\n<td width=\"115\">Mar\u00eda Jos\u00e9<\/td>\n<td width=\"141\">\u00c1vila Gonz\u00e1lez<\/td>\n<td width=\"237\">Educaci\u00f3n media<\/td>\n<td width=\"299\">Instituto Comercial Alberto Valenzuela Llanos<\/td>\n<td width=\"176\">San Fernando<\/td>\n<\/tr>\n<tr>\n<td width=\"115\">Laura Alicia<\/td>\n<td width=\"141\">Contreras Zamorano<\/td>\n<td width=\"237\">Educaci\u00f3n b\u00e1sica primer ciclo<\/td>\n<td width=\"299\">Escuela San Alberto de Idahue<\/td>\n<td width=\"176\">San Vicente de Tagua Tagua<\/td>\n<\/tr>\n<tr>\n<td width=\"115\">Carmen Gloria<\/td>\n<td width=\"141\">Vidal Celis<\/td>\n<td width=\"237\">Educaci\u00f3n b\u00e1sica segundo ciclo<\/td>\n<td width=\"299\">Escuela Enrique Ya\u00f1ez<\/td>\n<td width=\"176\">San Vicente de Tagua Tagua<\/td>\n<\/tr>\n<tr>\n<td width=\"115\">Rodrigo<\/td>\n<td width=\"141\">Lizana Jorquera<\/td>\n<td width=\"237\">Educaci\u00f3n media<\/td>\n<td width=\"299\">Colegio Nehu\u00e9n<\/td>\n<td width=\"176\">San Vicente de Tagua Tagua<\/td>\n<\/tr>\n<tr>\n<td width=\"115\">Natalia Paz<\/td>\n<td width=\"141\">Navarro Cabello<\/td>\n<td width=\"237\">Educaci\u00f3n media<\/td>\n<td width=\"299\">Colegio Santa Cruz de Unco<\/td>\n<td width=\"176\">Santa Cruz<\/td>\n<\/tr>\n<tr>\n<td width=\"115\">Cindy Macarena<\/td>\n<td width=\"141\">Parra Ca\u00f1as<\/td>\n<td width=\"237\">Educaci\u00f3n b\u00e1sica segundo ciclo<\/td>\n<td width=\"299\">Colegio Santa Cruz de Unco<\/td>\n<td width=\"176\">Santa Cruz<\/td>\n<\/tr>\n<tr>\n<td width=\"115\">Eniuska<\/td>\n<td width=\"141\">Az\u00f3car Maraga\u00f1o<\/td>\n<td width=\"237\">Educaci\u00f3n media<\/td>\n<td width=\"299\">Colegio Evelyn&#8217;s School<\/td>\n<td width=\"176\">Santa Cruz<\/td>\n<\/tr>\n<tr>\n<td width=\"115\">Mar\u00eda Fernanda<\/td>\n<td width=\"141\">P\u00e9rez Gonz\u00e1lez<\/td>\n<td width=\"237\">Educaci\u00f3n b\u00e1sica segundo ciclo<\/td>\n<td width=\"299\">Instituto Regional Federico Err\u00e1zuriz<\/td>\n<td width=\"176\">Santa Cruz<\/td>\n<\/tr>\n<tr>\n<td width=\"115\">Carmen In\u00e9s<\/td>\n<td width=\"141\">Quintro\u00a0 Aguilera<\/td>\n<td width=\"237\">Educaci\u00f3n b\u00e1sica segundo ciclo<\/td>\n<td width=\"299\">Instituto Regional Federico Err\u00e1zuriz<\/td>\n<td width=\"176\">Santa Cruz<\/td>\n<\/tr>\n<tr>\n<td width=\"115\">Mar\u00eda Ignacia<\/td>\n<td width=\"141\">Casanova S\u00e1nchez<\/td>\n<td width=\"237\">Educaci\u00f3n media<\/td>\n<td width=\"299\">Liceo Bicentenario Instituto Polit\u00e9cnico Santa Cruz<\/td>\n<td width=\"176\">Santa Cruz<\/td>\n<\/tr>\n<\/tbody>\n<\/table>\n<p>&nbsp;<\/p>\n","protected":false},"excerpt":{"rendered":"<p>Presentamos a ustedes los 56 proyectos seleccionados de docentes para participar en las Academias IIE 2022. Agradecemos a todos las y los participantes. <\/p>\n","protected":false},"author":23,"featured_media":39107,"comment_status":"open","ping_status":"open","sticky":false,"template":"","format":"standard","meta":{"_acf_changed":false,"_exactmetrics_skip_tracking":false,"_exactmetrics_sitenote_active":false,"_exactmetrics_sitenote_note":"","_exactmetrics_sitenote_category":0,"footnotes":"","_links_to":"","_links_to_target":""},"categories":[4],"tags":[],"class_list":["post-39106","post","type-post","status-publish","format-standard","has-post-thumbnail","hentry","category-noticias"],"acf":[],"yoast_head":"<!-- This site is optimized with the Yoast SEO plugin v26.7 - https:\/\/yoast.com\/wordpress\/plugins\/seo\/ -->\n<title>Listado final de docentes seleccionados para Academias IIE 2022 - O&#039;Higgins<\/title>\n<meta name=\"robots\" content=\"index, follow, max-snippet:-1, max-image-preview:large, max-video-preview:-1\" \/>\n<link rel=\"canonical\" href=\"https:\/\/dev.explora.cl\/ohiggins\/listado-final-de-docentes-seleccionados-para-academias-iie-2022\/\" class=\"yoast-seo-meta-tag\" \/>\n<meta property=\"og:locale\" content=\"es_ES\" class=\"yoast-seo-meta-tag\" \/>\n<meta property=\"og:type\" content=\"article\" class=\"yoast-seo-meta-tag\" \/>\n<meta property=\"og:title\" content=\"Listado final de docentes seleccionados para Academias IIE 2022 - O&#039;Higgins\" class=\"yoast-seo-meta-tag\" \/>\n<meta property=\"og:description\" content=\"Presentamos a ustedes los 56 proyectos seleccionados de docentes para participar en las Academias IIE 2022. Agradecemos a todos las y los participantes.\" class=\"yoast-seo-meta-tag\" \/>\n<meta property=\"og:url\" content=\"https:\/\/dev.explora.cl\/ohiggins\/listado-final-de-docentes-seleccionados-para-academias-iie-2022\/\" class=\"yoast-seo-meta-tag\" \/>\n<meta property=\"og:site_name\" content=\"O&#039;Higgins\" class=\"yoast-seo-meta-tag\" \/>\n<meta property=\"article:published_time\" content=\"2022-04-22T20:03:59+00:00\" class=\"yoast-seo-meta-tag\" \/>\n<meta property=\"article:modified_time\" content=\"2022-05-17T16:05:50+00:00\" class=\"yoast-seo-meta-tag\" \/>\n<meta property=\"og:image\" content=\"https:\/\/dev.explora.cl\/ohiggins\/wp-content\/uploads\/sites\/8\/2022\/04\/logo_positivo.png\" class=\"yoast-seo-meta-tag\" \/>\n\t<meta property=\"og:image:width\" content=\"2560\" class=\"yoast-seo-meta-tag\" \/>\n\t<meta property=\"og:image:height\" content=\"1600\" class=\"yoast-seo-meta-tag\" \/>\n\t<meta property=\"og:image:type\" content=\"image\/png\" class=\"yoast-seo-meta-tag\" \/>\n<meta name=\"author\" content=\"nsalazar\" class=\"yoast-seo-meta-tag\" \/>\n<meta name=\"twitter:card\" content=\"summary_large_image\" class=\"yoast-seo-meta-tag\" \/>\n<meta name=\"twitter:label1\" content=\"Escrito por\" class=\"yoast-seo-meta-tag\" \/>\n\t<meta name=\"twitter:data1\" content=\"nsalazar\" class=\"yoast-seo-meta-tag\" \/>\n\t<meta name=\"twitter:label2\" content=\"Tiempo estimado de lectura\" class=\"yoast-seo-meta-tag\" \/>\n\t<meta name=\"twitter:data2\" content=\"4 minutos\" class=\"yoast-seo-meta-tag\" \/>\n<script type=\"application\/ld+json\" class=\"yoast-schema-graph\">{\"@context\":\"https:\/\/schema.org\",\"@graph\":[{\"@type\":\"Article\",\"@id\":\"https:\/\/dev.explora.cl\/ohiggins\/listado-final-de-docentes-seleccionados-para-academias-iie-2022\/#article\",\"isPartOf\":{\"@id\":\"https:\/\/dev.explora.cl\/ohiggins\/listado-final-de-docentes-seleccionados-para-academias-iie-2022\/\"},\"author\":{\"name\":\"nsalazar\",\"@id\":\"https:\/\/dev.explora.cl\/ohiggins\/#\/schema\/person\/3240d62ad2624da9148a475abbc509b0\"},\"headline\":\"Listado final de docentes seleccionados para Academias IIE 2022\",\"datePublished\":\"2022-04-22T20:03:59+00:00\",\"dateModified\":\"2022-05-17T16:05:50+00:00\",\"mainEntityOfPage\":{\"@id\":\"https:\/\/dev.explora.cl\/ohiggins\/listado-final-de-docentes-seleccionados-para-academias-iie-2022\/\"},\"wordCount\":858,\"commentCount\":0,\"image\":{\"@id\":\"https:\/\/dev.explora.cl\/ohiggins\/listado-final-de-docentes-seleccionados-para-academias-iie-2022\/#primaryimage\"},\"thumbnailUrl\":\"https:\/\/dev.explora.cl\/ohiggins\/wp-content\/uploads\/sites\/8\/2022\/04\/logo_positivo.png\",\"articleSection\":[\"Noticias\"],\"inLanguage\":\"es-CL\",\"potentialAction\":[{\"@type\":\"CommentAction\",\"name\":\"Comment\",\"target\":[\"https:\/\/dev.explora.cl\/ohiggins\/listado-final-de-docentes-seleccionados-para-academias-iie-2022\/#respond\"]}]},{\"@type\":\"WebPage\",\"@id\":\"https:\/\/dev.explora.cl\/ohiggins\/listado-final-de-docentes-seleccionados-para-academias-iie-2022\/\",\"url\":\"https:\/\/dev.explora.cl\/ohiggins\/listado-final-de-docentes-seleccionados-para-academias-iie-2022\/\",\"name\":\"Listado final de docentes seleccionados para Academias IIE 2022 - O&#039;Higgins\",\"isPartOf\":{\"@id\":\"https:\/\/dev.explora.cl\/ohiggins\/#website\"},\"primaryImageOfPage\":{\"@id\":\"https:\/\/dev.explora.cl\/ohiggins\/listado-final-de-docentes-seleccionados-para-academias-iie-2022\/#primaryimage\"},\"image\":{\"@id\":\"https:\/\/dev.explora.cl\/ohiggins\/listado-final-de-docentes-seleccionados-para-academias-iie-2022\/#primaryimage\"},\"thumbnailUrl\":\"https:\/\/dev.explora.cl\/ohiggins\/wp-content\/uploads\/sites\/8\/2022\/04\/logo_positivo.png\",\"datePublished\":\"2022-04-22T20:03:59+00:00\",\"dateModified\":\"2022-05-17T16:05:50+00:00\",\"author\":{\"@id\":\"https:\/\/dev.explora.cl\/ohiggins\/#\/schema\/person\/3240d62ad2624da9148a475abbc509b0\"},\"breadcrumb\":{\"@id\":\"https:\/\/dev.explora.cl\/ohiggins\/listado-final-de-docentes-seleccionados-para-academias-iie-2022\/#breadcrumb\"},\"inLanguage\":\"es-CL\",\"potentialAction\":[{\"@type\":\"ReadAction\",\"target\":[\"https:\/\/dev.explora.cl\/ohiggins\/listado-final-de-docentes-seleccionados-para-academias-iie-2022\/\"]}]},{\"@type\":\"ImageObject\",\"inLanguage\":\"es-CL\",\"@id\":\"https:\/\/dev.explora.cl\/ohiggins\/listado-final-de-docentes-seleccionados-para-academias-iie-2022\/#primaryimage\",\"url\":\"https:\/\/dev.explora.cl\/ohiggins\/wp-content\/uploads\/sites\/8\/2022\/04\/logo_positivo.png\",\"contentUrl\":\"https:\/\/dev.explora.cl\/ohiggins\/wp-content\/uploads\/sites\/8\/2022\/04\/logo_positivo.png\",\"width\":2560,\"height\":1600},{\"@type\":\"BreadcrumbList\",\"@id\":\"https:\/\/dev.explora.cl\/ohiggins\/listado-final-de-docentes-seleccionados-para-academias-iie-2022\/#breadcrumb\",\"itemListElement\":[{\"@type\":\"ListItem\",\"position\":1,\"name\":\"Portada\",\"item\":\"https:\/\/dev.explora.cl\/ohiggins\/\"},{\"@type\":\"ListItem\",\"position\":2,\"name\":\"Listado final de docentes seleccionados para Academias IIE 2022\"}]},{\"@type\":\"WebSite\",\"@id\":\"https:\/\/dev.explora.cl\/ohiggins\/#website\",\"url\":\"https:\/\/dev.explora.cl\/ohiggins\/\",\"name\":\"O&#039;Higgins\",\"description\":\"Otro sitio m\u00e1s de dev.explora.cl\",\"potentialAction\":[{\"@type\":\"SearchAction\",\"target\":{\"@type\":\"EntryPoint\",\"urlTemplate\":\"https:\/\/dev.explora.cl\/ohiggins\/?s={search_term_string}\"},\"query-input\":{\"@type\":\"PropertyValueSpecification\",\"valueRequired\":true,\"valueName\":\"search_term_string\"}}],\"inLanguage\":\"es-CL\"},{\"@type\":\"Person\",\"@id\":\"https:\/\/dev.explora.cl\/ohiggins\/#\/schema\/person\/3240d62ad2624da9148a475abbc509b0\",\"name\":\"nsalazar\",\"image\":{\"@type\":\"ImageObject\",\"inLanguage\":\"es-CL\",\"@id\":\"https:\/\/dev.explora.cl\/ohiggins\/#\/schema\/person\/image\/\",\"url\":\"https:\/\/secure.gravatar.com\/avatar\/b8cf276f31998a0865a3b90e4d663d91b97848887282c9f9a56cad57ff01cc7e?s=96&d=mm&r=g\",\"contentUrl\":\"https:\/\/secure.gravatar.com\/avatar\/b8cf276f31998a0865a3b90e4d663d91b97848887282c9f9a56cad57ff01cc7e?s=96&d=mm&r=g\",\"caption\":\"nsalazar\"},\"url\":\"https:\/\/dev.explora.cl\/ohiggins\/author\/nsalazar\/\"}]}<\/script>\n<!-- \/ Yoast SEO plugin. -->","yoast_head_json":{"title":"Listado final de docentes seleccionados para Academias IIE 2022 - O&#039;Higgins","robots":{"index":"index","follow":"follow","max-snippet":"max-snippet:-1","max-image-preview":"max-image-preview:large","max-video-preview":"max-video-preview:-1"},"canonical":"https:\/\/dev.explora.cl\/ohiggins\/listado-final-de-docentes-seleccionados-para-academias-iie-2022\/","og_locale":"es_ES","og_type":"article","og_title":"Listado final de docentes seleccionados para Academias IIE 2022 - O&#039;Higgins","og_description":"Presentamos a ustedes los 56 proyectos seleccionados de docentes para participar en las Academias IIE 2022. Agradecemos a todos las y los participantes.","og_url":"https:\/\/dev.explora.cl\/ohiggins\/listado-final-de-docentes-seleccionados-para-academias-iie-2022\/","og_site_name":"O&#039;Higgins","article_published_time":"2022-04-22T20:03:59+00:00","article_modified_time":"2022-05-17T16:05:50+00:00","og_image":[{"width":2560,"height":1600,"url":"https:\/\/dev.explora.cl\/ohiggins\/wp-content\/uploads\/sites\/8\/2022\/04\/logo_positivo.png","type":"image\/png"}],"author":"nsalazar","twitter_card":"summary_large_image","twitter_misc":{"Escrito por":"nsalazar","Tiempo estimado de lectura":"4 minutos"},"schema":{"@context":"https:\/\/schema.org","@graph":[{"@type":"Article","@id":"https:\/\/dev.explora.cl\/ohiggins\/listado-final-de-docentes-seleccionados-para-academias-iie-2022\/#article","isPartOf":{"@id":"https:\/\/dev.explora.cl\/ohiggins\/listado-final-de-docentes-seleccionados-para-academias-iie-2022\/"},"author":{"name":"nsalazar","@id":"https:\/\/dev.explora.cl\/ohiggins\/#\/schema\/person\/3240d62ad2624da9148a475abbc509b0"},"headline":"Listado final de docentes seleccionados para Academias IIE 2022","datePublished":"2022-04-22T20:03:59+00:00","dateModified":"2022-05-17T16:05:50+00:00","mainEntityOfPage":{"@id":"https:\/\/dev.explora.cl\/ohiggins\/listado-final-de-docentes-seleccionados-para-academias-iie-2022\/"},"wordCount":858,"commentCount":0,"image":{"@id":"https:\/\/dev.explora.cl\/ohiggins\/listado-final-de-docentes-seleccionados-para-academias-iie-2022\/#primaryimage"},"thumbnailUrl":"https:\/\/dev.explora.cl\/ohiggins\/wp-content\/uploads\/sites\/8\/2022\/04\/logo_positivo.png","articleSection":["Noticias"],"inLanguage":"es-CL","potentialAction":[{"@type":"CommentAction","name":"Comment","target":["https:\/\/dev.explora.cl\/ohiggins\/listado-final-de-docentes-seleccionados-para-academias-iie-2022\/#respond"]}]},{"@type":"WebPage","@id":"https:\/\/dev.explora.cl\/ohiggins\/listado-final-de-docentes-seleccionados-para-academias-iie-2022\/","url":"https:\/\/dev.explora.cl\/ohiggins\/listado-final-de-docentes-seleccionados-para-academias-iie-2022\/","name":"Listado final de docentes seleccionados para Academias IIE 2022 - O&#039;Higgins","isPartOf":{"@id":"https:\/\/dev.explora.cl\/ohiggins\/#website"},"primaryImageOfPage":{"@id":"https:\/\/dev.explora.cl\/ohiggins\/listado-final-de-docentes-seleccionados-para-academias-iie-2022\/#primaryimage"},"image":{"@id":"https:\/\/dev.explora.cl\/ohiggins\/listado-final-de-docentes-seleccionados-para-academias-iie-2022\/#primaryimage"},"thumbnailUrl":"https:\/\/dev.explora.cl\/ohiggins\/wp-content\/uploads\/sites\/8\/2022\/04\/logo_positivo.png","datePublished":"2022-04-22T20:03:59+00:00","dateModified":"2022-05-17T16:05:50+00:00","author":{"@id":"https:\/\/dev.explora.cl\/ohiggins\/#\/schema\/person\/3240d62ad2624da9148a475abbc509b0"},"breadcrumb":{"@id":"https:\/\/dev.explora.cl\/ohiggins\/listado-final-de-docentes-seleccionados-para-academias-iie-2022\/#breadcrumb"},"inLanguage":"es-CL","potentialAction":[{"@type":"ReadAction","target":["https:\/\/dev.explora.cl\/ohiggins\/listado-final-de-docentes-seleccionados-para-academias-iie-2022\/"]}]},{"@type":"ImageObject","inLanguage":"es-CL","@id":"https:\/\/dev.explora.cl\/ohiggins\/listado-final-de-docentes-seleccionados-para-academias-iie-2022\/#primaryimage","url":"https:\/\/dev.explora.cl\/ohiggins\/wp-content\/uploads\/sites\/8\/2022\/04\/logo_positivo.png","contentUrl":"https:\/\/dev.explora.cl\/ohiggins\/wp-content\/uploads\/sites\/8\/2022\/04\/logo_positivo.png","width":2560,"height":1600},{"@type":"BreadcrumbList","@id":"https:\/\/dev.explora.cl\/ohiggins\/listado-final-de-docentes-seleccionados-para-academias-iie-2022\/#breadcrumb","itemListElement":[{"@type":"ListItem","position":1,"name":"Portada","item":"https:\/\/dev.explora.cl\/ohiggins\/"},{"@type":"ListItem","position":2,"name":"Listado final de docentes seleccionados para Academias IIE 2022"}]},{"@type":"WebSite","@id":"https:\/\/dev.explora.cl\/ohiggins\/#website","url":"https:\/\/dev.explora.cl\/ohiggins\/","name":"O&#039;Higgins","description":"Otro sitio m\u00e1s de dev.explora.cl","potentialAction":[{"@type":"SearchAction","target":{"@type":"EntryPoint","urlTemplate":"https:\/\/dev.explora.cl\/ohiggins\/?s={search_term_string}"},"query-input":{"@type":"PropertyValueSpecification","valueRequired":true,"valueName":"search_term_string"}}],"inLanguage":"es-CL"},{"@type":"Person","@id":"https:\/\/dev.explora.cl\/ohiggins\/#\/schema\/person\/3240d62ad2624da9148a475abbc509b0","name":"nsalazar","image":{"@type":"ImageObject","inLanguage":"es-CL","@id":"https:\/\/dev.explora.cl\/ohiggins\/#\/schema\/person\/image\/","url":"https:\/\/secure.gravatar.com\/avatar\/b8cf276f31998a0865a3b90e4d663d91b97848887282c9f9a56cad57ff01cc7e?s=96&d=mm&r=g","contentUrl":"https:\/\/secure.gravatar.com\/avatar\/b8cf276f31998a0865a3b90e4d663d91b97848887282c9f9a56cad57ff01cc7e?s=96&d=mm&r=g","caption":"nsalazar"},"url":"https:\/\/dev.explora.cl\/ohiggins\/author\/nsalazar\/"}]}},"_links":{"self":[{"href":"https:\/\/dev.explora.cl\/ohiggins\/wp-json\/wp\/v2\/posts\/39106","targetHints":{"allow":["GET"]}}],"collection":[{"href":"https:\/\/dev.explora.cl\/ohiggins\/wp-json\/wp\/v2\/posts"}],"about":[{"href":"https:\/\/dev.explora.cl\/ohiggins\/wp-json\/wp\/v2\/types\/post"}],"author":[{"embeddable":true,"href":"https:\/\/dev.explora.cl\/ohiggins\/wp-json\/wp\/v2\/users\/23"}],"replies":[{"embeddable":true,"href":"https:\/\/dev.explora.cl\/ohiggins\/wp-json\/wp\/v2\/comments?post=39106"}],"version-history":[{"count":2,"href":"https:\/\/dev.explora.cl\/ohiggins\/wp-json\/wp\/v2\/posts\/39106\/revisions"}],"predecessor-version":[{"id":39114,"href":"https:\/\/dev.explora.cl\/ohiggins\/wp-json\/wp\/v2\/posts\/39106\/revisions\/39114"}],"wp:featuredmedia":[{"embeddable":true,"href":"https:\/\/dev.explora.cl\/ohiggins\/wp-json\/wp\/v2\/media\/39107"}],"wp:attachment":[{"href":"https:\/\/dev.explora.cl\/ohiggins\/wp-json\/wp\/v2\/media?parent=39106"}],"wp:term":[{"taxonomy":"category","embeddable":true,"href":"https:\/\/dev.explora.cl\/ohiggins\/wp-json\/wp\/v2\/categories?post=39106"},{"taxonomy":"post_tag","embeddable":true,"href":"https:\/\/dev.explora.cl\/ohiggins\/wp-json\/wp\/v2\/tags?post=39106"}],"curies":[{"name":"wp","href":"https:\/\/api.w.org\/{rel}","templated":true}]}}