{"id":39093,"date":"2022-04-12T10:35:00","date_gmt":"2022-04-12T14:35:00","guid":{"rendered":"https:\/\/dev.explora.cl\/ohiggins\/?p=39093"},"modified":"2022-05-04T16:09:15","modified_gmt":"2022-05-04T20:09:15","slug":"par-explora-convoca-a-academicos-as-investigadores-as-y-docentes-a-participar-de-sus-actividades","status":"publish","type":"post","link":"https:\/\/dev.explora.cl\/ohiggins\/par-explora-convoca-a-academicos-as-investigadores-as-y-docentes-a-participar-de-sus-actividades\/","title":{"rendered":"PAR Explora convoca a acad\u00e9micos\/as, investigadores\/as y docentes a participar de sus actividades"},"content":{"rendered":"<p>PAR Explora O\u00b4Higgins abri\u00f3 este lunes 11 de abril la convocatoria para acad\u00e9micos\/as, investigadores\/as, docentes UOH (y de otras instituciones) que quieran ser parte del trabajo de asesor\u00edas cient\u00edficas de las Academias IIE, del comit\u00e9 asesor del Congreso Explora o de la iniciativa Ciencia Abierta, en que se dictan charlas, talleres y otras acciones de divulgaci\u00f3n.<\/p>\n<p>Las actividades a participar son Ciencia Abierta, que tiene por objetivo fortalecer el v\u00ednculo entre investigadores\/as, divulgadores\/as, docentes y la sociedad, a trav\u00e9s de encuentros en formatos l\u00fadicos y participativos, promoviendo la socializaci\u00f3n y apropiaci\u00f3n del conocimiento; las Academias IIE, que son espacios de trabajo colaborativo al interior de los establecimientos educacionales, donde equipos de estudiantes de Educaci\u00f3n B\u00e1sica y Media realizan proyectos de Investigaci\u00f3n e Innovaci\u00f3n Escolar, a cargo de un\/a docente gu\u00eda; y Congreso Explora, en que se promueve socializar los resultados de los proyectos de investigaci\u00f3n e innovaci\u00f3n escolar, a trav\u00e9s de una experiencia que les permita desarrollar habilidades y compartir experiencias con sus pares e investigadores\/as.<\/p>\n<p>\u201cPara m\u00ed, participar de las actividades de Ciencia Abierta, tanto virtuales como presenciales, ha sido una experiencia muy enriquecedora. Tanto por compartir los conocimientos que tengo de la investigaci\u00f3n y la academia con la comunidad en general, lo cual me permite tantear mi capacidad de expresi\u00f3n y comunicaci\u00f3n, y ver si lo que estoy haciendo es de inter\u00e9s para la comunidad; y a la vez me entrega saberes que no tengo, aprendo en estas actividades: de saberes populares, de las preguntas y opiniones con las que interact\u00fao. En resumen, creo que no es solo difundir, tambi\u00e9n es aprender, flexibilizarnos, y mejorar el comunicar. Es muy gratificante\u201d, se\u00f1al\u00f3 la acad\u00e9mica de la UOH y miembro de la iniciativa Ciencia Abierta de PAR Explora, Camila Oda.<\/p>\n<p>\u201cLa experiencia de ser asesor en las Academia IIE fue muy enriquecedora. Por un lado, el poder trabajar con los docentes en un equipo interdisciplinario me permiti\u00f3 conocer ese aspecto en el desarrollo profesional, que es construir objetivos y procesos de investigaci\u00f3n. Y por otro lado, el trabajar con estudiantes de b\u00e1sica, que pueden venir de una realidad socioecon\u00f3mica muy distinta pero con muchas ganas de aprender y aplicar la ciencia a un objetivo que ellos mismos se trazaron. En este sentido, yo creo que es pr\u00e1cticamente una responsabilidad para los que tenemos algo que aportar a estos procesos. Personalmente, la experiencia me result\u00f3 muy gratificante y me gustar\u00eda volver a ser parte\u201d, indic\u00f3 Daniel Silva, bioqu\u00edmico miembro del equipo asesor de las Academias IIE 2021.<\/p>\n<p>Para postular, pueden hacerlo ingresando y llenando el siguiente formulario: <a href=\"https:\/\/docs.google.com\/forms\/d\/e\/1FAIpQLSfYZT7ogI6AMeUrA_3vV-oM5cfkkQ-xnEvGF1iMOjfK_vxsag\/viewform\">https:\/\/docs.google.com\/forms\/d\/e\/1FAIpQLSfYZT7ogI6AMeUrA_3vV-oM5cfkkQ-xnEvGF1iMOjfK_vxsag\/viewform<\/a>. Consultas al correo <a href=\"mailto:explora.ohiggins@uoh.cl\">explora.ohiggins@uoh.cl<\/a>.<\/p>\n","protected":false},"excerpt":{"rendered":"<p>La convocatoria es para ser parte del trabajo de asesor\u00edas cient\u00edficas de las Academias IIE, del comit\u00e9 asesor del Congreso Explora o de la iniciativa Ciencia Abierta, en que se dictan charlas, talleres y otras acciones de divulgaci\u00f3n.<\/p>\n","protected":false},"author":23,"featured_media":39094,"comment_status":"open","ping_status":"open","sticky":false,"template":"","format":"standard","meta":{"_acf_changed":false,"_exactmetrics_skip_tracking":false,"_exactmetrics_sitenote_active":false,"_exactmetrics_sitenote_note":"","_exactmetrics_sitenote_category":0,"footnotes":"","_links_to":"","_links_to_target":""},"categories":[4],"tags":[],"class_list":["post-39093","post","type-post","status-publish","format-standard","has-post-thumbnail","hentry","category-noticias"],"acf":[],"yoast_head":"<!-- This site is optimized with the Yoast SEO plugin v26.7 - https:\/\/yoast.com\/wordpress\/plugins\/seo\/ -->\n<title>PAR Explora convoca a acad\u00e9micos\/as, investigadores\/as y docentes a participar de sus actividades - O&#039;Higgins<\/title>\n<meta name=\"robots\" content=\"index, follow, max-snippet:-1, max-image-preview:large, max-video-preview:-1\" \/>\n<link rel=\"canonical\" href=\"https:\/\/dev.explora.cl\/ohiggins\/par-explora-convoca-a-academicos-as-investigadores-as-y-docentes-a-participar-de-sus-actividades\/\" class=\"yoast-seo-meta-tag\" \/>\n<meta property=\"og:locale\" content=\"es_ES\" class=\"yoast-seo-meta-tag\" \/>\n<meta property=\"og:type\" content=\"article\" class=\"yoast-seo-meta-tag\" \/>\n<meta property=\"og:title\" content=\"PAR Explora convoca a acad\u00e9micos\/as, investigadores\/as y docentes a participar de sus actividades - O&#039;Higgins\" class=\"yoast-seo-meta-tag\" \/>\n<meta property=\"og:description\" content=\"La convocatoria es para ser parte del trabajo de asesor\u00edas cient\u00edficas de las Academias IIE, del comit\u00e9 asesor del Congreso Explora o de la iniciativa Ciencia Abierta, en que se dictan charlas, talleres y otras acciones de divulgaci\u00f3n.\" class=\"yoast-seo-meta-tag\" \/>\n<meta property=\"og:url\" content=\"https:\/\/dev.explora.cl\/ohiggins\/par-explora-convoca-a-academicos-as-investigadores-as-y-docentes-a-participar-de-sus-actividades\/\" class=\"yoast-seo-meta-tag\" \/>\n<meta property=\"og:site_name\" content=\"O&#039;Higgins\" class=\"yoast-seo-meta-tag\" \/>\n<meta property=\"article:published_time\" content=\"2022-04-12T14:35:00+00:00\" class=\"yoast-seo-meta-tag\" \/>\n<meta property=\"article:modified_time\" content=\"2022-05-04T20:09:15+00:00\" class=\"yoast-seo-meta-tag\" \/>\n<meta property=\"og:image\" content=\"https:\/\/dev.explora.cl\/ohiggins\/wp-content\/uploads\/sites\/8\/2022\/04\/IMG_1238.jpg\" class=\"yoast-seo-meta-tag\" \/>\n\t<meta property=\"og:image:width\" content=\"3984\" class=\"yoast-seo-meta-tag\" \/>\n\t<meta property=\"og:image:height\" content=\"2656\" class=\"yoast-seo-meta-tag\" \/>\n\t<meta property=\"og:image:type\" content=\"image\/jpeg\" class=\"yoast-seo-meta-tag\" \/>\n<meta name=\"author\" content=\"nsalazar\" class=\"yoast-seo-meta-tag\" \/>\n<meta name=\"twitter:card\" content=\"summary_large_image\" class=\"yoast-seo-meta-tag\" \/>\n<meta name=\"twitter:label1\" content=\"Escrito por\" class=\"yoast-seo-meta-tag\" \/>\n\t<meta name=\"twitter:data1\" content=\"nsalazar\" class=\"yoast-seo-meta-tag\" \/>\n\t<meta name=\"twitter:label2\" content=\"Tiempo estimado de lectura\" class=\"yoast-seo-meta-tag\" \/>\n\t<meta name=\"twitter:data2\" content=\"2 minutos\" class=\"yoast-seo-meta-tag\" \/>\n<script type=\"application\/ld+json\" class=\"yoast-schema-graph\">{\"@context\":\"https:\/\/schema.org\",\"@graph\":[{\"@type\":\"Article\",\"@id\":\"https:\/\/dev.explora.cl\/ohiggins\/par-explora-convoca-a-academicos-as-investigadores-as-y-docentes-a-participar-de-sus-actividades\/#article\",\"isPartOf\":{\"@id\":\"https:\/\/dev.explora.cl\/ohiggins\/par-explora-convoca-a-academicos-as-investigadores-as-y-docentes-a-participar-de-sus-actividades\/\"},\"author\":{\"name\":\"nsalazar\",\"@id\":\"https:\/\/dev.explora.cl\/ohiggins\/#\/schema\/person\/3240d62ad2624da9148a475abbc509b0\"},\"headline\":\"PAR Explora convoca a acad\u00e9micos\/as, investigadores\/as y docentes a participar de sus actividades\",\"datePublished\":\"2022-04-12T14:35:00+00:00\",\"dateModified\":\"2022-05-04T20:09:15+00:00\",\"mainEntityOfPage\":{\"@id\":\"https:\/\/dev.explora.cl\/ohiggins\/par-explora-convoca-a-academicos-as-investigadores-as-y-docentes-a-participar-de-sus-actividades\/\"},\"wordCount\":500,\"commentCount\":0,\"image\":{\"@id\":\"https:\/\/dev.explora.cl\/ohiggins\/par-explora-convoca-a-academicos-as-investigadores-as-y-docentes-a-participar-de-sus-actividades\/#primaryimage\"},\"thumbnailUrl\":\"https:\/\/dev.explora.cl\/ohiggins\/wp-content\/uploads\/sites\/8\/2022\/04\/IMG_1238.jpg\",\"articleSection\":[\"Noticias\"],\"inLanguage\":\"es-CL\",\"potentialAction\":[{\"@type\":\"CommentAction\",\"name\":\"Comment\",\"target\":[\"https:\/\/dev.explora.cl\/ohiggins\/par-explora-convoca-a-academicos-as-investigadores-as-y-docentes-a-participar-de-sus-actividades\/#respond\"]}]},{\"@type\":\"WebPage\",\"@id\":\"https:\/\/dev.explora.cl\/ohiggins\/par-explora-convoca-a-academicos-as-investigadores-as-y-docentes-a-participar-de-sus-actividades\/\",\"url\":\"https:\/\/dev.explora.cl\/ohiggins\/par-explora-convoca-a-academicos-as-investigadores-as-y-docentes-a-participar-de-sus-actividades\/\",\"name\":\"PAR Explora convoca a acad\u00e9micos\/as, investigadores\/as y docentes a participar de sus actividades - O&#039;Higgins\",\"isPartOf\":{\"@id\":\"https:\/\/dev.explora.cl\/ohiggins\/#website\"},\"primaryImageOfPage\":{\"@id\":\"https:\/\/dev.explora.cl\/ohiggins\/par-explora-convoca-a-academicos-as-investigadores-as-y-docentes-a-participar-de-sus-actividades\/#primaryimage\"},\"image\":{\"@id\":\"https:\/\/dev.explora.cl\/ohiggins\/par-explora-convoca-a-academicos-as-investigadores-as-y-docentes-a-participar-de-sus-actividades\/#primaryimage\"},\"thumbnailUrl\":\"https:\/\/dev.explora.cl\/ohiggins\/wp-content\/uploads\/sites\/8\/2022\/04\/IMG_1238.jpg\",\"datePublished\":\"2022-04-12T14:35:00+00:00\",\"dateModified\":\"2022-05-04T20:09:15+00:00\",\"author\":{\"@id\":\"https:\/\/dev.explora.cl\/ohiggins\/#\/schema\/person\/3240d62ad2624da9148a475abbc509b0\"},\"breadcrumb\":{\"@id\":\"https:\/\/dev.explora.cl\/ohiggins\/par-explora-convoca-a-academicos-as-investigadores-as-y-docentes-a-participar-de-sus-actividades\/#breadcrumb\"},\"inLanguage\":\"es-CL\",\"potentialAction\":[{\"@type\":\"ReadAction\",\"target\":[\"https:\/\/dev.explora.cl\/ohiggins\/par-explora-convoca-a-academicos-as-investigadores-as-y-docentes-a-participar-de-sus-actividades\/\"]}]},{\"@type\":\"ImageObject\",\"inLanguage\":\"es-CL\",\"@id\":\"https:\/\/dev.explora.cl\/ohiggins\/par-explora-convoca-a-academicos-as-investigadores-as-y-docentes-a-participar-de-sus-actividades\/#primaryimage\",\"url\":\"https:\/\/dev.explora.cl\/ohiggins\/wp-content\/uploads\/sites\/8\/2022\/04\/IMG_1238.jpg\",\"contentUrl\":\"https:\/\/dev.explora.cl\/ohiggins\/wp-content\/uploads\/sites\/8\/2022\/04\/IMG_1238.jpg\",\"width\":3984,\"height\":2656},{\"@type\":\"BreadcrumbList\",\"@id\":\"https:\/\/dev.explora.cl\/ohiggins\/par-explora-convoca-a-academicos-as-investigadores-as-y-docentes-a-participar-de-sus-actividades\/#breadcrumb\",\"itemListElement\":[{\"@type\":\"ListItem\",\"position\":1,\"name\":\"Portada\",\"item\":\"https:\/\/dev.explora.cl\/ohiggins\/\"},{\"@type\":\"ListItem\",\"position\":2,\"name\":\"PAR Explora convoca a acad\u00e9micos\/as, investigadores\/as y docentes a participar de sus actividades\"}]},{\"@type\":\"WebSite\",\"@id\":\"https:\/\/dev.explora.cl\/ohiggins\/#website\",\"url\":\"https:\/\/dev.explora.cl\/ohiggins\/\",\"name\":\"O&#039;Higgins\",\"description\":\"Otro sitio m\u00e1s de dev.explora.cl\",\"potentialAction\":[{\"@type\":\"SearchAction\",\"target\":{\"@type\":\"EntryPoint\",\"urlTemplate\":\"https:\/\/dev.explora.cl\/ohiggins\/?s={search_term_string}\"},\"query-input\":{\"@type\":\"PropertyValueSpecification\",\"valueRequired\":true,\"valueName\":\"search_term_string\"}}],\"inLanguage\":\"es-CL\"},{\"@type\":\"Person\",\"@id\":\"https:\/\/dev.explora.cl\/ohiggins\/#\/schema\/person\/3240d62ad2624da9148a475abbc509b0\",\"name\":\"nsalazar\",\"image\":{\"@type\":\"ImageObject\",\"inLanguage\":\"es-CL\",\"@id\":\"https:\/\/dev.explora.cl\/ohiggins\/#\/schema\/person\/image\/\",\"url\":\"https:\/\/secure.gravatar.com\/avatar\/b8cf276f31998a0865a3b90e4d663d91b97848887282c9f9a56cad57ff01cc7e?s=96&d=mm&r=g\",\"contentUrl\":\"https:\/\/secure.gravatar.com\/avatar\/b8cf276f31998a0865a3b90e4d663d91b97848887282c9f9a56cad57ff01cc7e?s=96&d=mm&r=g\",\"caption\":\"nsalazar\"},\"url\":\"https:\/\/dev.explora.cl\/ohiggins\/author\/nsalazar\/\"}]}<\/script>\n<!-- \/ Yoast SEO plugin. -->","yoast_head_json":{"title":"PAR Explora convoca a acad\u00e9micos\/as, investigadores\/as y docentes a participar de sus actividades - O&#039;Higgins","robots":{"index":"index","follow":"follow","max-snippet":"max-snippet:-1","max-image-preview":"max-image-preview:large","max-video-preview":"max-video-preview:-1"},"canonical":"https:\/\/dev.explora.cl\/ohiggins\/par-explora-convoca-a-academicos-as-investigadores-as-y-docentes-a-participar-de-sus-actividades\/","og_locale":"es_ES","og_type":"article","og_title":"PAR Explora convoca a acad\u00e9micos\/as, investigadores\/as y docentes a participar de sus actividades - O&#039;Higgins","og_description":"La convocatoria es para ser parte del trabajo de asesor\u00edas cient\u00edficas de las Academias IIE, del comit\u00e9 asesor del Congreso Explora o de la iniciativa Ciencia Abierta, en que se dictan charlas, talleres y otras acciones de divulgaci\u00f3n.","og_url":"https:\/\/dev.explora.cl\/ohiggins\/par-explora-convoca-a-academicos-as-investigadores-as-y-docentes-a-participar-de-sus-actividades\/","og_site_name":"O&#039;Higgins","article_published_time":"2022-04-12T14:35:00+00:00","article_modified_time":"2022-05-04T20:09:15+00:00","og_image":[{"width":3984,"height":2656,"url":"https:\/\/dev.explora.cl\/ohiggins\/wp-content\/uploads\/sites\/8\/2022\/04\/IMG_1238.jpg","type":"image\/jpeg"}],"author":"nsalazar","twitter_card":"summary_large_image","twitter_misc":{"Escrito por":"nsalazar","Tiempo estimado de lectura":"2 minutos"},"schema":{"@context":"https:\/\/schema.org","@graph":[{"@type":"Article","@id":"https:\/\/dev.explora.cl\/ohiggins\/par-explora-convoca-a-academicos-as-investigadores-as-y-docentes-a-participar-de-sus-actividades\/#article","isPartOf":{"@id":"https:\/\/dev.explora.cl\/ohiggins\/par-explora-convoca-a-academicos-as-investigadores-as-y-docentes-a-participar-de-sus-actividades\/"},"author":{"name":"nsalazar","@id":"https:\/\/dev.explora.cl\/ohiggins\/#\/schema\/person\/3240d62ad2624da9148a475abbc509b0"},"headline":"PAR Explora convoca a acad\u00e9micos\/as, investigadores\/as y docentes a participar de sus actividades","datePublished":"2022-04-12T14:35:00+00:00","dateModified":"2022-05-04T20:09:15+00:00","mainEntityOfPage":{"@id":"https:\/\/dev.explora.cl\/ohiggins\/par-explora-convoca-a-academicos-as-investigadores-as-y-docentes-a-participar-de-sus-actividades\/"},"wordCount":500,"commentCount":0,"image":{"@id":"https:\/\/dev.explora.cl\/ohiggins\/par-explora-convoca-a-academicos-as-investigadores-as-y-docentes-a-participar-de-sus-actividades\/#primaryimage"},"thumbnailUrl":"https:\/\/dev.explora.cl\/ohiggins\/wp-content\/uploads\/sites\/8\/2022\/04\/IMG_1238.jpg","articleSection":["Noticias"],"inLanguage":"es-CL","potentialAction":[{"@type":"CommentAction","name":"Comment","target":["https:\/\/dev.explora.cl\/ohiggins\/par-explora-convoca-a-academicos-as-investigadores-as-y-docentes-a-participar-de-sus-actividades\/#respond"]}]},{"@type":"WebPage","@id":"https:\/\/dev.explora.cl\/ohiggins\/par-explora-convoca-a-academicos-as-investigadores-as-y-docentes-a-participar-de-sus-actividades\/","url":"https:\/\/dev.explora.cl\/ohiggins\/par-explora-convoca-a-academicos-as-investigadores-as-y-docentes-a-participar-de-sus-actividades\/","name":"PAR Explora convoca a acad\u00e9micos\/as, investigadores\/as y docentes a participar de sus actividades - O&#039;Higgins","isPartOf":{"@id":"https:\/\/dev.explora.cl\/ohiggins\/#website"},"primaryImageOfPage":{"@id":"https:\/\/dev.explora.cl\/ohiggins\/par-explora-convoca-a-academicos-as-investigadores-as-y-docentes-a-participar-de-sus-actividades\/#primaryimage"},"image":{"@id":"https:\/\/dev.explora.cl\/ohiggins\/par-explora-convoca-a-academicos-as-investigadores-as-y-docentes-a-participar-de-sus-actividades\/#primaryimage"},"thumbnailUrl":"https:\/\/dev.explora.cl\/ohiggins\/wp-content\/uploads\/sites\/8\/2022\/04\/IMG_1238.jpg","datePublished":"2022-04-12T14:35:00+00:00","dateModified":"2022-05-04T20:09:15+00:00","author":{"@id":"https:\/\/dev.explora.cl\/ohiggins\/#\/schema\/person\/3240d62ad2624da9148a475abbc509b0"},"breadcrumb":{"@id":"https:\/\/dev.explora.cl\/ohiggins\/par-explora-convoca-a-academicos-as-investigadores-as-y-docentes-a-participar-de-sus-actividades\/#breadcrumb"},"inLanguage":"es-CL","potentialAction":[{"@type":"ReadAction","target":["https:\/\/dev.explora.cl\/ohiggins\/par-explora-convoca-a-academicos-as-investigadores-as-y-docentes-a-participar-de-sus-actividades\/"]}]},{"@type":"ImageObject","inLanguage":"es-CL","@id":"https:\/\/dev.explora.cl\/ohiggins\/par-explora-convoca-a-academicos-as-investigadores-as-y-docentes-a-participar-de-sus-actividades\/#primaryimage","url":"https:\/\/dev.explora.cl\/ohiggins\/wp-content\/uploads\/sites\/8\/2022\/04\/IMG_1238.jpg","contentUrl":"https:\/\/dev.explora.cl\/ohiggins\/wp-content\/uploads\/sites\/8\/2022\/04\/IMG_1238.jpg","width":3984,"height":2656},{"@type":"BreadcrumbList","@id":"https:\/\/dev.explora.cl\/ohiggins\/par-explora-convoca-a-academicos-as-investigadores-as-y-docentes-a-participar-de-sus-actividades\/#breadcrumb","itemListElement":[{"@type":"ListItem","position":1,"name":"Portada","item":"https:\/\/dev.explora.cl\/ohiggins\/"},{"@type":"ListItem","position":2,"name":"PAR Explora convoca a acad\u00e9micos\/as, investigadores\/as y docentes a participar de sus actividades"}]},{"@type":"WebSite","@id":"https:\/\/dev.explora.cl\/ohiggins\/#website","url":"https:\/\/dev.explora.cl\/ohiggins\/","name":"O&#039;Higgins","description":"Otro sitio m\u00e1s de dev.explora.cl","potentialAction":[{"@type":"SearchAction","target":{"@type":"EntryPoint","urlTemplate":"https:\/\/dev.explora.cl\/ohiggins\/?s={search_term_string}"},"query-input":{"@type":"PropertyValueSpecification","valueRequired":true,"valueName":"search_term_string"}}],"inLanguage":"es-CL"},{"@type":"Person","@id":"https:\/\/dev.explora.cl\/ohiggins\/#\/schema\/person\/3240d62ad2624da9148a475abbc509b0","name":"nsalazar","image":{"@type":"ImageObject","inLanguage":"es-CL","@id":"https:\/\/dev.explora.cl\/ohiggins\/#\/schema\/person\/image\/","url":"https:\/\/secure.gravatar.com\/avatar\/b8cf276f31998a0865a3b90e4d663d91b97848887282c9f9a56cad57ff01cc7e?s=96&d=mm&r=g","contentUrl":"https:\/\/secure.gravatar.com\/avatar\/b8cf276f31998a0865a3b90e4d663d91b97848887282c9f9a56cad57ff01cc7e?s=96&d=mm&r=g","caption":"nsalazar"},"url":"https:\/\/dev.explora.cl\/ohiggins\/author\/nsalazar\/"}]}},"_links":{"self":[{"href":"https:\/\/dev.explora.cl\/ohiggins\/wp-json\/wp\/v2\/posts\/39093","targetHints":{"allow":["GET"]}}],"collection":[{"href":"https:\/\/dev.explora.cl\/ohiggins\/wp-json\/wp\/v2\/posts"}],"about":[{"href":"https:\/\/dev.explora.cl\/ohiggins\/wp-json\/wp\/v2\/types\/post"}],"author":[{"embeddable":true,"href":"https:\/\/dev.explora.cl\/ohiggins\/wp-json\/wp\/v2\/users\/23"}],"replies":[{"embeddable":true,"href":"https:\/\/dev.explora.cl\/ohiggins\/wp-json\/wp\/v2\/comments?post=39093"}],"version-history":[{"count":1,"href":"https:\/\/dev.explora.cl\/ohiggins\/wp-json\/wp\/v2\/posts\/39093\/revisions"}],"predecessor-version":[{"id":39095,"href":"https:\/\/dev.explora.cl\/ohiggins\/wp-json\/wp\/v2\/posts\/39093\/revisions\/39095"}],"wp:featuredmedia":[{"embeddable":true,"href":"https:\/\/dev.explora.cl\/ohiggins\/wp-json\/wp\/v2\/media\/39094"}],"wp:attachment":[{"href":"https:\/\/dev.explora.cl\/ohiggins\/wp-json\/wp\/v2\/media?parent=39093"}],"wp:term":[{"taxonomy":"category","embeddable":true,"href":"https:\/\/dev.explora.cl\/ohiggins\/wp-json\/wp\/v2\/categories?post=39093"},{"taxonomy":"post_tag","embeddable":true,"href":"https:\/\/dev.explora.cl\/ohiggins\/wp-json\/wp\/v2\/tags?post=39093"}],"curies":[{"name":"wp","href":"https:\/\/api.w.org\/{rel}","templated":true}]}}