{"id":39076,"date":"2022-04-04T12:47:31","date_gmt":"2022-04-04T16:47:31","guid":{"rendered":"https:\/\/dev.explora.cl\/ohiggins\/?p=39076"},"modified":"2022-04-22T16:44:46","modified_gmt":"2022-04-22T20:44:46","slug":"par-explora-ohiggins-invita-a-participar-de-las-academia-iie-2022","status":"publish","type":"post","link":"https:\/\/dev.explora.cl\/ohiggins\/par-explora-ohiggins-invita-a-participar-de-las-academia-iie-2022\/","title":{"rendered":"PAR Explora O\u00b4Higgins invita a participar de las Academia IIE 2022"},"content":{"rendered":"<p>PAR Explora O\u00b4Higgins abri\u00f3 la Convocatoria 2022 de las Academias de Investigaci\u00f3n e Innovaci\u00f3n Escolar, como un espacio donde las y los estudiantes puedan trabajar junto a sus pares en la generaci\u00f3n y resoluci\u00f3n de problemas o interrogantes que se planteen respecto a su entorno o su vida cotidiana. En este espacio, las y los estudiantes podr\u00e1n fomentan el desarrollo de competencias para la investigaci\u00f3n y la innovaci\u00f3n a trav\u00e9s del trabajo colaborativo.<\/p>\n<p>\u201cInvitamos a todos los grupos de estudiantes y docentes interesados\/as en formar academias de investigaci\u00f3n e innovaci\u00f3n cient\u00edfica escolar, a postular de la convocatoria 2022. Las Academias IIE son una experiencia de intercambio y aprendizaje, que deben ser dirigidas por docentes, quienes conformar\u00e1n grupos con estudiantes desde primer a\u00f1o de Educaci\u00f3n B\u00e1sica hasta cuarto a\u00f1o de Educaci\u00f3n Media, incluida la modalidad de aprendizaje en casa, dentro de las 33 comunas que cubrimos\u201d, indic\u00f3 el director de PAR Explora O\u00b4Higgins, Rodrigo Verschae.<\/p>\n<p>Las Academias de Investigaci\u00f3n e Innovaci\u00f3n Escolar tienen un cupo m\u00e1ximo para 50 equipos de trabajo, conformados por al menos dos estudiantes y un docente a cargo; todos los participantes deben ser de la Regi\u00f3n de O&#8217;Higgins. Tienen una duraci\u00f3n de nueve meses, entre abril y diciembre de 2022. Cabe destacar que la iniciativa se realizar\u00e1 en modalidad mixta, es decir: tres encuentros provinciales presenciales en dependencias de la Universidad de O\u00b4Higgins y encuentros mensuales virtuales.<\/p>\n<p>&nbsp;<\/p>\n<p>Inscripciones hasta el jueves 21 de abril.<\/p>\n","protected":false},"excerpt":{"rendered":"<p>Las Academias de Investigaci\u00f3n e Innovaci\u00f3n Escolar son un espacio donde las y los estudiantes pueden trabajar junto a sus pares en la generaci\u00f3n y resoluci\u00f3n de problemas o interrogantes investigativas e innovadoras.<\/p>\n","protected":false},"author":23,"featured_media":39104,"comment_status":"open","ping_status":"open","sticky":false,"template":"","format":"standard","meta":{"_acf_changed":false,"_exactmetrics_skip_tracking":false,"_exactmetrics_sitenote_active":false,"_exactmetrics_sitenote_note":"","_exactmetrics_sitenote_category":0,"footnotes":"","_links_to":"","_links_to_target":""},"categories":[4],"tags":[],"class_list":["post-39076","post","type-post","status-publish","format-standard","has-post-thumbnail","hentry","category-noticias"],"acf":[],"yoast_head":"<!-- This site is optimized with the Yoast SEO plugin v26.7 - https:\/\/yoast.com\/wordpress\/plugins\/seo\/ -->\n<title>PAR Explora O\u00b4Higgins invita a participar de las Academia IIE 2022 - O&#039;Higgins<\/title>\n<meta name=\"robots\" content=\"index, follow, max-snippet:-1, max-image-preview:large, max-video-preview:-1\" \/>\n<link rel=\"canonical\" href=\"https:\/\/dev.explora.cl\/ohiggins\/par-explora-ohiggins-invita-a-participar-de-las-academia-iie-2022\/\" class=\"yoast-seo-meta-tag\" \/>\n<meta property=\"og:locale\" content=\"es_ES\" class=\"yoast-seo-meta-tag\" \/>\n<meta property=\"og:type\" content=\"article\" class=\"yoast-seo-meta-tag\" \/>\n<meta property=\"og:title\" content=\"PAR Explora O\u00b4Higgins invita a participar de las Academia IIE 2022 - O&#039;Higgins\" class=\"yoast-seo-meta-tag\" \/>\n<meta property=\"og:description\" content=\"Las Academias de Investigaci\u00f3n e Innovaci\u00f3n Escolar son un espacio donde las y los estudiantes pueden trabajar junto a sus pares en la generaci\u00f3n y resoluci\u00f3n de problemas o interrogantes investigativas e innovadoras.\" class=\"yoast-seo-meta-tag\" \/>\n<meta property=\"og:url\" content=\"https:\/\/dev.explora.cl\/ohiggins\/par-explora-ohiggins-invita-a-participar-de-las-academia-iie-2022\/\" class=\"yoast-seo-meta-tag\" \/>\n<meta property=\"og:site_name\" content=\"O&#039;Higgins\" class=\"yoast-seo-meta-tag\" \/>\n<meta property=\"article:published_time\" content=\"2022-04-04T16:47:31+00:00\" class=\"yoast-seo-meta-tag\" \/>\n<meta property=\"article:modified_time\" content=\"2022-04-22T20:44:46+00:00\" class=\"yoast-seo-meta-tag\" \/>\n<meta property=\"og:image\" content=\"https:\/\/dev.explora.cl\/ohiggins\/wp-content\/uploads\/sites\/8\/2022\/04\/Academias-IIE-2022.jpeg\" class=\"yoast-seo-meta-tag\" \/>\n\t<meta property=\"og:image:width\" content=\"1080\" class=\"yoast-seo-meta-tag\" \/>\n\t<meta property=\"og:image:height\" content=\"1080\" class=\"yoast-seo-meta-tag\" \/>\n\t<meta property=\"og:image:type\" content=\"image\/jpeg\" class=\"yoast-seo-meta-tag\" \/>\n<meta name=\"author\" content=\"nsalazar\" class=\"yoast-seo-meta-tag\" \/>\n<meta name=\"twitter:card\" content=\"summary_large_image\" class=\"yoast-seo-meta-tag\" \/>\n<meta name=\"twitter:label1\" content=\"Escrito por\" class=\"yoast-seo-meta-tag\" \/>\n\t<meta name=\"twitter:data1\" content=\"nsalazar\" class=\"yoast-seo-meta-tag\" \/>\n\t<meta name=\"twitter:label2\" content=\"Tiempo estimado de lectura\" class=\"yoast-seo-meta-tag\" \/>\n\t<meta name=\"twitter:data2\" content=\"1 minuto\" class=\"yoast-seo-meta-tag\" \/>\n<script type=\"application\/ld+json\" class=\"yoast-schema-graph\">{\"@context\":\"https:\/\/schema.org\",\"@graph\":[{\"@type\":\"Article\",\"@id\":\"https:\/\/dev.explora.cl\/ohiggins\/par-explora-ohiggins-invita-a-participar-de-las-academia-iie-2022\/#article\",\"isPartOf\":{\"@id\":\"https:\/\/dev.explora.cl\/ohiggins\/par-explora-ohiggins-invita-a-participar-de-las-academia-iie-2022\/\"},\"author\":{\"name\":\"nsalazar\",\"@id\":\"https:\/\/dev.explora.cl\/ohiggins\/#\/schema\/person\/3240d62ad2624da9148a475abbc509b0\"},\"headline\":\"PAR Explora O\u00b4Higgins invita a participar de las Academia IIE 2022\",\"datePublished\":\"2022-04-04T16:47:31+00:00\",\"dateModified\":\"2022-04-22T20:44:46+00:00\",\"mainEntityOfPage\":{\"@id\":\"https:\/\/dev.explora.cl\/ohiggins\/par-explora-ohiggins-invita-a-participar-de-las-academia-iie-2022\/\"},\"wordCount\":270,\"commentCount\":0,\"image\":{\"@id\":\"https:\/\/dev.explora.cl\/ohiggins\/par-explora-ohiggins-invita-a-participar-de-las-academia-iie-2022\/#primaryimage\"},\"thumbnailUrl\":\"https:\/\/dev.explora.cl\/ohiggins\/wp-content\/uploads\/sites\/8\/2022\/04\/Academias-IIE-2022.jpeg\",\"articleSection\":[\"Noticias\"],\"inLanguage\":\"es-CL\",\"potentialAction\":[{\"@type\":\"CommentAction\",\"name\":\"Comment\",\"target\":[\"https:\/\/dev.explora.cl\/ohiggins\/par-explora-ohiggins-invita-a-participar-de-las-academia-iie-2022\/#respond\"]}]},{\"@type\":\"WebPage\",\"@id\":\"https:\/\/dev.explora.cl\/ohiggins\/par-explora-ohiggins-invita-a-participar-de-las-academia-iie-2022\/\",\"url\":\"https:\/\/dev.explora.cl\/ohiggins\/par-explora-ohiggins-invita-a-participar-de-las-academia-iie-2022\/\",\"name\":\"PAR Explora O\u00b4Higgins invita a participar de las Academia IIE 2022 - O&#039;Higgins\",\"isPartOf\":{\"@id\":\"https:\/\/dev.explora.cl\/ohiggins\/#website\"},\"primaryImageOfPage\":{\"@id\":\"https:\/\/dev.explora.cl\/ohiggins\/par-explora-ohiggins-invita-a-participar-de-las-academia-iie-2022\/#primaryimage\"},\"image\":{\"@id\":\"https:\/\/dev.explora.cl\/ohiggins\/par-explora-ohiggins-invita-a-participar-de-las-academia-iie-2022\/#primaryimage\"},\"thumbnailUrl\":\"https:\/\/dev.explora.cl\/ohiggins\/wp-content\/uploads\/sites\/8\/2022\/04\/Academias-IIE-2022.jpeg\",\"datePublished\":\"2022-04-04T16:47:31+00:00\",\"dateModified\":\"2022-04-22T20:44:46+00:00\",\"author\":{\"@id\":\"https:\/\/dev.explora.cl\/ohiggins\/#\/schema\/person\/3240d62ad2624da9148a475abbc509b0\"},\"breadcrumb\":{\"@id\":\"https:\/\/dev.explora.cl\/ohiggins\/par-explora-ohiggins-invita-a-participar-de-las-academia-iie-2022\/#breadcrumb\"},\"inLanguage\":\"es-CL\",\"potentialAction\":[{\"@type\":\"ReadAction\",\"target\":[\"https:\/\/dev.explora.cl\/ohiggins\/par-explora-ohiggins-invita-a-participar-de-las-academia-iie-2022\/\"]}]},{\"@type\":\"ImageObject\",\"inLanguage\":\"es-CL\",\"@id\":\"https:\/\/dev.explora.cl\/ohiggins\/par-explora-ohiggins-invita-a-participar-de-las-academia-iie-2022\/#primaryimage\",\"url\":\"https:\/\/dev.explora.cl\/ohiggins\/wp-content\/uploads\/sites\/8\/2022\/04\/Academias-IIE-2022.jpeg\",\"contentUrl\":\"https:\/\/dev.explora.cl\/ohiggins\/wp-content\/uploads\/sites\/8\/2022\/04\/Academias-IIE-2022.jpeg\",\"width\":1080,\"height\":1080},{\"@type\":\"BreadcrumbList\",\"@id\":\"https:\/\/dev.explora.cl\/ohiggins\/par-explora-ohiggins-invita-a-participar-de-las-academia-iie-2022\/#breadcrumb\",\"itemListElement\":[{\"@type\":\"ListItem\",\"position\":1,\"name\":\"Portada\",\"item\":\"https:\/\/dev.explora.cl\/ohiggins\/\"},{\"@type\":\"ListItem\",\"position\":2,\"name\":\"PAR Explora O\u00b4Higgins invita a participar de las Academia IIE 2022\"}]},{\"@type\":\"WebSite\",\"@id\":\"https:\/\/dev.explora.cl\/ohiggins\/#website\",\"url\":\"https:\/\/dev.explora.cl\/ohiggins\/\",\"name\":\"O&#039;Higgins\",\"description\":\"Otro sitio m\u00e1s de dev.explora.cl\",\"potentialAction\":[{\"@type\":\"SearchAction\",\"target\":{\"@type\":\"EntryPoint\",\"urlTemplate\":\"https:\/\/dev.explora.cl\/ohiggins\/?s={search_term_string}\"},\"query-input\":{\"@type\":\"PropertyValueSpecification\",\"valueRequired\":true,\"valueName\":\"search_term_string\"}}],\"inLanguage\":\"es-CL\"},{\"@type\":\"Person\",\"@id\":\"https:\/\/dev.explora.cl\/ohiggins\/#\/schema\/person\/3240d62ad2624da9148a475abbc509b0\",\"name\":\"nsalazar\",\"image\":{\"@type\":\"ImageObject\",\"inLanguage\":\"es-CL\",\"@id\":\"https:\/\/dev.explora.cl\/ohiggins\/#\/schema\/person\/image\/\",\"url\":\"https:\/\/secure.gravatar.com\/avatar\/b8cf276f31998a0865a3b90e4d663d91b97848887282c9f9a56cad57ff01cc7e?s=96&d=mm&r=g\",\"contentUrl\":\"https:\/\/secure.gravatar.com\/avatar\/b8cf276f31998a0865a3b90e4d663d91b97848887282c9f9a56cad57ff01cc7e?s=96&d=mm&r=g\",\"caption\":\"nsalazar\"},\"url\":\"https:\/\/dev.explora.cl\/ohiggins\/author\/nsalazar\/\"}]}<\/script>\n<!-- \/ Yoast SEO plugin. -->","yoast_head_json":{"title":"PAR Explora O\u00b4Higgins invita a participar de las Academia IIE 2022 - O&#039;Higgins","robots":{"index":"index","follow":"follow","max-snippet":"max-snippet:-1","max-image-preview":"max-image-preview:large","max-video-preview":"max-video-preview:-1"},"canonical":"https:\/\/dev.explora.cl\/ohiggins\/par-explora-ohiggins-invita-a-participar-de-las-academia-iie-2022\/","og_locale":"es_ES","og_type":"article","og_title":"PAR Explora O\u00b4Higgins invita a participar de las Academia IIE 2022 - O&#039;Higgins","og_description":"Las Academias de Investigaci\u00f3n e Innovaci\u00f3n Escolar son un espacio donde las y los estudiantes pueden trabajar junto a sus pares en la generaci\u00f3n y resoluci\u00f3n de problemas o interrogantes investigativas e innovadoras.","og_url":"https:\/\/dev.explora.cl\/ohiggins\/par-explora-ohiggins-invita-a-participar-de-las-academia-iie-2022\/","og_site_name":"O&#039;Higgins","article_published_time":"2022-04-04T16:47:31+00:00","article_modified_time":"2022-04-22T20:44:46+00:00","og_image":[{"width":1080,"height":1080,"url":"https:\/\/dev.explora.cl\/ohiggins\/wp-content\/uploads\/sites\/8\/2022\/04\/Academias-IIE-2022.jpeg","type":"image\/jpeg"}],"author":"nsalazar","twitter_card":"summary_large_image","twitter_misc":{"Escrito por":"nsalazar","Tiempo estimado de lectura":"1 minuto"},"schema":{"@context":"https:\/\/schema.org","@graph":[{"@type":"Article","@id":"https:\/\/dev.explora.cl\/ohiggins\/par-explora-ohiggins-invita-a-participar-de-las-academia-iie-2022\/#article","isPartOf":{"@id":"https:\/\/dev.explora.cl\/ohiggins\/par-explora-ohiggins-invita-a-participar-de-las-academia-iie-2022\/"},"author":{"name":"nsalazar","@id":"https:\/\/dev.explora.cl\/ohiggins\/#\/schema\/person\/3240d62ad2624da9148a475abbc509b0"},"headline":"PAR Explora O\u00b4Higgins invita a participar de las Academia IIE 2022","datePublished":"2022-04-04T16:47:31+00:00","dateModified":"2022-04-22T20:44:46+00:00","mainEntityOfPage":{"@id":"https:\/\/dev.explora.cl\/ohiggins\/par-explora-ohiggins-invita-a-participar-de-las-academia-iie-2022\/"},"wordCount":270,"commentCount":0,"image":{"@id":"https:\/\/dev.explora.cl\/ohiggins\/par-explora-ohiggins-invita-a-participar-de-las-academia-iie-2022\/#primaryimage"},"thumbnailUrl":"https:\/\/dev.explora.cl\/ohiggins\/wp-content\/uploads\/sites\/8\/2022\/04\/Academias-IIE-2022.jpeg","articleSection":["Noticias"],"inLanguage":"es-CL","potentialAction":[{"@type":"CommentAction","name":"Comment","target":["https:\/\/dev.explora.cl\/ohiggins\/par-explora-ohiggins-invita-a-participar-de-las-academia-iie-2022\/#respond"]}]},{"@type":"WebPage","@id":"https:\/\/dev.explora.cl\/ohiggins\/par-explora-ohiggins-invita-a-participar-de-las-academia-iie-2022\/","url":"https:\/\/dev.explora.cl\/ohiggins\/par-explora-ohiggins-invita-a-participar-de-las-academia-iie-2022\/","name":"PAR Explora O\u00b4Higgins invita a participar de las Academia IIE 2022 - O&#039;Higgins","isPartOf":{"@id":"https:\/\/dev.explora.cl\/ohiggins\/#website"},"primaryImageOfPage":{"@id":"https:\/\/dev.explora.cl\/ohiggins\/par-explora-ohiggins-invita-a-participar-de-las-academia-iie-2022\/#primaryimage"},"image":{"@id":"https:\/\/dev.explora.cl\/ohiggins\/par-explora-ohiggins-invita-a-participar-de-las-academia-iie-2022\/#primaryimage"},"thumbnailUrl":"https:\/\/dev.explora.cl\/ohiggins\/wp-content\/uploads\/sites\/8\/2022\/04\/Academias-IIE-2022.jpeg","datePublished":"2022-04-04T16:47:31+00:00","dateModified":"2022-04-22T20:44:46+00:00","author":{"@id":"https:\/\/dev.explora.cl\/ohiggins\/#\/schema\/person\/3240d62ad2624da9148a475abbc509b0"},"breadcrumb":{"@id":"https:\/\/dev.explora.cl\/ohiggins\/par-explora-ohiggins-invita-a-participar-de-las-academia-iie-2022\/#breadcrumb"},"inLanguage":"es-CL","potentialAction":[{"@type":"ReadAction","target":["https:\/\/dev.explora.cl\/ohiggins\/par-explora-ohiggins-invita-a-participar-de-las-academia-iie-2022\/"]}]},{"@type":"ImageObject","inLanguage":"es-CL","@id":"https:\/\/dev.explora.cl\/ohiggins\/par-explora-ohiggins-invita-a-participar-de-las-academia-iie-2022\/#primaryimage","url":"https:\/\/dev.explora.cl\/ohiggins\/wp-content\/uploads\/sites\/8\/2022\/04\/Academias-IIE-2022.jpeg","contentUrl":"https:\/\/dev.explora.cl\/ohiggins\/wp-content\/uploads\/sites\/8\/2022\/04\/Academias-IIE-2022.jpeg","width":1080,"height":1080},{"@type":"BreadcrumbList","@id":"https:\/\/dev.explora.cl\/ohiggins\/par-explora-ohiggins-invita-a-participar-de-las-academia-iie-2022\/#breadcrumb","itemListElement":[{"@type":"ListItem","position":1,"name":"Portada","item":"https:\/\/dev.explora.cl\/ohiggins\/"},{"@type":"ListItem","position":2,"name":"PAR Explora O\u00b4Higgins invita a participar de las Academia IIE 2022"}]},{"@type":"WebSite","@id":"https:\/\/dev.explora.cl\/ohiggins\/#website","url":"https:\/\/dev.explora.cl\/ohiggins\/","name":"O&#039;Higgins","description":"Otro sitio m\u00e1s de dev.explora.cl","potentialAction":[{"@type":"SearchAction","target":{"@type":"EntryPoint","urlTemplate":"https:\/\/dev.explora.cl\/ohiggins\/?s={search_term_string}"},"query-input":{"@type":"PropertyValueSpecification","valueRequired":true,"valueName":"search_term_string"}}],"inLanguage":"es-CL"},{"@type":"Person","@id":"https:\/\/dev.explora.cl\/ohiggins\/#\/schema\/person\/3240d62ad2624da9148a475abbc509b0","name":"nsalazar","image":{"@type":"ImageObject","inLanguage":"es-CL","@id":"https:\/\/dev.explora.cl\/ohiggins\/#\/schema\/person\/image\/","url":"https:\/\/secure.gravatar.com\/avatar\/b8cf276f31998a0865a3b90e4d663d91b97848887282c9f9a56cad57ff01cc7e?s=96&d=mm&r=g","contentUrl":"https:\/\/secure.gravatar.com\/avatar\/b8cf276f31998a0865a3b90e4d663d91b97848887282c9f9a56cad57ff01cc7e?s=96&d=mm&r=g","caption":"nsalazar"},"url":"https:\/\/dev.explora.cl\/ohiggins\/author\/nsalazar\/"}]}},"_links":{"self":[{"href":"https:\/\/dev.explora.cl\/ohiggins\/wp-json\/wp\/v2\/posts\/39076","targetHints":{"allow":["GET"]}}],"collection":[{"href":"https:\/\/dev.explora.cl\/ohiggins\/wp-json\/wp\/v2\/posts"}],"about":[{"href":"https:\/\/dev.explora.cl\/ohiggins\/wp-json\/wp\/v2\/types\/post"}],"author":[{"embeddable":true,"href":"https:\/\/dev.explora.cl\/ohiggins\/wp-json\/wp\/v2\/users\/23"}],"replies":[{"embeddable":true,"href":"https:\/\/dev.explora.cl\/ohiggins\/wp-json\/wp\/v2\/comments?post=39076"}],"version-history":[{"count":4,"href":"https:\/\/dev.explora.cl\/ohiggins\/wp-json\/wp\/v2\/posts\/39076\/revisions"}],"predecessor-version":[{"id":39121,"href":"https:\/\/dev.explora.cl\/ohiggins\/wp-json\/wp\/v2\/posts\/39076\/revisions\/39121"}],"wp:featuredmedia":[{"embeddable":true,"href":"https:\/\/dev.explora.cl\/ohiggins\/wp-json\/wp\/v2\/media\/39104"}],"wp:attachment":[{"href":"https:\/\/dev.explora.cl\/ohiggins\/wp-json\/wp\/v2\/media?parent=39076"}],"wp:term":[{"taxonomy":"category","embeddable":true,"href":"https:\/\/dev.explora.cl\/ohiggins\/wp-json\/wp\/v2\/categories?post=39076"},{"taxonomy":"post_tag","embeddable":true,"href":"https:\/\/dev.explora.cl\/ohiggins\/wp-json\/wp\/v2\/tags?post=39076"}],"curies":[{"name":"wp","href":"https:\/\/api.w.org\/{rel}","templated":true}]}}