{"id":39071,"date":"2022-03-30T19:07:19","date_gmt":"2022-03-30T22:07:19","guid":{"rendered":"https:\/\/dev.explora.cl\/ohiggins\/?p=39071"},"modified":"2022-04-26T19:02:56","modified_gmt":"2022-04-26T23:02:56","slug":"lora-tricahue-protagonizara-cuento-sobre-meteorologia-y-clima","status":"publish","type":"post","link":"https:\/\/dev.explora.cl\/ohiggins\/lora-tricahue-protagonizara-cuento-sobre-meteorologia-y-clima\/","title":{"rendered":"Lora Tricahue protagonizar\u00e1 cuento sobre meteorolog\u00eda y clima"},"content":{"rendered":"<p>Una Lora Tricahue y una Chinita, ambas especies nativas chilenas, son las protagonistas del cuento &#8211; calendario \u201cVolando en el tiempo\u201d, proyecto financiado por el programa Ciencia Pu\u0301blica del Minciencia y ejecutado por la Universidad de O\u2019Higgins (UOH).<br \/>\nLa ejecuci\u00f3n y distribuci\u00f3n ser\u00e1 apoyado por m\u00faltiples socios a nivel nacional como los PAR Explora O\u2019Higgins, Arica- Parinacota, Magallanes y Biob\u00edo- CITAC, as\u00ed como el Centro de Ciencia del Clima y la Resilencia (CR)2, N\u00facleo Milenio Upwell, ACHIPEC y CEDESUS Pichilemu.<br \/>\n\u201cVolando en el Tiempo\u201d est\u00e1 pensado para ni\u00f1as y ni\u00f1os entre los 3 y los 9 a\u00f1os. \u201cSe espera poder despertar la curiosidad en las Ciencias Atmosf\u00e9ricas de una manera simple: mirando un calendario que invita a vivir la experiencia de observar por la ventana o salir a ver el cielo y as\u00ed conocer sobre el tiempo meteorol\u00f3gico en el tiempo cronol\u00f3gico (1 a\u00f1o) que dura el viaje de la Lora Tricahue por el pa\u00eds\u201d, puntualiz\u00f3 Ra\u00fal Valenzuela, director del proyecto y acad\u00e9mico del Instituto de Cs. De la Ingenier\u00eda, UOH.<\/p>\n<p>En su viaje por Chile, las protagonistas, permitir\u00e1n que el p\u00fablico conozca y puedan vivir a trav\u00e9s de la lectura e ilustraci\u00f3n del cuento, fen\u00f3menos como la sequ\u00eda, las olas de calor, la lluvia convectiva, la camanchaca, los tornados, los r\u00edos atmosf\u00e9ricos, el viento costero y otros elementos propios del tiempo y el clima de Chile.<\/p>\n<p>Nuestro pa\u00eds cuenta con una diversidad de climas y la ocurrencia de particulares fen\u00f3menos meteorol\u00f3gicos que es necesario conocer y diferenciar sobre todo en un contexto en el que ya vivimos los impactos del Cambio Clim\u00e1tico. Este cuento-calendario ser\u00e1 distribuido en aulas y otros espacios p\u00fablicos de las regionales de O\u2019Higgins, Arica, Magallanes y Biob\u00edo\u201d, enfatiz\u00f3 el director del proyecto.<\/p>\n","protected":false},"excerpt":{"rendered":"<p>Una Lora Tricahue y una Chinita, ambas especies nativas chilenas, son las protagonistas del cuento &#8211; calendario \u201cVolando en el tiempo\u201d, proyecto financiado por el programa Ciencia Pu\u0301blica del Minciencia y ejecutado por la Universidad de O\u2019Higgins (UOH). <\/p>\n","protected":false},"author":23,"featured_media":39072,"comment_status":"open","ping_status":"open","sticky":false,"template":"","format":"standard","meta":{"_acf_changed":false,"_exactmetrics_skip_tracking":false,"_exactmetrics_sitenote_active":false,"_exactmetrics_sitenote_note":"","_exactmetrics_sitenote_category":0,"footnotes":"","_links_to":"","_links_to_target":""},"categories":[4],"tags":[],"class_list":["post-39071","post","type-post","status-publish","format-standard","has-post-thumbnail","hentry","category-noticias"],"acf":[],"yoast_head":"<!-- This site is optimized with the Yoast SEO plugin v26.7 - https:\/\/yoast.com\/wordpress\/plugins\/seo\/ -->\n<title>Lora Tricahue protagonizar\u00e1 cuento sobre meteorolog\u00eda y clima - O&#039;Higgins<\/title>\n<meta name=\"robots\" content=\"index, follow, max-snippet:-1, max-image-preview:large, max-video-preview:-1\" \/>\n<link rel=\"canonical\" href=\"https:\/\/dev.explora.cl\/ohiggins\/lora-tricahue-protagonizara-cuento-sobre-meteorologia-y-clima\/\" class=\"yoast-seo-meta-tag\" \/>\n<meta property=\"og:locale\" content=\"es_ES\" class=\"yoast-seo-meta-tag\" \/>\n<meta property=\"og:type\" content=\"article\" class=\"yoast-seo-meta-tag\" \/>\n<meta property=\"og:title\" content=\"Lora Tricahue protagonizar\u00e1 cuento sobre meteorolog\u00eda y clima - O&#039;Higgins\" class=\"yoast-seo-meta-tag\" \/>\n<meta property=\"og:description\" content=\"Una Lora Tricahue y una Chinita, ambas especies nativas chilenas, son las protagonistas del cuento - calendario \u201cVolando en el tiempo\u201d, proyecto financiado por el programa Ciencia Pu\u0301blica del Minciencia y ejecutado por la Universidad de O\u2019Higgins (UOH).\" class=\"yoast-seo-meta-tag\" \/>\n<meta property=\"og:url\" content=\"https:\/\/dev.explora.cl\/ohiggins\/lora-tricahue-protagonizara-cuento-sobre-meteorologia-y-clima\/\" class=\"yoast-seo-meta-tag\" \/>\n<meta property=\"og:site_name\" content=\"O&#039;Higgins\" class=\"yoast-seo-meta-tag\" \/>\n<meta property=\"article:published_time\" content=\"2022-03-30T22:07:19+00:00\" class=\"yoast-seo-meta-tag\" \/>\n<meta property=\"article:modified_time\" content=\"2022-04-26T23:02:56+00:00\" class=\"yoast-seo-meta-tag\" \/>\n<meta property=\"og:image\" content=\"https:\/\/dev.explora.cl\/ohiggins\/wp-content\/uploads\/sites\/8\/2022\/03\/tricahue-1-e1648728677777.jpeg\" class=\"yoast-seo-meta-tag\" \/>\n\t<meta property=\"og:image:width\" content=\"226\" class=\"yoast-seo-meta-tag\" \/>\n\t<meta property=\"og:image:height\" content=\"320\" class=\"yoast-seo-meta-tag\" \/>\n\t<meta property=\"og:image:type\" content=\"image\/jpeg\" class=\"yoast-seo-meta-tag\" \/>\n<meta name=\"author\" content=\"nsalazar\" class=\"yoast-seo-meta-tag\" \/>\n<meta name=\"twitter:card\" content=\"summary_large_image\" class=\"yoast-seo-meta-tag\" \/>\n<meta name=\"twitter:label1\" content=\"Escrito por\" class=\"yoast-seo-meta-tag\" \/>\n\t<meta name=\"twitter:data1\" content=\"nsalazar\" class=\"yoast-seo-meta-tag\" \/>\n\t<meta name=\"twitter:label2\" content=\"Tiempo estimado de lectura\" class=\"yoast-seo-meta-tag\" \/>\n\t<meta name=\"twitter:data2\" content=\"2 minutos\" class=\"yoast-seo-meta-tag\" \/>\n<script type=\"application\/ld+json\" class=\"yoast-schema-graph\">{\"@context\":\"https:\/\/schema.org\",\"@graph\":[{\"@type\":\"Article\",\"@id\":\"https:\/\/dev.explora.cl\/ohiggins\/lora-tricahue-protagonizara-cuento-sobre-meteorologia-y-clima\/#article\",\"isPartOf\":{\"@id\":\"https:\/\/dev.explora.cl\/ohiggins\/lora-tricahue-protagonizara-cuento-sobre-meteorologia-y-clima\/\"},\"author\":{\"name\":\"nsalazar\",\"@id\":\"https:\/\/dev.explora.cl\/ohiggins\/#\/schema\/person\/3240d62ad2624da9148a475abbc509b0\"},\"headline\":\"Lora Tricahue protagonizar\u00e1 cuento sobre meteorolog\u00eda y clima\",\"datePublished\":\"2022-03-30T22:07:19+00:00\",\"dateModified\":\"2022-04-26T23:02:56+00:00\",\"mainEntityOfPage\":{\"@id\":\"https:\/\/dev.explora.cl\/ohiggins\/lora-tricahue-protagonizara-cuento-sobre-meteorologia-y-clima\/\"},\"wordCount\":327,\"commentCount\":0,\"image\":{\"@id\":\"https:\/\/dev.explora.cl\/ohiggins\/lora-tricahue-protagonizara-cuento-sobre-meteorologia-y-clima\/#primaryimage\"},\"thumbnailUrl\":\"https:\/\/dev.explora.cl\/ohiggins\/wp-content\/uploads\/sites\/8\/2022\/03\/tricahue-1-e1648728677777.jpeg\",\"articleSection\":[\"Noticias\"],\"inLanguage\":\"es-CL\",\"potentialAction\":[{\"@type\":\"CommentAction\",\"name\":\"Comment\",\"target\":[\"https:\/\/dev.explora.cl\/ohiggins\/lora-tricahue-protagonizara-cuento-sobre-meteorologia-y-clima\/#respond\"]}]},{\"@type\":\"WebPage\",\"@id\":\"https:\/\/dev.explora.cl\/ohiggins\/lora-tricahue-protagonizara-cuento-sobre-meteorologia-y-clima\/\",\"url\":\"https:\/\/dev.explora.cl\/ohiggins\/lora-tricahue-protagonizara-cuento-sobre-meteorologia-y-clima\/\",\"name\":\"Lora Tricahue protagonizar\u00e1 cuento sobre meteorolog\u00eda y clima - O&#039;Higgins\",\"isPartOf\":{\"@id\":\"https:\/\/dev.explora.cl\/ohiggins\/#website\"},\"primaryImageOfPage\":{\"@id\":\"https:\/\/dev.explora.cl\/ohiggins\/lora-tricahue-protagonizara-cuento-sobre-meteorologia-y-clima\/#primaryimage\"},\"image\":{\"@id\":\"https:\/\/dev.explora.cl\/ohiggins\/lora-tricahue-protagonizara-cuento-sobre-meteorologia-y-clima\/#primaryimage\"},\"thumbnailUrl\":\"https:\/\/dev.explora.cl\/ohiggins\/wp-content\/uploads\/sites\/8\/2022\/03\/tricahue-1-e1648728677777.jpeg\",\"datePublished\":\"2022-03-30T22:07:19+00:00\",\"dateModified\":\"2022-04-26T23:02:56+00:00\",\"author\":{\"@id\":\"https:\/\/dev.explora.cl\/ohiggins\/#\/schema\/person\/3240d62ad2624da9148a475abbc509b0\"},\"breadcrumb\":{\"@id\":\"https:\/\/dev.explora.cl\/ohiggins\/lora-tricahue-protagonizara-cuento-sobre-meteorologia-y-clima\/#breadcrumb\"},\"inLanguage\":\"es-CL\",\"potentialAction\":[{\"@type\":\"ReadAction\",\"target\":[\"https:\/\/dev.explora.cl\/ohiggins\/lora-tricahue-protagonizara-cuento-sobre-meteorologia-y-clima\/\"]}]},{\"@type\":\"ImageObject\",\"inLanguage\":\"es-CL\",\"@id\":\"https:\/\/dev.explora.cl\/ohiggins\/lora-tricahue-protagonizara-cuento-sobre-meteorologia-y-clima\/#primaryimage\",\"url\":\"https:\/\/dev.explora.cl\/ohiggins\/wp-content\/uploads\/sites\/8\/2022\/03\/tricahue-1-e1648728677777.jpeg\",\"contentUrl\":\"https:\/\/dev.explora.cl\/ohiggins\/wp-content\/uploads\/sites\/8\/2022\/03\/tricahue-1-e1648728677777.jpeg\",\"width\":226,\"height\":320},{\"@type\":\"BreadcrumbList\",\"@id\":\"https:\/\/dev.explora.cl\/ohiggins\/lora-tricahue-protagonizara-cuento-sobre-meteorologia-y-clima\/#breadcrumb\",\"itemListElement\":[{\"@type\":\"ListItem\",\"position\":1,\"name\":\"Portada\",\"item\":\"https:\/\/dev.explora.cl\/ohiggins\/\"},{\"@type\":\"ListItem\",\"position\":2,\"name\":\"Lora Tricahue protagonizar\u00e1 cuento sobre meteorolog\u00eda y clima\"}]},{\"@type\":\"WebSite\",\"@id\":\"https:\/\/dev.explora.cl\/ohiggins\/#website\",\"url\":\"https:\/\/dev.explora.cl\/ohiggins\/\",\"name\":\"O&#039;Higgins\",\"description\":\"Otro sitio m\u00e1s de dev.explora.cl\",\"potentialAction\":[{\"@type\":\"SearchAction\",\"target\":{\"@type\":\"EntryPoint\",\"urlTemplate\":\"https:\/\/dev.explora.cl\/ohiggins\/?s={search_term_string}\"},\"query-input\":{\"@type\":\"PropertyValueSpecification\",\"valueRequired\":true,\"valueName\":\"search_term_string\"}}],\"inLanguage\":\"es-CL\"},{\"@type\":\"Person\",\"@id\":\"https:\/\/dev.explora.cl\/ohiggins\/#\/schema\/person\/3240d62ad2624da9148a475abbc509b0\",\"name\":\"nsalazar\",\"image\":{\"@type\":\"ImageObject\",\"inLanguage\":\"es-CL\",\"@id\":\"https:\/\/dev.explora.cl\/ohiggins\/#\/schema\/person\/image\/\",\"url\":\"https:\/\/secure.gravatar.com\/avatar\/b8cf276f31998a0865a3b90e4d663d91b97848887282c9f9a56cad57ff01cc7e?s=96&d=mm&r=g\",\"contentUrl\":\"https:\/\/secure.gravatar.com\/avatar\/b8cf276f31998a0865a3b90e4d663d91b97848887282c9f9a56cad57ff01cc7e?s=96&d=mm&r=g\",\"caption\":\"nsalazar\"},\"url\":\"https:\/\/dev.explora.cl\/ohiggins\/author\/nsalazar\/\"}]}<\/script>\n<!-- \/ Yoast SEO plugin. -->","yoast_head_json":{"title":"Lora Tricahue protagonizar\u00e1 cuento sobre meteorolog\u00eda y clima - O&#039;Higgins","robots":{"index":"index","follow":"follow","max-snippet":"max-snippet:-1","max-image-preview":"max-image-preview:large","max-video-preview":"max-video-preview:-1"},"canonical":"https:\/\/dev.explora.cl\/ohiggins\/lora-tricahue-protagonizara-cuento-sobre-meteorologia-y-clima\/","og_locale":"es_ES","og_type":"article","og_title":"Lora Tricahue protagonizar\u00e1 cuento sobre meteorolog\u00eda y clima - O&#039;Higgins","og_description":"Una Lora Tricahue y una Chinita, ambas especies nativas chilenas, son las protagonistas del cuento - calendario \u201cVolando en el tiempo\u201d, proyecto financiado por el programa Ciencia Pu\u0301blica del Minciencia y ejecutado por la Universidad de O\u2019Higgins (UOH).","og_url":"https:\/\/dev.explora.cl\/ohiggins\/lora-tricahue-protagonizara-cuento-sobre-meteorologia-y-clima\/","og_site_name":"O&#039;Higgins","article_published_time":"2022-03-30T22:07:19+00:00","article_modified_time":"2022-04-26T23:02:56+00:00","og_image":[{"width":226,"height":320,"url":"https:\/\/dev.explora.cl\/ohiggins\/wp-content\/uploads\/sites\/8\/2022\/03\/tricahue-1-e1648728677777.jpeg","type":"image\/jpeg"}],"author":"nsalazar","twitter_card":"summary_large_image","twitter_misc":{"Escrito por":"nsalazar","Tiempo estimado de lectura":"2 minutos"},"schema":{"@context":"https:\/\/schema.org","@graph":[{"@type":"Article","@id":"https:\/\/dev.explora.cl\/ohiggins\/lora-tricahue-protagonizara-cuento-sobre-meteorologia-y-clima\/#article","isPartOf":{"@id":"https:\/\/dev.explora.cl\/ohiggins\/lora-tricahue-protagonizara-cuento-sobre-meteorologia-y-clima\/"},"author":{"name":"nsalazar","@id":"https:\/\/dev.explora.cl\/ohiggins\/#\/schema\/person\/3240d62ad2624da9148a475abbc509b0"},"headline":"Lora Tricahue protagonizar\u00e1 cuento sobre meteorolog\u00eda y clima","datePublished":"2022-03-30T22:07:19+00:00","dateModified":"2022-04-26T23:02:56+00:00","mainEntityOfPage":{"@id":"https:\/\/dev.explora.cl\/ohiggins\/lora-tricahue-protagonizara-cuento-sobre-meteorologia-y-clima\/"},"wordCount":327,"commentCount":0,"image":{"@id":"https:\/\/dev.explora.cl\/ohiggins\/lora-tricahue-protagonizara-cuento-sobre-meteorologia-y-clima\/#primaryimage"},"thumbnailUrl":"https:\/\/dev.explora.cl\/ohiggins\/wp-content\/uploads\/sites\/8\/2022\/03\/tricahue-1-e1648728677777.jpeg","articleSection":["Noticias"],"inLanguage":"es-CL","potentialAction":[{"@type":"CommentAction","name":"Comment","target":["https:\/\/dev.explora.cl\/ohiggins\/lora-tricahue-protagonizara-cuento-sobre-meteorologia-y-clima\/#respond"]}]},{"@type":"WebPage","@id":"https:\/\/dev.explora.cl\/ohiggins\/lora-tricahue-protagonizara-cuento-sobre-meteorologia-y-clima\/","url":"https:\/\/dev.explora.cl\/ohiggins\/lora-tricahue-protagonizara-cuento-sobre-meteorologia-y-clima\/","name":"Lora Tricahue protagonizar\u00e1 cuento sobre meteorolog\u00eda y clima - O&#039;Higgins","isPartOf":{"@id":"https:\/\/dev.explora.cl\/ohiggins\/#website"},"primaryImageOfPage":{"@id":"https:\/\/dev.explora.cl\/ohiggins\/lora-tricahue-protagonizara-cuento-sobre-meteorologia-y-clima\/#primaryimage"},"image":{"@id":"https:\/\/dev.explora.cl\/ohiggins\/lora-tricahue-protagonizara-cuento-sobre-meteorologia-y-clima\/#primaryimage"},"thumbnailUrl":"https:\/\/dev.explora.cl\/ohiggins\/wp-content\/uploads\/sites\/8\/2022\/03\/tricahue-1-e1648728677777.jpeg","datePublished":"2022-03-30T22:07:19+00:00","dateModified":"2022-04-26T23:02:56+00:00","author":{"@id":"https:\/\/dev.explora.cl\/ohiggins\/#\/schema\/person\/3240d62ad2624da9148a475abbc509b0"},"breadcrumb":{"@id":"https:\/\/dev.explora.cl\/ohiggins\/lora-tricahue-protagonizara-cuento-sobre-meteorologia-y-clima\/#breadcrumb"},"inLanguage":"es-CL","potentialAction":[{"@type":"ReadAction","target":["https:\/\/dev.explora.cl\/ohiggins\/lora-tricahue-protagonizara-cuento-sobre-meteorologia-y-clima\/"]}]},{"@type":"ImageObject","inLanguage":"es-CL","@id":"https:\/\/dev.explora.cl\/ohiggins\/lora-tricahue-protagonizara-cuento-sobre-meteorologia-y-clima\/#primaryimage","url":"https:\/\/dev.explora.cl\/ohiggins\/wp-content\/uploads\/sites\/8\/2022\/03\/tricahue-1-e1648728677777.jpeg","contentUrl":"https:\/\/dev.explora.cl\/ohiggins\/wp-content\/uploads\/sites\/8\/2022\/03\/tricahue-1-e1648728677777.jpeg","width":226,"height":320},{"@type":"BreadcrumbList","@id":"https:\/\/dev.explora.cl\/ohiggins\/lora-tricahue-protagonizara-cuento-sobre-meteorologia-y-clima\/#breadcrumb","itemListElement":[{"@type":"ListItem","position":1,"name":"Portada","item":"https:\/\/dev.explora.cl\/ohiggins\/"},{"@type":"ListItem","position":2,"name":"Lora Tricahue protagonizar\u00e1 cuento sobre meteorolog\u00eda y clima"}]},{"@type":"WebSite","@id":"https:\/\/dev.explora.cl\/ohiggins\/#website","url":"https:\/\/dev.explora.cl\/ohiggins\/","name":"O&#039;Higgins","description":"Otro sitio m\u00e1s de dev.explora.cl","potentialAction":[{"@type":"SearchAction","target":{"@type":"EntryPoint","urlTemplate":"https:\/\/dev.explora.cl\/ohiggins\/?s={search_term_string}"},"query-input":{"@type":"PropertyValueSpecification","valueRequired":true,"valueName":"search_term_string"}}],"inLanguage":"es-CL"},{"@type":"Person","@id":"https:\/\/dev.explora.cl\/ohiggins\/#\/schema\/person\/3240d62ad2624da9148a475abbc509b0","name":"nsalazar","image":{"@type":"ImageObject","inLanguage":"es-CL","@id":"https:\/\/dev.explora.cl\/ohiggins\/#\/schema\/person\/image\/","url":"https:\/\/secure.gravatar.com\/avatar\/b8cf276f31998a0865a3b90e4d663d91b97848887282c9f9a56cad57ff01cc7e?s=96&d=mm&r=g","contentUrl":"https:\/\/secure.gravatar.com\/avatar\/b8cf276f31998a0865a3b90e4d663d91b97848887282c9f9a56cad57ff01cc7e?s=96&d=mm&r=g","caption":"nsalazar"},"url":"https:\/\/dev.explora.cl\/ohiggins\/author\/nsalazar\/"}]}},"_links":{"self":[{"href":"https:\/\/dev.explora.cl\/ohiggins\/wp-json\/wp\/v2\/posts\/39071","targetHints":{"allow":["GET"]}}],"collection":[{"href":"https:\/\/dev.explora.cl\/ohiggins\/wp-json\/wp\/v2\/posts"}],"about":[{"href":"https:\/\/dev.explora.cl\/ohiggins\/wp-json\/wp\/v2\/types\/post"}],"author":[{"embeddable":true,"href":"https:\/\/dev.explora.cl\/ohiggins\/wp-json\/wp\/v2\/users\/23"}],"replies":[{"embeddable":true,"href":"https:\/\/dev.explora.cl\/ohiggins\/wp-json\/wp\/v2\/comments?post=39071"}],"version-history":[{"count":2,"href":"https:\/\/dev.explora.cl\/ohiggins\/wp-json\/wp\/v2\/posts\/39071\/revisions"}],"predecessor-version":[{"id":39084,"href":"https:\/\/dev.explora.cl\/ohiggins\/wp-json\/wp\/v2\/posts\/39071\/revisions\/39084"}],"wp:featuredmedia":[{"embeddable":true,"href":"https:\/\/dev.explora.cl\/ohiggins\/wp-json\/wp\/v2\/media\/39072"}],"wp:attachment":[{"href":"https:\/\/dev.explora.cl\/ohiggins\/wp-json\/wp\/v2\/media?parent=39071"}],"wp:term":[{"taxonomy":"category","embeddable":true,"href":"https:\/\/dev.explora.cl\/ohiggins\/wp-json\/wp\/v2\/categories?post=39071"},{"taxonomy":"post_tag","embeddable":true,"href":"https:\/\/dev.explora.cl\/ohiggins\/wp-json\/wp\/v2\/tags?post=39071"}],"curies":[{"name":"wp","href":"https:\/\/api.w.org\/{rel}","templated":true}]}}