{"id":39066,"date":"2022-03-29T15:55:16","date_gmt":"2022-03-29T18:55:16","guid":{"rendered":"https:\/\/dev.explora.cl\/ohiggins\/?p=39066"},"modified":"2022-04-22T16:02:15","modified_gmt":"2022-04-22T20:02:15","slug":"semana-de-la-astronomia-ohiggins-celebro-en-grande-al-universo","status":"publish","type":"post","link":"https:\/\/dev.explora.cl\/ohiggins\/semana-de-la-astronomia-ohiggins-celebro-en-grande-al-universo\/","title":{"rendered":"Semana de la Astronom\u00eda: O\u00b4Higgins celebr\u00f3 en grande al Universo"},"content":{"rendered":"<p>Coincidente con el equinoccio de oto\u00f1o, todos los 21 de marzo se celebra en Chile el D\u00eda de la Astronom\u00eda, fecha que es aprovechada para hacer divulgaci\u00f3n de esta importante ciencia del Universo. Pero como un d\u00eda es muy poco, PAR Explora O\u00b4Higgins y sus instituciones asociadas prepararon la Semana de la Astronom\u00eda O\u00b4Higgins, que cont\u00f3 con un importante n\u00famero de actividades para todas las edades, en las tres provincias de la regi\u00f3n.<br \/>\nTodo comenz\u00f3 el d\u00eda lunes en el campus Rancagua de la Universidad de O\u00b4Higgins. En la jornada, estudiantes del Liceo Jorge Alessandri (Rancagua) visitaron la sede universitaria para disfrutar de diversos juegos del Universo, el taller de modelaci\u00f3n astron\u00f3mica \u201cDescubriendo constelaciones\u201d de la astr\u00f3noma Romina Ahumada, lanzamiento de cohetes de papel realizados por la Agrupaci\u00f3n Astronom\u00eda San Fernando, y visitaron la muestra de realidad virtual \u201cUn viaje desde Chile al Universo\u201d que est\u00e1 en la UOH durante todo marzo. Adem\u00e1s, pudieron disfrutar de la charla del astr\u00f3nomo Jos\u00e9 Gallardo de la Fundaci\u00f3n Chilena de Astronom\u00eda (Fuchas) \u201cEl caso del Observatorio ALMA\u201d.<br \/>\nEl d\u00eda martes fue el turno de Graneros, cuando representantes de la Agrupaci\u00f3n Astronom\u00eda San Fernando se trasladaron al Colegio Nuestra Se\u00f1ora, donde realizaron el taller \u201cFabrica tu reloj solar\u201d, donde adem\u00e1s pudieron pintar dibujos alusivos y observar el sol a trav\u00e9s de un telescopio con filtro solar.<br \/>\nLa jornada del mi\u00e9rcoles se traslad\u00f3 a San Fernando, donde la agrupaci\u00f3n astron\u00f3mica del mismo nombre celebr\u00f3 una charla en el Teatro Municipal con el astr\u00f3nomo del Centro de Astrof\u00edsica y Tecnolog\u00edas Asociadas (CATA) IA-PUC, Gaspar Galaz, denominada \u201cObservaci\u00f3n astron\u00f3mica desde aeronaves\u201d. Adem\u00e1s, continuaron las visitas a la muestra \u201cUn viajes desde Chile al Universo\u201d en la sede Rancagua de la UOH.<br \/>\nEl jueves los pasajes se fueron a Navidad, al Sal\u00f3n de Artes Esc\u00e9nicas donde el astr\u00f3nomo Jos\u00e9 Utreras (CATA) realiz\u00f3 una charla denominada \u201cLunas\u201d, en que repas\u00f3 la realidad de los sat\u00e9lites naturales de los planteas de nuestro sistema solar. Por su parte, la astr\u00f3noma Romina Ahumada realiz\u00f3 el taller de p\u00e1rvulos \u201cEl sistema solar\u201d en el jard\u00edn Campanita de Rancagua.<br \/>\nEl viernes se realizaron dos nuevas charlas de la astr\u00f3noma Romina Ahumada, esta vez para estudiantes del Colegio Santa Cruz de Unco (Santa Cruz): &#8220;Los enigm\u00e1ticos agujeros negros&#8221; y &#8220;Lunas: Compa\u00f1eras naturales&#8221;. Ya en la tarde, el Liceo Neandro Schilling de la capital colchag\u00fcina recibi\u00f3 a la Agrupaci\u00f3n Astron\u00f3mica San Fernando, que realiz\u00f3 diversas actividades, como juegos, lanzamiento de cohetes de papel y observaciones astron\u00f3micas.<br \/>\nEl s\u00e1bado cerr\u00f3 con una nueva jornada de visitas a la muestra \u201cUn viajes desde Chile al Universo\u201d en el campus Rancagua de la UOH. Cabe destacar que durante la semana se realizaron cerca de 500 visitas a la muestra, que por semana especial tuvo visitas hasta el d\u00eda s\u00e1bado. En total, la Semana de la Astronom\u00eda lleg\u00f3 a m\u00e1s de un millar de personas.<br \/>\n\u201cEstamos muy contentos por las actividades realizadas durante la Semana de la Astronom\u00eda. Nuestro objetivo era traer la ciencia, los conocimientos y los descubrimientos realizados en nuestro pa\u00eds a la comunidad de la regi\u00f3n, y creo que lo hemos logrado. En cuanto a la muestra astron\u00f3mica que actualmente est\u00e1 en el campus Rancagua, despu\u00e9s la llevaremos a San Fernando y posteriormente a otras comunas de la regi\u00f3n para que todos tengan la oportunidad de conocerla\u201d, indic\u00f3 el director de PAR Explora O\u00b4Higgins, Rodrigo Verschae.<\/p>\n","protected":false},"excerpt":{"rendered":"<p>PAR Explora y sus asociados (Fuchas, CATA y Astronom\u00eda San Fernando) presentaron seis d\u00edas con diversas actividades para todas las edades, en las tres provincias de la regi\u00f3n.<\/p>\n","protected":false},"author":23,"featured_media":39067,"comment_status":"open","ping_status":"open","sticky":false,"template":"","format":"standard","meta":{"_acf_changed":false,"_exactmetrics_skip_tracking":false,"_exactmetrics_sitenote_active":false,"_exactmetrics_sitenote_note":"","_exactmetrics_sitenote_category":0,"footnotes":"","_links_to":"","_links_to_target":""},"categories":[4],"tags":[],"class_list":["post-39066","post","type-post","status-publish","format-standard","has-post-thumbnail","hentry","category-noticias"],"acf":[],"yoast_head":"<!-- This site is optimized with the Yoast SEO plugin v26.7 - https:\/\/yoast.com\/wordpress\/plugins\/seo\/ -->\n<title>Semana de la Astronom\u00eda: O\u00b4Higgins celebr\u00f3 en grande al Universo - O&#039;Higgins<\/title>\n<meta name=\"robots\" content=\"index, follow, max-snippet:-1, max-image-preview:large, max-video-preview:-1\" \/>\n<link rel=\"canonical\" href=\"https:\/\/dev.explora.cl\/ohiggins\/semana-de-la-astronomia-ohiggins-celebro-en-grande-al-universo\/\" class=\"yoast-seo-meta-tag\" \/>\n<meta property=\"og:locale\" content=\"es_ES\" class=\"yoast-seo-meta-tag\" \/>\n<meta property=\"og:type\" content=\"article\" class=\"yoast-seo-meta-tag\" \/>\n<meta property=\"og:title\" content=\"Semana de la Astronom\u00eda: O\u00b4Higgins celebr\u00f3 en grande al Universo - O&#039;Higgins\" class=\"yoast-seo-meta-tag\" \/>\n<meta property=\"og:description\" content=\"PAR Explora y sus asociados (Fuchas, CATA y Astronom\u00eda San Fernando) presentaron seis d\u00edas con diversas actividades para todas las edades, en las tres provincias de la regi\u00f3n.\" class=\"yoast-seo-meta-tag\" \/>\n<meta property=\"og:url\" content=\"https:\/\/dev.explora.cl\/ohiggins\/semana-de-la-astronomia-ohiggins-celebro-en-grande-al-universo\/\" class=\"yoast-seo-meta-tag\" \/>\n<meta property=\"og:site_name\" content=\"O&#039;Higgins\" class=\"yoast-seo-meta-tag\" \/>\n<meta property=\"article:published_time\" content=\"2022-03-29T18:55:16+00:00\" class=\"yoast-seo-meta-tag\" \/>\n<meta property=\"article:modified_time\" content=\"2022-04-22T20:02:15+00:00\" class=\"yoast-seo-meta-tag\" \/>\n<meta property=\"og:image\" content=\"https:\/\/dev.explora.cl\/ohiggins\/wp-content\/uploads\/sites\/8\/2022\/03\/5.jpg\" class=\"yoast-seo-meta-tag\" \/>\n\t<meta property=\"og:image:width\" content=\"1992\" class=\"yoast-seo-meta-tag\" \/>\n\t<meta property=\"og:image:height\" content=\"1328\" class=\"yoast-seo-meta-tag\" \/>\n\t<meta property=\"og:image:type\" content=\"image\/jpeg\" class=\"yoast-seo-meta-tag\" \/>\n<meta name=\"author\" content=\"nsalazar\" class=\"yoast-seo-meta-tag\" \/>\n<meta name=\"twitter:card\" content=\"summary_large_image\" class=\"yoast-seo-meta-tag\" \/>\n<meta name=\"twitter:label1\" content=\"Escrito por\" class=\"yoast-seo-meta-tag\" \/>\n\t<meta name=\"twitter:data1\" content=\"nsalazar\" class=\"yoast-seo-meta-tag\" \/>\n\t<meta name=\"twitter:label2\" content=\"Tiempo estimado de lectura\" class=\"yoast-seo-meta-tag\" \/>\n\t<meta name=\"twitter:data2\" content=\"3 minutos\" class=\"yoast-seo-meta-tag\" \/>\n<script type=\"application\/ld+json\" class=\"yoast-schema-graph\">{\"@context\":\"https:\/\/schema.org\",\"@graph\":[{\"@type\":\"Article\",\"@id\":\"https:\/\/dev.explora.cl\/ohiggins\/semana-de-la-astronomia-ohiggins-celebro-en-grande-al-universo\/#article\",\"isPartOf\":{\"@id\":\"https:\/\/dev.explora.cl\/ohiggins\/semana-de-la-astronomia-ohiggins-celebro-en-grande-al-universo\/\"},\"author\":{\"name\":\"nsalazar\",\"@id\":\"https:\/\/dev.explora.cl\/ohiggins\/#\/schema\/person\/3240d62ad2624da9148a475abbc509b0\"},\"headline\":\"Semana de la Astronom\u00eda: O\u00b4Higgins celebr\u00f3 en grande al Universo\",\"datePublished\":\"2022-03-29T18:55:16+00:00\",\"dateModified\":\"2022-04-22T20:02:15+00:00\",\"mainEntityOfPage\":{\"@id\":\"https:\/\/dev.explora.cl\/ohiggins\/semana-de-la-astronomia-ohiggins-celebro-en-grande-al-universo\/\"},\"wordCount\":631,\"commentCount\":0,\"image\":{\"@id\":\"https:\/\/dev.explora.cl\/ohiggins\/semana-de-la-astronomia-ohiggins-celebro-en-grande-al-universo\/#primaryimage\"},\"thumbnailUrl\":\"https:\/\/dev.explora.cl\/ohiggins\/wp-content\/uploads\/sites\/8\/2022\/03\/5.jpg\",\"articleSection\":[\"Noticias\"],\"inLanguage\":\"es-CL\",\"potentialAction\":[{\"@type\":\"CommentAction\",\"name\":\"Comment\",\"target\":[\"https:\/\/dev.explora.cl\/ohiggins\/semana-de-la-astronomia-ohiggins-celebro-en-grande-al-universo\/#respond\"]}]},{\"@type\":\"WebPage\",\"@id\":\"https:\/\/dev.explora.cl\/ohiggins\/semana-de-la-astronomia-ohiggins-celebro-en-grande-al-universo\/\",\"url\":\"https:\/\/dev.explora.cl\/ohiggins\/semana-de-la-astronomia-ohiggins-celebro-en-grande-al-universo\/\",\"name\":\"Semana de la Astronom\u00eda: O\u00b4Higgins celebr\u00f3 en grande al Universo - O&#039;Higgins\",\"isPartOf\":{\"@id\":\"https:\/\/dev.explora.cl\/ohiggins\/#website\"},\"primaryImageOfPage\":{\"@id\":\"https:\/\/dev.explora.cl\/ohiggins\/semana-de-la-astronomia-ohiggins-celebro-en-grande-al-universo\/#primaryimage\"},\"image\":{\"@id\":\"https:\/\/dev.explora.cl\/ohiggins\/semana-de-la-astronomia-ohiggins-celebro-en-grande-al-universo\/#primaryimage\"},\"thumbnailUrl\":\"https:\/\/dev.explora.cl\/ohiggins\/wp-content\/uploads\/sites\/8\/2022\/03\/5.jpg\",\"datePublished\":\"2022-03-29T18:55:16+00:00\",\"dateModified\":\"2022-04-22T20:02:15+00:00\",\"author\":{\"@id\":\"https:\/\/dev.explora.cl\/ohiggins\/#\/schema\/person\/3240d62ad2624da9148a475abbc509b0\"},\"breadcrumb\":{\"@id\":\"https:\/\/dev.explora.cl\/ohiggins\/semana-de-la-astronomia-ohiggins-celebro-en-grande-al-universo\/#breadcrumb\"},\"inLanguage\":\"es-CL\",\"potentialAction\":[{\"@type\":\"ReadAction\",\"target\":[\"https:\/\/dev.explora.cl\/ohiggins\/semana-de-la-astronomia-ohiggins-celebro-en-grande-al-universo\/\"]}]},{\"@type\":\"ImageObject\",\"inLanguage\":\"es-CL\",\"@id\":\"https:\/\/dev.explora.cl\/ohiggins\/semana-de-la-astronomia-ohiggins-celebro-en-grande-al-universo\/#primaryimage\",\"url\":\"https:\/\/dev.explora.cl\/ohiggins\/wp-content\/uploads\/sites\/8\/2022\/03\/5.jpg\",\"contentUrl\":\"https:\/\/dev.explora.cl\/ohiggins\/wp-content\/uploads\/sites\/8\/2022\/03\/5.jpg\",\"width\":1992,\"height\":1328},{\"@type\":\"BreadcrumbList\",\"@id\":\"https:\/\/dev.explora.cl\/ohiggins\/semana-de-la-astronomia-ohiggins-celebro-en-grande-al-universo\/#breadcrumb\",\"itemListElement\":[{\"@type\":\"ListItem\",\"position\":1,\"name\":\"Portada\",\"item\":\"https:\/\/dev.explora.cl\/ohiggins\/\"},{\"@type\":\"ListItem\",\"position\":2,\"name\":\"Semana de la Astronom\u00eda: O\u00b4Higgins celebr\u00f3 en grande al Universo\"}]},{\"@type\":\"WebSite\",\"@id\":\"https:\/\/dev.explora.cl\/ohiggins\/#website\",\"url\":\"https:\/\/dev.explora.cl\/ohiggins\/\",\"name\":\"O&#039;Higgins\",\"description\":\"Otro sitio m\u00e1s de dev.explora.cl\",\"potentialAction\":[{\"@type\":\"SearchAction\",\"target\":{\"@type\":\"EntryPoint\",\"urlTemplate\":\"https:\/\/dev.explora.cl\/ohiggins\/?s={search_term_string}\"},\"query-input\":{\"@type\":\"PropertyValueSpecification\",\"valueRequired\":true,\"valueName\":\"search_term_string\"}}],\"inLanguage\":\"es-CL\"},{\"@type\":\"Person\",\"@id\":\"https:\/\/dev.explora.cl\/ohiggins\/#\/schema\/person\/3240d62ad2624da9148a475abbc509b0\",\"name\":\"nsalazar\",\"image\":{\"@type\":\"ImageObject\",\"inLanguage\":\"es-CL\",\"@id\":\"https:\/\/dev.explora.cl\/ohiggins\/#\/schema\/person\/image\/\",\"url\":\"https:\/\/secure.gravatar.com\/avatar\/b8cf276f31998a0865a3b90e4d663d91b97848887282c9f9a56cad57ff01cc7e?s=96&d=mm&r=g\",\"contentUrl\":\"https:\/\/secure.gravatar.com\/avatar\/b8cf276f31998a0865a3b90e4d663d91b97848887282c9f9a56cad57ff01cc7e?s=96&d=mm&r=g\",\"caption\":\"nsalazar\"},\"url\":\"https:\/\/dev.explora.cl\/ohiggins\/author\/nsalazar\/\"}]}<\/script>\n<!-- \/ Yoast SEO plugin. -->","yoast_head_json":{"title":"Semana de la Astronom\u00eda: O\u00b4Higgins celebr\u00f3 en grande al Universo - O&#039;Higgins","robots":{"index":"index","follow":"follow","max-snippet":"max-snippet:-1","max-image-preview":"max-image-preview:large","max-video-preview":"max-video-preview:-1"},"canonical":"https:\/\/dev.explora.cl\/ohiggins\/semana-de-la-astronomia-ohiggins-celebro-en-grande-al-universo\/","og_locale":"es_ES","og_type":"article","og_title":"Semana de la Astronom\u00eda: O\u00b4Higgins celebr\u00f3 en grande al Universo - O&#039;Higgins","og_description":"PAR Explora y sus asociados (Fuchas, CATA y Astronom\u00eda San Fernando) presentaron seis d\u00edas con diversas actividades para todas las edades, en las tres provincias de la regi\u00f3n.","og_url":"https:\/\/dev.explora.cl\/ohiggins\/semana-de-la-astronomia-ohiggins-celebro-en-grande-al-universo\/","og_site_name":"O&#039;Higgins","article_published_time":"2022-03-29T18:55:16+00:00","article_modified_time":"2022-04-22T20:02:15+00:00","og_image":[{"width":1992,"height":1328,"url":"https:\/\/dev.explora.cl\/ohiggins\/wp-content\/uploads\/sites\/8\/2022\/03\/5.jpg","type":"image\/jpeg"}],"author":"nsalazar","twitter_card":"summary_large_image","twitter_misc":{"Escrito por":"nsalazar","Tiempo estimado de lectura":"3 minutos"},"schema":{"@context":"https:\/\/schema.org","@graph":[{"@type":"Article","@id":"https:\/\/dev.explora.cl\/ohiggins\/semana-de-la-astronomia-ohiggins-celebro-en-grande-al-universo\/#article","isPartOf":{"@id":"https:\/\/dev.explora.cl\/ohiggins\/semana-de-la-astronomia-ohiggins-celebro-en-grande-al-universo\/"},"author":{"name":"nsalazar","@id":"https:\/\/dev.explora.cl\/ohiggins\/#\/schema\/person\/3240d62ad2624da9148a475abbc509b0"},"headline":"Semana de la Astronom\u00eda: O\u00b4Higgins celebr\u00f3 en grande al Universo","datePublished":"2022-03-29T18:55:16+00:00","dateModified":"2022-04-22T20:02:15+00:00","mainEntityOfPage":{"@id":"https:\/\/dev.explora.cl\/ohiggins\/semana-de-la-astronomia-ohiggins-celebro-en-grande-al-universo\/"},"wordCount":631,"commentCount":0,"image":{"@id":"https:\/\/dev.explora.cl\/ohiggins\/semana-de-la-astronomia-ohiggins-celebro-en-grande-al-universo\/#primaryimage"},"thumbnailUrl":"https:\/\/dev.explora.cl\/ohiggins\/wp-content\/uploads\/sites\/8\/2022\/03\/5.jpg","articleSection":["Noticias"],"inLanguage":"es-CL","potentialAction":[{"@type":"CommentAction","name":"Comment","target":["https:\/\/dev.explora.cl\/ohiggins\/semana-de-la-astronomia-ohiggins-celebro-en-grande-al-universo\/#respond"]}]},{"@type":"WebPage","@id":"https:\/\/dev.explora.cl\/ohiggins\/semana-de-la-astronomia-ohiggins-celebro-en-grande-al-universo\/","url":"https:\/\/dev.explora.cl\/ohiggins\/semana-de-la-astronomia-ohiggins-celebro-en-grande-al-universo\/","name":"Semana de la Astronom\u00eda: O\u00b4Higgins celebr\u00f3 en grande al Universo - O&#039;Higgins","isPartOf":{"@id":"https:\/\/dev.explora.cl\/ohiggins\/#website"},"primaryImageOfPage":{"@id":"https:\/\/dev.explora.cl\/ohiggins\/semana-de-la-astronomia-ohiggins-celebro-en-grande-al-universo\/#primaryimage"},"image":{"@id":"https:\/\/dev.explora.cl\/ohiggins\/semana-de-la-astronomia-ohiggins-celebro-en-grande-al-universo\/#primaryimage"},"thumbnailUrl":"https:\/\/dev.explora.cl\/ohiggins\/wp-content\/uploads\/sites\/8\/2022\/03\/5.jpg","datePublished":"2022-03-29T18:55:16+00:00","dateModified":"2022-04-22T20:02:15+00:00","author":{"@id":"https:\/\/dev.explora.cl\/ohiggins\/#\/schema\/person\/3240d62ad2624da9148a475abbc509b0"},"breadcrumb":{"@id":"https:\/\/dev.explora.cl\/ohiggins\/semana-de-la-astronomia-ohiggins-celebro-en-grande-al-universo\/#breadcrumb"},"inLanguage":"es-CL","potentialAction":[{"@type":"ReadAction","target":["https:\/\/dev.explora.cl\/ohiggins\/semana-de-la-astronomia-ohiggins-celebro-en-grande-al-universo\/"]}]},{"@type":"ImageObject","inLanguage":"es-CL","@id":"https:\/\/dev.explora.cl\/ohiggins\/semana-de-la-astronomia-ohiggins-celebro-en-grande-al-universo\/#primaryimage","url":"https:\/\/dev.explora.cl\/ohiggins\/wp-content\/uploads\/sites\/8\/2022\/03\/5.jpg","contentUrl":"https:\/\/dev.explora.cl\/ohiggins\/wp-content\/uploads\/sites\/8\/2022\/03\/5.jpg","width":1992,"height":1328},{"@type":"BreadcrumbList","@id":"https:\/\/dev.explora.cl\/ohiggins\/semana-de-la-astronomia-ohiggins-celebro-en-grande-al-universo\/#breadcrumb","itemListElement":[{"@type":"ListItem","position":1,"name":"Portada","item":"https:\/\/dev.explora.cl\/ohiggins\/"},{"@type":"ListItem","position":2,"name":"Semana de la Astronom\u00eda: O\u00b4Higgins celebr\u00f3 en grande al Universo"}]},{"@type":"WebSite","@id":"https:\/\/dev.explora.cl\/ohiggins\/#website","url":"https:\/\/dev.explora.cl\/ohiggins\/","name":"O&#039;Higgins","description":"Otro sitio m\u00e1s de dev.explora.cl","potentialAction":[{"@type":"SearchAction","target":{"@type":"EntryPoint","urlTemplate":"https:\/\/dev.explora.cl\/ohiggins\/?s={search_term_string}"},"query-input":{"@type":"PropertyValueSpecification","valueRequired":true,"valueName":"search_term_string"}}],"inLanguage":"es-CL"},{"@type":"Person","@id":"https:\/\/dev.explora.cl\/ohiggins\/#\/schema\/person\/3240d62ad2624da9148a475abbc509b0","name":"nsalazar","image":{"@type":"ImageObject","inLanguage":"es-CL","@id":"https:\/\/dev.explora.cl\/ohiggins\/#\/schema\/person\/image\/","url":"https:\/\/secure.gravatar.com\/avatar\/b8cf276f31998a0865a3b90e4d663d91b97848887282c9f9a56cad57ff01cc7e?s=96&d=mm&r=g","contentUrl":"https:\/\/secure.gravatar.com\/avatar\/b8cf276f31998a0865a3b90e4d663d91b97848887282c9f9a56cad57ff01cc7e?s=96&d=mm&r=g","caption":"nsalazar"},"url":"https:\/\/dev.explora.cl\/ohiggins\/author\/nsalazar\/"}]}},"_links":{"self":[{"href":"https:\/\/dev.explora.cl\/ohiggins\/wp-json\/wp\/v2\/posts\/39066","targetHints":{"allow":["GET"]}}],"collection":[{"href":"https:\/\/dev.explora.cl\/ohiggins\/wp-json\/wp\/v2\/posts"}],"about":[{"href":"https:\/\/dev.explora.cl\/ohiggins\/wp-json\/wp\/v2\/types\/post"}],"author":[{"embeddable":true,"href":"https:\/\/dev.explora.cl\/ohiggins\/wp-json\/wp\/v2\/users\/23"}],"replies":[{"embeddable":true,"href":"https:\/\/dev.explora.cl\/ohiggins\/wp-json\/wp\/v2\/comments?post=39066"}],"version-history":[{"count":2,"href":"https:\/\/dev.explora.cl\/ohiggins\/wp-json\/wp\/v2\/posts\/39066\/revisions"}],"predecessor-version":[{"id":39083,"href":"https:\/\/dev.explora.cl\/ohiggins\/wp-json\/wp\/v2\/posts\/39066\/revisions\/39083"}],"wp:featuredmedia":[{"embeddable":true,"href":"https:\/\/dev.explora.cl\/ohiggins\/wp-json\/wp\/v2\/media\/39067"}],"wp:attachment":[{"href":"https:\/\/dev.explora.cl\/ohiggins\/wp-json\/wp\/v2\/media?parent=39066"}],"wp:term":[{"taxonomy":"category","embeddable":true,"href":"https:\/\/dev.explora.cl\/ohiggins\/wp-json\/wp\/v2\/categories?post=39066"},{"taxonomy":"post_tag","embeddable":true,"href":"https:\/\/dev.explora.cl\/ohiggins\/wp-json\/wp\/v2\/tags?post=39066"}],"curies":[{"name":"wp","href":"https:\/\/api.w.org\/{rel}","templated":true}]}}