{"id":39038,"date":"2022-01-18T16:23:06","date_gmt":"2022-01-18T19:23:06","guid":{"rendered":"https:\/\/dev.explora.cl\/ohiggins\/?p=39038"},"modified":"2022-04-04T12:41:50","modified_gmt":"2022-04-04T16:41:50","slug":"66-proyectos-escolares-de-investigacion-cientifica-diran-presente-en-el-regreso-del-congreso-nacional-explora","status":"publish","type":"post","link":"https:\/\/dev.explora.cl\/ohiggins\/66-proyectos-escolares-de-investigacion-cientifica-diran-presente-en-el-regreso-del-congreso-nacional-explora\/","title":{"rendered":"66 proyectos escolares de investigaci\u00f3n cient\u00edfica dir\u00e1n presente en el regreso del Congreso Nacional Explora"},"content":{"rendered":"<p>La pandemia de COVID-19 oblig\u00f3 a cancelar un sinf\u00edn de eventos cient\u00edficos en Chile y el mundo, entre ellos, el tradicional Congreso Nacional Explora de Investigaci\u00f3n e Innovaci\u00f3n Escolar. Pero este 2022 -tras tres a\u00f1os sin realizarse- el mayor evento de socializaci\u00f3n de capacidad investigativa de ni\u00f1as, ni\u00f1os y adolescentes vuelve a la escena y reunir\u00e1 a estudiantes de 5\u00b0 b\u00e1sico a 4\u00b0 medio entre el 18 y el 22 de enero.<\/p>\n<p>La vig\u00e9sima versi\u00f3n de la iniciativa liderada por MinCiencia replica en formato\u00a0<em>online\u00a0<\/em>las caracter\u00edsticas de una feria cient\u00edfica escolar tradicional. As\u00ed, en la p\u00e1gina\u00a0<a href=\"https:\/\/www.congresonacionaldev.explora.cl\/\">congresonacionaldev.explora.cl<\/a>\u00a0es posible encontrar los 66 trabajos de investigaci\u00f3n o innovaci\u00f3n que previamente fueron seleccionados por los Proyectos Asociativos (Par Explora) de cada una de las regiones del pa\u00eds, los que son presentados al p\u00fablico en forma did\u00e1ctica a trav\u00e9s de videos e infograf\u00edas creadas por los propios estudiantes.<\/p>\n<p>Un Comit\u00e9 Cient\u00edfico Evaluador compuesto por 42 miembros de la academia, docencia y divulgaci\u00f3n ser\u00e1n los encargados de escoger a los equipos de mejor desempe\u00f1o, reconociendo a los proyectos destacados de las categor\u00edas Innovaci\u00f3n y Desarrollo, tanto en ense\u00f1anza b\u00e1sica como en ense\u00f1anza media. Los seleccionados ser\u00e1n premiados con un kit tecnol\u00f3gico para seguir contribuyendo a su formaci\u00f3n.<\/p>\n<p>El ministro de Ciencia, Andr\u00e9s Couve, valor\u00f3 el aporte de quienes dar\u00e1n vida al evento, que este a\u00f1o incluye a 132 estudiantes. \u201cFelicito muy sinceramente a los 66 equipos que llegaron a esta instancia nacional de investigaci\u00f3n e innovaci\u00f3n. Cada uno de estos proyectos ha surgido desde el inter\u00e9s de los propios estudiantes y tambi\u00e9n desde las motivaciones de los territorios. Les deseo mucho \u00e9xito en este Congreso, que es de gran relevancia para que la ciencia sea una parte integral de nuestra educaci\u00f3n\u201d, dijo.<\/p>\n<p>Para Rodrigo Tapia, jefe de la Divisi\u00f3n Ciencia y Sociedad del Ministerio, el regreso del Congreso Nacional Explora es una buena noticia ya que permite \u201cvisibilizar los proyectos de investigaci\u00f3n e innovaci\u00f3n escolar que dan cuenta del inter\u00e9s y la curiosidad de los estudiantes de todo el pa\u00eds por hacer ciencia, comprender sus entornos, responder sus preguntas y resolver sus problemas\u201d. Asimismo, Tapia agreg\u00f3 que, en esta edici\u00f3n, han querido hacer \u201chincapi\u00e9 en la socializaci\u00f3n entre los distintos equipos, ya que pretendemos que no solo sea una exposici\u00f3n, si no que existe un aprendizaje derivado de la interacci\u00f3n. Hacemos una convocatoria abierta a que las personas interesadas en conocer qu\u00e9 investigan los estudiantes chilenos puedan participar de este Congreso\u201d.<\/p>\n<p>\u201cComo programa estamos comprometidos a continuar apoyando la educaci\u00f3n en ciencia tecnolog\u00eda e innovaci\u00f3n a lo largo del territorio para que tengamos ni\u00f1as y ni\u00f1os que. a trav\u00e9s de la curiosidad, la creatividad, el juicio cr\u00edtico y la colaboraci\u00f3n. puedan desarrollarse como ciudadanos que toman la evidencia como eje fundamental\u201d, complement\u00f3 Marcela Colombres, directora nacional de Explora.<\/p>\n<h3><strong>Charlas cient\u00edficas para todo p\u00fablico<\/strong><\/h3>\n<p>El Congreso Nacional Explora contar\u00e1 tambi\u00e9n con una serie de charlas virtuales abiertas para toda la comunidad. En la ceremonia inaugural, se present\u00f3 el doctor en f\u00edsica y divulgador espa\u00f1ol con m\u00e1s de 1,1M seguidores en TikTok,\u00a0<strong>Javier Sataolalla\u00a0<\/strong>(@jasantaolalla)<strong>,\u00a0<\/strong>quien inspir\u00f3 a los estudiantes con su trayectoria de vida y asegur\u00f3: \u201cA cierta edad uno est\u00e1 lleno de preguntas y dudas. Todos pasamos por fases y hay una en particular en la que nos sentimos perdidos. Si les pasa, no se pongan nerviosos porque nos pasa a todos\u201d<\/p>\n<p>Las charlas online contin\u00faan el viernes 21 de enero a las 11:00 con la experta en integridad, seguridad y \u00e9tica,\u00a0<strong>Andrea Leisewitz<\/strong>; mientras que el viernes en la clausura del evento estar\u00e1n\u00a0<strong>B\u00e1rbara Aravena<\/strong>\u00a0y\u00a0<strong>Sergio Soto<\/strong>, paleont\u00f3logos integrantes del equipo que descubri\u00f3 al dinosaurio Stegouros elengassen. Todas las charlas se transmitir\u00e1n en vivo desde el \u201c<a href=\"https:\/\/www.congresonacionaldev.explora.cl\/anfiteatro\">anfiteatro<\/a>\u201d de la web.<\/p>\n","protected":false},"excerpt":{"rendered":"<p>La vig\u00e9sima versi\u00f3n de la iniciativa liderada por MinCiencia replica en formato online las caracter\u00edsticas de una feria cient\u00edfica escolar tradicional. As\u00ed, en la p\u00e1gina congresonacionaldev.explora.cl es posible encontrar los 66 trabajos de investigaci\u00f3n o innovaci\u00f3n que previamente fueron seleccionados por los Proyectos Asociativos (Par Explora) de cada una de las regiones del pa\u00eds, los que son presentados al p\u00fablico en forma did\u00e1ctica a trav\u00e9s de videos e infograf\u00edas creadas por los propios estudiantes.<\/p>\n","protected":false},"author":23,"featured_media":39039,"comment_status":"open","ping_status":"open","sticky":false,"template":"","format":"standard","meta":{"_acf_changed":false,"_exactmetrics_skip_tracking":false,"_exactmetrics_sitenote_active":false,"_exactmetrics_sitenote_note":"","_exactmetrics_sitenote_category":0,"footnotes":"","_links_to":"","_links_to_target":""},"categories":[4],"tags":[],"class_list":["post-39038","post","type-post","status-publish","format-standard","has-post-thumbnail","hentry","category-noticias"],"acf":[],"yoast_head":"<!-- This site is optimized with the Yoast SEO plugin v26.7 - https:\/\/yoast.com\/wordpress\/plugins\/seo\/ -->\n<title>66 proyectos escolares de investigaci\u00f3n cient\u00edfica dir\u00e1n presente en el regreso del Congreso Nacional Explora - O&#039;Higgins<\/title>\n<meta name=\"robots\" content=\"index, follow, max-snippet:-1, max-image-preview:large, max-video-preview:-1\" \/>\n<link rel=\"canonical\" href=\"https:\/\/dev.explora.cl\/ohiggins\/66-proyectos-escolares-de-investigacion-cientifica-diran-presente-en-el-regreso-del-congreso-nacional-explora\/\" class=\"yoast-seo-meta-tag\" \/>\n<meta property=\"og:locale\" content=\"es_ES\" class=\"yoast-seo-meta-tag\" \/>\n<meta property=\"og:type\" content=\"article\" class=\"yoast-seo-meta-tag\" \/>\n<meta property=\"og:title\" content=\"66 proyectos escolares de investigaci\u00f3n cient\u00edfica dir\u00e1n presente en el regreso del Congreso Nacional Explora - O&#039;Higgins\" class=\"yoast-seo-meta-tag\" \/>\n<meta property=\"og:description\" content=\"La vig\u00e9sima versi\u00f3n de la iniciativa liderada por MinCiencia replica en formato online las caracter\u00edsticas de una feria cient\u00edfica escolar tradicional. As\u00ed, en la p\u00e1gina congresonacionaldev.explora.cl es posible encontrar los 66 trabajos de investigaci\u00f3n o innovaci\u00f3n que previamente fueron seleccionados por los Proyectos Asociativos (Par Explora) de cada una de las regiones del pa\u00eds, los que son presentados al p\u00fablico en forma did\u00e1ctica a trav\u00e9s de videos e infograf\u00edas creadas por los propios estudiantes.\" class=\"yoast-seo-meta-tag\" \/>\n<meta property=\"og:url\" content=\"https:\/\/dev.explora.cl\/ohiggins\/66-proyectos-escolares-de-investigacion-cientifica-diran-presente-en-el-regreso-del-congreso-nacional-explora\/\" class=\"yoast-seo-meta-tag\" \/>\n<meta property=\"og:site_name\" content=\"O&#039;Higgins\" class=\"yoast-seo-meta-tag\" \/>\n<meta property=\"article:published_time\" content=\"2022-01-18T19:23:06+00:00\" class=\"yoast-seo-meta-tag\" \/>\n<meta property=\"article:modified_time\" content=\"2022-04-04T16:41:50+00:00\" class=\"yoast-seo-meta-tag\" \/>\n<meta property=\"og:image\" content=\"https:\/\/dev.explora.cl\/ohiggins\/wp-content\/uploads\/sites\/8\/2022\/01\/2022-01-18.png\" class=\"yoast-seo-meta-tag\" \/>\n\t<meta property=\"og:image:width\" content=\"1076\" class=\"yoast-seo-meta-tag\" \/>\n\t<meta property=\"og:image:height\" content=\"608\" class=\"yoast-seo-meta-tag\" \/>\n\t<meta property=\"og:image:type\" content=\"image\/png\" class=\"yoast-seo-meta-tag\" \/>\n<meta name=\"author\" content=\"nsalazar\" class=\"yoast-seo-meta-tag\" \/>\n<meta name=\"twitter:card\" content=\"summary_large_image\" class=\"yoast-seo-meta-tag\" \/>\n<meta name=\"twitter:label1\" content=\"Escrito por\" class=\"yoast-seo-meta-tag\" \/>\n\t<meta name=\"twitter:data1\" content=\"nsalazar\" class=\"yoast-seo-meta-tag\" \/>\n\t<meta name=\"twitter:label2\" content=\"Tiempo estimado de lectura\" class=\"yoast-seo-meta-tag\" \/>\n\t<meta name=\"twitter:data2\" content=\"3 minutos\" class=\"yoast-seo-meta-tag\" \/>\n<script type=\"application\/ld+json\" class=\"yoast-schema-graph\">{\"@context\":\"https:\/\/schema.org\",\"@graph\":[{\"@type\":\"Article\",\"@id\":\"https:\/\/dev.explora.cl\/ohiggins\/66-proyectos-escolares-de-investigacion-cientifica-diran-presente-en-el-regreso-del-congreso-nacional-explora\/#article\",\"isPartOf\":{\"@id\":\"https:\/\/dev.explora.cl\/ohiggins\/66-proyectos-escolares-de-investigacion-cientifica-diran-presente-en-el-regreso-del-congreso-nacional-explora\/\"},\"author\":{\"name\":\"nsalazar\",\"@id\":\"https:\/\/dev.explora.cl\/ohiggins\/#\/schema\/person\/3240d62ad2624da9148a475abbc509b0\"},\"headline\":\"66 proyectos escolares de investigaci\u00f3n cient\u00edfica dir\u00e1n presente en el regreso del Congreso Nacional Explora\",\"datePublished\":\"2022-01-18T19:23:06+00:00\",\"dateModified\":\"2022-04-04T16:41:50+00:00\",\"mainEntityOfPage\":{\"@id\":\"https:\/\/dev.explora.cl\/ohiggins\/66-proyectos-escolares-de-investigacion-cientifica-diran-presente-en-el-regreso-del-congreso-nacional-explora\/\"},\"wordCount\":696,\"commentCount\":0,\"image\":{\"@id\":\"https:\/\/dev.explora.cl\/ohiggins\/66-proyectos-escolares-de-investigacion-cientifica-diran-presente-en-el-regreso-del-congreso-nacional-explora\/#primaryimage\"},\"thumbnailUrl\":\"https:\/\/dev.explora.cl\/ohiggins\/wp-content\/uploads\/sites\/8\/2022\/01\/2022-01-18.png\",\"articleSection\":[\"Noticias\"],\"inLanguage\":\"es-CL\",\"potentialAction\":[{\"@type\":\"CommentAction\",\"name\":\"Comment\",\"target\":[\"https:\/\/dev.explora.cl\/ohiggins\/66-proyectos-escolares-de-investigacion-cientifica-diran-presente-en-el-regreso-del-congreso-nacional-explora\/#respond\"]}]},{\"@type\":\"WebPage\",\"@id\":\"https:\/\/dev.explora.cl\/ohiggins\/66-proyectos-escolares-de-investigacion-cientifica-diran-presente-en-el-regreso-del-congreso-nacional-explora\/\",\"url\":\"https:\/\/dev.explora.cl\/ohiggins\/66-proyectos-escolares-de-investigacion-cientifica-diran-presente-en-el-regreso-del-congreso-nacional-explora\/\",\"name\":\"66 proyectos escolares de investigaci\u00f3n cient\u00edfica dir\u00e1n presente en el regreso del Congreso Nacional Explora - O&#039;Higgins\",\"isPartOf\":{\"@id\":\"https:\/\/dev.explora.cl\/ohiggins\/#website\"},\"primaryImageOfPage\":{\"@id\":\"https:\/\/dev.explora.cl\/ohiggins\/66-proyectos-escolares-de-investigacion-cientifica-diran-presente-en-el-regreso-del-congreso-nacional-explora\/#primaryimage\"},\"image\":{\"@id\":\"https:\/\/dev.explora.cl\/ohiggins\/66-proyectos-escolares-de-investigacion-cientifica-diran-presente-en-el-regreso-del-congreso-nacional-explora\/#primaryimage\"},\"thumbnailUrl\":\"https:\/\/dev.explora.cl\/ohiggins\/wp-content\/uploads\/sites\/8\/2022\/01\/2022-01-18.png\",\"datePublished\":\"2022-01-18T19:23:06+00:00\",\"dateModified\":\"2022-04-04T16:41:50+00:00\",\"author\":{\"@id\":\"https:\/\/dev.explora.cl\/ohiggins\/#\/schema\/person\/3240d62ad2624da9148a475abbc509b0\"},\"breadcrumb\":{\"@id\":\"https:\/\/dev.explora.cl\/ohiggins\/66-proyectos-escolares-de-investigacion-cientifica-diran-presente-en-el-regreso-del-congreso-nacional-explora\/#breadcrumb\"},\"inLanguage\":\"es-CL\",\"potentialAction\":[{\"@type\":\"ReadAction\",\"target\":[\"https:\/\/dev.explora.cl\/ohiggins\/66-proyectos-escolares-de-investigacion-cientifica-diran-presente-en-el-regreso-del-congreso-nacional-explora\/\"]}]},{\"@type\":\"ImageObject\",\"inLanguage\":\"es-CL\",\"@id\":\"https:\/\/dev.explora.cl\/ohiggins\/66-proyectos-escolares-de-investigacion-cientifica-diran-presente-en-el-regreso-del-congreso-nacional-explora\/#primaryimage\",\"url\":\"https:\/\/dev.explora.cl\/ohiggins\/wp-content\/uploads\/sites\/8\/2022\/01\/2022-01-18.png\",\"contentUrl\":\"https:\/\/dev.explora.cl\/ohiggins\/wp-content\/uploads\/sites\/8\/2022\/01\/2022-01-18.png\",\"width\":1076,\"height\":608},{\"@type\":\"BreadcrumbList\",\"@id\":\"https:\/\/dev.explora.cl\/ohiggins\/66-proyectos-escolares-de-investigacion-cientifica-diran-presente-en-el-regreso-del-congreso-nacional-explora\/#breadcrumb\",\"itemListElement\":[{\"@type\":\"ListItem\",\"position\":1,\"name\":\"Portada\",\"item\":\"https:\/\/dev.explora.cl\/ohiggins\/\"},{\"@type\":\"ListItem\",\"position\":2,\"name\":\"66 proyectos escolares de investigaci\u00f3n cient\u00edfica dir\u00e1n presente en el regreso del Congreso Nacional Explora\"}]},{\"@type\":\"WebSite\",\"@id\":\"https:\/\/dev.explora.cl\/ohiggins\/#website\",\"url\":\"https:\/\/dev.explora.cl\/ohiggins\/\",\"name\":\"O&#039;Higgins\",\"description\":\"Otro sitio m\u00e1s de dev.explora.cl\",\"potentialAction\":[{\"@type\":\"SearchAction\",\"target\":{\"@type\":\"EntryPoint\",\"urlTemplate\":\"https:\/\/dev.explora.cl\/ohiggins\/?s={search_term_string}\"},\"query-input\":{\"@type\":\"PropertyValueSpecification\",\"valueRequired\":true,\"valueName\":\"search_term_string\"}}],\"inLanguage\":\"es-CL\"},{\"@type\":\"Person\",\"@id\":\"https:\/\/dev.explora.cl\/ohiggins\/#\/schema\/person\/3240d62ad2624da9148a475abbc509b0\",\"name\":\"nsalazar\",\"image\":{\"@type\":\"ImageObject\",\"inLanguage\":\"es-CL\",\"@id\":\"https:\/\/dev.explora.cl\/ohiggins\/#\/schema\/person\/image\/\",\"url\":\"https:\/\/secure.gravatar.com\/avatar\/b8cf276f31998a0865a3b90e4d663d91b97848887282c9f9a56cad57ff01cc7e?s=96&d=mm&r=g\",\"contentUrl\":\"https:\/\/secure.gravatar.com\/avatar\/b8cf276f31998a0865a3b90e4d663d91b97848887282c9f9a56cad57ff01cc7e?s=96&d=mm&r=g\",\"caption\":\"nsalazar\"},\"url\":\"https:\/\/dev.explora.cl\/ohiggins\/author\/nsalazar\/\"}]}<\/script>\n<!-- \/ Yoast SEO plugin. -->","yoast_head_json":{"title":"66 proyectos escolares de investigaci\u00f3n cient\u00edfica dir\u00e1n presente en el regreso del Congreso Nacional Explora - O&#039;Higgins","robots":{"index":"index","follow":"follow","max-snippet":"max-snippet:-1","max-image-preview":"max-image-preview:large","max-video-preview":"max-video-preview:-1"},"canonical":"https:\/\/dev.explora.cl\/ohiggins\/66-proyectos-escolares-de-investigacion-cientifica-diran-presente-en-el-regreso-del-congreso-nacional-explora\/","og_locale":"es_ES","og_type":"article","og_title":"66 proyectos escolares de investigaci\u00f3n cient\u00edfica dir\u00e1n presente en el regreso del Congreso Nacional Explora - O&#039;Higgins","og_description":"La vig\u00e9sima versi\u00f3n de la iniciativa liderada por MinCiencia replica en formato online las caracter\u00edsticas de una feria cient\u00edfica escolar tradicional. As\u00ed, en la p\u00e1gina congresonacionaldev.explora.cl es posible encontrar los 66 trabajos de investigaci\u00f3n o innovaci\u00f3n que previamente fueron seleccionados por los Proyectos Asociativos (Par Explora) de cada una de las regiones del pa\u00eds, los que son presentados al p\u00fablico en forma did\u00e1ctica a trav\u00e9s de videos e infograf\u00edas creadas por los propios estudiantes.","og_url":"https:\/\/dev.explora.cl\/ohiggins\/66-proyectos-escolares-de-investigacion-cientifica-diran-presente-en-el-regreso-del-congreso-nacional-explora\/","og_site_name":"O&#039;Higgins","article_published_time":"2022-01-18T19:23:06+00:00","article_modified_time":"2022-04-04T16:41:50+00:00","og_image":[{"width":1076,"height":608,"url":"https:\/\/dev.explora.cl\/ohiggins\/wp-content\/uploads\/sites\/8\/2022\/01\/2022-01-18.png","type":"image\/png"}],"author":"nsalazar","twitter_card":"summary_large_image","twitter_misc":{"Escrito por":"nsalazar","Tiempo estimado de lectura":"3 minutos"},"schema":{"@context":"https:\/\/schema.org","@graph":[{"@type":"Article","@id":"https:\/\/dev.explora.cl\/ohiggins\/66-proyectos-escolares-de-investigacion-cientifica-diran-presente-en-el-regreso-del-congreso-nacional-explora\/#article","isPartOf":{"@id":"https:\/\/dev.explora.cl\/ohiggins\/66-proyectos-escolares-de-investigacion-cientifica-diran-presente-en-el-regreso-del-congreso-nacional-explora\/"},"author":{"name":"nsalazar","@id":"https:\/\/dev.explora.cl\/ohiggins\/#\/schema\/person\/3240d62ad2624da9148a475abbc509b0"},"headline":"66 proyectos escolares de investigaci\u00f3n cient\u00edfica dir\u00e1n presente en el regreso del Congreso Nacional Explora","datePublished":"2022-01-18T19:23:06+00:00","dateModified":"2022-04-04T16:41:50+00:00","mainEntityOfPage":{"@id":"https:\/\/dev.explora.cl\/ohiggins\/66-proyectos-escolares-de-investigacion-cientifica-diran-presente-en-el-regreso-del-congreso-nacional-explora\/"},"wordCount":696,"commentCount":0,"image":{"@id":"https:\/\/dev.explora.cl\/ohiggins\/66-proyectos-escolares-de-investigacion-cientifica-diran-presente-en-el-regreso-del-congreso-nacional-explora\/#primaryimage"},"thumbnailUrl":"https:\/\/dev.explora.cl\/ohiggins\/wp-content\/uploads\/sites\/8\/2022\/01\/2022-01-18.png","articleSection":["Noticias"],"inLanguage":"es-CL","potentialAction":[{"@type":"CommentAction","name":"Comment","target":["https:\/\/dev.explora.cl\/ohiggins\/66-proyectos-escolares-de-investigacion-cientifica-diran-presente-en-el-regreso-del-congreso-nacional-explora\/#respond"]}]},{"@type":"WebPage","@id":"https:\/\/dev.explora.cl\/ohiggins\/66-proyectos-escolares-de-investigacion-cientifica-diran-presente-en-el-regreso-del-congreso-nacional-explora\/","url":"https:\/\/dev.explora.cl\/ohiggins\/66-proyectos-escolares-de-investigacion-cientifica-diran-presente-en-el-regreso-del-congreso-nacional-explora\/","name":"66 proyectos escolares de investigaci\u00f3n cient\u00edfica dir\u00e1n presente en el regreso del Congreso Nacional Explora - O&#039;Higgins","isPartOf":{"@id":"https:\/\/dev.explora.cl\/ohiggins\/#website"},"primaryImageOfPage":{"@id":"https:\/\/dev.explora.cl\/ohiggins\/66-proyectos-escolares-de-investigacion-cientifica-diran-presente-en-el-regreso-del-congreso-nacional-explora\/#primaryimage"},"image":{"@id":"https:\/\/dev.explora.cl\/ohiggins\/66-proyectos-escolares-de-investigacion-cientifica-diran-presente-en-el-regreso-del-congreso-nacional-explora\/#primaryimage"},"thumbnailUrl":"https:\/\/dev.explora.cl\/ohiggins\/wp-content\/uploads\/sites\/8\/2022\/01\/2022-01-18.png","datePublished":"2022-01-18T19:23:06+00:00","dateModified":"2022-04-04T16:41:50+00:00","author":{"@id":"https:\/\/dev.explora.cl\/ohiggins\/#\/schema\/person\/3240d62ad2624da9148a475abbc509b0"},"breadcrumb":{"@id":"https:\/\/dev.explora.cl\/ohiggins\/66-proyectos-escolares-de-investigacion-cientifica-diran-presente-en-el-regreso-del-congreso-nacional-explora\/#breadcrumb"},"inLanguage":"es-CL","potentialAction":[{"@type":"ReadAction","target":["https:\/\/dev.explora.cl\/ohiggins\/66-proyectos-escolares-de-investigacion-cientifica-diran-presente-en-el-regreso-del-congreso-nacional-explora\/"]}]},{"@type":"ImageObject","inLanguage":"es-CL","@id":"https:\/\/dev.explora.cl\/ohiggins\/66-proyectos-escolares-de-investigacion-cientifica-diran-presente-en-el-regreso-del-congreso-nacional-explora\/#primaryimage","url":"https:\/\/dev.explora.cl\/ohiggins\/wp-content\/uploads\/sites\/8\/2022\/01\/2022-01-18.png","contentUrl":"https:\/\/dev.explora.cl\/ohiggins\/wp-content\/uploads\/sites\/8\/2022\/01\/2022-01-18.png","width":1076,"height":608},{"@type":"BreadcrumbList","@id":"https:\/\/dev.explora.cl\/ohiggins\/66-proyectos-escolares-de-investigacion-cientifica-diran-presente-en-el-regreso-del-congreso-nacional-explora\/#breadcrumb","itemListElement":[{"@type":"ListItem","position":1,"name":"Portada","item":"https:\/\/dev.explora.cl\/ohiggins\/"},{"@type":"ListItem","position":2,"name":"66 proyectos escolares de investigaci\u00f3n cient\u00edfica dir\u00e1n presente en el regreso del Congreso Nacional Explora"}]},{"@type":"WebSite","@id":"https:\/\/dev.explora.cl\/ohiggins\/#website","url":"https:\/\/dev.explora.cl\/ohiggins\/","name":"O&#039;Higgins","description":"Otro sitio m\u00e1s de dev.explora.cl","potentialAction":[{"@type":"SearchAction","target":{"@type":"EntryPoint","urlTemplate":"https:\/\/dev.explora.cl\/ohiggins\/?s={search_term_string}"},"query-input":{"@type":"PropertyValueSpecification","valueRequired":true,"valueName":"search_term_string"}}],"inLanguage":"es-CL"},{"@type":"Person","@id":"https:\/\/dev.explora.cl\/ohiggins\/#\/schema\/person\/3240d62ad2624da9148a475abbc509b0","name":"nsalazar","image":{"@type":"ImageObject","inLanguage":"es-CL","@id":"https:\/\/dev.explora.cl\/ohiggins\/#\/schema\/person\/image\/","url":"https:\/\/secure.gravatar.com\/avatar\/b8cf276f31998a0865a3b90e4d663d91b97848887282c9f9a56cad57ff01cc7e?s=96&d=mm&r=g","contentUrl":"https:\/\/secure.gravatar.com\/avatar\/b8cf276f31998a0865a3b90e4d663d91b97848887282c9f9a56cad57ff01cc7e?s=96&d=mm&r=g","caption":"nsalazar"},"url":"https:\/\/dev.explora.cl\/ohiggins\/author\/nsalazar\/"}]}},"_links":{"self":[{"href":"https:\/\/dev.explora.cl\/ohiggins\/wp-json\/wp\/v2\/posts\/39038","targetHints":{"allow":["GET"]}}],"collection":[{"href":"https:\/\/dev.explora.cl\/ohiggins\/wp-json\/wp\/v2\/posts"}],"about":[{"href":"https:\/\/dev.explora.cl\/ohiggins\/wp-json\/wp\/v2\/types\/post"}],"author":[{"embeddable":true,"href":"https:\/\/dev.explora.cl\/ohiggins\/wp-json\/wp\/v2\/users\/23"}],"replies":[{"embeddable":true,"href":"https:\/\/dev.explora.cl\/ohiggins\/wp-json\/wp\/v2\/comments?post=39038"}],"version-history":[{"count":1,"href":"https:\/\/dev.explora.cl\/ohiggins\/wp-json\/wp\/v2\/posts\/39038\/revisions"}],"predecessor-version":[{"id":39040,"href":"https:\/\/dev.explora.cl\/ohiggins\/wp-json\/wp\/v2\/posts\/39038\/revisions\/39040"}],"wp:featuredmedia":[{"embeddable":true,"href":"https:\/\/dev.explora.cl\/ohiggins\/wp-json\/wp\/v2\/media\/39039"}],"wp:attachment":[{"href":"https:\/\/dev.explora.cl\/ohiggins\/wp-json\/wp\/v2\/media?parent=39038"}],"wp:term":[{"taxonomy":"category","embeddable":true,"href":"https:\/\/dev.explora.cl\/ohiggins\/wp-json\/wp\/v2\/categories?post=39038"},{"taxonomy":"post_tag","embeddable":true,"href":"https:\/\/dev.explora.cl\/ohiggins\/wp-json\/wp\/v2\/tags?post=39038"}],"curies":[{"name":"wp","href":"https:\/\/api.w.org\/{rel}","templated":true}]}}