{"id":39034,"date":"2022-01-18T09:40:29","date_gmt":"2022-01-18T12:40:29","guid":{"rendered":"https:\/\/dev.explora.cl\/ohiggins\/?p=39034"},"modified":"2022-03-30T19:06:06","modified_gmt":"2022-03-30T22:06:06","slug":"docentes-de-la-region-cerraron-una-semana-de-aprendizajes-en-campamento-explora-va","status":"publish","type":"post","link":"https:\/\/dev.explora.cl\/ohiggins\/docentes-de-la-region-cerraron-una-semana-de-aprendizajes-en-campamento-explora-va\/","title":{"rendered":"Docentes de la regi\u00f3n cerraron una semana de aprendizajes en Campamento Explora Va!"},"content":{"rendered":"<p>En dependencias de la Universidad de O\u00b4Higgins se realiz\u00f3 el cierre presencial de la tercera versi\u00f3n del Campamento Explora Va!, dedicada a docentes de educaci\u00f3n b\u00e1sica o media y educadoras y asistentes de p\u00e1rvulos, organizada por PAR Explora O\u00b4Higgins. La reuni\u00f3n se efectu\u00f3 tras cinco d\u00edas de charlas virtuales con especialistas en diversos temas cient\u00edficos.<\/p>\n<p>\u201cEstamos muy contentos de esta nueva versi\u00f3n de Campamento Explora Va!, con una gran participaci\u00f3n de docentes de toda la Regi\u00f3n de O\u00b4Higgins. El s\u00e1bado tuvimos la oportunidad de finalizar de forma presencial con el objetivo de potenciar habilidades en el trabajo con los estudiantes, adem\u00e1s de promover el intercambio de experiencias, reflexi\u00f3n, escuchar al otro, y trabajar con el cuerpo que ha estado muy de lado en tiempo de pandemia\u201d, indic\u00f3 el director de PAR Explora O\u00b4Higgins, Rodrigo Verschae.<\/p>\n<p>Por su parte, la asesora cient\u00edfica de PAR Explora O\u00b4Higgins, Pamela Rojas, se\u00f1al\u00f3 que \u201cen Campamento vimos competencias cient\u00edficas para promover el trabajo con estudiantes acerca del aprendizaje basado en la generaci\u00f3n de preguntas para generar proyectos de investigaci\u00f3n y de innovaci\u00f3n escolar. Los docentes lo disfrutaron mucho. Sellamos esta semana con el compromiso de cada docente, escrito simb\u00f3licamente en una hoja, en que se compromet\u00edan a aplicar lo aprendido en Campamento con sus estudiantes\u201d.<\/p>\n<p>Una de las participantes, Pabla Barr\u00edas del Colegio San Alberto de Machal\u00ed, manifest\u00f3 que \u201csiempre PAR Explora nos sorprende. Esta semana ha sido muy interesante, muy asociada a lo que estamos viendo en el curr\u00edculum, muy pertinente como docente, y nos dan tips para llevarlo al aula para nuestros j\u00f3venes. Trabajamos mucho la innovaci\u00f3n, ejemplos concretos, actividades metodol\u00f3gicas, con profesores abiertos al pensamiento y conversaci\u00f3n. Ha sido muy agradable y nos ha permitido compartir con otros profesores. Me voy contenta, agradecida y con desaf\u00edos\u201d.<\/p>\n<p>Para Rodrigo Lizana del Colegio Nehu\u00e9n de San Vicente, \u201cesta es mi primera vez en Campamento Explora. Ha sido una experiencia gratificante, llena de conocimientos, donde hemos podido compartir con profesores de distintas asignaturas, que nos ayuda a mejorar nuestro quehacer docente. Las nuevas bases curriculares invitan a los estudiantes a la indagaci\u00f3n, en mi caso, la investigaci\u00f3n cient\u00edfica. Espero seguir participando\u201d.<\/p>\n<p>Su colega y coterr\u00e1nea, Vanessa Bustamante del Instituto San Vicente Tagua Tagua, asegur\u00f3 que ha sido una \u201cmaravillosa instancia\u201d. \u201cHe aprendido bastante y me ha servido para modificar algunas metodolog\u00edas y as\u00ed llegar de mejor manera a los estudiantes. A pesar de ser a distancia, ha sido muy gratificante y el cierre presencial nos sirvi\u00f3 para conocernos, con una actividad muy buena. Me voy con muchos contactos de profesores para ayudarnos y trabajar para una mejor educaci\u00f3n enfocada en el cambio clim\u00e1tico y la educaci\u00f3n ambiental\u201d, finaliz\u00f3 la profesora Vanessa.<\/p>\n<p>Una vez finalizado el Campamento Explora Va! 2022, los encargados y asesores de PAR\u00a0 Explora invitaron a las y los participantes a seguir trabajando en las iniciativas de PAR Explora O\u00b4Higgins, como PIPE (Programa de Indagaci\u00f3n para Primeras Edades) y las Academias de Investigaci\u00f3n e Innovaci\u00f3n Escolar (IIE), adem\u00e1s de participar de las iniciativas de Ciencia Abierta y el Festival de la Ciencia.<\/p>\n","protected":false},"excerpt":{"rendered":"<p>Tras cinco d\u00edas de trabajo virtual con especialistas en ciencias, las y los profesores y educadores de p\u00e1rvulos se reunieron de forma presencial en la Universidad de O\u00b4Higgins para cerrar una semana pedag\u00f3gica muy enriquecedora para todas y todos.<\/p>\n","protected":false},"author":23,"featured_media":39035,"comment_status":"open","ping_status":"open","sticky":false,"template":"","format":"standard","meta":{"_acf_changed":false,"_exactmetrics_skip_tracking":false,"_exactmetrics_sitenote_active":false,"_exactmetrics_sitenote_note":"","_exactmetrics_sitenote_category":0,"footnotes":"","_links_to":"","_links_to_target":""},"categories":[4],"tags":[],"class_list":["post-39034","post","type-post","status-publish","format-standard","has-post-thumbnail","hentry","category-noticias"],"acf":[],"yoast_head":"<!-- This site is optimized with the Yoast SEO plugin v26.7 - https:\/\/yoast.com\/wordpress\/plugins\/seo\/ -->\n<title>Docentes de la regi\u00f3n cerraron una semana de aprendizajes en Campamento Explora Va! - O&#039;Higgins<\/title>\n<meta name=\"robots\" content=\"index, follow, max-snippet:-1, max-image-preview:large, max-video-preview:-1\" \/>\n<link rel=\"canonical\" href=\"https:\/\/dev.explora.cl\/ohiggins\/docentes-de-la-region-cerraron-una-semana-de-aprendizajes-en-campamento-explora-va\/\" class=\"yoast-seo-meta-tag\" \/>\n<meta property=\"og:locale\" content=\"es_ES\" class=\"yoast-seo-meta-tag\" \/>\n<meta property=\"og:type\" content=\"article\" class=\"yoast-seo-meta-tag\" \/>\n<meta property=\"og:title\" content=\"Docentes de la regi\u00f3n cerraron una semana de aprendizajes en Campamento Explora Va! - O&#039;Higgins\" class=\"yoast-seo-meta-tag\" \/>\n<meta property=\"og:description\" content=\"Tras cinco d\u00edas de trabajo virtual con especialistas en ciencias, las y los profesores y educadores de p\u00e1rvulos se reunieron de forma presencial en la Universidad de O\u00b4Higgins para cerrar una semana pedag\u00f3gica muy enriquecedora para todas y todos.\" class=\"yoast-seo-meta-tag\" \/>\n<meta property=\"og:url\" content=\"https:\/\/dev.explora.cl\/ohiggins\/docentes-de-la-region-cerraron-una-semana-de-aprendizajes-en-campamento-explora-va\/\" class=\"yoast-seo-meta-tag\" \/>\n<meta property=\"og:site_name\" content=\"O&#039;Higgins\" class=\"yoast-seo-meta-tag\" \/>\n<meta property=\"article:published_time\" content=\"2022-01-18T12:40:29+00:00\" class=\"yoast-seo-meta-tag\" \/>\n<meta property=\"article:modified_time\" content=\"2022-03-30T22:06:06+00:00\" class=\"yoast-seo-meta-tag\" \/>\n<meta property=\"og:image\" content=\"https:\/\/dev.explora.cl\/ohiggins\/wp-content\/uploads\/sites\/8\/2022\/01\/IMG_7583-1024x683.jpg\" class=\"yoast-seo-meta-tag\" \/>\n\t<meta property=\"og:image:width\" content=\"1024\" class=\"yoast-seo-meta-tag\" \/>\n\t<meta property=\"og:image:height\" content=\"683\" class=\"yoast-seo-meta-tag\" \/>\n\t<meta property=\"og:image:type\" content=\"image\/jpeg\" class=\"yoast-seo-meta-tag\" \/>\n<meta name=\"author\" content=\"nsalazar\" class=\"yoast-seo-meta-tag\" \/>\n<meta name=\"twitter:card\" content=\"summary_large_image\" class=\"yoast-seo-meta-tag\" \/>\n<meta name=\"twitter:label1\" content=\"Escrito por\" class=\"yoast-seo-meta-tag\" \/>\n\t<meta name=\"twitter:data1\" content=\"nsalazar\" class=\"yoast-seo-meta-tag\" \/>\n\t<meta name=\"twitter:label2\" content=\"Tiempo estimado de lectura\" class=\"yoast-seo-meta-tag\" \/>\n\t<meta name=\"twitter:data2\" content=\"3 minutos\" class=\"yoast-seo-meta-tag\" \/>\n<script type=\"application\/ld+json\" class=\"yoast-schema-graph\">{\"@context\":\"https:\/\/schema.org\",\"@graph\":[{\"@type\":\"Article\",\"@id\":\"https:\/\/dev.explora.cl\/ohiggins\/docentes-de-la-region-cerraron-una-semana-de-aprendizajes-en-campamento-explora-va\/#article\",\"isPartOf\":{\"@id\":\"https:\/\/dev.explora.cl\/ohiggins\/docentes-de-la-region-cerraron-una-semana-de-aprendizajes-en-campamento-explora-va\/\"},\"author\":{\"name\":\"nsalazar\",\"@id\":\"https:\/\/dev.explora.cl\/ohiggins\/#\/schema\/person\/3240d62ad2624da9148a475abbc509b0\"},\"headline\":\"Docentes de la regi\u00f3n cerraron una semana de aprendizajes en Campamento Explora Va!\",\"datePublished\":\"2022-01-18T12:40:29+00:00\",\"dateModified\":\"2022-03-30T22:06:06+00:00\",\"mainEntityOfPage\":{\"@id\":\"https:\/\/dev.explora.cl\/ohiggins\/docentes-de-la-region-cerraron-una-semana-de-aprendizajes-en-campamento-explora-va\/\"},\"wordCount\":569,\"commentCount\":0,\"image\":{\"@id\":\"https:\/\/dev.explora.cl\/ohiggins\/docentes-de-la-region-cerraron-una-semana-de-aprendizajes-en-campamento-explora-va\/#primaryimage\"},\"thumbnailUrl\":\"https:\/\/dev.explora.cl\/ohiggins\/wp-content\/uploads\/sites\/8\/2022\/01\/IMG_7583.jpg\",\"articleSection\":[\"Noticias\"],\"inLanguage\":\"es-CL\",\"potentialAction\":[{\"@type\":\"CommentAction\",\"name\":\"Comment\",\"target\":[\"https:\/\/dev.explora.cl\/ohiggins\/docentes-de-la-region-cerraron-una-semana-de-aprendizajes-en-campamento-explora-va\/#respond\"]}]},{\"@type\":\"WebPage\",\"@id\":\"https:\/\/dev.explora.cl\/ohiggins\/docentes-de-la-region-cerraron-una-semana-de-aprendizajes-en-campamento-explora-va\/\",\"url\":\"https:\/\/dev.explora.cl\/ohiggins\/docentes-de-la-region-cerraron-una-semana-de-aprendizajes-en-campamento-explora-va\/\",\"name\":\"Docentes de la regi\u00f3n cerraron una semana de aprendizajes en Campamento Explora Va! - O&#039;Higgins\",\"isPartOf\":{\"@id\":\"https:\/\/dev.explora.cl\/ohiggins\/#website\"},\"primaryImageOfPage\":{\"@id\":\"https:\/\/dev.explora.cl\/ohiggins\/docentes-de-la-region-cerraron-una-semana-de-aprendizajes-en-campamento-explora-va\/#primaryimage\"},\"image\":{\"@id\":\"https:\/\/dev.explora.cl\/ohiggins\/docentes-de-la-region-cerraron-una-semana-de-aprendizajes-en-campamento-explora-va\/#primaryimage\"},\"thumbnailUrl\":\"https:\/\/dev.explora.cl\/ohiggins\/wp-content\/uploads\/sites\/8\/2022\/01\/IMG_7583.jpg\",\"datePublished\":\"2022-01-18T12:40:29+00:00\",\"dateModified\":\"2022-03-30T22:06:06+00:00\",\"author\":{\"@id\":\"https:\/\/dev.explora.cl\/ohiggins\/#\/schema\/person\/3240d62ad2624da9148a475abbc509b0\"},\"breadcrumb\":{\"@id\":\"https:\/\/dev.explora.cl\/ohiggins\/docentes-de-la-region-cerraron-una-semana-de-aprendizajes-en-campamento-explora-va\/#breadcrumb\"},\"inLanguage\":\"es-CL\",\"potentialAction\":[{\"@type\":\"ReadAction\",\"target\":[\"https:\/\/dev.explora.cl\/ohiggins\/docentes-de-la-region-cerraron-una-semana-de-aprendizajes-en-campamento-explora-va\/\"]}]},{\"@type\":\"ImageObject\",\"inLanguage\":\"es-CL\",\"@id\":\"https:\/\/dev.explora.cl\/ohiggins\/docentes-de-la-region-cerraron-una-semana-de-aprendizajes-en-campamento-explora-va\/#primaryimage\",\"url\":\"https:\/\/dev.explora.cl\/ohiggins\/wp-content\/uploads\/sites\/8\/2022\/01\/IMG_7583.jpg\",\"contentUrl\":\"https:\/\/dev.explora.cl\/ohiggins\/wp-content\/uploads\/sites\/8\/2022\/01\/IMG_7583.jpg\",\"width\":3984,\"height\":2656},{\"@type\":\"BreadcrumbList\",\"@id\":\"https:\/\/dev.explora.cl\/ohiggins\/docentes-de-la-region-cerraron-una-semana-de-aprendizajes-en-campamento-explora-va\/#breadcrumb\",\"itemListElement\":[{\"@type\":\"ListItem\",\"position\":1,\"name\":\"Portada\",\"item\":\"https:\/\/dev.explora.cl\/ohiggins\/\"},{\"@type\":\"ListItem\",\"position\":2,\"name\":\"Docentes de la regi\u00f3n cerraron una semana de aprendizajes en Campamento Explora Va!\"}]},{\"@type\":\"WebSite\",\"@id\":\"https:\/\/dev.explora.cl\/ohiggins\/#website\",\"url\":\"https:\/\/dev.explora.cl\/ohiggins\/\",\"name\":\"O&#039;Higgins\",\"description\":\"Otro sitio m\u00e1s de dev.explora.cl\",\"potentialAction\":[{\"@type\":\"SearchAction\",\"target\":{\"@type\":\"EntryPoint\",\"urlTemplate\":\"https:\/\/dev.explora.cl\/ohiggins\/?s={search_term_string}\"},\"query-input\":{\"@type\":\"PropertyValueSpecification\",\"valueRequired\":true,\"valueName\":\"search_term_string\"}}],\"inLanguage\":\"es-CL\"},{\"@type\":\"Person\",\"@id\":\"https:\/\/dev.explora.cl\/ohiggins\/#\/schema\/person\/3240d62ad2624da9148a475abbc509b0\",\"name\":\"nsalazar\",\"image\":{\"@type\":\"ImageObject\",\"inLanguage\":\"es-CL\",\"@id\":\"https:\/\/dev.explora.cl\/ohiggins\/#\/schema\/person\/image\/\",\"url\":\"https:\/\/secure.gravatar.com\/avatar\/b8cf276f31998a0865a3b90e4d663d91b97848887282c9f9a56cad57ff01cc7e?s=96&d=mm&r=g\",\"contentUrl\":\"https:\/\/secure.gravatar.com\/avatar\/b8cf276f31998a0865a3b90e4d663d91b97848887282c9f9a56cad57ff01cc7e?s=96&d=mm&r=g\",\"caption\":\"nsalazar\"},\"url\":\"https:\/\/dev.explora.cl\/ohiggins\/author\/nsalazar\/\"}]}<\/script>\n<!-- \/ Yoast SEO plugin. -->","yoast_head_json":{"title":"Docentes de la regi\u00f3n cerraron una semana de aprendizajes en Campamento Explora Va! - O&#039;Higgins","robots":{"index":"index","follow":"follow","max-snippet":"max-snippet:-1","max-image-preview":"max-image-preview:large","max-video-preview":"max-video-preview:-1"},"canonical":"https:\/\/dev.explora.cl\/ohiggins\/docentes-de-la-region-cerraron-una-semana-de-aprendizajes-en-campamento-explora-va\/","og_locale":"es_ES","og_type":"article","og_title":"Docentes de la regi\u00f3n cerraron una semana de aprendizajes en Campamento Explora Va! - O&#039;Higgins","og_description":"Tras cinco d\u00edas de trabajo virtual con especialistas en ciencias, las y los profesores y educadores de p\u00e1rvulos se reunieron de forma presencial en la Universidad de O\u00b4Higgins para cerrar una semana pedag\u00f3gica muy enriquecedora para todas y todos.","og_url":"https:\/\/dev.explora.cl\/ohiggins\/docentes-de-la-region-cerraron-una-semana-de-aprendizajes-en-campamento-explora-va\/","og_site_name":"O&#039;Higgins","article_published_time":"2022-01-18T12:40:29+00:00","article_modified_time":"2022-03-30T22:06:06+00:00","og_image":[{"width":1024,"height":683,"url":"https:\/\/dev.explora.cl\/ohiggins\/wp-content\/uploads\/sites\/8\/2022\/01\/IMG_7583-1024x683.jpg","type":"image\/jpeg"}],"author":"nsalazar","twitter_card":"summary_large_image","twitter_misc":{"Escrito por":"nsalazar","Tiempo estimado de lectura":"3 minutos"},"schema":{"@context":"https:\/\/schema.org","@graph":[{"@type":"Article","@id":"https:\/\/dev.explora.cl\/ohiggins\/docentes-de-la-region-cerraron-una-semana-de-aprendizajes-en-campamento-explora-va\/#article","isPartOf":{"@id":"https:\/\/dev.explora.cl\/ohiggins\/docentes-de-la-region-cerraron-una-semana-de-aprendizajes-en-campamento-explora-va\/"},"author":{"name":"nsalazar","@id":"https:\/\/dev.explora.cl\/ohiggins\/#\/schema\/person\/3240d62ad2624da9148a475abbc509b0"},"headline":"Docentes de la regi\u00f3n cerraron una semana de aprendizajes en Campamento Explora Va!","datePublished":"2022-01-18T12:40:29+00:00","dateModified":"2022-03-30T22:06:06+00:00","mainEntityOfPage":{"@id":"https:\/\/dev.explora.cl\/ohiggins\/docentes-de-la-region-cerraron-una-semana-de-aprendizajes-en-campamento-explora-va\/"},"wordCount":569,"commentCount":0,"image":{"@id":"https:\/\/dev.explora.cl\/ohiggins\/docentes-de-la-region-cerraron-una-semana-de-aprendizajes-en-campamento-explora-va\/#primaryimage"},"thumbnailUrl":"https:\/\/dev.explora.cl\/ohiggins\/wp-content\/uploads\/sites\/8\/2022\/01\/IMG_7583.jpg","articleSection":["Noticias"],"inLanguage":"es-CL","potentialAction":[{"@type":"CommentAction","name":"Comment","target":["https:\/\/dev.explora.cl\/ohiggins\/docentes-de-la-region-cerraron-una-semana-de-aprendizajes-en-campamento-explora-va\/#respond"]}]},{"@type":"WebPage","@id":"https:\/\/dev.explora.cl\/ohiggins\/docentes-de-la-region-cerraron-una-semana-de-aprendizajes-en-campamento-explora-va\/","url":"https:\/\/dev.explora.cl\/ohiggins\/docentes-de-la-region-cerraron-una-semana-de-aprendizajes-en-campamento-explora-va\/","name":"Docentes de la regi\u00f3n cerraron una semana de aprendizajes en Campamento Explora Va! - O&#039;Higgins","isPartOf":{"@id":"https:\/\/dev.explora.cl\/ohiggins\/#website"},"primaryImageOfPage":{"@id":"https:\/\/dev.explora.cl\/ohiggins\/docentes-de-la-region-cerraron-una-semana-de-aprendizajes-en-campamento-explora-va\/#primaryimage"},"image":{"@id":"https:\/\/dev.explora.cl\/ohiggins\/docentes-de-la-region-cerraron-una-semana-de-aprendizajes-en-campamento-explora-va\/#primaryimage"},"thumbnailUrl":"https:\/\/dev.explora.cl\/ohiggins\/wp-content\/uploads\/sites\/8\/2022\/01\/IMG_7583.jpg","datePublished":"2022-01-18T12:40:29+00:00","dateModified":"2022-03-30T22:06:06+00:00","author":{"@id":"https:\/\/dev.explora.cl\/ohiggins\/#\/schema\/person\/3240d62ad2624da9148a475abbc509b0"},"breadcrumb":{"@id":"https:\/\/dev.explora.cl\/ohiggins\/docentes-de-la-region-cerraron-una-semana-de-aprendizajes-en-campamento-explora-va\/#breadcrumb"},"inLanguage":"es-CL","potentialAction":[{"@type":"ReadAction","target":["https:\/\/dev.explora.cl\/ohiggins\/docentes-de-la-region-cerraron-una-semana-de-aprendizajes-en-campamento-explora-va\/"]}]},{"@type":"ImageObject","inLanguage":"es-CL","@id":"https:\/\/dev.explora.cl\/ohiggins\/docentes-de-la-region-cerraron-una-semana-de-aprendizajes-en-campamento-explora-va\/#primaryimage","url":"https:\/\/dev.explora.cl\/ohiggins\/wp-content\/uploads\/sites\/8\/2022\/01\/IMG_7583.jpg","contentUrl":"https:\/\/dev.explora.cl\/ohiggins\/wp-content\/uploads\/sites\/8\/2022\/01\/IMG_7583.jpg","width":3984,"height":2656},{"@type":"BreadcrumbList","@id":"https:\/\/dev.explora.cl\/ohiggins\/docentes-de-la-region-cerraron-una-semana-de-aprendizajes-en-campamento-explora-va\/#breadcrumb","itemListElement":[{"@type":"ListItem","position":1,"name":"Portada","item":"https:\/\/dev.explora.cl\/ohiggins\/"},{"@type":"ListItem","position":2,"name":"Docentes de la regi\u00f3n cerraron una semana de aprendizajes en Campamento Explora Va!"}]},{"@type":"WebSite","@id":"https:\/\/dev.explora.cl\/ohiggins\/#website","url":"https:\/\/dev.explora.cl\/ohiggins\/","name":"O&#039;Higgins","description":"Otro sitio m\u00e1s de dev.explora.cl","potentialAction":[{"@type":"SearchAction","target":{"@type":"EntryPoint","urlTemplate":"https:\/\/dev.explora.cl\/ohiggins\/?s={search_term_string}"},"query-input":{"@type":"PropertyValueSpecification","valueRequired":true,"valueName":"search_term_string"}}],"inLanguage":"es-CL"},{"@type":"Person","@id":"https:\/\/dev.explora.cl\/ohiggins\/#\/schema\/person\/3240d62ad2624da9148a475abbc509b0","name":"nsalazar","image":{"@type":"ImageObject","inLanguage":"es-CL","@id":"https:\/\/dev.explora.cl\/ohiggins\/#\/schema\/person\/image\/","url":"https:\/\/secure.gravatar.com\/avatar\/b8cf276f31998a0865a3b90e4d663d91b97848887282c9f9a56cad57ff01cc7e?s=96&d=mm&r=g","contentUrl":"https:\/\/secure.gravatar.com\/avatar\/b8cf276f31998a0865a3b90e4d663d91b97848887282c9f9a56cad57ff01cc7e?s=96&d=mm&r=g","caption":"nsalazar"},"url":"https:\/\/dev.explora.cl\/ohiggins\/author\/nsalazar\/"}]}},"_links":{"self":[{"href":"https:\/\/dev.explora.cl\/ohiggins\/wp-json\/wp\/v2\/posts\/39034","targetHints":{"allow":["GET"]}}],"collection":[{"href":"https:\/\/dev.explora.cl\/ohiggins\/wp-json\/wp\/v2\/posts"}],"about":[{"href":"https:\/\/dev.explora.cl\/ohiggins\/wp-json\/wp\/v2\/types\/post"}],"author":[{"embeddable":true,"href":"https:\/\/dev.explora.cl\/ohiggins\/wp-json\/wp\/v2\/users\/23"}],"replies":[{"embeddable":true,"href":"https:\/\/dev.explora.cl\/ohiggins\/wp-json\/wp\/v2\/comments?post=39034"}],"version-history":[{"count":1,"href":"https:\/\/dev.explora.cl\/ohiggins\/wp-json\/wp\/v2\/posts\/39034\/revisions"}],"predecessor-version":[{"id":39036,"href":"https:\/\/dev.explora.cl\/ohiggins\/wp-json\/wp\/v2\/posts\/39034\/revisions\/39036"}],"wp:featuredmedia":[{"embeddable":true,"href":"https:\/\/dev.explora.cl\/ohiggins\/wp-json\/wp\/v2\/media\/39035"}],"wp:attachment":[{"href":"https:\/\/dev.explora.cl\/ohiggins\/wp-json\/wp\/v2\/media?parent=39034"}],"wp:term":[{"taxonomy":"category","embeddable":true,"href":"https:\/\/dev.explora.cl\/ohiggins\/wp-json\/wp\/v2\/categories?post=39034"},{"taxonomy":"post_tag","embeddable":true,"href":"https:\/\/dev.explora.cl\/ohiggins\/wp-json\/wp\/v2\/tags?post=39034"}],"curies":[{"name":"wp","href":"https:\/\/api.w.org\/{rel}","templated":true}]}}