{"id":39029,"date":"2022-01-12T14:49:35","date_gmt":"2022-01-12T17:49:35","guid":{"rendered":"https:\/\/dev.explora.cl\/ohiggins\/?p=39029"},"modified":"2022-03-29T15:53:42","modified_gmt":"2022-03-29T18:53:42","slug":"inscribete-en-el-taller-y-opina-sobre-el-nuevo-mural-cientifico-del-melt-de-tagua-tagua","status":"publish","type":"post","link":"https:\/\/dev.explora.cl\/ohiggins\/inscribete-en-el-taller-y-opina-sobre-el-nuevo-mural-cientifico-del-melt-de-tagua-tagua\/","title":{"rendered":"Inscr\u00edbete en el taller y opina sobre el nuevo mural cient\u00edfico del MELT de Tagua Tagua"},"content":{"rendered":"<p>Co-dise\u00f1ar contenidos patrimoniales de la regi\u00f3n para la posterior elaboraci\u00f3n de tres murales cient\u00edficos que divulguen contenidos sobre el patrimonio regional, es el objetivo de la nueva actividad organizada por PAR Explora O\u00b4Higgins, de la Universidad de O\u2019Higgins, \u201cCiencia en Colores\u201d. En el marco de este programa, este viernes 14 de enero se realizar\u00e1 un taller art\u00edstico para la realizaci\u00f3n de la primera obra: \u201cMuralismo cient\u00edfico en Tagua Tagua\u201d.<\/p>\n<p>De acuerdo al director de PAR Explora O\u00b4Higgins, Rodrigo Verschae, \u201cla tem\u00e1tica de la actividad se concentra en el patrimonio cient\u00edfico regional, vista desde distintas disciplinas involucradas, por lo tanto, el enfoque de multidisciplinariedad se cumple a cabalidad. El desaf\u00edo es que los adolescentes logren sentirse identificados con estos territorios y lo reflejen en los contenidos de los murales, por ello invitamos a todas y todos a participar\u201d.<\/p>\n<p>Durante el taller que se realizar\u00e1 entre las 10 y 13 horas del viernes 14 de enero en el Museo Escolar Laguna Taguatagua (MELT), los participantes, junto a las y los expertos -ilustradores y grupos representativos del p\u00fablico objetivo-, realizar\u00e1n la selecci\u00f3n y el dise\u00f1o de los contenidos patrimoniales. A la semana siguiente, las y los expertos trabajar\u00e1n el boceto. La tercera semana (del 24 de enero) se realizar\u00e1 el pintado del mural cient\u00edfico en el MELT, que incluir\u00e1 un c\u00f3digo QR con informaci\u00f3n cient\u00edfica y motivacional adicional que invitar\u00e1 a los p\u00fablicos a utilizar el mural de modo educativo.<\/p>\n<p>\u201cEste viernes, desde las 10 de la ma\u00f1ana, se realizar\u00e1 el taller que contempla el segundo mural cient\u00edfico transmedia de la regi\u00f3n \u2013 el primero se hizo durante el Festival de la Ciencia del PAR Explora O\u2019Higgins-, esta vez, en los muros del MELT en San Vicente de Tagua Tagua. Estaremos junto a Teodoro Saavedra, artista visual que estar\u00e1 a cargo de la muestra, mientras que yo realizar\u00e9 el audiovisual y el c\u00f3digo QR que explique el contenido cient\u00edfico del mural. El viernes es la oportunidad para que la comunidad participe con su opini\u00f3n e inter\u00e9s para que juntos definamos el contenido del mural\u201d, indic\u00f3 Christian Pino, audiovisual a cargo, quien adem\u00e1s es presidente de la Asociaci\u00f3n de Artistas de San Fernando.<\/p>\n<p>El mural se realizar\u00e1 en una pared del Museo Escolar Laguna Taguatagua, justo frente al lugar donde pronto se instalar\u00e1 el proyecto jard\u00edn etnobot\u00e1nico. La actividad es realizada en conjunto con la Fundaci\u00f3n A\u00f1a\u00f1uca y el Museo, con la colaboraci\u00f3n de la Municipalidad de San Vicente.<\/p>\n<p>\u201cInvitamos a todas y todos a participar de la actividad Ciencia en Colores, que nos ofrecer\u00e1 talleres art\u00edsticos, charlas sobre patrimonio cient\u00edfico y visitas guiadas al Museo Escolar Laguna Taguatagua. \u00a1Inscr\u00edbanse!\u201d, se\u00f1al\u00f3 Ignacio Celis, encargado del \u00c1rea de Investigaci\u00f3n de Fundaci\u00f3n A\u00f1a\u00f1uca.<\/p>\n<p>Inscripciones en: <a href=\"https:\/\/bit.ly\/3JDEJHr\">https:\/\/bit.ly\/3JDEJHr<\/a> o en <a href=\"https:\/\/dev.explora.cl\/ohiggins\">dev.explora.cl\/ohiggins<\/a>. Cualquier consulta, puedan hacerla en el correo: <a href=\"mailto:explora.ohiggins@uoh.cl\">explora.ohiggins@uoh.cl<\/a>.<\/p>\n<p>&nbsp;<\/p>\n","protected":false},"excerpt":{"rendered":"<p>Como parte de la actividad Ciencia en Colores de PAR Explora O\u00b4Higgins, este viernes 14 de enero se realizar\u00e1 un taller art\u00edstico que definir\u00e1 la realizaci\u00f3n de un mural cient\u00edfico en el Museo Escolar Laguna Taguatagua de San Vicente.<\/p>\n","protected":false},"author":23,"featured_media":39032,"comment_status":"open","ping_status":"open","sticky":false,"template":"","format":"standard","meta":{"_acf_changed":false,"_exactmetrics_skip_tracking":false,"_exactmetrics_sitenote_active":false,"_exactmetrics_sitenote_note":"","_exactmetrics_sitenote_category":0,"footnotes":"","_links_to":"","_links_to_target":""},"categories":[4],"tags":[],"class_list":["post-39029","post","type-post","status-publish","format-standard","has-post-thumbnail","hentry","category-noticias"],"acf":[],"yoast_head":"<!-- This site is optimized with the Yoast SEO plugin v26.7 - https:\/\/yoast.com\/wordpress\/plugins\/seo\/ -->\n<title>Inscr\u00edbete en el taller y opina sobre el nuevo mural cient\u00edfico del MELT de Tagua Tagua - O&#039;Higgins<\/title>\n<meta name=\"robots\" content=\"index, follow, max-snippet:-1, max-image-preview:large, max-video-preview:-1\" \/>\n<link rel=\"canonical\" href=\"https:\/\/dev.explora.cl\/ohiggins\/inscribete-en-el-taller-y-opina-sobre-el-nuevo-mural-cientifico-del-melt-de-tagua-tagua\/\" class=\"yoast-seo-meta-tag\" \/>\n<meta property=\"og:locale\" content=\"es_ES\" class=\"yoast-seo-meta-tag\" \/>\n<meta property=\"og:type\" content=\"article\" class=\"yoast-seo-meta-tag\" \/>\n<meta property=\"og:title\" content=\"Inscr\u00edbete en el taller y opina sobre el nuevo mural cient\u00edfico del MELT de Tagua Tagua - O&#039;Higgins\" class=\"yoast-seo-meta-tag\" \/>\n<meta property=\"og:description\" content=\"Como parte de la actividad Ciencia en Colores de PAR Explora O\u00b4Higgins, este viernes 14 de enero se realizar\u00e1 un taller art\u00edstico que definir\u00e1 la realizaci\u00f3n de un mural cient\u00edfico en el Museo Escolar Laguna Taguatagua de San Vicente.\" class=\"yoast-seo-meta-tag\" \/>\n<meta property=\"og:url\" content=\"https:\/\/dev.explora.cl\/ohiggins\/inscribete-en-el-taller-y-opina-sobre-el-nuevo-mural-cientifico-del-melt-de-tagua-tagua\/\" class=\"yoast-seo-meta-tag\" \/>\n<meta property=\"og:site_name\" content=\"O&#039;Higgins\" class=\"yoast-seo-meta-tag\" \/>\n<meta property=\"article:published_time\" content=\"2022-01-12T17:49:35+00:00\" class=\"yoast-seo-meta-tag\" \/>\n<meta property=\"article:modified_time\" content=\"2022-03-29T18:53:42+00:00\" class=\"yoast-seo-meta-tag\" \/>\n<meta property=\"og:image\" content=\"https:\/\/dev.explora.cl\/ohiggins\/wp-content\/uploads\/sites\/8\/2022\/01\/muralismo-cient\u00edfico-taguatagua-2.jpg\" class=\"yoast-seo-meta-tag\" \/>\n\t<meta property=\"og:image:width\" content=\"1074\" class=\"yoast-seo-meta-tag\" \/>\n\t<meta property=\"og:image:height\" content=\"817\" class=\"yoast-seo-meta-tag\" \/>\n\t<meta property=\"og:image:type\" content=\"image\/jpeg\" class=\"yoast-seo-meta-tag\" \/>\n<meta name=\"author\" content=\"nsalazar\" class=\"yoast-seo-meta-tag\" \/>\n<meta name=\"twitter:card\" content=\"summary_large_image\" class=\"yoast-seo-meta-tag\" \/>\n<meta name=\"twitter:label1\" content=\"Escrito por\" class=\"yoast-seo-meta-tag\" \/>\n\t<meta name=\"twitter:data1\" content=\"nsalazar\" class=\"yoast-seo-meta-tag\" \/>\n\t<meta name=\"twitter:label2\" content=\"Tiempo estimado de lectura\" class=\"yoast-seo-meta-tag\" \/>\n\t<meta name=\"twitter:data2\" content=\"3 minutos\" class=\"yoast-seo-meta-tag\" \/>\n<script type=\"application\/ld+json\" class=\"yoast-schema-graph\">{\"@context\":\"https:\/\/schema.org\",\"@graph\":[{\"@type\":\"Article\",\"@id\":\"https:\/\/dev.explora.cl\/ohiggins\/inscribete-en-el-taller-y-opina-sobre-el-nuevo-mural-cientifico-del-melt-de-tagua-tagua\/#article\",\"isPartOf\":{\"@id\":\"https:\/\/dev.explora.cl\/ohiggins\/inscribete-en-el-taller-y-opina-sobre-el-nuevo-mural-cientifico-del-melt-de-tagua-tagua\/\"},\"author\":{\"name\":\"nsalazar\",\"@id\":\"https:\/\/dev.explora.cl\/ohiggins\/#\/schema\/person\/3240d62ad2624da9148a475abbc509b0\"},\"headline\":\"Inscr\u00edbete en el taller y opina sobre el nuevo mural cient\u00edfico del MELT de Tagua Tagua\",\"datePublished\":\"2022-01-12T17:49:35+00:00\",\"dateModified\":\"2022-03-29T18:53:42+00:00\",\"mainEntityOfPage\":{\"@id\":\"https:\/\/dev.explora.cl\/ohiggins\/inscribete-en-el-taller-y-opina-sobre-el-nuevo-mural-cientifico-del-melt-de-tagua-tagua\/\"},\"wordCount\":529,\"commentCount\":0,\"image\":{\"@id\":\"https:\/\/dev.explora.cl\/ohiggins\/inscribete-en-el-taller-y-opina-sobre-el-nuevo-mural-cientifico-del-melt-de-tagua-tagua\/#primaryimage\"},\"thumbnailUrl\":\"https:\/\/dev.explora.cl\/ohiggins\/wp-content\/uploads\/sites\/8\/2022\/01\/muralismo-cient\u00edfico-taguatagua-2.jpg\",\"articleSection\":[\"Noticias\"],\"inLanguage\":\"es-CL\",\"potentialAction\":[{\"@type\":\"CommentAction\",\"name\":\"Comment\",\"target\":[\"https:\/\/dev.explora.cl\/ohiggins\/inscribete-en-el-taller-y-opina-sobre-el-nuevo-mural-cientifico-del-melt-de-tagua-tagua\/#respond\"]}]},{\"@type\":\"WebPage\",\"@id\":\"https:\/\/dev.explora.cl\/ohiggins\/inscribete-en-el-taller-y-opina-sobre-el-nuevo-mural-cientifico-del-melt-de-tagua-tagua\/\",\"url\":\"https:\/\/dev.explora.cl\/ohiggins\/inscribete-en-el-taller-y-opina-sobre-el-nuevo-mural-cientifico-del-melt-de-tagua-tagua\/\",\"name\":\"Inscr\u00edbete en el taller y opina sobre el nuevo mural cient\u00edfico del MELT de Tagua Tagua - O&#039;Higgins\",\"isPartOf\":{\"@id\":\"https:\/\/dev.explora.cl\/ohiggins\/#website\"},\"primaryImageOfPage\":{\"@id\":\"https:\/\/dev.explora.cl\/ohiggins\/inscribete-en-el-taller-y-opina-sobre-el-nuevo-mural-cientifico-del-melt-de-tagua-tagua\/#primaryimage\"},\"image\":{\"@id\":\"https:\/\/dev.explora.cl\/ohiggins\/inscribete-en-el-taller-y-opina-sobre-el-nuevo-mural-cientifico-del-melt-de-tagua-tagua\/#primaryimage\"},\"thumbnailUrl\":\"https:\/\/dev.explora.cl\/ohiggins\/wp-content\/uploads\/sites\/8\/2022\/01\/muralismo-cient\u00edfico-taguatagua-2.jpg\",\"datePublished\":\"2022-01-12T17:49:35+00:00\",\"dateModified\":\"2022-03-29T18:53:42+00:00\",\"author\":{\"@id\":\"https:\/\/dev.explora.cl\/ohiggins\/#\/schema\/person\/3240d62ad2624da9148a475abbc509b0\"},\"breadcrumb\":{\"@id\":\"https:\/\/dev.explora.cl\/ohiggins\/inscribete-en-el-taller-y-opina-sobre-el-nuevo-mural-cientifico-del-melt-de-tagua-tagua\/#breadcrumb\"},\"inLanguage\":\"es-CL\",\"potentialAction\":[{\"@type\":\"ReadAction\",\"target\":[\"https:\/\/dev.explora.cl\/ohiggins\/inscribete-en-el-taller-y-opina-sobre-el-nuevo-mural-cientifico-del-melt-de-tagua-tagua\/\"]}]},{\"@type\":\"ImageObject\",\"inLanguage\":\"es-CL\",\"@id\":\"https:\/\/dev.explora.cl\/ohiggins\/inscribete-en-el-taller-y-opina-sobre-el-nuevo-mural-cientifico-del-melt-de-tagua-tagua\/#primaryimage\",\"url\":\"https:\/\/dev.explora.cl\/ohiggins\/wp-content\/uploads\/sites\/8\/2022\/01\/muralismo-cient\u00edfico-taguatagua-2.jpg\",\"contentUrl\":\"https:\/\/dev.explora.cl\/ohiggins\/wp-content\/uploads\/sites\/8\/2022\/01\/muralismo-cient\u00edfico-taguatagua-2.jpg\",\"width\":1074,\"height\":817},{\"@type\":\"BreadcrumbList\",\"@id\":\"https:\/\/dev.explora.cl\/ohiggins\/inscribete-en-el-taller-y-opina-sobre-el-nuevo-mural-cientifico-del-melt-de-tagua-tagua\/#breadcrumb\",\"itemListElement\":[{\"@type\":\"ListItem\",\"position\":1,\"name\":\"Portada\",\"item\":\"https:\/\/dev.explora.cl\/ohiggins\/\"},{\"@type\":\"ListItem\",\"position\":2,\"name\":\"Inscr\u00edbete en el taller y opina sobre el nuevo mural cient\u00edfico del MELT de Tagua Tagua\"}]},{\"@type\":\"WebSite\",\"@id\":\"https:\/\/dev.explora.cl\/ohiggins\/#website\",\"url\":\"https:\/\/dev.explora.cl\/ohiggins\/\",\"name\":\"O&#039;Higgins\",\"description\":\"Otro sitio m\u00e1s de dev.explora.cl\",\"potentialAction\":[{\"@type\":\"SearchAction\",\"target\":{\"@type\":\"EntryPoint\",\"urlTemplate\":\"https:\/\/dev.explora.cl\/ohiggins\/?s={search_term_string}\"},\"query-input\":{\"@type\":\"PropertyValueSpecification\",\"valueRequired\":true,\"valueName\":\"search_term_string\"}}],\"inLanguage\":\"es-CL\"},{\"@type\":\"Person\",\"@id\":\"https:\/\/dev.explora.cl\/ohiggins\/#\/schema\/person\/3240d62ad2624da9148a475abbc509b0\",\"name\":\"nsalazar\",\"image\":{\"@type\":\"ImageObject\",\"inLanguage\":\"es-CL\",\"@id\":\"https:\/\/dev.explora.cl\/ohiggins\/#\/schema\/person\/image\/\",\"url\":\"https:\/\/secure.gravatar.com\/avatar\/b8cf276f31998a0865a3b90e4d663d91b97848887282c9f9a56cad57ff01cc7e?s=96&d=mm&r=g\",\"contentUrl\":\"https:\/\/secure.gravatar.com\/avatar\/b8cf276f31998a0865a3b90e4d663d91b97848887282c9f9a56cad57ff01cc7e?s=96&d=mm&r=g\",\"caption\":\"nsalazar\"},\"url\":\"https:\/\/dev.explora.cl\/ohiggins\/author\/nsalazar\/\"}]}<\/script>\n<!-- \/ Yoast SEO plugin. -->","yoast_head_json":{"title":"Inscr\u00edbete en el taller y opina sobre el nuevo mural cient\u00edfico del MELT de Tagua Tagua - O&#039;Higgins","robots":{"index":"index","follow":"follow","max-snippet":"max-snippet:-1","max-image-preview":"max-image-preview:large","max-video-preview":"max-video-preview:-1"},"canonical":"https:\/\/dev.explora.cl\/ohiggins\/inscribete-en-el-taller-y-opina-sobre-el-nuevo-mural-cientifico-del-melt-de-tagua-tagua\/","og_locale":"es_ES","og_type":"article","og_title":"Inscr\u00edbete en el taller y opina sobre el nuevo mural cient\u00edfico del MELT de Tagua Tagua - O&#039;Higgins","og_description":"Como parte de la actividad Ciencia en Colores de PAR Explora O\u00b4Higgins, este viernes 14 de enero se realizar\u00e1 un taller art\u00edstico que definir\u00e1 la realizaci\u00f3n de un mural cient\u00edfico en el Museo Escolar Laguna Taguatagua de San Vicente.","og_url":"https:\/\/dev.explora.cl\/ohiggins\/inscribete-en-el-taller-y-opina-sobre-el-nuevo-mural-cientifico-del-melt-de-tagua-tagua\/","og_site_name":"O&#039;Higgins","article_published_time":"2022-01-12T17:49:35+00:00","article_modified_time":"2022-03-29T18:53:42+00:00","og_image":[{"width":1074,"height":817,"url":"https:\/\/dev.explora.cl\/ohiggins\/wp-content\/uploads\/sites\/8\/2022\/01\/muralismo-cient\u00edfico-taguatagua-2.jpg","type":"image\/jpeg"}],"author":"nsalazar","twitter_card":"summary_large_image","twitter_misc":{"Escrito por":"nsalazar","Tiempo estimado de lectura":"3 minutos"},"schema":{"@context":"https:\/\/schema.org","@graph":[{"@type":"Article","@id":"https:\/\/dev.explora.cl\/ohiggins\/inscribete-en-el-taller-y-opina-sobre-el-nuevo-mural-cientifico-del-melt-de-tagua-tagua\/#article","isPartOf":{"@id":"https:\/\/dev.explora.cl\/ohiggins\/inscribete-en-el-taller-y-opina-sobre-el-nuevo-mural-cientifico-del-melt-de-tagua-tagua\/"},"author":{"name":"nsalazar","@id":"https:\/\/dev.explora.cl\/ohiggins\/#\/schema\/person\/3240d62ad2624da9148a475abbc509b0"},"headline":"Inscr\u00edbete en el taller y opina sobre el nuevo mural cient\u00edfico del MELT de Tagua Tagua","datePublished":"2022-01-12T17:49:35+00:00","dateModified":"2022-03-29T18:53:42+00:00","mainEntityOfPage":{"@id":"https:\/\/dev.explora.cl\/ohiggins\/inscribete-en-el-taller-y-opina-sobre-el-nuevo-mural-cientifico-del-melt-de-tagua-tagua\/"},"wordCount":529,"commentCount":0,"image":{"@id":"https:\/\/dev.explora.cl\/ohiggins\/inscribete-en-el-taller-y-opina-sobre-el-nuevo-mural-cientifico-del-melt-de-tagua-tagua\/#primaryimage"},"thumbnailUrl":"https:\/\/dev.explora.cl\/ohiggins\/wp-content\/uploads\/sites\/8\/2022\/01\/muralismo-cient\u00edfico-taguatagua-2.jpg","articleSection":["Noticias"],"inLanguage":"es-CL","potentialAction":[{"@type":"CommentAction","name":"Comment","target":["https:\/\/dev.explora.cl\/ohiggins\/inscribete-en-el-taller-y-opina-sobre-el-nuevo-mural-cientifico-del-melt-de-tagua-tagua\/#respond"]}]},{"@type":"WebPage","@id":"https:\/\/dev.explora.cl\/ohiggins\/inscribete-en-el-taller-y-opina-sobre-el-nuevo-mural-cientifico-del-melt-de-tagua-tagua\/","url":"https:\/\/dev.explora.cl\/ohiggins\/inscribete-en-el-taller-y-opina-sobre-el-nuevo-mural-cientifico-del-melt-de-tagua-tagua\/","name":"Inscr\u00edbete en el taller y opina sobre el nuevo mural cient\u00edfico del MELT de Tagua Tagua - O&#039;Higgins","isPartOf":{"@id":"https:\/\/dev.explora.cl\/ohiggins\/#website"},"primaryImageOfPage":{"@id":"https:\/\/dev.explora.cl\/ohiggins\/inscribete-en-el-taller-y-opina-sobre-el-nuevo-mural-cientifico-del-melt-de-tagua-tagua\/#primaryimage"},"image":{"@id":"https:\/\/dev.explora.cl\/ohiggins\/inscribete-en-el-taller-y-opina-sobre-el-nuevo-mural-cientifico-del-melt-de-tagua-tagua\/#primaryimage"},"thumbnailUrl":"https:\/\/dev.explora.cl\/ohiggins\/wp-content\/uploads\/sites\/8\/2022\/01\/muralismo-cient\u00edfico-taguatagua-2.jpg","datePublished":"2022-01-12T17:49:35+00:00","dateModified":"2022-03-29T18:53:42+00:00","author":{"@id":"https:\/\/dev.explora.cl\/ohiggins\/#\/schema\/person\/3240d62ad2624da9148a475abbc509b0"},"breadcrumb":{"@id":"https:\/\/dev.explora.cl\/ohiggins\/inscribete-en-el-taller-y-opina-sobre-el-nuevo-mural-cientifico-del-melt-de-tagua-tagua\/#breadcrumb"},"inLanguage":"es-CL","potentialAction":[{"@type":"ReadAction","target":["https:\/\/dev.explora.cl\/ohiggins\/inscribete-en-el-taller-y-opina-sobre-el-nuevo-mural-cientifico-del-melt-de-tagua-tagua\/"]}]},{"@type":"ImageObject","inLanguage":"es-CL","@id":"https:\/\/dev.explora.cl\/ohiggins\/inscribete-en-el-taller-y-opina-sobre-el-nuevo-mural-cientifico-del-melt-de-tagua-tagua\/#primaryimage","url":"https:\/\/dev.explora.cl\/ohiggins\/wp-content\/uploads\/sites\/8\/2022\/01\/muralismo-cient\u00edfico-taguatagua-2.jpg","contentUrl":"https:\/\/dev.explora.cl\/ohiggins\/wp-content\/uploads\/sites\/8\/2022\/01\/muralismo-cient\u00edfico-taguatagua-2.jpg","width":1074,"height":817},{"@type":"BreadcrumbList","@id":"https:\/\/dev.explora.cl\/ohiggins\/inscribete-en-el-taller-y-opina-sobre-el-nuevo-mural-cientifico-del-melt-de-tagua-tagua\/#breadcrumb","itemListElement":[{"@type":"ListItem","position":1,"name":"Portada","item":"https:\/\/dev.explora.cl\/ohiggins\/"},{"@type":"ListItem","position":2,"name":"Inscr\u00edbete en el taller y opina sobre el nuevo mural cient\u00edfico del MELT de Tagua Tagua"}]},{"@type":"WebSite","@id":"https:\/\/dev.explora.cl\/ohiggins\/#website","url":"https:\/\/dev.explora.cl\/ohiggins\/","name":"O&#039;Higgins","description":"Otro sitio m\u00e1s de dev.explora.cl","potentialAction":[{"@type":"SearchAction","target":{"@type":"EntryPoint","urlTemplate":"https:\/\/dev.explora.cl\/ohiggins\/?s={search_term_string}"},"query-input":{"@type":"PropertyValueSpecification","valueRequired":true,"valueName":"search_term_string"}}],"inLanguage":"es-CL"},{"@type":"Person","@id":"https:\/\/dev.explora.cl\/ohiggins\/#\/schema\/person\/3240d62ad2624da9148a475abbc509b0","name":"nsalazar","image":{"@type":"ImageObject","inLanguage":"es-CL","@id":"https:\/\/dev.explora.cl\/ohiggins\/#\/schema\/person\/image\/","url":"https:\/\/secure.gravatar.com\/avatar\/b8cf276f31998a0865a3b90e4d663d91b97848887282c9f9a56cad57ff01cc7e?s=96&d=mm&r=g","contentUrl":"https:\/\/secure.gravatar.com\/avatar\/b8cf276f31998a0865a3b90e4d663d91b97848887282c9f9a56cad57ff01cc7e?s=96&d=mm&r=g","caption":"nsalazar"},"url":"https:\/\/dev.explora.cl\/ohiggins\/author\/nsalazar\/"}]}},"_links":{"self":[{"href":"https:\/\/dev.explora.cl\/ohiggins\/wp-json\/wp\/v2\/posts\/39029","targetHints":{"allow":["GET"]}}],"collection":[{"href":"https:\/\/dev.explora.cl\/ohiggins\/wp-json\/wp\/v2\/posts"}],"about":[{"href":"https:\/\/dev.explora.cl\/ohiggins\/wp-json\/wp\/v2\/types\/post"}],"author":[{"embeddable":true,"href":"https:\/\/dev.explora.cl\/ohiggins\/wp-json\/wp\/v2\/users\/23"}],"replies":[{"embeddable":true,"href":"https:\/\/dev.explora.cl\/ohiggins\/wp-json\/wp\/v2\/comments?post=39029"}],"version-history":[{"count":1,"href":"https:\/\/dev.explora.cl\/ohiggins\/wp-json\/wp\/v2\/posts\/39029\/revisions"}],"predecessor-version":[{"id":39031,"href":"https:\/\/dev.explora.cl\/ohiggins\/wp-json\/wp\/v2\/posts\/39029\/revisions\/39031"}],"wp:featuredmedia":[{"embeddable":true,"href":"https:\/\/dev.explora.cl\/ohiggins\/wp-json\/wp\/v2\/media\/39032"}],"wp:attachment":[{"href":"https:\/\/dev.explora.cl\/ohiggins\/wp-json\/wp\/v2\/media?parent=39029"}],"wp:term":[{"taxonomy":"category","embeddable":true,"href":"https:\/\/dev.explora.cl\/ohiggins\/wp-json\/wp\/v2\/categories?post=39029"},{"taxonomy":"post_tag","embeddable":true,"href":"https:\/\/dev.explora.cl\/ohiggins\/wp-json\/wp\/v2\/tags?post=39029"}],"curies":[{"name":"wp","href":"https:\/\/api.w.org\/{rel}","templated":true}]}}