{"id":39026,"date":"2022-01-10T18:08:41","date_gmt":"2022-01-10T21:08:41","guid":{"rendered":"https:\/\/dev.explora.cl\/ohiggins\/?p=39026"},"modified":"2022-03-09T12:18:36","modified_gmt":"2022-03-09T15:18:36","slug":"educadoras-es-y-tecnicos-de-parvulos-participaron-en-cierre-del-programa-pipe-2020-2021","status":"publish","type":"post","link":"https:\/\/dev.explora.cl\/ohiggins\/educadoras-es-y-tecnicos-de-parvulos-participaron-en-cierre-del-programa-pipe-2020-2021\/","title":{"rendered":"Educadoras\/es y t\u00e9cnicos de p\u00e1rvulos participaron en cierre del programa PIPE 2020-2021"},"content":{"rendered":"<p>Con una actividad presencial celebrada en el auditorio de la Universidad de O\u00b4Higgins, PAR Explora O\u00b4Higgins junto a educadoras\/es y t\u00e9cnicos de educaci\u00f3n parvularia, realizaron la ceremonia de cierre del Programa de Indagaci\u00f3n en Primeras Edades (PIPE) de la Regi\u00f3n de O\u2019Higgins, perteneciente al Programa Explora de la Divisi\u00f3n Ciencia y Sociedad del Ministerio de Ciencia, Tecnolog\u00eda, Conocimiento e Innovaci\u00f3n.<\/p>\n<p>\u201cEl Programa de Indagaci\u00f3n para Primera Edades, PIPE, tuvo un excelente cierre. Trabajamos el 2021 con 99 educadoras\/es y t\u00e9cnicos de la educaci\u00f3n que participaron quincenalmente en sesiones de formaci\u00f3n profesional docente, y logramos implementar m\u00e1s de 150 talleres a lo largo de toda la Regi\u00f3n de O\u00b4Higgins. Estamos muy felices de haber cumplido los objetivos de trabajar este programa de indagaci\u00f3n con las primeras edades, en jardines infantiles y establecimientos educacionales de toda la regi\u00f3n\u201d, indic\u00f3 el director de PAR Explora O\u00b4Higgins, Rodrigo Verschae.<\/p>\n<p>Durante la actividad, las y los presentes recibieron una charla sobre biogeograf\u00eda regional, realizada por el licenciado en geograf\u00eda, Sebasti\u00e1n Cabello. Finalizada la ceremonia, las educadoras y t\u00e9cnicos en educaci\u00f3n recibieron sus respectivos diplomas que acreditan su participaci\u00f3n en PIPE 2021.<\/p>\n<p>De acuerdo a la encargada de Valoraci\u00f3n de PAR Explora O\u00b4Higgins, Mar\u00eda Antonieta Rojas, durante el 2021 \u201ctrabajamos con m\u00f3dulos de ciencias sociales, a trav\u00e9s del m\u00f3dulo Beetour, recolectando paisajes, y tambi\u00e9n con el viaje en el tiempo y espacio para niveles medios y de transici\u00f3n. Adem\u00e1s, hicimos la continuidad del trabajo del 2020 con m\u00e1s de 80 educadoras que siguieron trabajando con plantas y animales\u201d.<\/p>\n<p>\u201cAparte de entregarnos los conocimientos, nos ha ayudado a acercar a los ni\u00f1os a las ciencias, la naturaleza, crear oportunidades para realizar en sus casas. Muchas veces la ciencia y la tecnolog\u00eda no est\u00e1n incluidas en los niveles parvularios, nuestro establecimiento es vulnerable, y PIPE nos ha dado esta oportunidad. Estoy muy agradecida\u201d, se\u00f1al\u00f3 una de las participantes, Daniela Vargas del Colegio Antonio Trdan Arko de Graneros.<\/p>\n<p>Por su parte, Mar\u00eda Antonieta Guzm\u00e1n del Colegio El Cobre de Rancagua, indic\u00f3 que \u201cel programa PIPE ha sido una herramienta muy grande para nosotros. Nos ha hecho reencantarnos y volver a ser curiosos, tal como son los ni\u00f1os y ni\u00f1as. Esto ha sido un aprendizaje en conjunto, por lo que estoy muy agradecida de darle un valor tan importante al cuidado del medio ambiente, la naturaleza, especialmente de la flora y la fauna\u201d.<\/p>\n<p>Por \u00faltimo, Mar\u00eda Soledad Clavijo de la Escuela Mar\u00eda Luisa Bouch\u00f3n de San Fernando, asegur\u00f3 que \u201cla indagaci\u00f3n en PIPE es un esfuerzo tremendo para los ni\u00f1os en tiempo de pandemia. Trabajamos online y les ha favorecido en todo sentido. Querer estar con la naturaleza, en s\u00ed con los chicos, ha sido una satisfacci\u00f3n tremenda para todos, incluso para los padres. Les digo a mis colegas que si tienen la oportunidad de hacer PIPE, lo hagan, no se van a arrepentir\u201d.<\/p>\n","protected":false},"excerpt":{"rendered":"<p>El Programa de Indagaci\u00f3n en Primeras Edades (PIPE), de PAR Explora O\u00b4Higgins, busca fortalecer las competencias cient\u00edficas de los equipos pedag\u00f3gicos que trabajan con las primeras edades.<\/p>\n","protected":false},"author":23,"featured_media":39027,"comment_status":"open","ping_status":"open","sticky":false,"template":"","format":"standard","meta":{"_acf_changed":false,"_exactmetrics_skip_tracking":false,"_exactmetrics_sitenote_active":false,"_exactmetrics_sitenote_note":"","_exactmetrics_sitenote_category":0,"footnotes":"","_links_to":"","_links_to_target":""},"categories":[4],"tags":[],"class_list":["post-39026","post","type-post","status-publish","format-standard","has-post-thumbnail","hentry","category-noticias"],"acf":[],"yoast_head":"<!-- This site is optimized with the Yoast SEO plugin v26.7 - https:\/\/yoast.com\/wordpress\/plugins\/seo\/ -->\n<title>Educadoras\/es y t\u00e9cnicos de p\u00e1rvulos participaron en cierre del programa PIPE 2020-2021 - O&#039;Higgins<\/title>\n<meta name=\"robots\" content=\"index, follow, max-snippet:-1, max-image-preview:large, max-video-preview:-1\" \/>\n<link rel=\"canonical\" href=\"https:\/\/dev.explora.cl\/ohiggins\/educadoras-es-y-tecnicos-de-parvulos-participaron-en-cierre-del-programa-pipe-2020-2021\/\" class=\"yoast-seo-meta-tag\" \/>\n<meta property=\"og:locale\" content=\"es_ES\" class=\"yoast-seo-meta-tag\" \/>\n<meta property=\"og:type\" content=\"article\" class=\"yoast-seo-meta-tag\" \/>\n<meta property=\"og:title\" content=\"Educadoras\/es y t\u00e9cnicos de p\u00e1rvulos participaron en cierre del programa PIPE 2020-2021 - O&#039;Higgins\" class=\"yoast-seo-meta-tag\" \/>\n<meta property=\"og:description\" content=\"El Programa de Indagaci\u00f3n en Primeras Edades (PIPE), de PAR Explora O\u00b4Higgins, busca fortalecer las competencias cient\u00edficas de los equipos pedag\u00f3gicos que trabajan con las primeras edades.\" class=\"yoast-seo-meta-tag\" \/>\n<meta property=\"og:url\" content=\"https:\/\/dev.explora.cl\/ohiggins\/educadoras-es-y-tecnicos-de-parvulos-participaron-en-cierre-del-programa-pipe-2020-2021\/\" class=\"yoast-seo-meta-tag\" \/>\n<meta property=\"og:site_name\" content=\"O&#039;Higgins\" class=\"yoast-seo-meta-tag\" \/>\n<meta property=\"article:published_time\" content=\"2022-01-10T21:08:41+00:00\" class=\"yoast-seo-meta-tag\" \/>\n<meta property=\"article:modified_time\" content=\"2022-03-09T15:18:36+00:00\" class=\"yoast-seo-meta-tag\" \/>\n<meta property=\"og:image\" content=\"https:\/\/dev.explora.cl\/ohiggins\/wp-content\/uploads\/sites\/8\/2022\/01\/IMG_7458.jpg\" class=\"yoast-seo-meta-tag\" \/>\n\t<meta property=\"og:image:width\" content=\"3984\" class=\"yoast-seo-meta-tag\" \/>\n\t<meta property=\"og:image:height\" content=\"2656\" class=\"yoast-seo-meta-tag\" \/>\n\t<meta property=\"og:image:type\" content=\"image\/jpeg\" class=\"yoast-seo-meta-tag\" \/>\n<meta name=\"author\" content=\"nsalazar\" class=\"yoast-seo-meta-tag\" \/>\n<meta name=\"twitter:card\" content=\"summary_large_image\" class=\"yoast-seo-meta-tag\" \/>\n<meta name=\"twitter:label1\" content=\"Escrito por\" class=\"yoast-seo-meta-tag\" \/>\n\t<meta name=\"twitter:data1\" content=\"nsalazar\" class=\"yoast-seo-meta-tag\" \/>\n\t<meta name=\"twitter:label2\" content=\"Tiempo estimado de lectura\" class=\"yoast-seo-meta-tag\" \/>\n\t<meta name=\"twitter:data2\" content=\"3 minutos\" class=\"yoast-seo-meta-tag\" \/>\n<script type=\"application\/ld+json\" class=\"yoast-schema-graph\">{\"@context\":\"https:\/\/schema.org\",\"@graph\":[{\"@type\":\"Article\",\"@id\":\"https:\/\/dev.explora.cl\/ohiggins\/educadoras-es-y-tecnicos-de-parvulos-participaron-en-cierre-del-programa-pipe-2020-2021\/#article\",\"isPartOf\":{\"@id\":\"https:\/\/dev.explora.cl\/ohiggins\/educadoras-es-y-tecnicos-de-parvulos-participaron-en-cierre-del-programa-pipe-2020-2021\/\"},\"author\":{\"name\":\"nsalazar\",\"@id\":\"https:\/\/dev.explora.cl\/ohiggins\/#\/schema\/person\/3240d62ad2624da9148a475abbc509b0\"},\"headline\":\"Educadoras\/es y t\u00e9cnicos de p\u00e1rvulos participaron en cierre del programa PIPE 2020-2021\",\"datePublished\":\"2022-01-10T21:08:41+00:00\",\"dateModified\":\"2022-03-09T15:18:36+00:00\",\"mainEntityOfPage\":{\"@id\":\"https:\/\/dev.explora.cl\/ohiggins\/educadoras-es-y-tecnicos-de-parvulos-participaron-en-cierre-del-programa-pipe-2020-2021\/\"},\"wordCount\":534,\"commentCount\":0,\"image\":{\"@id\":\"https:\/\/dev.explora.cl\/ohiggins\/educadoras-es-y-tecnicos-de-parvulos-participaron-en-cierre-del-programa-pipe-2020-2021\/#primaryimage\"},\"thumbnailUrl\":\"https:\/\/dev.explora.cl\/ohiggins\/wp-content\/uploads\/sites\/8\/2022\/01\/IMG_7458.jpg\",\"articleSection\":[\"Noticias\"],\"inLanguage\":\"es-CL\",\"potentialAction\":[{\"@type\":\"CommentAction\",\"name\":\"Comment\",\"target\":[\"https:\/\/dev.explora.cl\/ohiggins\/educadoras-es-y-tecnicos-de-parvulos-participaron-en-cierre-del-programa-pipe-2020-2021\/#respond\"]}]},{\"@type\":\"WebPage\",\"@id\":\"https:\/\/dev.explora.cl\/ohiggins\/educadoras-es-y-tecnicos-de-parvulos-participaron-en-cierre-del-programa-pipe-2020-2021\/\",\"url\":\"https:\/\/dev.explora.cl\/ohiggins\/educadoras-es-y-tecnicos-de-parvulos-participaron-en-cierre-del-programa-pipe-2020-2021\/\",\"name\":\"Educadoras\/es y t\u00e9cnicos de p\u00e1rvulos participaron en cierre del programa PIPE 2020-2021 - O&#039;Higgins\",\"isPartOf\":{\"@id\":\"https:\/\/dev.explora.cl\/ohiggins\/#website\"},\"primaryImageOfPage\":{\"@id\":\"https:\/\/dev.explora.cl\/ohiggins\/educadoras-es-y-tecnicos-de-parvulos-participaron-en-cierre-del-programa-pipe-2020-2021\/#primaryimage\"},\"image\":{\"@id\":\"https:\/\/dev.explora.cl\/ohiggins\/educadoras-es-y-tecnicos-de-parvulos-participaron-en-cierre-del-programa-pipe-2020-2021\/#primaryimage\"},\"thumbnailUrl\":\"https:\/\/dev.explora.cl\/ohiggins\/wp-content\/uploads\/sites\/8\/2022\/01\/IMG_7458.jpg\",\"datePublished\":\"2022-01-10T21:08:41+00:00\",\"dateModified\":\"2022-03-09T15:18:36+00:00\",\"author\":{\"@id\":\"https:\/\/dev.explora.cl\/ohiggins\/#\/schema\/person\/3240d62ad2624da9148a475abbc509b0\"},\"breadcrumb\":{\"@id\":\"https:\/\/dev.explora.cl\/ohiggins\/educadoras-es-y-tecnicos-de-parvulos-participaron-en-cierre-del-programa-pipe-2020-2021\/#breadcrumb\"},\"inLanguage\":\"es-CL\",\"potentialAction\":[{\"@type\":\"ReadAction\",\"target\":[\"https:\/\/dev.explora.cl\/ohiggins\/educadoras-es-y-tecnicos-de-parvulos-participaron-en-cierre-del-programa-pipe-2020-2021\/\"]}]},{\"@type\":\"ImageObject\",\"inLanguage\":\"es-CL\",\"@id\":\"https:\/\/dev.explora.cl\/ohiggins\/educadoras-es-y-tecnicos-de-parvulos-participaron-en-cierre-del-programa-pipe-2020-2021\/#primaryimage\",\"url\":\"https:\/\/dev.explora.cl\/ohiggins\/wp-content\/uploads\/sites\/8\/2022\/01\/IMG_7458.jpg\",\"contentUrl\":\"https:\/\/dev.explora.cl\/ohiggins\/wp-content\/uploads\/sites\/8\/2022\/01\/IMG_7458.jpg\",\"width\":3984,\"height\":2656},{\"@type\":\"BreadcrumbList\",\"@id\":\"https:\/\/dev.explora.cl\/ohiggins\/educadoras-es-y-tecnicos-de-parvulos-participaron-en-cierre-del-programa-pipe-2020-2021\/#breadcrumb\",\"itemListElement\":[{\"@type\":\"ListItem\",\"position\":1,\"name\":\"Portada\",\"item\":\"https:\/\/dev.explora.cl\/ohiggins\/\"},{\"@type\":\"ListItem\",\"position\":2,\"name\":\"Educadoras\/es y t\u00e9cnicos de p\u00e1rvulos participaron en cierre del programa PIPE 2020-2021\"}]},{\"@type\":\"WebSite\",\"@id\":\"https:\/\/dev.explora.cl\/ohiggins\/#website\",\"url\":\"https:\/\/dev.explora.cl\/ohiggins\/\",\"name\":\"O&#039;Higgins\",\"description\":\"Otro sitio m\u00e1s de dev.explora.cl\",\"potentialAction\":[{\"@type\":\"SearchAction\",\"target\":{\"@type\":\"EntryPoint\",\"urlTemplate\":\"https:\/\/dev.explora.cl\/ohiggins\/?s={search_term_string}\"},\"query-input\":{\"@type\":\"PropertyValueSpecification\",\"valueRequired\":true,\"valueName\":\"search_term_string\"}}],\"inLanguage\":\"es-CL\"},{\"@type\":\"Person\",\"@id\":\"https:\/\/dev.explora.cl\/ohiggins\/#\/schema\/person\/3240d62ad2624da9148a475abbc509b0\",\"name\":\"nsalazar\",\"image\":{\"@type\":\"ImageObject\",\"inLanguage\":\"es-CL\",\"@id\":\"https:\/\/dev.explora.cl\/ohiggins\/#\/schema\/person\/image\/\",\"url\":\"https:\/\/secure.gravatar.com\/avatar\/b8cf276f31998a0865a3b90e4d663d91b97848887282c9f9a56cad57ff01cc7e?s=96&d=mm&r=g\",\"contentUrl\":\"https:\/\/secure.gravatar.com\/avatar\/b8cf276f31998a0865a3b90e4d663d91b97848887282c9f9a56cad57ff01cc7e?s=96&d=mm&r=g\",\"caption\":\"nsalazar\"},\"url\":\"https:\/\/dev.explora.cl\/ohiggins\/author\/nsalazar\/\"}]}<\/script>\n<!-- \/ Yoast SEO plugin. -->","yoast_head_json":{"title":"Educadoras\/es y t\u00e9cnicos de p\u00e1rvulos participaron en cierre del programa PIPE 2020-2021 - O&#039;Higgins","robots":{"index":"index","follow":"follow","max-snippet":"max-snippet:-1","max-image-preview":"max-image-preview:large","max-video-preview":"max-video-preview:-1"},"canonical":"https:\/\/dev.explora.cl\/ohiggins\/educadoras-es-y-tecnicos-de-parvulos-participaron-en-cierre-del-programa-pipe-2020-2021\/","og_locale":"es_ES","og_type":"article","og_title":"Educadoras\/es y t\u00e9cnicos de p\u00e1rvulos participaron en cierre del programa PIPE 2020-2021 - O&#039;Higgins","og_description":"El Programa de Indagaci\u00f3n en Primeras Edades (PIPE), de PAR Explora O\u00b4Higgins, busca fortalecer las competencias cient\u00edficas de los equipos pedag\u00f3gicos que trabajan con las primeras edades.","og_url":"https:\/\/dev.explora.cl\/ohiggins\/educadoras-es-y-tecnicos-de-parvulos-participaron-en-cierre-del-programa-pipe-2020-2021\/","og_site_name":"O&#039;Higgins","article_published_time":"2022-01-10T21:08:41+00:00","article_modified_time":"2022-03-09T15:18:36+00:00","og_image":[{"width":3984,"height":2656,"url":"https:\/\/dev.explora.cl\/ohiggins\/wp-content\/uploads\/sites\/8\/2022\/01\/IMG_7458.jpg","type":"image\/jpeg"}],"author":"nsalazar","twitter_card":"summary_large_image","twitter_misc":{"Escrito por":"nsalazar","Tiempo estimado de lectura":"3 minutos"},"schema":{"@context":"https:\/\/schema.org","@graph":[{"@type":"Article","@id":"https:\/\/dev.explora.cl\/ohiggins\/educadoras-es-y-tecnicos-de-parvulos-participaron-en-cierre-del-programa-pipe-2020-2021\/#article","isPartOf":{"@id":"https:\/\/dev.explora.cl\/ohiggins\/educadoras-es-y-tecnicos-de-parvulos-participaron-en-cierre-del-programa-pipe-2020-2021\/"},"author":{"name":"nsalazar","@id":"https:\/\/dev.explora.cl\/ohiggins\/#\/schema\/person\/3240d62ad2624da9148a475abbc509b0"},"headline":"Educadoras\/es y t\u00e9cnicos de p\u00e1rvulos participaron en cierre del programa PIPE 2020-2021","datePublished":"2022-01-10T21:08:41+00:00","dateModified":"2022-03-09T15:18:36+00:00","mainEntityOfPage":{"@id":"https:\/\/dev.explora.cl\/ohiggins\/educadoras-es-y-tecnicos-de-parvulos-participaron-en-cierre-del-programa-pipe-2020-2021\/"},"wordCount":534,"commentCount":0,"image":{"@id":"https:\/\/dev.explora.cl\/ohiggins\/educadoras-es-y-tecnicos-de-parvulos-participaron-en-cierre-del-programa-pipe-2020-2021\/#primaryimage"},"thumbnailUrl":"https:\/\/dev.explora.cl\/ohiggins\/wp-content\/uploads\/sites\/8\/2022\/01\/IMG_7458.jpg","articleSection":["Noticias"],"inLanguage":"es-CL","potentialAction":[{"@type":"CommentAction","name":"Comment","target":["https:\/\/dev.explora.cl\/ohiggins\/educadoras-es-y-tecnicos-de-parvulos-participaron-en-cierre-del-programa-pipe-2020-2021\/#respond"]}]},{"@type":"WebPage","@id":"https:\/\/dev.explora.cl\/ohiggins\/educadoras-es-y-tecnicos-de-parvulos-participaron-en-cierre-del-programa-pipe-2020-2021\/","url":"https:\/\/dev.explora.cl\/ohiggins\/educadoras-es-y-tecnicos-de-parvulos-participaron-en-cierre-del-programa-pipe-2020-2021\/","name":"Educadoras\/es y t\u00e9cnicos de p\u00e1rvulos participaron en cierre del programa PIPE 2020-2021 - O&#039;Higgins","isPartOf":{"@id":"https:\/\/dev.explora.cl\/ohiggins\/#website"},"primaryImageOfPage":{"@id":"https:\/\/dev.explora.cl\/ohiggins\/educadoras-es-y-tecnicos-de-parvulos-participaron-en-cierre-del-programa-pipe-2020-2021\/#primaryimage"},"image":{"@id":"https:\/\/dev.explora.cl\/ohiggins\/educadoras-es-y-tecnicos-de-parvulos-participaron-en-cierre-del-programa-pipe-2020-2021\/#primaryimage"},"thumbnailUrl":"https:\/\/dev.explora.cl\/ohiggins\/wp-content\/uploads\/sites\/8\/2022\/01\/IMG_7458.jpg","datePublished":"2022-01-10T21:08:41+00:00","dateModified":"2022-03-09T15:18:36+00:00","author":{"@id":"https:\/\/dev.explora.cl\/ohiggins\/#\/schema\/person\/3240d62ad2624da9148a475abbc509b0"},"breadcrumb":{"@id":"https:\/\/dev.explora.cl\/ohiggins\/educadoras-es-y-tecnicos-de-parvulos-participaron-en-cierre-del-programa-pipe-2020-2021\/#breadcrumb"},"inLanguage":"es-CL","potentialAction":[{"@type":"ReadAction","target":["https:\/\/dev.explora.cl\/ohiggins\/educadoras-es-y-tecnicos-de-parvulos-participaron-en-cierre-del-programa-pipe-2020-2021\/"]}]},{"@type":"ImageObject","inLanguage":"es-CL","@id":"https:\/\/dev.explora.cl\/ohiggins\/educadoras-es-y-tecnicos-de-parvulos-participaron-en-cierre-del-programa-pipe-2020-2021\/#primaryimage","url":"https:\/\/dev.explora.cl\/ohiggins\/wp-content\/uploads\/sites\/8\/2022\/01\/IMG_7458.jpg","contentUrl":"https:\/\/dev.explora.cl\/ohiggins\/wp-content\/uploads\/sites\/8\/2022\/01\/IMG_7458.jpg","width":3984,"height":2656},{"@type":"BreadcrumbList","@id":"https:\/\/dev.explora.cl\/ohiggins\/educadoras-es-y-tecnicos-de-parvulos-participaron-en-cierre-del-programa-pipe-2020-2021\/#breadcrumb","itemListElement":[{"@type":"ListItem","position":1,"name":"Portada","item":"https:\/\/dev.explora.cl\/ohiggins\/"},{"@type":"ListItem","position":2,"name":"Educadoras\/es y t\u00e9cnicos de p\u00e1rvulos participaron en cierre del programa PIPE 2020-2021"}]},{"@type":"WebSite","@id":"https:\/\/dev.explora.cl\/ohiggins\/#website","url":"https:\/\/dev.explora.cl\/ohiggins\/","name":"O&#039;Higgins","description":"Otro sitio m\u00e1s de dev.explora.cl","potentialAction":[{"@type":"SearchAction","target":{"@type":"EntryPoint","urlTemplate":"https:\/\/dev.explora.cl\/ohiggins\/?s={search_term_string}"},"query-input":{"@type":"PropertyValueSpecification","valueRequired":true,"valueName":"search_term_string"}}],"inLanguage":"es-CL"},{"@type":"Person","@id":"https:\/\/dev.explora.cl\/ohiggins\/#\/schema\/person\/3240d62ad2624da9148a475abbc509b0","name":"nsalazar","image":{"@type":"ImageObject","inLanguage":"es-CL","@id":"https:\/\/dev.explora.cl\/ohiggins\/#\/schema\/person\/image\/","url":"https:\/\/secure.gravatar.com\/avatar\/b8cf276f31998a0865a3b90e4d663d91b97848887282c9f9a56cad57ff01cc7e?s=96&d=mm&r=g","contentUrl":"https:\/\/secure.gravatar.com\/avatar\/b8cf276f31998a0865a3b90e4d663d91b97848887282c9f9a56cad57ff01cc7e?s=96&d=mm&r=g","caption":"nsalazar"},"url":"https:\/\/dev.explora.cl\/ohiggins\/author\/nsalazar\/"}]}},"_links":{"self":[{"href":"https:\/\/dev.explora.cl\/ohiggins\/wp-json\/wp\/v2\/posts\/39026","targetHints":{"allow":["GET"]}}],"collection":[{"href":"https:\/\/dev.explora.cl\/ohiggins\/wp-json\/wp\/v2\/posts"}],"about":[{"href":"https:\/\/dev.explora.cl\/ohiggins\/wp-json\/wp\/v2\/types\/post"}],"author":[{"embeddable":true,"href":"https:\/\/dev.explora.cl\/ohiggins\/wp-json\/wp\/v2\/users\/23"}],"replies":[{"embeddable":true,"href":"https:\/\/dev.explora.cl\/ohiggins\/wp-json\/wp\/v2\/comments?post=39026"}],"version-history":[{"count":1,"href":"https:\/\/dev.explora.cl\/ohiggins\/wp-json\/wp\/v2\/posts\/39026\/revisions"}],"predecessor-version":[{"id":39028,"href":"https:\/\/dev.explora.cl\/ohiggins\/wp-json\/wp\/v2\/posts\/39026\/revisions\/39028"}],"wp:featuredmedia":[{"embeddable":true,"href":"https:\/\/dev.explora.cl\/ohiggins\/wp-json\/wp\/v2\/media\/39027"}],"wp:attachment":[{"href":"https:\/\/dev.explora.cl\/ohiggins\/wp-json\/wp\/v2\/media?parent=39026"}],"wp:term":[{"taxonomy":"category","embeddable":true,"href":"https:\/\/dev.explora.cl\/ohiggins\/wp-json\/wp\/v2\/categories?post=39026"},{"taxonomy":"post_tag","embeddable":true,"href":"https:\/\/dev.explora.cl\/ohiggins\/wp-json\/wp\/v2\/tags?post=39026"}],"curies":[{"name":"wp","href":"https:\/\/api.w.org\/{rel}","templated":true}]}}