{"id":39007,"date":"2021-12-14T14:49:18","date_gmt":"2021-12-14T17:49:18","guid":{"rendered":"https:\/\/dev.explora.cl\/ohiggins\/?p=39007"},"modified":"2022-01-18T16:16:40","modified_gmt":"2022-01-18T19:16:40","slug":"par-explora-ohiggins-los-invitamos-a-ser-parte-del-iii-campamento-explora-va","status":"publish","type":"post","link":"https:\/\/dev.explora.cl\/ohiggins\/par-explora-ohiggins-los-invitamos-a-ser-parte-del-iii-campamento-explora-va\/","title":{"rendered":"Los invitamos a ser parte del III Campamento Explora Va!"},"content":{"rendered":"<p>Entre el lunes 10 y el s\u00e1bado 15 de enero del 2022 se realizar\u00e1 la tercera versi\u00f3n del Campamento Explora Va!, que organiza el proyecto Explora O\u00b4Higgins, implementado en la regi\u00f3n por la Universidad de O\u00b4Higgins. La actividad se efectuar\u00e1 de manera virtual a trav\u00e9s de la plataforma Zoom y finalizar\u00e1 con una jornada presencial en el campus Rancagua de la Universidad estatal.<\/p>\n<p>A este campamento educacional podr\u00e1n postular docentes de educaci\u00f3n b\u00e1sica o media -de cualquier disciplina- y educadores\/as de p\u00e1rvulos, que se encuentren en ejercicio, es decir, realizando clases en aula y no se desempe\u00f1en exclusivamente en funci\u00f3n directiva. Respecto a las y los profesores que no se encuentren vinculados formalmente a un establecimiento educacional, estos podr\u00e1n participar siempre y cuando no excedan los seis meses sin hacer clases formales y presenten una carta simple de compromiso que indique la voluntad de participar activamente.<\/p>\n<p>\u201cInvitamos a todos los docentes de la Regi\u00f3n de O\u00b4Higgins a que se inscriban en este nuevo Campamento Explora Va!, para que puedan acceder a contenidos y lo principal, que conozcan las experiencias de sus pares y construyan con ellos, colaborativamente, nuevas soluciones pedag\u00f3gicas\u201d, indic\u00f3 el director de PAR Explora O\u00b4Higgins, Rodrigo Verschae.<\/p>\n<p>Entre las actividades del Campamento Explora Va! se encuentran di\u00e1logos con embajadores l\u00edderes de la ciencia, con estudiantes, exposici\u00f3n de iniciativas y proyectos innovadores en pedagog\u00eda, discusi\u00f3n y socializaci\u00f3n de experiencias y estrategias entre pares, y an\u00e1lisis y desarrollo de metodolog\u00edas alternativas, entre otras.<\/p>\n<p>Las postulaciones se realizar\u00e1n entre el martes 14 y el lunes 27 de diciembre de 2021 accediendo a la p\u00e1gina de PAR Explora (<a href=\"https:\/\/dev.explora.cl\/ohiggins\">dev.explora.cl\/ohiggins<\/a>), y para ello necesitan el formulario de inscripci\u00f3n (<a href=\"https:\/\/forms.gle\/2HV6mBCzhKPtFtfB8\">https:\/\/forms.gle\/2HV6mBCzhKPtFtfB8<\/a>), carta de compromiso del postulante, cesi\u00f3n de imagen y consentimiento informado, y una carta de apoyo de la direcci\u00f3n del colegio.<\/p>\n","protected":false},"excerpt":{"rendered":"<p>Por tercer a\u00f1o consecutivo PAR Explora realiza este encuentro especialmente pensado en docentes de educaci\u00f3n parvularia, b\u00e1sica y media. Las postulaciones son hasta el 27 de diciembre.<\/p>\n","protected":false},"author":23,"featured_media":39014,"comment_status":"open","ping_status":"open","sticky":false,"template":"","format":"standard","meta":{"_acf_changed":false,"_exactmetrics_skip_tracking":false,"_exactmetrics_sitenote_active":false,"_exactmetrics_sitenote_note":"","_exactmetrics_sitenote_category":0,"footnotes":"","_links_to":"","_links_to_target":""},"categories":[4],"tags":[],"class_list":["post-39007","post","type-post","status-publish","format-standard","has-post-thumbnail","hentry","category-noticias"],"acf":[],"yoast_head":"<!-- This site is optimized with the Yoast SEO plugin v26.7 - https:\/\/yoast.com\/wordpress\/plugins\/seo\/ -->\n<title>Los invitamos a ser parte del III Campamento Explora Va! - O&#039;Higgins<\/title>\n<meta name=\"robots\" content=\"index, follow, max-snippet:-1, max-image-preview:large, max-video-preview:-1\" \/>\n<link rel=\"canonical\" href=\"https:\/\/dev.explora.cl\/ohiggins\/par-explora-ohiggins-los-invitamos-a-ser-parte-del-iii-campamento-explora-va\/\" class=\"yoast-seo-meta-tag\" \/>\n<meta property=\"og:locale\" content=\"es_ES\" class=\"yoast-seo-meta-tag\" \/>\n<meta property=\"og:type\" content=\"article\" class=\"yoast-seo-meta-tag\" \/>\n<meta property=\"og:title\" content=\"Los invitamos a ser parte del III Campamento Explora Va! - O&#039;Higgins\" class=\"yoast-seo-meta-tag\" \/>\n<meta property=\"og:description\" content=\"Por tercer a\u00f1o consecutivo PAR Explora realiza este encuentro especialmente pensado en docentes de educaci\u00f3n parvularia, b\u00e1sica y media. Las postulaciones son hasta el 27 de diciembre.\" class=\"yoast-seo-meta-tag\" \/>\n<meta property=\"og:url\" content=\"https:\/\/dev.explora.cl\/ohiggins\/par-explora-ohiggins-los-invitamos-a-ser-parte-del-iii-campamento-explora-va\/\" class=\"yoast-seo-meta-tag\" \/>\n<meta property=\"og:site_name\" content=\"O&#039;Higgins\" class=\"yoast-seo-meta-tag\" \/>\n<meta property=\"article:published_time\" content=\"2021-12-14T17:49:18+00:00\" class=\"yoast-seo-meta-tag\" \/>\n<meta property=\"article:modified_time\" content=\"2022-01-18T19:16:40+00:00\" class=\"yoast-seo-meta-tag\" \/>\n<meta property=\"og:image\" content=\"https:\/\/dev.explora.cl\/ohiggins\/wp-content\/uploads\/sites\/8\/2021\/12\/IMG-20211220-WA0027.jpg\" class=\"yoast-seo-meta-tag\" \/>\n\t<meta property=\"og:image:width\" content=\"741\" class=\"yoast-seo-meta-tag\" \/>\n\t<meta property=\"og:image:height\" content=\"557\" class=\"yoast-seo-meta-tag\" \/>\n\t<meta property=\"og:image:type\" content=\"image\/jpeg\" class=\"yoast-seo-meta-tag\" \/>\n<meta name=\"author\" content=\"nsalazar\" class=\"yoast-seo-meta-tag\" \/>\n<meta name=\"twitter:card\" content=\"summary_large_image\" class=\"yoast-seo-meta-tag\" \/>\n<meta name=\"twitter:label1\" content=\"Escrito por\" class=\"yoast-seo-meta-tag\" \/>\n\t<meta name=\"twitter:data1\" content=\"nsalazar\" class=\"yoast-seo-meta-tag\" \/>\n\t<meta name=\"twitter:label2\" content=\"Tiempo estimado de lectura\" class=\"yoast-seo-meta-tag\" \/>\n\t<meta name=\"twitter:data2\" content=\"2 minutos\" class=\"yoast-seo-meta-tag\" \/>\n<script type=\"application\/ld+json\" class=\"yoast-schema-graph\">{\"@context\":\"https:\/\/schema.org\",\"@graph\":[{\"@type\":\"Article\",\"@id\":\"https:\/\/dev.explora.cl\/ohiggins\/par-explora-ohiggins-los-invitamos-a-ser-parte-del-iii-campamento-explora-va\/#article\",\"isPartOf\":{\"@id\":\"https:\/\/dev.explora.cl\/ohiggins\/par-explora-ohiggins-los-invitamos-a-ser-parte-del-iii-campamento-explora-va\/\"},\"author\":{\"name\":\"nsalazar\",\"@id\":\"https:\/\/dev.explora.cl\/ohiggins\/#\/schema\/person\/3240d62ad2624da9148a475abbc509b0\"},\"headline\":\"Los invitamos a ser parte del III Campamento Explora Va!\",\"datePublished\":\"2021-12-14T17:49:18+00:00\",\"dateModified\":\"2022-01-18T19:16:40+00:00\",\"mainEntityOfPage\":{\"@id\":\"https:\/\/dev.explora.cl\/ohiggins\/par-explora-ohiggins-los-invitamos-a-ser-parte-del-iii-campamento-explora-va\/\"},\"wordCount\":339,\"commentCount\":0,\"image\":{\"@id\":\"https:\/\/dev.explora.cl\/ohiggins\/par-explora-ohiggins-los-invitamos-a-ser-parte-del-iii-campamento-explora-va\/#primaryimage\"},\"thumbnailUrl\":\"https:\/\/dev.explora.cl\/ohiggins\/wp-content\/uploads\/sites\/8\/2021\/12\/IMG-20211220-WA0027.jpg\",\"articleSection\":[\"Noticias\"],\"inLanguage\":\"es-CL\",\"potentialAction\":[{\"@type\":\"CommentAction\",\"name\":\"Comment\",\"target\":[\"https:\/\/dev.explora.cl\/ohiggins\/par-explora-ohiggins-los-invitamos-a-ser-parte-del-iii-campamento-explora-va\/#respond\"]}]},{\"@type\":\"WebPage\",\"@id\":\"https:\/\/dev.explora.cl\/ohiggins\/par-explora-ohiggins-los-invitamos-a-ser-parte-del-iii-campamento-explora-va\/\",\"url\":\"https:\/\/dev.explora.cl\/ohiggins\/par-explora-ohiggins-los-invitamos-a-ser-parte-del-iii-campamento-explora-va\/\",\"name\":\"Los invitamos a ser parte del III Campamento Explora Va! - O&#039;Higgins\",\"isPartOf\":{\"@id\":\"https:\/\/dev.explora.cl\/ohiggins\/#website\"},\"primaryImageOfPage\":{\"@id\":\"https:\/\/dev.explora.cl\/ohiggins\/par-explora-ohiggins-los-invitamos-a-ser-parte-del-iii-campamento-explora-va\/#primaryimage\"},\"image\":{\"@id\":\"https:\/\/dev.explora.cl\/ohiggins\/par-explora-ohiggins-los-invitamos-a-ser-parte-del-iii-campamento-explora-va\/#primaryimage\"},\"thumbnailUrl\":\"https:\/\/dev.explora.cl\/ohiggins\/wp-content\/uploads\/sites\/8\/2021\/12\/IMG-20211220-WA0027.jpg\",\"datePublished\":\"2021-12-14T17:49:18+00:00\",\"dateModified\":\"2022-01-18T19:16:40+00:00\",\"author\":{\"@id\":\"https:\/\/dev.explora.cl\/ohiggins\/#\/schema\/person\/3240d62ad2624da9148a475abbc509b0\"},\"breadcrumb\":{\"@id\":\"https:\/\/dev.explora.cl\/ohiggins\/par-explora-ohiggins-los-invitamos-a-ser-parte-del-iii-campamento-explora-va\/#breadcrumb\"},\"inLanguage\":\"es-CL\",\"potentialAction\":[{\"@type\":\"ReadAction\",\"target\":[\"https:\/\/dev.explora.cl\/ohiggins\/par-explora-ohiggins-los-invitamos-a-ser-parte-del-iii-campamento-explora-va\/\"]}]},{\"@type\":\"ImageObject\",\"inLanguage\":\"es-CL\",\"@id\":\"https:\/\/dev.explora.cl\/ohiggins\/par-explora-ohiggins-los-invitamos-a-ser-parte-del-iii-campamento-explora-va\/#primaryimage\",\"url\":\"https:\/\/dev.explora.cl\/ohiggins\/wp-content\/uploads\/sites\/8\/2021\/12\/IMG-20211220-WA0027.jpg\",\"contentUrl\":\"https:\/\/dev.explora.cl\/ohiggins\/wp-content\/uploads\/sites\/8\/2021\/12\/IMG-20211220-WA0027.jpg\",\"width\":741,\"height\":557},{\"@type\":\"BreadcrumbList\",\"@id\":\"https:\/\/dev.explora.cl\/ohiggins\/par-explora-ohiggins-los-invitamos-a-ser-parte-del-iii-campamento-explora-va\/#breadcrumb\",\"itemListElement\":[{\"@type\":\"ListItem\",\"position\":1,\"name\":\"Portada\",\"item\":\"https:\/\/dev.explora.cl\/ohiggins\/\"},{\"@type\":\"ListItem\",\"position\":2,\"name\":\"Los invitamos a ser parte del III Campamento Explora Va!\"}]},{\"@type\":\"WebSite\",\"@id\":\"https:\/\/dev.explora.cl\/ohiggins\/#website\",\"url\":\"https:\/\/dev.explora.cl\/ohiggins\/\",\"name\":\"O&#039;Higgins\",\"description\":\"Otro sitio m\u00e1s de dev.explora.cl\",\"potentialAction\":[{\"@type\":\"SearchAction\",\"target\":{\"@type\":\"EntryPoint\",\"urlTemplate\":\"https:\/\/dev.explora.cl\/ohiggins\/?s={search_term_string}\"},\"query-input\":{\"@type\":\"PropertyValueSpecification\",\"valueRequired\":true,\"valueName\":\"search_term_string\"}}],\"inLanguage\":\"es-CL\"},{\"@type\":\"Person\",\"@id\":\"https:\/\/dev.explora.cl\/ohiggins\/#\/schema\/person\/3240d62ad2624da9148a475abbc509b0\",\"name\":\"nsalazar\",\"image\":{\"@type\":\"ImageObject\",\"inLanguage\":\"es-CL\",\"@id\":\"https:\/\/dev.explora.cl\/ohiggins\/#\/schema\/person\/image\/\",\"url\":\"https:\/\/secure.gravatar.com\/avatar\/b8cf276f31998a0865a3b90e4d663d91b97848887282c9f9a56cad57ff01cc7e?s=96&d=mm&r=g\",\"contentUrl\":\"https:\/\/secure.gravatar.com\/avatar\/b8cf276f31998a0865a3b90e4d663d91b97848887282c9f9a56cad57ff01cc7e?s=96&d=mm&r=g\",\"caption\":\"nsalazar\"},\"url\":\"https:\/\/dev.explora.cl\/ohiggins\/author\/nsalazar\/\"}]}<\/script>\n<!-- \/ Yoast SEO plugin. -->","yoast_head_json":{"title":"Los invitamos a ser parte del III Campamento Explora Va! - O&#039;Higgins","robots":{"index":"index","follow":"follow","max-snippet":"max-snippet:-1","max-image-preview":"max-image-preview:large","max-video-preview":"max-video-preview:-1"},"canonical":"https:\/\/dev.explora.cl\/ohiggins\/par-explora-ohiggins-los-invitamos-a-ser-parte-del-iii-campamento-explora-va\/","og_locale":"es_ES","og_type":"article","og_title":"Los invitamos a ser parte del III Campamento Explora Va! - O&#039;Higgins","og_description":"Por tercer a\u00f1o consecutivo PAR Explora realiza este encuentro especialmente pensado en docentes de educaci\u00f3n parvularia, b\u00e1sica y media. Las postulaciones son hasta el 27 de diciembre.","og_url":"https:\/\/dev.explora.cl\/ohiggins\/par-explora-ohiggins-los-invitamos-a-ser-parte-del-iii-campamento-explora-va\/","og_site_name":"O&#039;Higgins","article_published_time":"2021-12-14T17:49:18+00:00","article_modified_time":"2022-01-18T19:16:40+00:00","og_image":[{"width":741,"height":557,"url":"https:\/\/dev.explora.cl\/ohiggins\/wp-content\/uploads\/sites\/8\/2021\/12\/IMG-20211220-WA0027.jpg","type":"image\/jpeg"}],"author":"nsalazar","twitter_card":"summary_large_image","twitter_misc":{"Escrito por":"nsalazar","Tiempo estimado de lectura":"2 minutos"},"schema":{"@context":"https:\/\/schema.org","@graph":[{"@type":"Article","@id":"https:\/\/dev.explora.cl\/ohiggins\/par-explora-ohiggins-los-invitamos-a-ser-parte-del-iii-campamento-explora-va\/#article","isPartOf":{"@id":"https:\/\/dev.explora.cl\/ohiggins\/par-explora-ohiggins-los-invitamos-a-ser-parte-del-iii-campamento-explora-va\/"},"author":{"name":"nsalazar","@id":"https:\/\/dev.explora.cl\/ohiggins\/#\/schema\/person\/3240d62ad2624da9148a475abbc509b0"},"headline":"Los invitamos a ser parte del III Campamento Explora Va!","datePublished":"2021-12-14T17:49:18+00:00","dateModified":"2022-01-18T19:16:40+00:00","mainEntityOfPage":{"@id":"https:\/\/dev.explora.cl\/ohiggins\/par-explora-ohiggins-los-invitamos-a-ser-parte-del-iii-campamento-explora-va\/"},"wordCount":339,"commentCount":0,"image":{"@id":"https:\/\/dev.explora.cl\/ohiggins\/par-explora-ohiggins-los-invitamos-a-ser-parte-del-iii-campamento-explora-va\/#primaryimage"},"thumbnailUrl":"https:\/\/dev.explora.cl\/ohiggins\/wp-content\/uploads\/sites\/8\/2021\/12\/IMG-20211220-WA0027.jpg","articleSection":["Noticias"],"inLanguage":"es-CL","potentialAction":[{"@type":"CommentAction","name":"Comment","target":["https:\/\/dev.explora.cl\/ohiggins\/par-explora-ohiggins-los-invitamos-a-ser-parte-del-iii-campamento-explora-va\/#respond"]}]},{"@type":"WebPage","@id":"https:\/\/dev.explora.cl\/ohiggins\/par-explora-ohiggins-los-invitamos-a-ser-parte-del-iii-campamento-explora-va\/","url":"https:\/\/dev.explora.cl\/ohiggins\/par-explora-ohiggins-los-invitamos-a-ser-parte-del-iii-campamento-explora-va\/","name":"Los invitamos a ser parte del III Campamento Explora Va! - O&#039;Higgins","isPartOf":{"@id":"https:\/\/dev.explora.cl\/ohiggins\/#website"},"primaryImageOfPage":{"@id":"https:\/\/dev.explora.cl\/ohiggins\/par-explora-ohiggins-los-invitamos-a-ser-parte-del-iii-campamento-explora-va\/#primaryimage"},"image":{"@id":"https:\/\/dev.explora.cl\/ohiggins\/par-explora-ohiggins-los-invitamos-a-ser-parte-del-iii-campamento-explora-va\/#primaryimage"},"thumbnailUrl":"https:\/\/dev.explora.cl\/ohiggins\/wp-content\/uploads\/sites\/8\/2021\/12\/IMG-20211220-WA0027.jpg","datePublished":"2021-12-14T17:49:18+00:00","dateModified":"2022-01-18T19:16:40+00:00","author":{"@id":"https:\/\/dev.explora.cl\/ohiggins\/#\/schema\/person\/3240d62ad2624da9148a475abbc509b0"},"breadcrumb":{"@id":"https:\/\/dev.explora.cl\/ohiggins\/par-explora-ohiggins-los-invitamos-a-ser-parte-del-iii-campamento-explora-va\/#breadcrumb"},"inLanguage":"es-CL","potentialAction":[{"@type":"ReadAction","target":["https:\/\/dev.explora.cl\/ohiggins\/par-explora-ohiggins-los-invitamos-a-ser-parte-del-iii-campamento-explora-va\/"]}]},{"@type":"ImageObject","inLanguage":"es-CL","@id":"https:\/\/dev.explora.cl\/ohiggins\/par-explora-ohiggins-los-invitamos-a-ser-parte-del-iii-campamento-explora-va\/#primaryimage","url":"https:\/\/dev.explora.cl\/ohiggins\/wp-content\/uploads\/sites\/8\/2021\/12\/IMG-20211220-WA0027.jpg","contentUrl":"https:\/\/dev.explora.cl\/ohiggins\/wp-content\/uploads\/sites\/8\/2021\/12\/IMG-20211220-WA0027.jpg","width":741,"height":557},{"@type":"BreadcrumbList","@id":"https:\/\/dev.explora.cl\/ohiggins\/par-explora-ohiggins-los-invitamos-a-ser-parte-del-iii-campamento-explora-va\/#breadcrumb","itemListElement":[{"@type":"ListItem","position":1,"name":"Portada","item":"https:\/\/dev.explora.cl\/ohiggins\/"},{"@type":"ListItem","position":2,"name":"Los invitamos a ser parte del III Campamento Explora Va!"}]},{"@type":"WebSite","@id":"https:\/\/dev.explora.cl\/ohiggins\/#website","url":"https:\/\/dev.explora.cl\/ohiggins\/","name":"O&#039;Higgins","description":"Otro sitio m\u00e1s de dev.explora.cl","potentialAction":[{"@type":"SearchAction","target":{"@type":"EntryPoint","urlTemplate":"https:\/\/dev.explora.cl\/ohiggins\/?s={search_term_string}"},"query-input":{"@type":"PropertyValueSpecification","valueRequired":true,"valueName":"search_term_string"}}],"inLanguage":"es-CL"},{"@type":"Person","@id":"https:\/\/dev.explora.cl\/ohiggins\/#\/schema\/person\/3240d62ad2624da9148a475abbc509b0","name":"nsalazar","image":{"@type":"ImageObject","inLanguage":"es-CL","@id":"https:\/\/dev.explora.cl\/ohiggins\/#\/schema\/person\/image\/","url":"https:\/\/secure.gravatar.com\/avatar\/b8cf276f31998a0865a3b90e4d663d91b97848887282c9f9a56cad57ff01cc7e?s=96&d=mm&r=g","contentUrl":"https:\/\/secure.gravatar.com\/avatar\/b8cf276f31998a0865a3b90e4d663d91b97848887282c9f9a56cad57ff01cc7e?s=96&d=mm&r=g","caption":"nsalazar"},"url":"https:\/\/dev.explora.cl\/ohiggins\/author\/nsalazar\/"}]}},"_links":{"self":[{"href":"https:\/\/dev.explora.cl\/ohiggins\/wp-json\/wp\/v2\/posts\/39007","targetHints":{"allow":["GET"]}}],"collection":[{"href":"https:\/\/dev.explora.cl\/ohiggins\/wp-json\/wp\/v2\/posts"}],"about":[{"href":"https:\/\/dev.explora.cl\/ohiggins\/wp-json\/wp\/v2\/types\/post"}],"author":[{"embeddable":true,"href":"https:\/\/dev.explora.cl\/ohiggins\/wp-json\/wp\/v2\/users\/23"}],"replies":[{"embeddable":true,"href":"https:\/\/dev.explora.cl\/ohiggins\/wp-json\/wp\/v2\/comments?post=39007"}],"version-history":[{"count":4,"href":"https:\/\/dev.explora.cl\/ohiggins\/wp-json\/wp\/v2\/posts\/39007\/revisions"}],"predecessor-version":[{"id":39012,"href":"https:\/\/dev.explora.cl\/ohiggins\/wp-json\/wp\/v2\/posts\/39007\/revisions\/39012"}],"wp:featuredmedia":[{"embeddable":true,"href":"https:\/\/dev.explora.cl\/ohiggins\/wp-json\/wp\/v2\/media\/39014"}],"wp:attachment":[{"href":"https:\/\/dev.explora.cl\/ohiggins\/wp-json\/wp\/v2\/media?parent=39007"}],"wp:term":[{"taxonomy":"category","embeddable":true,"href":"https:\/\/dev.explora.cl\/ohiggins\/wp-json\/wp\/v2\/categories?post=39007"},{"taxonomy":"post_tag","embeddable":true,"href":"https:\/\/dev.explora.cl\/ohiggins\/wp-json\/wp\/v2\/tags?post=39007"}],"curies":[{"name":"wp","href":"https:\/\/api.w.org\/{rel}","templated":true}]}}