{"id":38992,"date":"2021-11-26T15:12:45","date_gmt":"2021-11-26T18:12:45","guid":{"rendered":"https:\/\/dev.explora.cl\/ohiggins\/?p=38992"},"modified":"2022-01-10T18:10:27","modified_gmt":"2022-01-10T21:10:27","slug":"escuela-el-rincon-fue-anfitriona-del-lanzamiento-del-libro-la-sociedad-local","status":"publish","type":"post","link":"https:\/\/dev.explora.cl\/ohiggins\/escuela-el-rincon-fue-anfitriona-del-lanzamiento-del-libro-la-sociedad-local\/","title":{"rendered":"Escuela El Rinc\u00f3n fue anfitriona del lanzamiento del libro \u201cLa sociedad local\u201d"},"content":{"rendered":"<p>Justo en medio de los cerros de la cordillera de Los Andes, donde \u201cbajan\u201d hacia la Angostura, entremezclado de floridos cerezos del extremo nororiente de la regi\u00f3n, se realiz\u00f3 el lanzamiento del libro \u201cLa sociedad local: Cachapoal, Colchagua y La Costa\u201d, editado por el investigador de la Universidad de O\u00b4Higgins y la Universidad de Chile, Manuel Canales.<\/p>\n<p>El lugar que cobij\u00f3 tan importante actividad fue la Escuela El Rinc\u00f3n de la comuna de Mostazal, establecimiento educacional donde se celebr\u00f3 este lanzamiento como parte del programa Ciencia Abierta que realiza PAR Explora O\u00b4Higgins. Adem\u00e1s del investigador, los invitados fueron el soci\u00f3logo de la UOH Emilio Santana, el chef territorial Fabi\u00e1n Gallardo, la cantora a lo divino y lo humano Miriam Arancibia, la cantante Maka Mel\u00e9ndez, m\u00e1s autoridades locales y del establecimiento educacional.<\/p>\n<p>\u201cFue una actividad bonita, m\u00e1gica, emocionante, llena. Desde el contexto del lugar, y el aporte de la se\u00f1ora Miriam que lleva lo que uno va escribiendo a su arte, ha sido una experiencia rica, con personas totales, creativas produciendo, comprometidas con su tarea, las compa\u00f1eras y compa\u00f1eros de El Rinc\u00f3n y tambi\u00e9n de los que participaron. Creo que es una linda recepci\u00f3n para el libro, y as\u00ed empieza a vivir. Sirve para las academias, y es el libro quien debe echar a andar una conversaci\u00f3n que no hemos tenido, y en ese sentido, partir desde El Rinc\u00f3n, es el lugar donde debemos partir\u201d, expres\u00f3 el investigador Manuel Canales.<\/p>\n<p>Durante la actividad denominada \u201cEncuentro en El Rinc\u00f3n\u201d, hubo intervenciones musicales de Emilio Santana y Maka Mel\u00e9ndez, y al final, el autor del libro respondi\u00f3 las preguntas de los asistentes apoyado de d\u00e9cimas musicales interpretadas por la cantora a lo divino y lo humano del sector, Miriam Arancibia.<\/p>\n<p>\u201cCreo que esto fue un regalo. Primero conocer el libro, ver el contenido y cuanto nos va a servir, es maravilloso. Adem\u00e1s, esta ceremonia tan particular, donde se mezcla el canto, las tradiciones, una ceremonia tan sencilla y relajada, pero al mismo tiempo solemne. Fue muy conmovedor\u201d, se\u00f1al\u00f3 la directora de la Escuela El Rinc\u00f3n, Ada Quilodr\u00e1n.<\/p>\n<p>Por su parte, la profesora de historia de la escuela y organizadora de la actividad, Carolina Arce, indic\u00f3 que \u201cestoy muy agradecida de la instancia, de la oportunidad que tenemos como escuela y personalmente, de poder hacer la presentaci\u00f3n del libro. Nos honra, porque nos permite ir fortaleciendo que la escuela debe ser un instrumento para transmitir cultura, historia, y mirarnos como un espejo para ver lo bello que somos. Esto fue un regalo para el profesor Manuel y para la comunidad, porque demostramos lo que somos. Ojal\u00e1 que los profesores se entusiasmen y vean este libro como una oportunidad desde las matem\u00e1ticas, ciencias sociales, del arte, como un conjunto\u201d.<\/p>\n<p>Por \u00faltimo, una de las estudiantes presentes en el lanzamiento y miembro del equipo investigador de la Escuela El Rinc\u00f3n, Valeria Hern\u00e1ndez, expres\u00f3 que \u201cfue una presentaci\u00f3n entretenida, divertida, y fue muy buena para informarnos m\u00e1s sobre el libro y su autor, que nos permite conocer m\u00e1s sobre nuestra tierra, nuestra regi\u00f3n\u201d.<\/p>\n<p>\u201cLa sociedad local: Cachapoal, Colchagua y La Costa\u201d, editada por Manuel Canales y coeditada por el abogado Claudio Gonz\u00e1lez, cont\u00f3 con el aporte de otros 15 destacados autores, y se concentra en la vida social y de los cambios en las comarcas de las provincias de Cachapoal, Colchagua y la costa de la Regi\u00f3n de O\u2019Higgins.<\/p>\n<p>&nbsp;<\/p>\n","protected":false},"excerpt":{"rendered":"<p>El programa Ciencia Abierta de PAR Explora O\u00b4Higgins organiz\u00f3 junto al establecimiento una actividad muy particular, en que se unieron la literatura con la m\u00fasica. <\/p>\n","protected":false},"author":23,"featured_media":38993,"comment_status":"open","ping_status":"open","sticky":false,"template":"","format":"standard","meta":{"_acf_changed":false,"_exactmetrics_skip_tracking":false,"_exactmetrics_sitenote_active":false,"_exactmetrics_sitenote_note":"","_exactmetrics_sitenote_category":0,"footnotes":"","_links_to":"","_links_to_target":""},"categories":[4],"tags":[],"class_list":["post-38992","post","type-post","status-publish","format-standard","has-post-thumbnail","hentry","category-noticias"],"acf":[],"yoast_head":"<!-- This site is optimized with the Yoast SEO plugin v26.7 - https:\/\/yoast.com\/wordpress\/plugins\/seo\/ -->\n<title>Escuela El Rinc\u00f3n fue anfitriona del lanzamiento del libro \u201cLa sociedad local\u201d - O&#039;Higgins<\/title>\n<meta name=\"robots\" content=\"index, follow, max-snippet:-1, max-image-preview:large, max-video-preview:-1\" \/>\n<link rel=\"canonical\" href=\"https:\/\/dev.explora.cl\/ohiggins\/escuela-el-rincon-fue-anfitriona-del-lanzamiento-del-libro-la-sociedad-local\/\" class=\"yoast-seo-meta-tag\" \/>\n<meta property=\"og:locale\" content=\"es_ES\" class=\"yoast-seo-meta-tag\" \/>\n<meta property=\"og:type\" content=\"article\" class=\"yoast-seo-meta-tag\" \/>\n<meta property=\"og:title\" content=\"Escuela El Rinc\u00f3n fue anfitriona del lanzamiento del libro \u201cLa sociedad local\u201d - O&#039;Higgins\" class=\"yoast-seo-meta-tag\" \/>\n<meta property=\"og:description\" content=\"El programa Ciencia Abierta de PAR Explora O\u00b4Higgins organiz\u00f3 junto al establecimiento una actividad muy particular, en que se unieron la literatura con la m\u00fasica.\" class=\"yoast-seo-meta-tag\" \/>\n<meta property=\"og:url\" content=\"https:\/\/dev.explora.cl\/ohiggins\/escuela-el-rincon-fue-anfitriona-del-lanzamiento-del-libro-la-sociedad-local\/\" class=\"yoast-seo-meta-tag\" \/>\n<meta property=\"og:site_name\" content=\"O&#039;Higgins\" class=\"yoast-seo-meta-tag\" \/>\n<meta property=\"article:published_time\" content=\"2021-11-26T18:12:45+00:00\" class=\"yoast-seo-meta-tag\" \/>\n<meta property=\"article:modified_time\" content=\"2022-01-10T21:10:27+00:00\" class=\"yoast-seo-meta-tag\" \/>\n<meta property=\"og:image\" content=\"https:\/\/dev.explora.cl\/ohiggins\/wp-content\/uploads\/sites\/8\/2021\/11\/IMG_5942.jpg\" class=\"yoast-seo-meta-tag\" \/>\n\t<meta property=\"og:image:width\" content=\"3984\" class=\"yoast-seo-meta-tag\" \/>\n\t<meta property=\"og:image:height\" content=\"2656\" class=\"yoast-seo-meta-tag\" \/>\n\t<meta property=\"og:image:type\" content=\"image\/jpeg\" class=\"yoast-seo-meta-tag\" \/>\n<meta name=\"author\" content=\"nsalazar\" class=\"yoast-seo-meta-tag\" \/>\n<meta name=\"twitter:card\" content=\"summary_large_image\" class=\"yoast-seo-meta-tag\" \/>\n<meta name=\"twitter:label1\" content=\"Escrito por\" class=\"yoast-seo-meta-tag\" \/>\n\t<meta name=\"twitter:data1\" content=\"nsalazar\" class=\"yoast-seo-meta-tag\" \/>\n\t<meta name=\"twitter:label2\" content=\"Tiempo estimado de lectura\" class=\"yoast-seo-meta-tag\" \/>\n\t<meta name=\"twitter:data2\" content=\"3 minutos\" class=\"yoast-seo-meta-tag\" \/>\n<script type=\"application\/ld+json\" class=\"yoast-schema-graph\">{\"@context\":\"https:\/\/schema.org\",\"@graph\":[{\"@type\":\"Article\",\"@id\":\"https:\/\/dev.explora.cl\/ohiggins\/escuela-el-rincon-fue-anfitriona-del-lanzamiento-del-libro-la-sociedad-local\/#article\",\"isPartOf\":{\"@id\":\"https:\/\/dev.explora.cl\/ohiggins\/escuela-el-rincon-fue-anfitriona-del-lanzamiento-del-libro-la-sociedad-local\/\"},\"author\":{\"name\":\"nsalazar\",\"@id\":\"https:\/\/dev.explora.cl\/ohiggins\/#\/schema\/person\/3240d62ad2624da9148a475abbc509b0\"},\"headline\":\"Escuela El Rinc\u00f3n fue anfitriona del lanzamiento del libro \u201cLa sociedad local\u201d\",\"datePublished\":\"2021-11-26T18:12:45+00:00\",\"dateModified\":\"2022-01-10T21:10:27+00:00\",\"mainEntityOfPage\":{\"@id\":\"https:\/\/dev.explora.cl\/ohiggins\/escuela-el-rincon-fue-anfitriona-del-lanzamiento-del-libro-la-sociedad-local\/\"},\"wordCount\":611,\"commentCount\":0,\"image\":{\"@id\":\"https:\/\/dev.explora.cl\/ohiggins\/escuela-el-rincon-fue-anfitriona-del-lanzamiento-del-libro-la-sociedad-local\/#primaryimage\"},\"thumbnailUrl\":\"https:\/\/dev.explora.cl\/ohiggins\/wp-content\/uploads\/sites\/8\/2021\/11\/IMG_5942.jpg\",\"articleSection\":[\"Noticias\"],\"inLanguage\":\"es-CL\",\"potentialAction\":[{\"@type\":\"CommentAction\",\"name\":\"Comment\",\"target\":[\"https:\/\/dev.explora.cl\/ohiggins\/escuela-el-rincon-fue-anfitriona-del-lanzamiento-del-libro-la-sociedad-local\/#respond\"]}]},{\"@type\":\"WebPage\",\"@id\":\"https:\/\/dev.explora.cl\/ohiggins\/escuela-el-rincon-fue-anfitriona-del-lanzamiento-del-libro-la-sociedad-local\/\",\"url\":\"https:\/\/dev.explora.cl\/ohiggins\/escuela-el-rincon-fue-anfitriona-del-lanzamiento-del-libro-la-sociedad-local\/\",\"name\":\"Escuela El Rinc\u00f3n fue anfitriona del lanzamiento del libro \u201cLa sociedad local\u201d - O&#039;Higgins\",\"isPartOf\":{\"@id\":\"https:\/\/dev.explora.cl\/ohiggins\/#website\"},\"primaryImageOfPage\":{\"@id\":\"https:\/\/dev.explora.cl\/ohiggins\/escuela-el-rincon-fue-anfitriona-del-lanzamiento-del-libro-la-sociedad-local\/#primaryimage\"},\"image\":{\"@id\":\"https:\/\/dev.explora.cl\/ohiggins\/escuela-el-rincon-fue-anfitriona-del-lanzamiento-del-libro-la-sociedad-local\/#primaryimage\"},\"thumbnailUrl\":\"https:\/\/dev.explora.cl\/ohiggins\/wp-content\/uploads\/sites\/8\/2021\/11\/IMG_5942.jpg\",\"datePublished\":\"2021-11-26T18:12:45+00:00\",\"dateModified\":\"2022-01-10T21:10:27+00:00\",\"author\":{\"@id\":\"https:\/\/dev.explora.cl\/ohiggins\/#\/schema\/person\/3240d62ad2624da9148a475abbc509b0\"},\"breadcrumb\":{\"@id\":\"https:\/\/dev.explora.cl\/ohiggins\/escuela-el-rincon-fue-anfitriona-del-lanzamiento-del-libro-la-sociedad-local\/#breadcrumb\"},\"inLanguage\":\"es-CL\",\"potentialAction\":[{\"@type\":\"ReadAction\",\"target\":[\"https:\/\/dev.explora.cl\/ohiggins\/escuela-el-rincon-fue-anfitriona-del-lanzamiento-del-libro-la-sociedad-local\/\"]}]},{\"@type\":\"ImageObject\",\"inLanguage\":\"es-CL\",\"@id\":\"https:\/\/dev.explora.cl\/ohiggins\/escuela-el-rincon-fue-anfitriona-del-lanzamiento-del-libro-la-sociedad-local\/#primaryimage\",\"url\":\"https:\/\/dev.explora.cl\/ohiggins\/wp-content\/uploads\/sites\/8\/2021\/11\/IMG_5942.jpg\",\"contentUrl\":\"https:\/\/dev.explora.cl\/ohiggins\/wp-content\/uploads\/sites\/8\/2021\/11\/IMG_5942.jpg\",\"width\":3984,\"height\":2656},{\"@type\":\"BreadcrumbList\",\"@id\":\"https:\/\/dev.explora.cl\/ohiggins\/escuela-el-rincon-fue-anfitriona-del-lanzamiento-del-libro-la-sociedad-local\/#breadcrumb\",\"itemListElement\":[{\"@type\":\"ListItem\",\"position\":1,\"name\":\"Portada\",\"item\":\"https:\/\/dev.explora.cl\/ohiggins\/\"},{\"@type\":\"ListItem\",\"position\":2,\"name\":\"Escuela El Rinc\u00f3n fue anfitriona del lanzamiento del libro \u201cLa sociedad local\u201d\"}]},{\"@type\":\"WebSite\",\"@id\":\"https:\/\/dev.explora.cl\/ohiggins\/#website\",\"url\":\"https:\/\/dev.explora.cl\/ohiggins\/\",\"name\":\"O&#039;Higgins\",\"description\":\"Otro sitio m\u00e1s de dev.explora.cl\",\"potentialAction\":[{\"@type\":\"SearchAction\",\"target\":{\"@type\":\"EntryPoint\",\"urlTemplate\":\"https:\/\/dev.explora.cl\/ohiggins\/?s={search_term_string}\"},\"query-input\":{\"@type\":\"PropertyValueSpecification\",\"valueRequired\":true,\"valueName\":\"search_term_string\"}}],\"inLanguage\":\"es-CL\"},{\"@type\":\"Person\",\"@id\":\"https:\/\/dev.explora.cl\/ohiggins\/#\/schema\/person\/3240d62ad2624da9148a475abbc509b0\",\"name\":\"nsalazar\",\"image\":{\"@type\":\"ImageObject\",\"inLanguage\":\"es-CL\",\"@id\":\"https:\/\/dev.explora.cl\/ohiggins\/#\/schema\/person\/image\/\",\"url\":\"https:\/\/secure.gravatar.com\/avatar\/b8cf276f31998a0865a3b90e4d663d91b97848887282c9f9a56cad57ff01cc7e?s=96&d=mm&r=g\",\"contentUrl\":\"https:\/\/secure.gravatar.com\/avatar\/b8cf276f31998a0865a3b90e4d663d91b97848887282c9f9a56cad57ff01cc7e?s=96&d=mm&r=g\",\"caption\":\"nsalazar\"},\"url\":\"https:\/\/dev.explora.cl\/ohiggins\/author\/nsalazar\/\"}]}<\/script>\n<!-- \/ Yoast SEO plugin. -->","yoast_head_json":{"title":"Escuela El Rinc\u00f3n fue anfitriona del lanzamiento del libro \u201cLa sociedad local\u201d - O&#039;Higgins","robots":{"index":"index","follow":"follow","max-snippet":"max-snippet:-1","max-image-preview":"max-image-preview:large","max-video-preview":"max-video-preview:-1"},"canonical":"https:\/\/dev.explora.cl\/ohiggins\/escuela-el-rincon-fue-anfitriona-del-lanzamiento-del-libro-la-sociedad-local\/","og_locale":"es_ES","og_type":"article","og_title":"Escuela El Rinc\u00f3n fue anfitriona del lanzamiento del libro \u201cLa sociedad local\u201d - O&#039;Higgins","og_description":"El programa Ciencia Abierta de PAR Explora O\u00b4Higgins organiz\u00f3 junto al establecimiento una actividad muy particular, en que se unieron la literatura con la m\u00fasica.","og_url":"https:\/\/dev.explora.cl\/ohiggins\/escuela-el-rincon-fue-anfitriona-del-lanzamiento-del-libro-la-sociedad-local\/","og_site_name":"O&#039;Higgins","article_published_time":"2021-11-26T18:12:45+00:00","article_modified_time":"2022-01-10T21:10:27+00:00","og_image":[{"width":3984,"height":2656,"url":"https:\/\/dev.explora.cl\/ohiggins\/wp-content\/uploads\/sites\/8\/2021\/11\/IMG_5942.jpg","type":"image\/jpeg"}],"author":"nsalazar","twitter_card":"summary_large_image","twitter_misc":{"Escrito por":"nsalazar","Tiempo estimado de lectura":"3 minutos"},"schema":{"@context":"https:\/\/schema.org","@graph":[{"@type":"Article","@id":"https:\/\/dev.explora.cl\/ohiggins\/escuela-el-rincon-fue-anfitriona-del-lanzamiento-del-libro-la-sociedad-local\/#article","isPartOf":{"@id":"https:\/\/dev.explora.cl\/ohiggins\/escuela-el-rincon-fue-anfitriona-del-lanzamiento-del-libro-la-sociedad-local\/"},"author":{"name":"nsalazar","@id":"https:\/\/dev.explora.cl\/ohiggins\/#\/schema\/person\/3240d62ad2624da9148a475abbc509b0"},"headline":"Escuela El Rinc\u00f3n fue anfitriona del lanzamiento del libro \u201cLa sociedad local\u201d","datePublished":"2021-11-26T18:12:45+00:00","dateModified":"2022-01-10T21:10:27+00:00","mainEntityOfPage":{"@id":"https:\/\/dev.explora.cl\/ohiggins\/escuela-el-rincon-fue-anfitriona-del-lanzamiento-del-libro-la-sociedad-local\/"},"wordCount":611,"commentCount":0,"image":{"@id":"https:\/\/dev.explora.cl\/ohiggins\/escuela-el-rincon-fue-anfitriona-del-lanzamiento-del-libro-la-sociedad-local\/#primaryimage"},"thumbnailUrl":"https:\/\/dev.explora.cl\/ohiggins\/wp-content\/uploads\/sites\/8\/2021\/11\/IMG_5942.jpg","articleSection":["Noticias"],"inLanguage":"es-CL","potentialAction":[{"@type":"CommentAction","name":"Comment","target":["https:\/\/dev.explora.cl\/ohiggins\/escuela-el-rincon-fue-anfitriona-del-lanzamiento-del-libro-la-sociedad-local\/#respond"]}]},{"@type":"WebPage","@id":"https:\/\/dev.explora.cl\/ohiggins\/escuela-el-rincon-fue-anfitriona-del-lanzamiento-del-libro-la-sociedad-local\/","url":"https:\/\/dev.explora.cl\/ohiggins\/escuela-el-rincon-fue-anfitriona-del-lanzamiento-del-libro-la-sociedad-local\/","name":"Escuela El Rinc\u00f3n fue anfitriona del lanzamiento del libro \u201cLa sociedad local\u201d - O&#039;Higgins","isPartOf":{"@id":"https:\/\/dev.explora.cl\/ohiggins\/#website"},"primaryImageOfPage":{"@id":"https:\/\/dev.explora.cl\/ohiggins\/escuela-el-rincon-fue-anfitriona-del-lanzamiento-del-libro-la-sociedad-local\/#primaryimage"},"image":{"@id":"https:\/\/dev.explora.cl\/ohiggins\/escuela-el-rincon-fue-anfitriona-del-lanzamiento-del-libro-la-sociedad-local\/#primaryimage"},"thumbnailUrl":"https:\/\/dev.explora.cl\/ohiggins\/wp-content\/uploads\/sites\/8\/2021\/11\/IMG_5942.jpg","datePublished":"2021-11-26T18:12:45+00:00","dateModified":"2022-01-10T21:10:27+00:00","author":{"@id":"https:\/\/dev.explora.cl\/ohiggins\/#\/schema\/person\/3240d62ad2624da9148a475abbc509b0"},"breadcrumb":{"@id":"https:\/\/dev.explora.cl\/ohiggins\/escuela-el-rincon-fue-anfitriona-del-lanzamiento-del-libro-la-sociedad-local\/#breadcrumb"},"inLanguage":"es-CL","potentialAction":[{"@type":"ReadAction","target":["https:\/\/dev.explora.cl\/ohiggins\/escuela-el-rincon-fue-anfitriona-del-lanzamiento-del-libro-la-sociedad-local\/"]}]},{"@type":"ImageObject","inLanguage":"es-CL","@id":"https:\/\/dev.explora.cl\/ohiggins\/escuela-el-rincon-fue-anfitriona-del-lanzamiento-del-libro-la-sociedad-local\/#primaryimage","url":"https:\/\/dev.explora.cl\/ohiggins\/wp-content\/uploads\/sites\/8\/2021\/11\/IMG_5942.jpg","contentUrl":"https:\/\/dev.explora.cl\/ohiggins\/wp-content\/uploads\/sites\/8\/2021\/11\/IMG_5942.jpg","width":3984,"height":2656},{"@type":"BreadcrumbList","@id":"https:\/\/dev.explora.cl\/ohiggins\/escuela-el-rincon-fue-anfitriona-del-lanzamiento-del-libro-la-sociedad-local\/#breadcrumb","itemListElement":[{"@type":"ListItem","position":1,"name":"Portada","item":"https:\/\/dev.explora.cl\/ohiggins\/"},{"@type":"ListItem","position":2,"name":"Escuela El Rinc\u00f3n fue anfitriona del lanzamiento del libro \u201cLa sociedad local\u201d"}]},{"@type":"WebSite","@id":"https:\/\/dev.explora.cl\/ohiggins\/#website","url":"https:\/\/dev.explora.cl\/ohiggins\/","name":"O&#039;Higgins","description":"Otro sitio m\u00e1s de dev.explora.cl","potentialAction":[{"@type":"SearchAction","target":{"@type":"EntryPoint","urlTemplate":"https:\/\/dev.explora.cl\/ohiggins\/?s={search_term_string}"},"query-input":{"@type":"PropertyValueSpecification","valueRequired":true,"valueName":"search_term_string"}}],"inLanguage":"es-CL"},{"@type":"Person","@id":"https:\/\/dev.explora.cl\/ohiggins\/#\/schema\/person\/3240d62ad2624da9148a475abbc509b0","name":"nsalazar","image":{"@type":"ImageObject","inLanguage":"es-CL","@id":"https:\/\/dev.explora.cl\/ohiggins\/#\/schema\/person\/image\/","url":"https:\/\/secure.gravatar.com\/avatar\/b8cf276f31998a0865a3b90e4d663d91b97848887282c9f9a56cad57ff01cc7e?s=96&d=mm&r=g","contentUrl":"https:\/\/secure.gravatar.com\/avatar\/b8cf276f31998a0865a3b90e4d663d91b97848887282c9f9a56cad57ff01cc7e?s=96&d=mm&r=g","caption":"nsalazar"},"url":"https:\/\/dev.explora.cl\/ohiggins\/author\/nsalazar\/"}]}},"_links":{"self":[{"href":"https:\/\/dev.explora.cl\/ohiggins\/wp-json\/wp\/v2\/posts\/38992","targetHints":{"allow":["GET"]}}],"collection":[{"href":"https:\/\/dev.explora.cl\/ohiggins\/wp-json\/wp\/v2\/posts"}],"about":[{"href":"https:\/\/dev.explora.cl\/ohiggins\/wp-json\/wp\/v2\/types\/post"}],"author":[{"embeddable":true,"href":"https:\/\/dev.explora.cl\/ohiggins\/wp-json\/wp\/v2\/users\/23"}],"replies":[{"embeddable":true,"href":"https:\/\/dev.explora.cl\/ohiggins\/wp-json\/wp\/v2\/comments?post=38992"}],"version-history":[{"count":1,"href":"https:\/\/dev.explora.cl\/ohiggins\/wp-json\/wp\/v2\/posts\/38992\/revisions"}],"predecessor-version":[{"id":38994,"href":"https:\/\/dev.explora.cl\/ohiggins\/wp-json\/wp\/v2\/posts\/38992\/revisions\/38994"}],"wp:featuredmedia":[{"embeddable":true,"href":"https:\/\/dev.explora.cl\/ohiggins\/wp-json\/wp\/v2\/media\/38993"}],"wp:attachment":[{"href":"https:\/\/dev.explora.cl\/ohiggins\/wp-json\/wp\/v2\/media?parent=38992"}],"wp:term":[{"taxonomy":"category","embeddable":true,"href":"https:\/\/dev.explora.cl\/ohiggins\/wp-json\/wp\/v2\/categories?post=38992"},{"taxonomy":"post_tag","embeddable":true,"href":"https:\/\/dev.explora.cl\/ohiggins\/wp-json\/wp\/v2\/tags?post=38992"}],"curies":[{"name":"wp","href":"https:\/\/api.w.org\/{rel}","templated":true}]}}