{"id":38980,"date":"2021-11-12T19:27:45","date_gmt":"2021-11-12T22:27:45","guid":{"rendered":"https:\/\/dev.explora.cl\/ohiggins\/?p=38980"},"modified":"2022-01-10T18:12:02","modified_gmt":"2022-01-10T21:12:02","slug":"estudiantes-del-xiv-congreso-explora-participaron-a-traves-de-una-ciudad-virtual","status":"publish","type":"post","link":"https:\/\/dev.explora.cl\/ohiggins\/estudiantes-del-xiv-congreso-explora-participaron-a-traves-de-una-ciudad-virtual\/","title":{"rendered":"Estudiantes del XIV Congreso Explora participaron a trav\u00e9s de una \u201cciudad virtual\u201d"},"content":{"rendered":"<p>&nbsp;<\/p>\n<p>Con una actividad virtual realizada a trav\u00e9s de la plataforma educacional Gather Town, se realiz\u00f3 el XIV Congreso Regional Explora de Investigaci\u00f3n e Innovaci\u00f3n Escolar 2021, organizado por PAR Explora O\u00b4Higgins, perteneciente al Programa Explora del Ministerio de Ciencia, Tecnolog\u00eda, Conocimiento e Innovaci\u00f3n (MinCiencia), ejecutado en la regi\u00f3n por la Universidad de O\u2019Higgins.<\/p>\n<p>Durante la jornada, estudiantes de los 10 proyectos en seleccionados compartieron sus investigaciones e innovaciones con el resto de sus compa\u00f1eros y compa\u00f1eras, y pudieron disfrutar de charlas de cient\u00edficos especialistas, todo ello a trav\u00e9s de una ciudad virtual especialmente armada por el equipo PAR Explora O\u00b4Higgins en la que, incluso, se realiz\u00f3 la inauguraci\u00f3n formal con las autoridades.<\/p>\n<p>\u201cTuvimos un Congreso Explora muy especial, ya que debido a la necesidad de realizarlo de forma virtual, quisimos innovar para que los estudiantes pudieran interactuar con sus compa\u00f1eras y compa\u00f1eros en diversos espacios especialmente creados para ello. Fue una entretenida jornada en la que todos compartimos los conocimientos a trav\u00e9s de una cuidad virtual en la plataforma Gather Town. Quedamos muy satisfechos con el trabajo de los establecimientos y con el resultado del XIV Congreso Explora O\u00b4Higgins. Felicitamos a todos y todas\u201d, indic\u00f3 el director de PAR Explora O\u00b4Higgins, Rodrigo Verschae.<\/p>\n<p>Por su parte, el asesor tecnol\u00f3gico de PAR Explora O\u2019Higgins, Ignacio Bugue\u00f1o, precis\u00f3 que Gather Town \u201ces una plataforma que permite crear un mundo virtual, para sostener reuniones en internet a trav\u00e9s de interacciones sociales. En este mundo se crean entornos que permiten interactuar de forma virtual, de manera divertida e innovadora. Si bien es una plataforma virtual, tambi\u00e9n es una herramienta educativa que fortalece los procesos de ense\u00f1anza, y que es uno de los desaf\u00edos de la educaci\u00f3n a distancia. Su implementaci\u00f3n nos ha dado cifras muy satisfactorias, y hoy incluso pudimos sostener una inauguraci\u00f3n\u201d.<\/p>\n<p>PROYECTOS<\/p>\n<p>Los proyectos en competencia se dividieron en ense\u00f1anza b\u00e1sica y media. Los de b\u00e1sica son: \u201cNuestro lugar en la historia\u201d, Escuela El Rinc\u00f3n de Mostazal; \u201cEl hombre de Cuchipuy\u201d, Colegio San Alberto de Machal\u00ed; \u201cVenta descomunal de parcelas en el sector Santa M\u00f3nica (Litueche) y su impacto en los acu\u00edferos subterr\u00e1neos producto de la realizaci\u00f3n excesivas de pozos profundos\u201d, Escuela Cardenal Ra\u00fal Silva Henr\u00edquez de Litueche; \u201cHidrorayen\u201d, Escuela Luis Galdames de Rengo.<\/p>\n<p>Mientras que los de media son: \u201cEfectos del cambio clim\u00e1tico en la susceptibilidad a enfermedades que aquejan a Ping\u00fcinos de la Ant\u00e1rtida\u201d, Colegio Ingl\u00e9s Saint John de Rancagua; \u201cEstudios comparativos de la obtenci\u00f3n de energ\u00eda el\u00e9ctrica de tres especies de \u00e1rboles presentes en la zona del secano costero de la Regi\u00f3n de O\u00b4Higgins y la aproximaci\u00f3n a su utilizaci\u00f3n con fines dom\u00e9sticos\u201d, Colegio Charly\u00b4s School de Pichilemu; \u201cDensidad Poblacional de Pleurodema thaul\u201d, Liceo Bicentenario T\u00e9cnico de Rancagua; \u201cComparaci\u00f3n del efecto de dos tipos de m\u00fasica en la germinaci\u00f3n y crecimiento del Ch\u00eda (Selva hisp\u00e1nica)\u201d, Liceo Comercial Jorge Alessandri de Rancagua; \u201cAcercamiento al imaginario social y la percepci\u00f3n de la comunidad frente a la Ant\u00e1rtida y el cambio clim\u00e1tico\u201d, Liceo Industrial de San Fernando; y \u201cChe\u00farfe Robots: Prototipo Tecnol\u00f3gico de alcance Agr\u00edcola\u201d, Liceo Ferm\u00edn del Real Castillo de Santa Cruz.<\/p>\n<p>Finalmente, los seleccionados para representar a la regi\u00f3n en el nacional son: Categor\u00eda Innovaci\u00f3n Ense\u00f1anza B\u00e1sica: Escuela Luis Galdames de Rengo; Categor\u00eda Innovaci\u00f3n Ense\u00f1anza Media: Liceo Ferm\u00edn del Real Castillo de Ch\u00e9pica; Categor\u00eda Investigaci\u00f3n Ense\u00f1anza B\u00e1sica: Escuela Cardenal Ra\u00fal Silva Henr\u00edquez de Litueche; Categor\u00eda Investigaci\u00f3n Ense\u00f1anza Media: Liceo Industrial de San Fernando.<\/p>\n","protected":false},"excerpt":{"rendered":"<p>Los representantes de los 10 establecimientos finalistas compartieron sus proyectos de forma remota y l\u00fadica, gracias a la plataforma Gather Town. Finalmente, los representantes regionales en el Congreso Nacional ser\u00e1n: Escuela Luis Galdames de Rengo, Liceo Ferm\u00edn del Real Castillo de Ch\u00e9pica, Escuela Cardenal Ra\u00fal Silva Henr\u00edquez de Litueche y Liceo Industrial de San Fernando.<\/p>\n","protected":false},"author":23,"featured_media":38981,"comment_status":"open","ping_status":"open","sticky":false,"template":"","format":"standard","meta":{"_acf_changed":false,"_exactmetrics_skip_tracking":false,"_exactmetrics_sitenote_active":false,"_exactmetrics_sitenote_note":"","_exactmetrics_sitenote_category":0,"footnotes":"","_links_to":"","_links_to_target":""},"categories":[4],"tags":[],"class_list":["post-38980","post","type-post","status-publish","format-standard","has-post-thumbnail","hentry","category-noticias"],"acf":[],"yoast_head":"<!-- This site is optimized with the Yoast SEO plugin v26.7 - https:\/\/yoast.com\/wordpress\/plugins\/seo\/ -->\n<title>Estudiantes del XIV Congreso Explora participaron a trav\u00e9s de una \u201cciudad virtual\u201d - O&#039;Higgins<\/title>\n<meta name=\"robots\" content=\"index, follow, max-snippet:-1, max-image-preview:large, max-video-preview:-1\" \/>\n<link rel=\"canonical\" href=\"https:\/\/dev.explora.cl\/ohiggins\/estudiantes-del-xiv-congreso-explora-participaron-a-traves-de-una-ciudad-virtual\/\" class=\"yoast-seo-meta-tag\" \/>\n<meta property=\"og:locale\" content=\"es_ES\" class=\"yoast-seo-meta-tag\" \/>\n<meta property=\"og:type\" content=\"article\" class=\"yoast-seo-meta-tag\" \/>\n<meta property=\"og:title\" content=\"Estudiantes del XIV Congreso Explora participaron a trav\u00e9s de una \u201cciudad virtual\u201d - O&#039;Higgins\" class=\"yoast-seo-meta-tag\" \/>\n<meta property=\"og:description\" content=\"Los representantes de los 10 establecimientos finalistas compartieron sus proyectos de forma remota y l\u00fadica, gracias a la plataforma Gather Town. Finalmente, los representantes regionales en el Congreso Nacional ser\u00e1n: Escuela Luis Galdames de Rengo, Liceo Ferm\u00edn del Real Castillo de Ch\u00e9pica, Escuela Cardenal Ra\u00fal Silva Henr\u00edquez de Litueche y Liceo Industrial de San Fernando.\" class=\"yoast-seo-meta-tag\" \/>\n<meta property=\"og:url\" content=\"https:\/\/dev.explora.cl\/ohiggins\/estudiantes-del-xiv-congreso-explora-participaron-a-traves-de-una-ciudad-virtual\/\" class=\"yoast-seo-meta-tag\" \/>\n<meta property=\"og:site_name\" content=\"O&#039;Higgins\" class=\"yoast-seo-meta-tag\" \/>\n<meta property=\"article:published_time\" content=\"2021-11-12T22:27:45+00:00\" class=\"yoast-seo-meta-tag\" \/>\n<meta property=\"article:modified_time\" content=\"2022-01-10T21:12:02+00:00\" class=\"yoast-seo-meta-tag\" \/>\n<meta property=\"og:image\" content=\"https:\/\/dev.explora.cl\/ohiggins\/wp-content\/uploads\/sites\/8\/2021\/11\/congreso_regional_ceremonia_inaugural.png\" class=\"yoast-seo-meta-tag\" \/>\n\t<meta property=\"og:image:width\" content=\"1064\" class=\"yoast-seo-meta-tag\" \/>\n\t<meta property=\"og:image:height\" content=\"571\" class=\"yoast-seo-meta-tag\" \/>\n\t<meta property=\"og:image:type\" content=\"image\/png\" class=\"yoast-seo-meta-tag\" \/>\n<meta name=\"author\" content=\"nsalazar\" class=\"yoast-seo-meta-tag\" \/>\n<meta name=\"twitter:card\" content=\"summary_large_image\" class=\"yoast-seo-meta-tag\" \/>\n<meta name=\"twitter:label1\" content=\"Escrito por\" class=\"yoast-seo-meta-tag\" \/>\n\t<meta name=\"twitter:data1\" content=\"nsalazar\" class=\"yoast-seo-meta-tag\" \/>\n\t<meta name=\"twitter:label2\" content=\"Tiempo estimado de lectura\" class=\"yoast-seo-meta-tag\" \/>\n\t<meta name=\"twitter:data2\" content=\"3 minutos\" class=\"yoast-seo-meta-tag\" \/>\n<script type=\"application\/ld+json\" class=\"yoast-schema-graph\">{\"@context\":\"https:\/\/schema.org\",\"@graph\":[{\"@type\":\"Article\",\"@id\":\"https:\/\/dev.explora.cl\/ohiggins\/estudiantes-del-xiv-congreso-explora-participaron-a-traves-de-una-ciudad-virtual\/#article\",\"isPartOf\":{\"@id\":\"https:\/\/dev.explora.cl\/ohiggins\/estudiantes-del-xiv-congreso-explora-participaron-a-traves-de-una-ciudad-virtual\/\"},\"author\":{\"name\":\"nsalazar\",\"@id\":\"https:\/\/dev.explora.cl\/ohiggins\/#\/schema\/person\/3240d62ad2624da9148a475abbc509b0\"},\"headline\":\"Estudiantes del XIV Congreso Explora participaron a trav\u00e9s de una \u201cciudad virtual\u201d\",\"datePublished\":\"2021-11-12T22:27:45+00:00\",\"dateModified\":\"2022-01-10T21:12:02+00:00\",\"mainEntityOfPage\":{\"@id\":\"https:\/\/dev.explora.cl\/ohiggins\/estudiantes-del-xiv-congreso-explora-participaron-a-traves-de-una-ciudad-virtual\/\"},\"wordCount\":659,\"commentCount\":0,\"image\":{\"@id\":\"https:\/\/dev.explora.cl\/ohiggins\/estudiantes-del-xiv-congreso-explora-participaron-a-traves-de-una-ciudad-virtual\/#primaryimage\"},\"thumbnailUrl\":\"https:\/\/dev.explora.cl\/ohiggins\/wp-content\/uploads\/sites\/8\/2021\/11\/congreso_regional_ceremonia_inaugural.png\",\"articleSection\":[\"Noticias\"],\"inLanguage\":\"es-CL\",\"potentialAction\":[{\"@type\":\"CommentAction\",\"name\":\"Comment\",\"target\":[\"https:\/\/dev.explora.cl\/ohiggins\/estudiantes-del-xiv-congreso-explora-participaron-a-traves-de-una-ciudad-virtual\/#respond\"]}]},{\"@type\":\"WebPage\",\"@id\":\"https:\/\/dev.explora.cl\/ohiggins\/estudiantes-del-xiv-congreso-explora-participaron-a-traves-de-una-ciudad-virtual\/\",\"url\":\"https:\/\/dev.explora.cl\/ohiggins\/estudiantes-del-xiv-congreso-explora-participaron-a-traves-de-una-ciudad-virtual\/\",\"name\":\"Estudiantes del XIV Congreso Explora participaron a trav\u00e9s de una \u201cciudad virtual\u201d - O&#039;Higgins\",\"isPartOf\":{\"@id\":\"https:\/\/dev.explora.cl\/ohiggins\/#website\"},\"primaryImageOfPage\":{\"@id\":\"https:\/\/dev.explora.cl\/ohiggins\/estudiantes-del-xiv-congreso-explora-participaron-a-traves-de-una-ciudad-virtual\/#primaryimage\"},\"image\":{\"@id\":\"https:\/\/dev.explora.cl\/ohiggins\/estudiantes-del-xiv-congreso-explora-participaron-a-traves-de-una-ciudad-virtual\/#primaryimage\"},\"thumbnailUrl\":\"https:\/\/dev.explora.cl\/ohiggins\/wp-content\/uploads\/sites\/8\/2021\/11\/congreso_regional_ceremonia_inaugural.png\",\"datePublished\":\"2021-11-12T22:27:45+00:00\",\"dateModified\":\"2022-01-10T21:12:02+00:00\",\"author\":{\"@id\":\"https:\/\/dev.explora.cl\/ohiggins\/#\/schema\/person\/3240d62ad2624da9148a475abbc509b0\"},\"breadcrumb\":{\"@id\":\"https:\/\/dev.explora.cl\/ohiggins\/estudiantes-del-xiv-congreso-explora-participaron-a-traves-de-una-ciudad-virtual\/#breadcrumb\"},\"inLanguage\":\"es-CL\",\"potentialAction\":[{\"@type\":\"ReadAction\",\"target\":[\"https:\/\/dev.explora.cl\/ohiggins\/estudiantes-del-xiv-congreso-explora-participaron-a-traves-de-una-ciudad-virtual\/\"]}]},{\"@type\":\"ImageObject\",\"inLanguage\":\"es-CL\",\"@id\":\"https:\/\/dev.explora.cl\/ohiggins\/estudiantes-del-xiv-congreso-explora-participaron-a-traves-de-una-ciudad-virtual\/#primaryimage\",\"url\":\"https:\/\/dev.explora.cl\/ohiggins\/wp-content\/uploads\/sites\/8\/2021\/11\/congreso_regional_ceremonia_inaugural.png\",\"contentUrl\":\"https:\/\/dev.explora.cl\/ohiggins\/wp-content\/uploads\/sites\/8\/2021\/11\/congreso_regional_ceremonia_inaugural.png\",\"width\":1064,\"height\":571},{\"@type\":\"BreadcrumbList\",\"@id\":\"https:\/\/dev.explora.cl\/ohiggins\/estudiantes-del-xiv-congreso-explora-participaron-a-traves-de-una-ciudad-virtual\/#breadcrumb\",\"itemListElement\":[{\"@type\":\"ListItem\",\"position\":1,\"name\":\"Portada\",\"item\":\"https:\/\/dev.explora.cl\/ohiggins\/\"},{\"@type\":\"ListItem\",\"position\":2,\"name\":\"Estudiantes del XIV Congreso Explora participaron a trav\u00e9s de una \u201cciudad virtual\u201d\"}]},{\"@type\":\"WebSite\",\"@id\":\"https:\/\/dev.explora.cl\/ohiggins\/#website\",\"url\":\"https:\/\/dev.explora.cl\/ohiggins\/\",\"name\":\"O&#039;Higgins\",\"description\":\"Otro sitio m\u00e1s de dev.explora.cl\",\"potentialAction\":[{\"@type\":\"SearchAction\",\"target\":{\"@type\":\"EntryPoint\",\"urlTemplate\":\"https:\/\/dev.explora.cl\/ohiggins\/?s={search_term_string}\"},\"query-input\":{\"@type\":\"PropertyValueSpecification\",\"valueRequired\":true,\"valueName\":\"search_term_string\"}}],\"inLanguage\":\"es-CL\"},{\"@type\":\"Person\",\"@id\":\"https:\/\/dev.explora.cl\/ohiggins\/#\/schema\/person\/3240d62ad2624da9148a475abbc509b0\",\"name\":\"nsalazar\",\"image\":{\"@type\":\"ImageObject\",\"inLanguage\":\"es-CL\",\"@id\":\"https:\/\/dev.explora.cl\/ohiggins\/#\/schema\/person\/image\/\",\"url\":\"https:\/\/secure.gravatar.com\/avatar\/b8cf276f31998a0865a3b90e4d663d91b97848887282c9f9a56cad57ff01cc7e?s=96&d=mm&r=g\",\"contentUrl\":\"https:\/\/secure.gravatar.com\/avatar\/b8cf276f31998a0865a3b90e4d663d91b97848887282c9f9a56cad57ff01cc7e?s=96&d=mm&r=g\",\"caption\":\"nsalazar\"},\"url\":\"https:\/\/dev.explora.cl\/ohiggins\/author\/nsalazar\/\"}]}<\/script>\n<!-- \/ Yoast SEO plugin. -->","yoast_head_json":{"title":"Estudiantes del XIV Congreso Explora participaron a trav\u00e9s de una \u201cciudad virtual\u201d - O&#039;Higgins","robots":{"index":"index","follow":"follow","max-snippet":"max-snippet:-1","max-image-preview":"max-image-preview:large","max-video-preview":"max-video-preview:-1"},"canonical":"https:\/\/dev.explora.cl\/ohiggins\/estudiantes-del-xiv-congreso-explora-participaron-a-traves-de-una-ciudad-virtual\/","og_locale":"es_ES","og_type":"article","og_title":"Estudiantes del XIV Congreso Explora participaron a trav\u00e9s de una \u201cciudad virtual\u201d - O&#039;Higgins","og_description":"Los representantes de los 10 establecimientos finalistas compartieron sus proyectos de forma remota y l\u00fadica, gracias a la plataforma Gather Town. Finalmente, los representantes regionales en el Congreso Nacional ser\u00e1n: Escuela Luis Galdames de Rengo, Liceo Ferm\u00edn del Real Castillo de Ch\u00e9pica, Escuela Cardenal Ra\u00fal Silva Henr\u00edquez de Litueche y Liceo Industrial de San Fernando.","og_url":"https:\/\/dev.explora.cl\/ohiggins\/estudiantes-del-xiv-congreso-explora-participaron-a-traves-de-una-ciudad-virtual\/","og_site_name":"O&#039;Higgins","article_published_time":"2021-11-12T22:27:45+00:00","article_modified_time":"2022-01-10T21:12:02+00:00","og_image":[{"width":1064,"height":571,"url":"https:\/\/dev.explora.cl\/ohiggins\/wp-content\/uploads\/sites\/8\/2021\/11\/congreso_regional_ceremonia_inaugural.png","type":"image\/png"}],"author":"nsalazar","twitter_card":"summary_large_image","twitter_misc":{"Escrito por":"nsalazar","Tiempo estimado de lectura":"3 minutos"},"schema":{"@context":"https:\/\/schema.org","@graph":[{"@type":"Article","@id":"https:\/\/dev.explora.cl\/ohiggins\/estudiantes-del-xiv-congreso-explora-participaron-a-traves-de-una-ciudad-virtual\/#article","isPartOf":{"@id":"https:\/\/dev.explora.cl\/ohiggins\/estudiantes-del-xiv-congreso-explora-participaron-a-traves-de-una-ciudad-virtual\/"},"author":{"name":"nsalazar","@id":"https:\/\/dev.explora.cl\/ohiggins\/#\/schema\/person\/3240d62ad2624da9148a475abbc509b0"},"headline":"Estudiantes del XIV Congreso Explora participaron a trav\u00e9s de una \u201cciudad virtual\u201d","datePublished":"2021-11-12T22:27:45+00:00","dateModified":"2022-01-10T21:12:02+00:00","mainEntityOfPage":{"@id":"https:\/\/dev.explora.cl\/ohiggins\/estudiantes-del-xiv-congreso-explora-participaron-a-traves-de-una-ciudad-virtual\/"},"wordCount":659,"commentCount":0,"image":{"@id":"https:\/\/dev.explora.cl\/ohiggins\/estudiantes-del-xiv-congreso-explora-participaron-a-traves-de-una-ciudad-virtual\/#primaryimage"},"thumbnailUrl":"https:\/\/dev.explora.cl\/ohiggins\/wp-content\/uploads\/sites\/8\/2021\/11\/congreso_regional_ceremonia_inaugural.png","articleSection":["Noticias"],"inLanguage":"es-CL","potentialAction":[{"@type":"CommentAction","name":"Comment","target":["https:\/\/dev.explora.cl\/ohiggins\/estudiantes-del-xiv-congreso-explora-participaron-a-traves-de-una-ciudad-virtual\/#respond"]}]},{"@type":"WebPage","@id":"https:\/\/dev.explora.cl\/ohiggins\/estudiantes-del-xiv-congreso-explora-participaron-a-traves-de-una-ciudad-virtual\/","url":"https:\/\/dev.explora.cl\/ohiggins\/estudiantes-del-xiv-congreso-explora-participaron-a-traves-de-una-ciudad-virtual\/","name":"Estudiantes del XIV Congreso Explora participaron a trav\u00e9s de una \u201cciudad virtual\u201d - O&#039;Higgins","isPartOf":{"@id":"https:\/\/dev.explora.cl\/ohiggins\/#website"},"primaryImageOfPage":{"@id":"https:\/\/dev.explora.cl\/ohiggins\/estudiantes-del-xiv-congreso-explora-participaron-a-traves-de-una-ciudad-virtual\/#primaryimage"},"image":{"@id":"https:\/\/dev.explora.cl\/ohiggins\/estudiantes-del-xiv-congreso-explora-participaron-a-traves-de-una-ciudad-virtual\/#primaryimage"},"thumbnailUrl":"https:\/\/dev.explora.cl\/ohiggins\/wp-content\/uploads\/sites\/8\/2021\/11\/congreso_regional_ceremonia_inaugural.png","datePublished":"2021-11-12T22:27:45+00:00","dateModified":"2022-01-10T21:12:02+00:00","author":{"@id":"https:\/\/dev.explora.cl\/ohiggins\/#\/schema\/person\/3240d62ad2624da9148a475abbc509b0"},"breadcrumb":{"@id":"https:\/\/dev.explora.cl\/ohiggins\/estudiantes-del-xiv-congreso-explora-participaron-a-traves-de-una-ciudad-virtual\/#breadcrumb"},"inLanguage":"es-CL","potentialAction":[{"@type":"ReadAction","target":["https:\/\/dev.explora.cl\/ohiggins\/estudiantes-del-xiv-congreso-explora-participaron-a-traves-de-una-ciudad-virtual\/"]}]},{"@type":"ImageObject","inLanguage":"es-CL","@id":"https:\/\/dev.explora.cl\/ohiggins\/estudiantes-del-xiv-congreso-explora-participaron-a-traves-de-una-ciudad-virtual\/#primaryimage","url":"https:\/\/dev.explora.cl\/ohiggins\/wp-content\/uploads\/sites\/8\/2021\/11\/congreso_regional_ceremonia_inaugural.png","contentUrl":"https:\/\/dev.explora.cl\/ohiggins\/wp-content\/uploads\/sites\/8\/2021\/11\/congreso_regional_ceremonia_inaugural.png","width":1064,"height":571},{"@type":"BreadcrumbList","@id":"https:\/\/dev.explora.cl\/ohiggins\/estudiantes-del-xiv-congreso-explora-participaron-a-traves-de-una-ciudad-virtual\/#breadcrumb","itemListElement":[{"@type":"ListItem","position":1,"name":"Portada","item":"https:\/\/dev.explora.cl\/ohiggins\/"},{"@type":"ListItem","position":2,"name":"Estudiantes del XIV Congreso Explora participaron a trav\u00e9s de una \u201cciudad virtual\u201d"}]},{"@type":"WebSite","@id":"https:\/\/dev.explora.cl\/ohiggins\/#website","url":"https:\/\/dev.explora.cl\/ohiggins\/","name":"O&#039;Higgins","description":"Otro sitio m\u00e1s de dev.explora.cl","potentialAction":[{"@type":"SearchAction","target":{"@type":"EntryPoint","urlTemplate":"https:\/\/dev.explora.cl\/ohiggins\/?s={search_term_string}"},"query-input":{"@type":"PropertyValueSpecification","valueRequired":true,"valueName":"search_term_string"}}],"inLanguage":"es-CL"},{"@type":"Person","@id":"https:\/\/dev.explora.cl\/ohiggins\/#\/schema\/person\/3240d62ad2624da9148a475abbc509b0","name":"nsalazar","image":{"@type":"ImageObject","inLanguage":"es-CL","@id":"https:\/\/dev.explora.cl\/ohiggins\/#\/schema\/person\/image\/","url":"https:\/\/secure.gravatar.com\/avatar\/b8cf276f31998a0865a3b90e4d663d91b97848887282c9f9a56cad57ff01cc7e?s=96&d=mm&r=g","contentUrl":"https:\/\/secure.gravatar.com\/avatar\/b8cf276f31998a0865a3b90e4d663d91b97848887282c9f9a56cad57ff01cc7e?s=96&d=mm&r=g","caption":"nsalazar"},"url":"https:\/\/dev.explora.cl\/ohiggins\/author\/nsalazar\/"}]}},"_links":{"self":[{"href":"https:\/\/dev.explora.cl\/ohiggins\/wp-json\/wp\/v2\/posts\/38980","targetHints":{"allow":["GET"]}}],"collection":[{"href":"https:\/\/dev.explora.cl\/ohiggins\/wp-json\/wp\/v2\/posts"}],"about":[{"href":"https:\/\/dev.explora.cl\/ohiggins\/wp-json\/wp\/v2\/types\/post"}],"author":[{"embeddable":true,"href":"https:\/\/dev.explora.cl\/ohiggins\/wp-json\/wp\/v2\/users\/23"}],"replies":[{"embeddable":true,"href":"https:\/\/dev.explora.cl\/ohiggins\/wp-json\/wp\/v2\/comments?post=38980"}],"version-history":[{"count":1,"href":"https:\/\/dev.explora.cl\/ohiggins\/wp-json\/wp\/v2\/posts\/38980\/revisions"}],"predecessor-version":[{"id":38982,"href":"https:\/\/dev.explora.cl\/ohiggins\/wp-json\/wp\/v2\/posts\/38980\/revisions\/38982"}],"wp:featuredmedia":[{"embeddable":true,"href":"https:\/\/dev.explora.cl\/ohiggins\/wp-json\/wp\/v2\/media\/38981"}],"wp:attachment":[{"href":"https:\/\/dev.explora.cl\/ohiggins\/wp-json\/wp\/v2\/media?parent=38980"}],"wp:term":[{"taxonomy":"category","embeddable":true,"href":"https:\/\/dev.explora.cl\/ohiggins\/wp-json\/wp\/v2\/categories?post=38980"},{"taxonomy":"post_tag","embeddable":true,"href":"https:\/\/dev.explora.cl\/ohiggins\/wp-json\/wp\/v2\/tags?post=38980"}],"curies":[{"name":"wp","href":"https:\/\/api.w.org\/{rel}","templated":true}]}}