{"id":38964,"date":"2021-11-04T11:25:28","date_gmt":"2021-11-04T14:25:28","guid":{"rendered":"https:\/\/dev.explora.cl\/ohiggins\/?p=38964"},"modified":"2022-01-10T18:17:33","modified_gmt":"2022-01-10T21:17:33","slug":"estudiantes-de-academias-explora-se-reunieron-en-ciudad-virtual","status":"publish","type":"post","link":"https:\/\/dev.explora.cl\/ohiggins\/estudiantes-de-academias-explora-se-reunieron-en-ciudad-virtual\/","title":{"rendered":"Estudiantes de Academias Explora se reunieron en \u201cciudad virtual\u201d"},"content":{"rendered":"<p>Las Muestras de Aprendizajes de Investigaci\u00f3n e Innovaci\u00f3n Escolar, son espacios en que estudiantes de educaci\u00f3n b\u00e1sica y media pueden conocer los proyectos de otras Academias de Investigaci\u00f3n e Innovaci\u00f3n Escolar (IIE) de PAR Explora O\u00b4Higgins y aprender de diversos especialistas que participaron como asesores\/as durante este proceso. Para este a\u00f1o el encuentro se realiz\u00f3 de forma remota, a trav\u00e9s de un espacio virtual diferente, l\u00fadico, muy similar a un video juego, la plataforma educacional Gather Town.<\/p>\n<p>De acuerdo al director de PAR Explora O\u00b4Higgins, Rodrigo Verschae, las Muestras de Aprendizaje de este a\u00f1o \u201cse realizaron de forma entretenida, a trav\u00e9s de una plataforma que nos entrega un mundo virtual que simula una cuidad, donde uno se puede mover, encontrar, interactuar y explorar. Estamos muy contentos porque los estudiantes de diferentes partes de la regi\u00f3n pudieron reunirse para comentar sus proyectos de investigaci\u00f3n, y al mismo tiempo, aprender de los especialistas\u201d.<\/p>\n<p>La encargada de Valoraci\u00f3n PAR Explora O\u00b4Higgins, Mar\u00eda Antonieta Rojas, se\u00f1al\u00f3 que \u201cdentro de los espacios, cada equipo ten\u00eda un stand con un p\u00f3ster de su investigaci\u00f3n o innovaci\u00f3n, pod\u00edan revisar los proyectos, contactarse por chat con el resto de los participantes, entrar a espacios para comunicarse por c\u00e1mara y audio, e ingresar a diferentes salas para conversar con cient\u00edficos y cient\u00edficas. Fue una experiencia muy grata y novedosa, tanto para los docentes como para los y las estudiantes\u201d.<\/p>\n<p>\u201cMe pareci\u00f3 muy entretenido. Cuando vi el juego, qued\u00e9 para adentro, porque la paciencia, la dedicaci\u00f3n que tuvieron para hacer esto para nosotros, fue muy bueno. Para m\u00ed fue impactante, y me gusta mucho que se hayan preocupado tanto para que nosotros pudi\u00e9ramos aprender mejor\u201d, indic\u00f3 la estudiante Josefa de los \u00c1ngeles Contreras, del Liceo Bicentenario T\u00e9cnico de Rancagua.<\/p>\n<p>VISITA A LA UOH<\/p>\n<p>Durante el encuentro a trav\u00e9s de la plataforma Gather Town, las alumnas y alumnos pudieron compartir con sus compa\u00f1eras y compa\u00f1eros de la regi\u00f3n. Pero atendiendo a la necesidad de conexi\u00f3n a internet, PAR Explora recibi\u00f3 en la Universidad de O\u00b4Higgins a una delegaci\u00f3n: la Escuela Quillayquen, de Rinconada de Parral, Coltauco.<\/p>\n<p>\u201cHoy vinimos para compartir con estudiantes de otras escuelas que participan en PAR Explora, de forma online. Vimos sus trabajos y proyectos y presentamos el nuestro, que es por qu\u00e9 el litre crece m\u00e1s r\u00e1pido que otras especies despu\u00e9s de los incendios. Todos los a\u00f1os hay incendios y una vez me fij\u00e9 que los primeros \u00e1rboles en crecer son los litres. Estuvo muy entretenido, muy bonita la Universidad\u201d, asegur\u00f3 el estudiante Dami\u00e1n Riquelme, de octavo b\u00e1sico de la Escuela Quillayquen.<\/p>\n<p>Por \u00faltimo, la profesora de ciencias naturales del colegio rural, Roxana Soto, agreg\u00f3 que \u201ccomenzamos este a\u00f1o a trabajar en las Academias, porque nosotros siempre hacemos muestras cient\u00edficas. Invitamos a los ni\u00f1os y ni\u00f1as a trabajar, buscamos un tema de investigaci\u00f3n que fuera cercano, vivencial, de nuestro entorno, y llegamos a los \u00e1rboles y el efecto de los incendios forestales. Estamos reci\u00e9n comenzando esta investigaci\u00f3n. Lo pasamos muy bien con PAR Explora en la UOH, y fue muy motivador para los chicos\u201d.<\/p>\n","protected":false},"excerpt":{"rendered":"<p>Las alumnas y alumnos se juntaron en la plataforma educacional Gather Town para compartir, dar a conocer sus investigaciones y aprender de las y los especialistas que realizaron charlas cient\u00edficas.<\/p>\n","protected":false},"author":23,"featured_media":38965,"comment_status":"open","ping_status":"open","sticky":false,"template":"","format":"standard","meta":{"_acf_changed":false,"_exactmetrics_skip_tracking":false,"_exactmetrics_sitenote_active":false,"_exactmetrics_sitenote_note":"","_exactmetrics_sitenote_category":0,"footnotes":"","_links_to":"","_links_to_target":""},"categories":[4],"tags":[],"class_list":["post-38964","post","type-post","status-publish","format-standard","has-post-thumbnail","hentry","category-noticias"],"acf":[],"yoast_head":"<!-- This site is optimized with the Yoast SEO plugin v26.7 - https:\/\/yoast.com\/wordpress\/plugins\/seo\/ -->\n<title>Estudiantes de Academias Explora se reunieron en \u201cciudad virtual\u201d - O&#039;Higgins<\/title>\n<meta name=\"robots\" content=\"index, follow, max-snippet:-1, max-image-preview:large, max-video-preview:-1\" \/>\n<link rel=\"canonical\" href=\"https:\/\/dev.explora.cl\/ohiggins\/estudiantes-de-academias-explora-se-reunieron-en-ciudad-virtual\/\" class=\"yoast-seo-meta-tag\" \/>\n<meta property=\"og:locale\" content=\"es_ES\" class=\"yoast-seo-meta-tag\" \/>\n<meta property=\"og:type\" content=\"article\" class=\"yoast-seo-meta-tag\" \/>\n<meta property=\"og:title\" content=\"Estudiantes de Academias Explora se reunieron en \u201cciudad virtual\u201d - O&#039;Higgins\" class=\"yoast-seo-meta-tag\" \/>\n<meta property=\"og:description\" content=\"Las alumnas y alumnos se juntaron en la plataforma educacional Gather Town para compartir, dar a conocer sus investigaciones y aprender de las y los especialistas que realizaron charlas cient\u00edficas.\" class=\"yoast-seo-meta-tag\" \/>\n<meta property=\"og:url\" content=\"https:\/\/dev.explora.cl\/ohiggins\/estudiantes-de-academias-explora-se-reunieron-en-ciudad-virtual\/\" class=\"yoast-seo-meta-tag\" \/>\n<meta property=\"og:site_name\" content=\"O&#039;Higgins\" class=\"yoast-seo-meta-tag\" \/>\n<meta property=\"article:published_time\" content=\"2021-11-04T14:25:28+00:00\" class=\"yoast-seo-meta-tag\" \/>\n<meta property=\"article:modified_time\" content=\"2022-01-10T21:17:33+00:00\" class=\"yoast-seo-meta-tag\" \/>\n<meta property=\"og:image\" content=\"https:\/\/dev.explora.cl\/ohiggins\/wp-content\/uploads\/sites\/8\/2021\/11\/IMG_0398.jpg\" class=\"yoast-seo-meta-tag\" \/>\n\t<meta property=\"og:image:width\" content=\"3984\" class=\"yoast-seo-meta-tag\" \/>\n\t<meta property=\"og:image:height\" content=\"2656\" class=\"yoast-seo-meta-tag\" \/>\n\t<meta property=\"og:image:type\" content=\"image\/jpeg\" class=\"yoast-seo-meta-tag\" \/>\n<meta name=\"author\" content=\"nsalazar\" class=\"yoast-seo-meta-tag\" \/>\n<meta name=\"twitter:card\" content=\"summary_large_image\" class=\"yoast-seo-meta-tag\" \/>\n<meta name=\"twitter:label1\" content=\"Escrito por\" class=\"yoast-seo-meta-tag\" \/>\n\t<meta name=\"twitter:data1\" content=\"nsalazar\" class=\"yoast-seo-meta-tag\" \/>\n\t<meta name=\"twitter:label2\" content=\"Tiempo estimado de lectura\" class=\"yoast-seo-meta-tag\" \/>\n\t<meta name=\"twitter:data2\" content=\"3 minutos\" class=\"yoast-seo-meta-tag\" \/>\n<script type=\"application\/ld+json\" class=\"yoast-schema-graph\">{\"@context\":\"https:\/\/schema.org\",\"@graph\":[{\"@type\":\"Article\",\"@id\":\"https:\/\/dev.explora.cl\/ohiggins\/estudiantes-de-academias-explora-se-reunieron-en-ciudad-virtual\/#article\",\"isPartOf\":{\"@id\":\"https:\/\/dev.explora.cl\/ohiggins\/estudiantes-de-academias-explora-se-reunieron-en-ciudad-virtual\/\"},\"author\":{\"name\":\"nsalazar\",\"@id\":\"https:\/\/dev.explora.cl\/ohiggins\/#\/schema\/person\/3240d62ad2624da9148a475abbc509b0\"},\"headline\":\"Estudiantes de Academias Explora se reunieron en \u201cciudad virtual\u201d\",\"datePublished\":\"2021-11-04T14:25:28+00:00\",\"dateModified\":\"2022-01-10T21:17:33+00:00\",\"mainEntityOfPage\":{\"@id\":\"https:\/\/dev.explora.cl\/ohiggins\/estudiantes-de-academias-explora-se-reunieron-en-ciudad-virtual\/\"},\"wordCount\":567,\"commentCount\":0,\"image\":{\"@id\":\"https:\/\/dev.explora.cl\/ohiggins\/estudiantes-de-academias-explora-se-reunieron-en-ciudad-virtual\/#primaryimage\"},\"thumbnailUrl\":\"https:\/\/dev.explora.cl\/ohiggins\/wp-content\/uploads\/sites\/8\/2021\/11\/IMG_0398.jpg\",\"articleSection\":[\"Noticias\"],\"inLanguage\":\"es-CL\",\"potentialAction\":[{\"@type\":\"CommentAction\",\"name\":\"Comment\",\"target\":[\"https:\/\/dev.explora.cl\/ohiggins\/estudiantes-de-academias-explora-se-reunieron-en-ciudad-virtual\/#respond\"]}]},{\"@type\":\"WebPage\",\"@id\":\"https:\/\/dev.explora.cl\/ohiggins\/estudiantes-de-academias-explora-se-reunieron-en-ciudad-virtual\/\",\"url\":\"https:\/\/dev.explora.cl\/ohiggins\/estudiantes-de-academias-explora-se-reunieron-en-ciudad-virtual\/\",\"name\":\"Estudiantes de Academias Explora se reunieron en \u201cciudad virtual\u201d - O&#039;Higgins\",\"isPartOf\":{\"@id\":\"https:\/\/dev.explora.cl\/ohiggins\/#website\"},\"primaryImageOfPage\":{\"@id\":\"https:\/\/dev.explora.cl\/ohiggins\/estudiantes-de-academias-explora-se-reunieron-en-ciudad-virtual\/#primaryimage\"},\"image\":{\"@id\":\"https:\/\/dev.explora.cl\/ohiggins\/estudiantes-de-academias-explora-se-reunieron-en-ciudad-virtual\/#primaryimage\"},\"thumbnailUrl\":\"https:\/\/dev.explora.cl\/ohiggins\/wp-content\/uploads\/sites\/8\/2021\/11\/IMG_0398.jpg\",\"datePublished\":\"2021-11-04T14:25:28+00:00\",\"dateModified\":\"2022-01-10T21:17:33+00:00\",\"author\":{\"@id\":\"https:\/\/dev.explora.cl\/ohiggins\/#\/schema\/person\/3240d62ad2624da9148a475abbc509b0\"},\"breadcrumb\":{\"@id\":\"https:\/\/dev.explora.cl\/ohiggins\/estudiantes-de-academias-explora-se-reunieron-en-ciudad-virtual\/#breadcrumb\"},\"inLanguage\":\"es-CL\",\"potentialAction\":[{\"@type\":\"ReadAction\",\"target\":[\"https:\/\/dev.explora.cl\/ohiggins\/estudiantes-de-academias-explora-se-reunieron-en-ciudad-virtual\/\"]}]},{\"@type\":\"ImageObject\",\"inLanguage\":\"es-CL\",\"@id\":\"https:\/\/dev.explora.cl\/ohiggins\/estudiantes-de-academias-explora-se-reunieron-en-ciudad-virtual\/#primaryimage\",\"url\":\"https:\/\/dev.explora.cl\/ohiggins\/wp-content\/uploads\/sites\/8\/2021\/11\/IMG_0398.jpg\",\"contentUrl\":\"https:\/\/dev.explora.cl\/ohiggins\/wp-content\/uploads\/sites\/8\/2021\/11\/IMG_0398.jpg\",\"width\":3984,\"height\":2656},{\"@type\":\"BreadcrumbList\",\"@id\":\"https:\/\/dev.explora.cl\/ohiggins\/estudiantes-de-academias-explora-se-reunieron-en-ciudad-virtual\/#breadcrumb\",\"itemListElement\":[{\"@type\":\"ListItem\",\"position\":1,\"name\":\"Portada\",\"item\":\"https:\/\/dev.explora.cl\/ohiggins\/\"},{\"@type\":\"ListItem\",\"position\":2,\"name\":\"Estudiantes de Academias Explora se reunieron en \u201cciudad virtual\u201d\"}]},{\"@type\":\"WebSite\",\"@id\":\"https:\/\/dev.explora.cl\/ohiggins\/#website\",\"url\":\"https:\/\/dev.explora.cl\/ohiggins\/\",\"name\":\"O&#039;Higgins\",\"description\":\"Otro sitio m\u00e1s de dev.explora.cl\",\"potentialAction\":[{\"@type\":\"SearchAction\",\"target\":{\"@type\":\"EntryPoint\",\"urlTemplate\":\"https:\/\/dev.explora.cl\/ohiggins\/?s={search_term_string}\"},\"query-input\":{\"@type\":\"PropertyValueSpecification\",\"valueRequired\":true,\"valueName\":\"search_term_string\"}}],\"inLanguage\":\"es-CL\"},{\"@type\":\"Person\",\"@id\":\"https:\/\/dev.explora.cl\/ohiggins\/#\/schema\/person\/3240d62ad2624da9148a475abbc509b0\",\"name\":\"nsalazar\",\"image\":{\"@type\":\"ImageObject\",\"inLanguage\":\"es-CL\",\"@id\":\"https:\/\/dev.explora.cl\/ohiggins\/#\/schema\/person\/image\/\",\"url\":\"https:\/\/secure.gravatar.com\/avatar\/b8cf276f31998a0865a3b90e4d663d91b97848887282c9f9a56cad57ff01cc7e?s=96&d=mm&r=g\",\"contentUrl\":\"https:\/\/secure.gravatar.com\/avatar\/b8cf276f31998a0865a3b90e4d663d91b97848887282c9f9a56cad57ff01cc7e?s=96&d=mm&r=g\",\"caption\":\"nsalazar\"},\"url\":\"https:\/\/dev.explora.cl\/ohiggins\/author\/nsalazar\/\"}]}<\/script>\n<!-- \/ Yoast SEO plugin. -->","yoast_head_json":{"title":"Estudiantes de Academias Explora se reunieron en \u201cciudad virtual\u201d - O&#039;Higgins","robots":{"index":"index","follow":"follow","max-snippet":"max-snippet:-1","max-image-preview":"max-image-preview:large","max-video-preview":"max-video-preview:-1"},"canonical":"https:\/\/dev.explora.cl\/ohiggins\/estudiantes-de-academias-explora-se-reunieron-en-ciudad-virtual\/","og_locale":"es_ES","og_type":"article","og_title":"Estudiantes de Academias Explora se reunieron en \u201cciudad virtual\u201d - O&#039;Higgins","og_description":"Las alumnas y alumnos se juntaron en la plataforma educacional Gather Town para compartir, dar a conocer sus investigaciones y aprender de las y los especialistas que realizaron charlas cient\u00edficas.","og_url":"https:\/\/dev.explora.cl\/ohiggins\/estudiantes-de-academias-explora-se-reunieron-en-ciudad-virtual\/","og_site_name":"O&#039;Higgins","article_published_time":"2021-11-04T14:25:28+00:00","article_modified_time":"2022-01-10T21:17:33+00:00","og_image":[{"width":3984,"height":2656,"url":"https:\/\/dev.explora.cl\/ohiggins\/wp-content\/uploads\/sites\/8\/2021\/11\/IMG_0398.jpg","type":"image\/jpeg"}],"author":"nsalazar","twitter_card":"summary_large_image","twitter_misc":{"Escrito por":"nsalazar","Tiempo estimado de lectura":"3 minutos"},"schema":{"@context":"https:\/\/schema.org","@graph":[{"@type":"Article","@id":"https:\/\/dev.explora.cl\/ohiggins\/estudiantes-de-academias-explora-se-reunieron-en-ciudad-virtual\/#article","isPartOf":{"@id":"https:\/\/dev.explora.cl\/ohiggins\/estudiantes-de-academias-explora-se-reunieron-en-ciudad-virtual\/"},"author":{"name":"nsalazar","@id":"https:\/\/dev.explora.cl\/ohiggins\/#\/schema\/person\/3240d62ad2624da9148a475abbc509b0"},"headline":"Estudiantes de Academias Explora se reunieron en \u201cciudad virtual\u201d","datePublished":"2021-11-04T14:25:28+00:00","dateModified":"2022-01-10T21:17:33+00:00","mainEntityOfPage":{"@id":"https:\/\/dev.explora.cl\/ohiggins\/estudiantes-de-academias-explora-se-reunieron-en-ciudad-virtual\/"},"wordCount":567,"commentCount":0,"image":{"@id":"https:\/\/dev.explora.cl\/ohiggins\/estudiantes-de-academias-explora-se-reunieron-en-ciudad-virtual\/#primaryimage"},"thumbnailUrl":"https:\/\/dev.explora.cl\/ohiggins\/wp-content\/uploads\/sites\/8\/2021\/11\/IMG_0398.jpg","articleSection":["Noticias"],"inLanguage":"es-CL","potentialAction":[{"@type":"CommentAction","name":"Comment","target":["https:\/\/dev.explora.cl\/ohiggins\/estudiantes-de-academias-explora-se-reunieron-en-ciudad-virtual\/#respond"]}]},{"@type":"WebPage","@id":"https:\/\/dev.explora.cl\/ohiggins\/estudiantes-de-academias-explora-se-reunieron-en-ciudad-virtual\/","url":"https:\/\/dev.explora.cl\/ohiggins\/estudiantes-de-academias-explora-se-reunieron-en-ciudad-virtual\/","name":"Estudiantes de Academias Explora se reunieron en \u201cciudad virtual\u201d - O&#039;Higgins","isPartOf":{"@id":"https:\/\/dev.explora.cl\/ohiggins\/#website"},"primaryImageOfPage":{"@id":"https:\/\/dev.explora.cl\/ohiggins\/estudiantes-de-academias-explora-se-reunieron-en-ciudad-virtual\/#primaryimage"},"image":{"@id":"https:\/\/dev.explora.cl\/ohiggins\/estudiantes-de-academias-explora-se-reunieron-en-ciudad-virtual\/#primaryimage"},"thumbnailUrl":"https:\/\/dev.explora.cl\/ohiggins\/wp-content\/uploads\/sites\/8\/2021\/11\/IMG_0398.jpg","datePublished":"2021-11-04T14:25:28+00:00","dateModified":"2022-01-10T21:17:33+00:00","author":{"@id":"https:\/\/dev.explora.cl\/ohiggins\/#\/schema\/person\/3240d62ad2624da9148a475abbc509b0"},"breadcrumb":{"@id":"https:\/\/dev.explora.cl\/ohiggins\/estudiantes-de-academias-explora-se-reunieron-en-ciudad-virtual\/#breadcrumb"},"inLanguage":"es-CL","potentialAction":[{"@type":"ReadAction","target":["https:\/\/dev.explora.cl\/ohiggins\/estudiantes-de-academias-explora-se-reunieron-en-ciudad-virtual\/"]}]},{"@type":"ImageObject","inLanguage":"es-CL","@id":"https:\/\/dev.explora.cl\/ohiggins\/estudiantes-de-academias-explora-se-reunieron-en-ciudad-virtual\/#primaryimage","url":"https:\/\/dev.explora.cl\/ohiggins\/wp-content\/uploads\/sites\/8\/2021\/11\/IMG_0398.jpg","contentUrl":"https:\/\/dev.explora.cl\/ohiggins\/wp-content\/uploads\/sites\/8\/2021\/11\/IMG_0398.jpg","width":3984,"height":2656},{"@type":"BreadcrumbList","@id":"https:\/\/dev.explora.cl\/ohiggins\/estudiantes-de-academias-explora-se-reunieron-en-ciudad-virtual\/#breadcrumb","itemListElement":[{"@type":"ListItem","position":1,"name":"Portada","item":"https:\/\/dev.explora.cl\/ohiggins\/"},{"@type":"ListItem","position":2,"name":"Estudiantes de Academias Explora se reunieron en \u201cciudad virtual\u201d"}]},{"@type":"WebSite","@id":"https:\/\/dev.explora.cl\/ohiggins\/#website","url":"https:\/\/dev.explora.cl\/ohiggins\/","name":"O&#039;Higgins","description":"Otro sitio m\u00e1s de dev.explora.cl","potentialAction":[{"@type":"SearchAction","target":{"@type":"EntryPoint","urlTemplate":"https:\/\/dev.explora.cl\/ohiggins\/?s={search_term_string}"},"query-input":{"@type":"PropertyValueSpecification","valueRequired":true,"valueName":"search_term_string"}}],"inLanguage":"es-CL"},{"@type":"Person","@id":"https:\/\/dev.explora.cl\/ohiggins\/#\/schema\/person\/3240d62ad2624da9148a475abbc509b0","name":"nsalazar","image":{"@type":"ImageObject","inLanguage":"es-CL","@id":"https:\/\/dev.explora.cl\/ohiggins\/#\/schema\/person\/image\/","url":"https:\/\/secure.gravatar.com\/avatar\/b8cf276f31998a0865a3b90e4d663d91b97848887282c9f9a56cad57ff01cc7e?s=96&d=mm&r=g","contentUrl":"https:\/\/secure.gravatar.com\/avatar\/b8cf276f31998a0865a3b90e4d663d91b97848887282c9f9a56cad57ff01cc7e?s=96&d=mm&r=g","caption":"nsalazar"},"url":"https:\/\/dev.explora.cl\/ohiggins\/author\/nsalazar\/"}]}},"_links":{"self":[{"href":"https:\/\/dev.explora.cl\/ohiggins\/wp-json\/wp\/v2\/posts\/38964","targetHints":{"allow":["GET"]}}],"collection":[{"href":"https:\/\/dev.explora.cl\/ohiggins\/wp-json\/wp\/v2\/posts"}],"about":[{"href":"https:\/\/dev.explora.cl\/ohiggins\/wp-json\/wp\/v2\/types\/post"}],"author":[{"embeddable":true,"href":"https:\/\/dev.explora.cl\/ohiggins\/wp-json\/wp\/v2\/users\/23"}],"replies":[{"embeddable":true,"href":"https:\/\/dev.explora.cl\/ohiggins\/wp-json\/wp\/v2\/comments?post=38964"}],"version-history":[{"count":1,"href":"https:\/\/dev.explora.cl\/ohiggins\/wp-json\/wp\/v2\/posts\/38964\/revisions"}],"predecessor-version":[{"id":38966,"href":"https:\/\/dev.explora.cl\/ohiggins\/wp-json\/wp\/v2\/posts\/38964\/revisions\/38966"}],"wp:featuredmedia":[{"embeddable":true,"href":"https:\/\/dev.explora.cl\/ohiggins\/wp-json\/wp\/v2\/media\/38965"}],"wp:attachment":[{"href":"https:\/\/dev.explora.cl\/ohiggins\/wp-json\/wp\/v2\/media?parent=38964"}],"wp:term":[{"taxonomy":"category","embeddable":true,"href":"https:\/\/dev.explora.cl\/ohiggins\/wp-json\/wp\/v2\/categories?post=38964"},{"taxonomy":"post_tag","embeddable":true,"href":"https:\/\/dev.explora.cl\/ohiggins\/wp-json\/wp\/v2\/tags?post=38964"}],"curies":[{"name":"wp","href":"https:\/\/api.w.org\/{rel}","templated":true}]}}