{"id":38948,"date":"2021-10-13T18:48:48","date_gmt":"2021-10-13T21:48:48","guid":{"rendered":"https:\/\/dev.explora.cl\/ohiggins\/?p=38948"},"modified":"2022-01-10T18:18:27","modified_gmt":"2022-01-10T21:18:27","slug":"listado-de-los-11-trabajos-declarados-admisibles-para-el-congreso-regional-explora","status":"publish","type":"post","link":"https:\/\/dev.explora.cl\/ohiggins\/listado-de-los-11-trabajos-declarados-admisibles-para-el-congreso-regional-explora\/","title":{"rendered":"Listado de los 11 trabajos declarados admisibles para el Congreso Regional Explora"},"content":{"rendered":"<p>El Congreso Regional Explora de Investigaci\u00f3n e Innovaci\u00f3n Escolar es un espacio de socializaci\u00f3n, donde estudiantes de 5\u00ba a\u00f1o de educaci\u00f3n b\u00e1sica a 4\u00ba a\u00f1o de educaci\u00f3n media, presentan los resultados de sus proyectos de investigaci\u00f3n o innovaci\u00f3n escolar. A su vez es un espacio para compartir, conocer e interactuar con otros ni\u00f1os, ni\u00f1as y adolescentes de diferentes localidades y contextos. Adem\u00e1s, el Congreso Regional es la instancia para la selecci\u00f3n de los equipos que representar\u00e1n a las comunidades educativas en el Congreso Nacional Explora de Investigaci\u00f3n e Innovaci\u00f3n Escolar.<\/p>\n<p>A continuaci\u00f3n, dejamos con ustedes los 11 trabajos declarados admisibles por el equipo evaluador:<\/p>\n<ul>\n<li>Alex Antonio Catal\u00e1n Rom\u00e1n<\/li>\n<\/ul>\n<p>Ciencias naturales<\/p>\n<p><strong>Colegio Ingl\u00e9s Saint John (Rancagua)\u00a0\u00a0\u00a0\u00a0\u00a0\u00a0\u00a0 <\/strong><\/p>\n<p><em>&#8220;Efecto del cambio clim\u00e1tico en la susceptibilidad a enfermedades aquejan a Ping\u00fcinos de la Ant\u00e1rtica&#8221;<\/em><\/p>\n<ul>\n<li>\u00c1lvaro Sebasti\u00e1n \u00c1lvarez P\u00e9rez<\/li>\n<\/ul>\n<p>Ciencias naturales<\/p>\n<p><strong>Colegio Charly&#8217;s School (Pichilemu)\u00a0\u00a0\u00a0\u00a0\u00a0\u00a0\u00a0\u00a0\u00a0 <\/strong><\/p>\n<p><em>\u201cEstudio comparativo de la obtenci\u00f3n de energ\u00eda el\u00e9ctrica desde tres especies de \u00e1rboles presentes en la zona del secano costero de la regi\u00f3n de O\u2019Higgins y la aproximaci\u00f3n a su utilizaci\u00f3n con fines dom\u00e9sticos\u201d<\/em><\/p>\n<ul>\n<li>Evelyn Cortez Valdebenito<\/li>\n<\/ul>\n<p>Ciencias naturales<\/p>\n<p><strong>Liceo Bicentenario T\u00e9cnico de Rancagua\u00a0 <\/strong><\/p>\n<p><em>\u201cDensidad Poblacional de Pleurodema thaul\u201d<\/em><\/p>\n<ul>\n<li>Jocelyn Sald\u00eda Reyes<\/li>\n<\/ul>\n<p><strong>Escuela Luis Galdames (Rengo)\u00a0\u00a0\u00a0\u00a0\u00a0\u00a0 <\/strong><\/p>\n<p><em>\u201cHidrorayen\u201d<\/em><\/p>\n<ul>\n<li>Natalia Paz Navarro Cabello<\/li>\n<\/ul>\n<p><strong>Liceo Ferm\u00edn Del Real Castillo (Ch\u00e9pica)<\/strong><\/p>\n<p><em>\u201cChe\u00farfe Robots: Prototipo Tecnol\u00f3gico de alcance Agr\u00edcola\u201d<\/em><\/p>\n<ul>\n<li>Paola Oyarz\u00fan Campos<\/li>\n<\/ul>\n<p>Ciencias naturales<\/p>\n<p><strong>Liceo Comercial Jorge Alessandri R. (Rancagua)\u00a0\u00a0 <\/strong><\/p>\n<p><em>\u201cComparaci\u00f3n del efecto de dos tipos de m\u00fasica en la germinaci\u00f3n y crecimiento de la Ch\u00eda (Salvia hisp\u00e1nica)\u201d<\/em><\/p>\n<ul>\n<li>V\u00edctor Le\u00f3n Donoso<\/li>\n<\/ul>\n<p>Ciencias sociales<\/p>\n<p><strong>Liceo Industrial de San Fernando <\/strong><\/p>\n<p><em>\u201cAcercamiento al imaginario social y la percepci\u00f3n de la comunidad frente a la Ant\u00e1rtida y el cambio clim\u00e1tico\u201d<\/em><\/p>\n<ul>\n<li>Carolina Andrea Arce P\u00e9rez<\/li>\n<\/ul>\n<p>Ciencias sociales<\/p>\n<p><strong>Escuela El Rinc\u00f3n (Mostazal)\u00a0\u00a0\u00a0\u00a0\u00a0\u00a0\u00a0\u00a0\u00a0\u00a0 <\/strong><\/p>\n<p><em>\u201cNuestro lugar en la Historia\u201d<\/em><\/p>\n<ul>\n<li>Ricardo Mancilla<\/li>\n<\/ul>\n<p>Ciencias naturales<\/p>\n<p><strong>Liceo Polit\u00e9cnico Berta Zamorano Lizana (Coltauco)<\/strong><\/p>\n<p><em>\u201c\u00bfHortensias azules o rojas? Un mundo por descubrir\u201d<\/em><\/p>\n<ul>\n<li>Roberto An\u00edbal S\u00e1ez Lisboa<\/li>\n<\/ul>\n<p>Ciencias naturales<\/p>\n<p><strong>Escuela Cardenal Ra\u00fal Silva Henr\u00edquez (Litueche)\u00a0\u00a0\u00a0\u00a0\u00a0\u00a0\u00a0\u00a0\u00a0\u00a0 <\/strong><\/p>\n<p><em>\u201cProyecci\u00f3n de sequ\u00eda de aguas subterr\u00e1neas en la comuna de Litueche producto de la venta excesiva de parcelas con accesibilidad a realizaci\u00f3n de pozos profundos y otros\u201d<\/em><\/p>\n<ul>\n<li>Pabla Barr\u00eda<\/li>\n<\/ul>\n<p>Ciencias sociales<\/p>\n<p><strong>San Alberto (Machal\u00ed)<\/strong><\/p>\n<p><em>\u201cEl hombre de Cochipuy\u201d<\/em><\/p>\n","protected":false},"excerpt":{"rendered":"<p>A continuaci\u00f3n, dejamos con ustedes los 11 trabajos declarados admisibles por el equipo evaluador. <\/p>\n","protected":false},"author":23,"featured_media":38949,"comment_status":"open","ping_status":"open","sticky":false,"template":"","format":"standard","meta":{"_acf_changed":false,"_exactmetrics_skip_tracking":false,"_exactmetrics_sitenote_active":false,"_exactmetrics_sitenote_note":"","_exactmetrics_sitenote_category":0,"footnotes":"","_links_to":"","_links_to_target":""},"categories":[4],"tags":[],"class_list":["post-38948","post","type-post","status-publish","format-standard","has-post-thumbnail","hentry","category-noticias"],"acf":[],"yoast_head":"<!-- This site is optimized with the Yoast SEO plugin v26.7 - https:\/\/yoast.com\/wordpress\/plugins\/seo\/ -->\n<title>Listado de los 11 trabajos declarados admisibles para el Congreso Regional Explora - O&#039;Higgins<\/title>\n<meta name=\"robots\" content=\"index, follow, max-snippet:-1, max-image-preview:large, max-video-preview:-1\" \/>\n<link rel=\"canonical\" href=\"https:\/\/dev.explora.cl\/ohiggins\/listado-de-los-11-trabajos-declarados-admisibles-para-el-congreso-regional-explora\/\" class=\"yoast-seo-meta-tag\" \/>\n<meta property=\"og:locale\" content=\"es_ES\" class=\"yoast-seo-meta-tag\" \/>\n<meta property=\"og:type\" content=\"article\" class=\"yoast-seo-meta-tag\" \/>\n<meta property=\"og:title\" content=\"Listado de los 11 trabajos declarados admisibles para el Congreso Regional Explora - O&#039;Higgins\" class=\"yoast-seo-meta-tag\" \/>\n<meta property=\"og:description\" content=\"A continuaci\u00f3n, dejamos con ustedes los 11 trabajos declarados admisibles por el equipo evaluador.\" class=\"yoast-seo-meta-tag\" \/>\n<meta property=\"og:url\" content=\"https:\/\/dev.explora.cl\/ohiggins\/listado-de-los-11-trabajos-declarados-admisibles-para-el-congreso-regional-explora\/\" class=\"yoast-seo-meta-tag\" \/>\n<meta property=\"og:site_name\" content=\"O&#039;Higgins\" class=\"yoast-seo-meta-tag\" \/>\n<meta property=\"article:published_time\" content=\"2021-10-13T21:48:48+00:00\" class=\"yoast-seo-meta-tag\" \/>\n<meta property=\"article:modified_time\" content=\"2022-01-10T21:18:27+00:00\" class=\"yoast-seo-meta-tag\" \/>\n<meta property=\"og:image\" content=\"https:\/\/dev.explora.cl\/ohiggins\/wp-content\/uploads\/sites\/8\/2021\/10\/congreso.jpg\" class=\"yoast-seo-meta-tag\" \/>\n\t<meta property=\"og:image:width\" content=\"1049\" class=\"yoast-seo-meta-tag\" \/>\n\t<meta property=\"og:image:height\" content=\"1054\" class=\"yoast-seo-meta-tag\" \/>\n\t<meta property=\"og:image:type\" content=\"image\/jpeg\" class=\"yoast-seo-meta-tag\" \/>\n<meta name=\"author\" content=\"nsalazar\" class=\"yoast-seo-meta-tag\" \/>\n<meta name=\"twitter:card\" content=\"summary_large_image\" class=\"yoast-seo-meta-tag\" \/>\n<meta name=\"twitter:label1\" content=\"Escrito por\" class=\"yoast-seo-meta-tag\" \/>\n\t<meta name=\"twitter:data1\" content=\"nsalazar\" class=\"yoast-seo-meta-tag\" \/>\n\t<meta name=\"twitter:label2\" content=\"Tiempo estimado de lectura\" class=\"yoast-seo-meta-tag\" \/>\n\t<meta name=\"twitter:data2\" content=\"2 minutos\" class=\"yoast-seo-meta-tag\" \/>\n<script type=\"application\/ld+json\" class=\"yoast-schema-graph\">{\"@context\":\"https:\/\/schema.org\",\"@graph\":[{\"@type\":\"Article\",\"@id\":\"https:\/\/dev.explora.cl\/ohiggins\/listado-de-los-11-trabajos-declarados-admisibles-para-el-congreso-regional-explora\/#article\",\"isPartOf\":{\"@id\":\"https:\/\/dev.explora.cl\/ohiggins\/listado-de-los-11-trabajos-declarados-admisibles-para-el-congreso-regional-explora\/\"},\"author\":{\"name\":\"nsalazar\",\"@id\":\"https:\/\/dev.explora.cl\/ohiggins\/#\/schema\/person\/3240d62ad2624da9148a475abbc509b0\"},\"headline\":\"Listado de los 11 trabajos declarados admisibles para el Congreso Regional Explora\",\"datePublished\":\"2021-10-13T21:48:48+00:00\",\"dateModified\":\"2022-01-10T21:18:27+00:00\",\"mainEntityOfPage\":{\"@id\":\"https:\/\/dev.explora.cl\/ohiggins\/listado-de-los-11-trabajos-declarados-admisibles-para-el-congreso-regional-explora\/\"},\"wordCount\":427,\"commentCount\":0,\"image\":{\"@id\":\"https:\/\/dev.explora.cl\/ohiggins\/listado-de-los-11-trabajos-declarados-admisibles-para-el-congreso-regional-explora\/#primaryimage\"},\"thumbnailUrl\":\"https:\/\/dev.explora.cl\/ohiggins\/wp-content\/uploads\/sites\/8\/2021\/10\/congreso.jpg\",\"articleSection\":[\"Noticias\"],\"inLanguage\":\"es-CL\",\"potentialAction\":[{\"@type\":\"CommentAction\",\"name\":\"Comment\",\"target\":[\"https:\/\/dev.explora.cl\/ohiggins\/listado-de-los-11-trabajos-declarados-admisibles-para-el-congreso-regional-explora\/#respond\"]}]},{\"@type\":\"WebPage\",\"@id\":\"https:\/\/dev.explora.cl\/ohiggins\/listado-de-los-11-trabajos-declarados-admisibles-para-el-congreso-regional-explora\/\",\"url\":\"https:\/\/dev.explora.cl\/ohiggins\/listado-de-los-11-trabajos-declarados-admisibles-para-el-congreso-regional-explora\/\",\"name\":\"Listado de los 11 trabajos declarados admisibles para el Congreso Regional Explora - O&#039;Higgins\",\"isPartOf\":{\"@id\":\"https:\/\/dev.explora.cl\/ohiggins\/#website\"},\"primaryImageOfPage\":{\"@id\":\"https:\/\/dev.explora.cl\/ohiggins\/listado-de-los-11-trabajos-declarados-admisibles-para-el-congreso-regional-explora\/#primaryimage\"},\"image\":{\"@id\":\"https:\/\/dev.explora.cl\/ohiggins\/listado-de-los-11-trabajos-declarados-admisibles-para-el-congreso-regional-explora\/#primaryimage\"},\"thumbnailUrl\":\"https:\/\/dev.explora.cl\/ohiggins\/wp-content\/uploads\/sites\/8\/2021\/10\/congreso.jpg\",\"datePublished\":\"2021-10-13T21:48:48+00:00\",\"dateModified\":\"2022-01-10T21:18:27+00:00\",\"author\":{\"@id\":\"https:\/\/dev.explora.cl\/ohiggins\/#\/schema\/person\/3240d62ad2624da9148a475abbc509b0\"},\"breadcrumb\":{\"@id\":\"https:\/\/dev.explora.cl\/ohiggins\/listado-de-los-11-trabajos-declarados-admisibles-para-el-congreso-regional-explora\/#breadcrumb\"},\"inLanguage\":\"es-CL\",\"potentialAction\":[{\"@type\":\"ReadAction\",\"target\":[\"https:\/\/dev.explora.cl\/ohiggins\/listado-de-los-11-trabajos-declarados-admisibles-para-el-congreso-regional-explora\/\"]}]},{\"@type\":\"ImageObject\",\"inLanguage\":\"es-CL\",\"@id\":\"https:\/\/dev.explora.cl\/ohiggins\/listado-de-los-11-trabajos-declarados-admisibles-para-el-congreso-regional-explora\/#primaryimage\",\"url\":\"https:\/\/dev.explora.cl\/ohiggins\/wp-content\/uploads\/sites\/8\/2021\/10\/congreso.jpg\",\"contentUrl\":\"https:\/\/dev.explora.cl\/ohiggins\/wp-content\/uploads\/sites\/8\/2021\/10\/congreso.jpg\",\"width\":1049,\"height\":1054},{\"@type\":\"BreadcrumbList\",\"@id\":\"https:\/\/dev.explora.cl\/ohiggins\/listado-de-los-11-trabajos-declarados-admisibles-para-el-congreso-regional-explora\/#breadcrumb\",\"itemListElement\":[{\"@type\":\"ListItem\",\"position\":1,\"name\":\"Portada\",\"item\":\"https:\/\/dev.explora.cl\/ohiggins\/\"},{\"@type\":\"ListItem\",\"position\":2,\"name\":\"Listado de los 11 trabajos declarados admisibles para el Congreso Regional Explora\"}]},{\"@type\":\"WebSite\",\"@id\":\"https:\/\/dev.explora.cl\/ohiggins\/#website\",\"url\":\"https:\/\/dev.explora.cl\/ohiggins\/\",\"name\":\"O&#039;Higgins\",\"description\":\"Otro sitio m\u00e1s de dev.explora.cl\",\"potentialAction\":[{\"@type\":\"SearchAction\",\"target\":{\"@type\":\"EntryPoint\",\"urlTemplate\":\"https:\/\/dev.explora.cl\/ohiggins\/?s={search_term_string}\"},\"query-input\":{\"@type\":\"PropertyValueSpecification\",\"valueRequired\":true,\"valueName\":\"search_term_string\"}}],\"inLanguage\":\"es-CL\"},{\"@type\":\"Person\",\"@id\":\"https:\/\/dev.explora.cl\/ohiggins\/#\/schema\/person\/3240d62ad2624da9148a475abbc509b0\",\"name\":\"nsalazar\",\"image\":{\"@type\":\"ImageObject\",\"inLanguage\":\"es-CL\",\"@id\":\"https:\/\/dev.explora.cl\/ohiggins\/#\/schema\/person\/image\/\",\"url\":\"https:\/\/secure.gravatar.com\/avatar\/b8cf276f31998a0865a3b90e4d663d91b97848887282c9f9a56cad57ff01cc7e?s=96&d=mm&r=g\",\"contentUrl\":\"https:\/\/secure.gravatar.com\/avatar\/b8cf276f31998a0865a3b90e4d663d91b97848887282c9f9a56cad57ff01cc7e?s=96&d=mm&r=g\",\"caption\":\"nsalazar\"},\"url\":\"https:\/\/dev.explora.cl\/ohiggins\/author\/nsalazar\/\"}]}<\/script>\n<!-- \/ Yoast SEO plugin. -->","yoast_head_json":{"title":"Listado de los 11 trabajos declarados admisibles para el Congreso Regional Explora - O&#039;Higgins","robots":{"index":"index","follow":"follow","max-snippet":"max-snippet:-1","max-image-preview":"max-image-preview:large","max-video-preview":"max-video-preview:-1"},"canonical":"https:\/\/dev.explora.cl\/ohiggins\/listado-de-los-11-trabajos-declarados-admisibles-para-el-congreso-regional-explora\/","og_locale":"es_ES","og_type":"article","og_title":"Listado de los 11 trabajos declarados admisibles para el Congreso Regional Explora - O&#039;Higgins","og_description":"A continuaci\u00f3n, dejamos con ustedes los 11 trabajos declarados admisibles por el equipo evaluador.","og_url":"https:\/\/dev.explora.cl\/ohiggins\/listado-de-los-11-trabajos-declarados-admisibles-para-el-congreso-regional-explora\/","og_site_name":"O&#039;Higgins","article_published_time":"2021-10-13T21:48:48+00:00","article_modified_time":"2022-01-10T21:18:27+00:00","og_image":[{"width":1049,"height":1054,"url":"https:\/\/dev.explora.cl\/ohiggins\/wp-content\/uploads\/sites\/8\/2021\/10\/congreso.jpg","type":"image\/jpeg"}],"author":"nsalazar","twitter_card":"summary_large_image","twitter_misc":{"Escrito por":"nsalazar","Tiempo estimado de lectura":"2 minutos"},"schema":{"@context":"https:\/\/schema.org","@graph":[{"@type":"Article","@id":"https:\/\/dev.explora.cl\/ohiggins\/listado-de-los-11-trabajos-declarados-admisibles-para-el-congreso-regional-explora\/#article","isPartOf":{"@id":"https:\/\/dev.explora.cl\/ohiggins\/listado-de-los-11-trabajos-declarados-admisibles-para-el-congreso-regional-explora\/"},"author":{"name":"nsalazar","@id":"https:\/\/dev.explora.cl\/ohiggins\/#\/schema\/person\/3240d62ad2624da9148a475abbc509b0"},"headline":"Listado de los 11 trabajos declarados admisibles para el Congreso Regional Explora","datePublished":"2021-10-13T21:48:48+00:00","dateModified":"2022-01-10T21:18:27+00:00","mainEntityOfPage":{"@id":"https:\/\/dev.explora.cl\/ohiggins\/listado-de-los-11-trabajos-declarados-admisibles-para-el-congreso-regional-explora\/"},"wordCount":427,"commentCount":0,"image":{"@id":"https:\/\/dev.explora.cl\/ohiggins\/listado-de-los-11-trabajos-declarados-admisibles-para-el-congreso-regional-explora\/#primaryimage"},"thumbnailUrl":"https:\/\/dev.explora.cl\/ohiggins\/wp-content\/uploads\/sites\/8\/2021\/10\/congreso.jpg","articleSection":["Noticias"],"inLanguage":"es-CL","potentialAction":[{"@type":"CommentAction","name":"Comment","target":["https:\/\/dev.explora.cl\/ohiggins\/listado-de-los-11-trabajos-declarados-admisibles-para-el-congreso-regional-explora\/#respond"]}]},{"@type":"WebPage","@id":"https:\/\/dev.explora.cl\/ohiggins\/listado-de-los-11-trabajos-declarados-admisibles-para-el-congreso-regional-explora\/","url":"https:\/\/dev.explora.cl\/ohiggins\/listado-de-los-11-trabajos-declarados-admisibles-para-el-congreso-regional-explora\/","name":"Listado de los 11 trabajos declarados admisibles para el Congreso Regional Explora - O&#039;Higgins","isPartOf":{"@id":"https:\/\/dev.explora.cl\/ohiggins\/#website"},"primaryImageOfPage":{"@id":"https:\/\/dev.explora.cl\/ohiggins\/listado-de-los-11-trabajos-declarados-admisibles-para-el-congreso-regional-explora\/#primaryimage"},"image":{"@id":"https:\/\/dev.explora.cl\/ohiggins\/listado-de-los-11-trabajos-declarados-admisibles-para-el-congreso-regional-explora\/#primaryimage"},"thumbnailUrl":"https:\/\/dev.explora.cl\/ohiggins\/wp-content\/uploads\/sites\/8\/2021\/10\/congreso.jpg","datePublished":"2021-10-13T21:48:48+00:00","dateModified":"2022-01-10T21:18:27+00:00","author":{"@id":"https:\/\/dev.explora.cl\/ohiggins\/#\/schema\/person\/3240d62ad2624da9148a475abbc509b0"},"breadcrumb":{"@id":"https:\/\/dev.explora.cl\/ohiggins\/listado-de-los-11-trabajos-declarados-admisibles-para-el-congreso-regional-explora\/#breadcrumb"},"inLanguage":"es-CL","potentialAction":[{"@type":"ReadAction","target":["https:\/\/dev.explora.cl\/ohiggins\/listado-de-los-11-trabajos-declarados-admisibles-para-el-congreso-regional-explora\/"]}]},{"@type":"ImageObject","inLanguage":"es-CL","@id":"https:\/\/dev.explora.cl\/ohiggins\/listado-de-los-11-trabajos-declarados-admisibles-para-el-congreso-regional-explora\/#primaryimage","url":"https:\/\/dev.explora.cl\/ohiggins\/wp-content\/uploads\/sites\/8\/2021\/10\/congreso.jpg","contentUrl":"https:\/\/dev.explora.cl\/ohiggins\/wp-content\/uploads\/sites\/8\/2021\/10\/congreso.jpg","width":1049,"height":1054},{"@type":"BreadcrumbList","@id":"https:\/\/dev.explora.cl\/ohiggins\/listado-de-los-11-trabajos-declarados-admisibles-para-el-congreso-regional-explora\/#breadcrumb","itemListElement":[{"@type":"ListItem","position":1,"name":"Portada","item":"https:\/\/dev.explora.cl\/ohiggins\/"},{"@type":"ListItem","position":2,"name":"Listado de los 11 trabajos declarados admisibles para el Congreso Regional Explora"}]},{"@type":"WebSite","@id":"https:\/\/dev.explora.cl\/ohiggins\/#website","url":"https:\/\/dev.explora.cl\/ohiggins\/","name":"O&#039;Higgins","description":"Otro sitio m\u00e1s de dev.explora.cl","potentialAction":[{"@type":"SearchAction","target":{"@type":"EntryPoint","urlTemplate":"https:\/\/dev.explora.cl\/ohiggins\/?s={search_term_string}"},"query-input":{"@type":"PropertyValueSpecification","valueRequired":true,"valueName":"search_term_string"}}],"inLanguage":"es-CL"},{"@type":"Person","@id":"https:\/\/dev.explora.cl\/ohiggins\/#\/schema\/person\/3240d62ad2624da9148a475abbc509b0","name":"nsalazar","image":{"@type":"ImageObject","inLanguage":"es-CL","@id":"https:\/\/dev.explora.cl\/ohiggins\/#\/schema\/person\/image\/","url":"https:\/\/secure.gravatar.com\/avatar\/b8cf276f31998a0865a3b90e4d663d91b97848887282c9f9a56cad57ff01cc7e?s=96&d=mm&r=g","contentUrl":"https:\/\/secure.gravatar.com\/avatar\/b8cf276f31998a0865a3b90e4d663d91b97848887282c9f9a56cad57ff01cc7e?s=96&d=mm&r=g","caption":"nsalazar"},"url":"https:\/\/dev.explora.cl\/ohiggins\/author\/nsalazar\/"}]}},"_links":{"self":[{"href":"https:\/\/dev.explora.cl\/ohiggins\/wp-json\/wp\/v2\/posts\/38948","targetHints":{"allow":["GET"]}}],"collection":[{"href":"https:\/\/dev.explora.cl\/ohiggins\/wp-json\/wp\/v2\/posts"}],"about":[{"href":"https:\/\/dev.explora.cl\/ohiggins\/wp-json\/wp\/v2\/types\/post"}],"author":[{"embeddable":true,"href":"https:\/\/dev.explora.cl\/ohiggins\/wp-json\/wp\/v2\/users\/23"}],"replies":[{"embeddable":true,"href":"https:\/\/dev.explora.cl\/ohiggins\/wp-json\/wp\/v2\/comments?post=38948"}],"version-history":[{"count":1,"href":"https:\/\/dev.explora.cl\/ohiggins\/wp-json\/wp\/v2\/posts\/38948\/revisions"}],"predecessor-version":[{"id":38950,"href":"https:\/\/dev.explora.cl\/ohiggins\/wp-json\/wp\/v2\/posts\/38948\/revisions\/38950"}],"wp:featuredmedia":[{"embeddable":true,"href":"https:\/\/dev.explora.cl\/ohiggins\/wp-json\/wp\/v2\/media\/38949"}],"wp:attachment":[{"href":"https:\/\/dev.explora.cl\/ohiggins\/wp-json\/wp\/v2\/media?parent=38948"}],"wp:term":[{"taxonomy":"category","embeddable":true,"href":"https:\/\/dev.explora.cl\/ohiggins\/wp-json\/wp\/v2\/categories?post=38948"},{"taxonomy":"post_tag","embeddable":true,"href":"https:\/\/dev.explora.cl\/ohiggins\/wp-json\/wp\/v2\/tags?post=38948"}],"curies":[{"name":"wp","href":"https:\/\/api.w.org\/{rel}","templated":true}]}}