{"id":38937,"date":"2021-10-08T17:43:29","date_gmt":"2021-10-08T20:43:29","guid":{"rendered":"https:\/\/dev.explora.cl\/ohiggins\/?p=38937"},"modified":"2022-01-10T18:19:52","modified_gmt":"2022-01-10T21:19:52","slug":"festival-de-la-ciencia-2021","status":"publish","type":"post","link":"https:\/\/dev.explora.cl\/ohiggins\/festival-de-la-ciencia-2021\/","title":{"rendered":"Festival de la Ciencia 2021"},"content":{"rendered":"<p>El Festival de la Ciencia (FECI) es una celebraci\u00f3n nacional, p\u00fablica y gratuita que invita a todas las personas a acercarse y disfrutar de los temas y fen\u00f3menos relacionados a la ciencia, tecnolog\u00eda, conocimiento e innovaci\u00f3n. Para este a\u00f1o, PAR Explora O\u00b4Higgins ha preparado una serie de actividades que se realizar\u00e1n entre los d\u00edas 20 y 24 de octubre, todas ellas de forma remota.<\/p>\n<p>A continuaci\u00f3n presentamos las actividades que hemos preparado para FECI 2021, todas vinculadas a la creaci\u00f3n y divulgaci\u00f3n de conocimiento, arte y cultura.<\/p>\n<ul>\n<li><strong>20 de octubre 11:00<\/strong><\/li>\n<\/ul>\n<p><em>Fiesta de la Ni\u00f1ez: C\u00e1psula documental &#8220;Los cambios del agua&#8221;<\/em><\/p>\n<p>Acomp\u00e1\u00f1anos en un entretenido recorrido por la Regi\u00f3n de O\u00b4Higgins que busca fomentar la valoraci\u00f3n de la diversidad local, proporcionando conductas amigables con el medio ambiente, especialmente con el uso del agua. Nuestro acompa\u00f1ante ser\u00e1 muy especial.<\/p>\n<p>Inscr\u00edbete en:<\/p>\n<p><a href=\"https:\/\/docs.google.com\/forms\/d\/1S_PiSJ5H1_lFQmSOBrNYYb-hhtERqGgzInQk6gIJKzM\/edit\">https:\/\/docs.google.com\/forms\/d\/1S_PiSJ5H1_lFQmSOBrNYYb-hhtERqGgzInQk6gIJKzM\/edit<\/a><\/p>\n<ul>\n<li><strong>20 de octubre 11:30 horas<\/strong><\/li>\n<\/ul>\n<p><em>Fiesta de la Ni\u00f1ez: \u201cAbracaciencia\u201d <\/em><\/p>\n<p>Espect\u00e1culo dirigido por Andr\u00e9s Guti\u00e9rrez y el mago Javier Rodr\u00edguez, que incluir\u00e1 una charla donde se utilizar\u00e1 la magia como herramienta pedag\u00f3gica para visibilizar los contenidos abstractos de la ciencia cotidiana a ni\u00f1os entre 8 y 12 a\u00f1os.<\/p>\n<p>Inscr\u00edbete en:<\/p>\n<p><a href=\"https:\/\/docs.google.com\/forms\/d\/1S_PiSJ5H1_lFQmSOBrNYYb-hhtERqGgzInQk6gIJKzM\/edit\">https:\/\/docs.google.com\/forms\/d\/1S_PiSJ5H1_lFQmSOBrNYYb-hhtERqGgzInQk6gIJKzM\/edit<\/a><\/p>\n<ul>\n<li><strong>20 de octubre 12:15<\/strong><\/li>\n<\/ul>\n<p><em>Fiesta de la Ni\u00f1ez: \u201cConcierto del Agua en Pichilemu&#8221;<\/em><\/p>\n<p>La Agrupaci\u00f3n Amigos del Folclore junto a Los Costinos, tocan para FECI 2021 en el colegio Divino Maestro de Pichilemu, una serie de creaciones folcl\u00f3ricas sobre el agua, el humedal y el medio ambiente, inspiradas en el patrimonio natural de nuestra regi\u00f3n. La actividad presencial en vivo se graba y luego es transmitida en vivo en el bloque Ciencia para la Ni\u00f1ez.<\/p>\n<p>Inscr\u00edbete en:<\/p>\n<p><a href=\"https:\/\/docs.google.com\/forms\/d\/1S_PiSJ5H1_lFQmSOBrNYYb-hhtERqGgzInQk6gIJKzM\/edit\">https:\/\/docs.google.com\/forms\/d\/1S_PiSJ5H1_lFQmSOBrNYYb-hhtERqGgzInQk6gIJKzM\/edit<\/a><\/p>\n<p>&nbsp;<\/p>\n<ul>\n<li><strong>20 de octubre 16 horas<\/strong><\/li>\n<\/ul>\n<p><em>\u201cConociendo el primer santuario marino de Chile en Lengua de Se\u00f1as\u201d<\/em><\/p>\n<p>La Fundaci\u00f3n L\u00f3bulo Temporal presenta un taller que busca dar a conocer las bondades del primer santuario marino de Chile (Bosque de Calabacillo de macroalgas) a trav\u00e9s de la Lengua de Se\u00f1as chilena (LSCh) que incluye un documental audiovisual. Este ser\u00e1 interpretado por la profesora sorda, Paulina Cort\u00e9s, y contar\u00e1 con el apoyo de la int\u00e9rprete Daniela Farf\u00e1n, la bi\u00f3loga asesora Francisca del Castillo bi\u00f3loga y la directora de la fundaci\u00f3n Viviana Corval\u00e1n.<\/p>\n<p>Esta actividad cuenta con la colaboraci\u00f3n de la Unidad de Inclusi\u00f3n de la UOH.<\/p>\n<p>Inscr\u00edbete en:<\/p>\n<p><a href=\"https:\/\/docs.google.com\/forms\/d\/1FTib6P2CeLfa22pvneaAxOFz5MkEUQds5UWU4rmvO1s\/edit\">https:\/\/docs.google.com\/forms\/d\/1FTib6P2CeLfa22pvneaAxOFz5MkEUQds5UWU4rmvO1s\/edit<\/a><\/p>\n<p>(Cupos limitados)<\/p>\n<ul>\n<li><strong>20 de octubre 17 horas<\/strong><\/li>\n<\/ul>\n<p><em>Ciencia y patrimonio: \u201cLa Verdadera Paleodieta\u201d<\/em><\/p>\n<p>Los investigadores del N\u00facleo Tagua Tagua, \u00c1lvaro \u00c1lvarez y Natalia Villavivencia, se re\u00fanen junto al chef territorial Fabi\u00e1n Gallardo, para construir un audiovisual que combina la investigaci\u00f3n cient\u00edfica realizada en la laguna Tagua Tagua, asociada a la alimentaci\u00f3n de los habitantes del sector, hace 13 mil a\u00f1os. El chef y los investigadores interact\u00faan sobre alimentos y formas de vida del ser humano en esa \u00e9poca. El audiovisual se presenta en un bloque de Ciencia y Patrimonio, donde luego de la presentaci\u00f3n audiovisual se conectan los protagonistas de esta historia con p\u00fablicos invitados previamente y conversan sobre este tema.<\/p>\n<p>Inscr\u00edbete en:<\/p>\n<p><a href=\"https:\/\/docs.google.com\/forms\/d\/1wNzp8jmsVEXEwFq1Wt153LvGKqSg4Rhv2ZVAw2Pa4sA\/edit\">https:\/\/docs.google.com\/forms\/d\/1wNzp8jmsVEXEwFq1Wt153LvGKqSg4Rhv2ZVAw2Pa4sA\/edit<\/a><\/p>\n<ul>\n<li><strong>21 de octubre 11 horas<\/strong><\/li>\n<\/ul>\n<p><em>\u201cHumedales en papel\u201d<\/em><\/p>\n<p><span style=\"font-weight: 400\">El taller \u201cHumedales en papel\u201d es un encuentro virtual en el que las y los participantes podr\u00e1n sumergirse en los humedales, creando sus propios animales en t\u00e9cnica de origami.\u00a0<\/span><span style=\"font-weight: 400\">A partir de un di\u00e1logo entre el Museo del Agua (UOH) y HumeLab se mostrar\u00e1n m\u00faltiples aspectos de los humedales. Se conversar\u00e1 sobre qu\u00e9 son y su importancia, sus caracter\u00edsticas principales, y los servicios ecosist\u00e9micos que podemos valorar en ellos. A su vez, les participantes tendr\u00e1n la oportunidad de aprender a realizar y dar vida a 2 diferentes animales que habitan en los humedales, doblando y coloreando papel mediante instrucciones paso a paso.\u00a0<\/span><span style=\"font-weight: 400\">Al finalizar este taller, se mostrar\u00e1 la App Humelab, con la cual las personas podr\u00e1n seguir conociendo y aprendiendo sobre los humedales de la regi\u00f3n.<\/span><\/p>\n<p>Inscr\u00edbete en:<\/p>\n<p><a href=\"https:\/\/docs.google.com\/forms\/d\/1Pl-AyXNjELPuxSTi9fkzgOmuVSpticCUmLF0PrPme3g\/edit\">https:\/\/docs.google.com\/forms\/d\/1Pl-AyXNjELPuxSTi9fkzgOmuVSpticCUmLF0PrPme3g\/edit<\/a><\/p>\n<p>(Cupos limitados)<\/p>\n<ul>\n<li><strong>22 de octubre 12:30 horas<\/strong><\/li>\n<\/ul>\n<p><em>&#8220;\u00bfQu\u00e9 tan resistentes son las rocas? \u00a1Aprendamos rompi\u00e9ndolas!&#8221;<\/em><\/p>\n<p>La ge\u00f3loga de la Universidad de O\u00b4Higgins, Dra. Alejandra Serey, nos invita a conocer un poco m\u00e1s del mundo de las rocas, a trav\u00e9s de una experimentaci\u00f3n de resitencia mediante carga puntual. La actividad es presencial en el frontis del campus Rancagua de la UOH.<\/p>\n<p>Inscr\u00edbete en:<\/p>\n<p><a href=\"https:\/\/docs.google.com\/forms\/d\/1GCvX5QsW-C0-T09ZposipNtsdB74dgyqqdXJhLubXdA\/edit#settings\">https:\/\/docs.google.com\/forms\/d\/1GCvX5QsW-C0-T09ZposipNtsdB74dgyqqdXJhLubXdA\/edit#settings<\/a><\/p>\n<ul>\n<li><strong>22 de octubre 19 horas<\/strong><\/li>\n<\/ul>\n<p><em>\u201cAstronom\u00eda en peligro de extinci\u00f3n\u201d<\/em><\/p>\n<p>El astr\u00f3nomo Fernando Cort\u00e9s, acad\u00e9mico del Departamento de F\u00edsica y Astronom\u00eda de la Universidad de Concepci\u00f3n realiza una charla tipo TED (tecnolog\u00eda, entretenimiento y dise\u00f1o) para abordar el problema entre el internet satelital de Starlink (entre otras compa\u00f1\u00edas) y la observaci\u00f3n astron\u00f3mica profesional terrestre.<\/p>\n<p>Inscr\u00edbete en:<\/p>\n<p><a href=\"https:\/\/docs.google.com\/forms\/d\/10jc1tRkul96f6EKHCR7kzuV3dR-iDXfOEXUXQGFEShw\/edit\">https:\/\/docs.google.com\/forms\/d\/10jc1tRkul96f6EKHCR7kzuV3dR-iDXfOEXUXQGFEShw\/edit<\/a><\/p>\n<ul>\n<li><strong>22 de octubre 19:30 horas<\/strong><\/li>\n<\/ul>\n<p><em>Late Cient\u00edfico \u201cUn viaje por el Universo\u201d<\/em><\/p>\n<p>Continuando con la astronom\u00eda, se exhibe un Late Cient\u00edfico con la presentaci\u00f3n musical de &#8220;Un viaje por el Universo&#8221;, obra musical compuesta por Jose Dan\u00fas, acompa\u00f1ada de un video interpretando una serie de instrumentos, todo con una est\u00e9tica et\u00e9rea del universo.<\/p>\n<p>Inscr\u00edbete en:<\/p>\n<p><a href=\"https:\/\/docs.google.com\/forms\/d\/10jc1tRkul96f6EKHCR7kzuV3dR-iDXfOEXUXQGFEShw\/edit\">https:\/\/docs.google.com\/forms\/d\/10jc1tRkul96f6EKHCR7kzuV3dR-iDXfOEXUXQGFEShw\/edit<\/a><\/p>\n<ul>\n<li><strong>22 de octubre 20 horas<\/strong><\/li>\n<\/ul>\n<p><em>Stand up Cient\u00edfico<\/em><\/p>\n<p>Acompa\u00f1a a\u00a0la biotecn\u00f3loga y comediante argentina, Dra. Nadia Chiaramoni, quien nos presentar\u00e1 un particular punto de vista de la ciencia, a trav\u00e9s del humor.<\/p>\n<p>Inscr\u00edbete en:<\/p>\n<p><a href=\"https:\/\/docs.google.com\/forms\/d\/10jc1tRkul96f6EKHCR7kzuV3dR-iDXfOEXUXQGFEShw\/edit\">https:\/\/docs.google.com\/forms\/d\/10jc1tRkul96f6EKHCR7kzuV3dR-iDXfOEXUXQGFEShw\/edit<\/a><\/p>\n<ul>\n<li><strong>23 de octubre 11 horas<\/strong><\/li>\n<\/ul>\n<p><em>Mural \u201cDivisi\u00f3n celular\u201d<\/em><\/p>\n<p>Artistas locales de San Fernando realizan un mural para acercar la biolog\u00eda a la comunidad, a trav\u00e9s del arte. Se incluir\u00e1 un c\u00f3digo QR en el mural, que al ser escaneado se podr\u00e1 ver un experto explicando la divisi\u00f3n celular, para que cualquier habitante de la ciudad pueda entender la obra tanto en su dimensi\u00f3n art\u00edstica como cient\u00edfica. El proceso del pintado del mural quedar\u00e1 registrado en un video de 3 minutos, con m\u00fasica original. Y en tres videos de 30 segundos, para exhibir en formato Reel de Instagram y TikTok. Tambi\u00e9n se entregar\u00e1 un set de 20 fotograf\u00edas con el proceso y la obra final.<\/p>\n<p>Inscr\u00edbete en:<\/p>\n<p><a href=\"https:\/\/docs.google.com\/forms\/d\/1TInwZIbBaYwfEXxZcOBn2bgJrqQfLlbpdsU712dsFZk\/edit\">https:\/\/docs.google.com\/forms\/d\/1TInwZIbBaYwfEXxZcOBn2bgJrqQfLlbpdsU712dsFZk\/edit<\/a><\/p>\n<ul>\n<li><strong>23 de octubre 11 horas<\/strong><\/li>\n<\/ul>\n<p><em>Funci\u00f3n de t\u00edteres \u201cGonfito\u201d<\/em><\/p>\n<p>El actor Juan Mu\u00f1oz, junto a artistas locales de San Fernando, nos entrega una obra que representa a un gonfoterio en sus aventuras con Javier\u00f3loga, protagonista de un proyecto audiovisual que difunde la arqueolog\u00eda y paleontolog\u00eda. La funci\u00f3n, pregrabada con anterioridad, tiene un tiempo de 15 minutos y quedar\u00e1 disponible en Youtube para que todos la puedan presenciar. Al final de la actividad se premiar\u00e1n a 3 ni\u00f1os\/as con libros de Arqueolog\u00eda o Paleontolog\u00eda. Adem\u00e1s, se incorporan tres videos de 1 minuto, de extractos de la funci\u00f3n de Gonfito exponiendo sobre los Gonfoterios, para el formato Reel de Instagram y para TikTok.<\/p>\n<p>Inscr\u00edbete en:<\/p>\n<p><a href=\"https:\/\/docs.google.com\/forms\/d\/1ILNunpRCpccmSmnf01Mq8ZEswy-UKbFs8jxjGgwaoUI\/edit\">https:\/\/docs.google.com\/forms\/d\/1ILNunpRCpccmSmnf01Mq8ZEswy-UKbFs8jxjGgwaoUI\/edit<\/a><\/p>\n<ul>\n<li><strong>23 de octubre 11 horas<\/strong><\/li>\n<\/ul>\n<p><em>\u201cIlustraci\u00f3n naturalista mam\u00edferos en grafito y aves en l\u00e1pices de colores\u201d<\/em><\/p>\n<p>Un ilustrador cient\u00edfico realiza dos m\u00f3dulos de 90 minutos cada uno, m\u00e1s una clase de introducci\u00f3n de 45 minutos, para la presentaci\u00f3n de materiales y consultas sobre la diagramaci\u00f3n de la ilustraci\u00f3n y coloreo de animales end\u00e9micos.<\/p>\n<p>Inscr\u00edbete en: <a href=\"https:\/\/docs.google.com\/forms\/d\/1ffjDUtRLcc5SDrn1t88DITOTyeNsz9ZNvM84AoeVWfE\/edit\">https:\/\/docs.google.com\/forms\/d\/1ffjDUtRLcc5SDrn1t88DITOTyeNsz9ZNvM84AoeVWfE\/edit<\/a><\/p>\n<p>(Cupos limitados)<\/p>\n<ul>\n<li><em>Suplemento impreso &#8220;Ciencia en Tu Casa: Cocinando Contigo&#8221; en El Rancag\u00fcino<\/em> Dise\u00f1o de una receta de cocina, donde se invita a los p\u00fablicos que acceden al suplemento impreso, repliquen la receta en sus casas y env\u00eden fotograf\u00edas a trav\u00e9s de whatsapp para participar de concursos que se realizar\u00e1n en vivo durante las transmisiones de la semana. Esta receta estar\u00e1 acompa\u00f1ada de distintos tips\/ informaciones cient\u00edficas sobre la alimentaci\u00f3n saludable y biodiversidad marina de la Regi\u00f3n de O&#8217;Higgins. Esto \u00faltimo se realizar\u00e1 a trav\u00e9s de gr\u00e1ficas ilustradas que ser\u00e1n instaladas en torno a la receta de cocina.<\/li>\n<\/ul>\n<p>&nbsp;<\/p>\n<p>&nbsp;<\/p>\n<p>&nbsp;<\/p>\n<p>&nbsp;<\/p>\n","protected":false},"excerpt":{"rendered":"<p>Los invitamos a conocer la programaci\u00f3n del FECI 2021, que tendr\u00e1 una variedad de temas para toda la familia, de forma remota y gratuita.<\/p>\n","protected":false},"author":23,"featured_media":38932,"comment_status":"open","ping_status":"open","sticky":false,"template":"","format":"standard","meta":{"_acf_changed":false,"_exactmetrics_skip_tracking":false,"_exactmetrics_sitenote_active":false,"_exactmetrics_sitenote_note":"","_exactmetrics_sitenote_category":0,"footnotes":"","_links_to":"","_links_to_target":""},"categories":[4],"tags":[],"class_list":["post-38937","post","type-post","status-publish","format-standard","has-post-thumbnail","hentry","category-noticias"],"acf":[],"yoast_head":"<!-- This site is optimized with the Yoast SEO plugin v26.7 - https:\/\/yoast.com\/wordpress\/plugins\/seo\/ -->\n<title>Festival de la Ciencia 2021 - O&#039;Higgins<\/title>\n<meta name=\"robots\" content=\"index, follow, max-snippet:-1, max-image-preview:large, max-video-preview:-1\" \/>\n<link rel=\"canonical\" href=\"https:\/\/dev.explora.cl\/ohiggins\/festival-de-la-ciencia-2021\/\" class=\"yoast-seo-meta-tag\" \/>\n<meta property=\"og:locale\" content=\"es_ES\" class=\"yoast-seo-meta-tag\" \/>\n<meta property=\"og:type\" content=\"article\" class=\"yoast-seo-meta-tag\" \/>\n<meta property=\"og:title\" content=\"Festival de la Ciencia 2021 - O&#039;Higgins\" class=\"yoast-seo-meta-tag\" \/>\n<meta property=\"og:description\" content=\"Los invitamos a conocer la programaci\u00f3n del FECI 2021, que tendr\u00e1 una variedad de temas para toda la familia, de forma remota y gratuita.\" class=\"yoast-seo-meta-tag\" \/>\n<meta property=\"og:url\" content=\"https:\/\/dev.explora.cl\/ohiggins\/festival-de-la-ciencia-2021\/\" class=\"yoast-seo-meta-tag\" \/>\n<meta property=\"og:site_name\" content=\"O&#039;Higgins\" class=\"yoast-seo-meta-tag\" \/>\n<meta property=\"article:published_time\" content=\"2021-10-08T20:43:29+00:00\" class=\"yoast-seo-meta-tag\" \/>\n<meta property=\"article:modified_time\" content=\"2022-01-10T21:19:52+00:00\" class=\"yoast-seo-meta-tag\" \/>\n<meta property=\"og:image\" content=\"https:\/\/dev.explora.cl\/ohiggins\/wp-content\/uploads\/sites\/8\/2021\/09\/2.png\" class=\"yoast-seo-meta-tag\" \/>\n\t<meta property=\"og:image:width\" content=\"1081\" class=\"yoast-seo-meta-tag\" \/>\n\t<meta property=\"og:image:height\" content=\"1080\" class=\"yoast-seo-meta-tag\" \/>\n\t<meta property=\"og:image:type\" content=\"image\/png\" class=\"yoast-seo-meta-tag\" \/>\n<meta name=\"author\" content=\"nsalazar\" class=\"yoast-seo-meta-tag\" \/>\n<meta name=\"twitter:card\" content=\"summary_large_image\" class=\"yoast-seo-meta-tag\" \/>\n<meta name=\"twitter:label1\" content=\"Escrito por\" class=\"yoast-seo-meta-tag\" \/>\n\t<meta name=\"twitter:data1\" content=\"nsalazar\" class=\"yoast-seo-meta-tag\" \/>\n\t<meta name=\"twitter:label2\" content=\"Tiempo estimado de lectura\" class=\"yoast-seo-meta-tag\" \/>\n\t<meta name=\"twitter:data2\" content=\"7 minutos\" class=\"yoast-seo-meta-tag\" \/>\n<script type=\"application\/ld+json\" class=\"yoast-schema-graph\">{\"@context\":\"https:\/\/schema.org\",\"@graph\":[{\"@type\":\"Article\",\"@id\":\"https:\/\/dev.explora.cl\/ohiggins\/festival-de-la-ciencia-2021\/#article\",\"isPartOf\":{\"@id\":\"https:\/\/dev.explora.cl\/ohiggins\/festival-de-la-ciencia-2021\/\"},\"author\":{\"name\":\"nsalazar\",\"@id\":\"https:\/\/dev.explora.cl\/ohiggins\/#\/schema\/person\/3240d62ad2624da9148a475abbc509b0\"},\"headline\":\"Festival de la Ciencia 2021\",\"datePublished\":\"2021-10-08T20:43:29+00:00\",\"dateModified\":\"2022-01-10T21:19:52+00:00\",\"mainEntityOfPage\":{\"@id\":\"https:\/\/dev.explora.cl\/ohiggins\/festival-de-la-ciencia-2021\/\"},\"wordCount\":1503,\"commentCount\":0,\"image\":{\"@id\":\"https:\/\/dev.explora.cl\/ohiggins\/festival-de-la-ciencia-2021\/#primaryimage\"},\"thumbnailUrl\":\"https:\/\/dev.explora.cl\/ohiggins\/wp-content\/uploads\/sites\/8\/2021\/09\/2.png\",\"articleSection\":[\"Noticias\"],\"inLanguage\":\"es-CL\",\"potentialAction\":[{\"@type\":\"CommentAction\",\"name\":\"Comment\",\"target\":[\"https:\/\/dev.explora.cl\/ohiggins\/festival-de-la-ciencia-2021\/#respond\"]}]},{\"@type\":\"WebPage\",\"@id\":\"https:\/\/dev.explora.cl\/ohiggins\/festival-de-la-ciencia-2021\/\",\"url\":\"https:\/\/dev.explora.cl\/ohiggins\/festival-de-la-ciencia-2021\/\",\"name\":\"Festival de la Ciencia 2021 - O&#039;Higgins\",\"isPartOf\":{\"@id\":\"https:\/\/dev.explora.cl\/ohiggins\/#website\"},\"primaryImageOfPage\":{\"@id\":\"https:\/\/dev.explora.cl\/ohiggins\/festival-de-la-ciencia-2021\/#primaryimage\"},\"image\":{\"@id\":\"https:\/\/dev.explora.cl\/ohiggins\/festival-de-la-ciencia-2021\/#primaryimage\"},\"thumbnailUrl\":\"https:\/\/dev.explora.cl\/ohiggins\/wp-content\/uploads\/sites\/8\/2021\/09\/2.png\",\"datePublished\":\"2021-10-08T20:43:29+00:00\",\"dateModified\":\"2022-01-10T21:19:52+00:00\",\"author\":{\"@id\":\"https:\/\/dev.explora.cl\/ohiggins\/#\/schema\/person\/3240d62ad2624da9148a475abbc509b0\"},\"breadcrumb\":{\"@id\":\"https:\/\/dev.explora.cl\/ohiggins\/festival-de-la-ciencia-2021\/#breadcrumb\"},\"inLanguage\":\"es-CL\",\"potentialAction\":[{\"@type\":\"ReadAction\",\"target\":[\"https:\/\/dev.explora.cl\/ohiggins\/festival-de-la-ciencia-2021\/\"]}]},{\"@type\":\"ImageObject\",\"inLanguage\":\"es-CL\",\"@id\":\"https:\/\/dev.explora.cl\/ohiggins\/festival-de-la-ciencia-2021\/#primaryimage\",\"url\":\"https:\/\/dev.explora.cl\/ohiggins\/wp-content\/uploads\/sites\/8\/2021\/09\/2.png\",\"contentUrl\":\"https:\/\/dev.explora.cl\/ohiggins\/wp-content\/uploads\/sites\/8\/2021\/09\/2.png\",\"width\":1081,\"height\":1080},{\"@type\":\"BreadcrumbList\",\"@id\":\"https:\/\/dev.explora.cl\/ohiggins\/festival-de-la-ciencia-2021\/#breadcrumb\",\"itemListElement\":[{\"@type\":\"ListItem\",\"position\":1,\"name\":\"Portada\",\"item\":\"https:\/\/dev.explora.cl\/ohiggins\/\"},{\"@type\":\"ListItem\",\"position\":2,\"name\":\"Festival de la Ciencia 2021\"}]},{\"@type\":\"WebSite\",\"@id\":\"https:\/\/dev.explora.cl\/ohiggins\/#website\",\"url\":\"https:\/\/dev.explora.cl\/ohiggins\/\",\"name\":\"O&#039;Higgins\",\"description\":\"Otro sitio m\u00e1s de dev.explora.cl\",\"potentialAction\":[{\"@type\":\"SearchAction\",\"target\":{\"@type\":\"EntryPoint\",\"urlTemplate\":\"https:\/\/dev.explora.cl\/ohiggins\/?s={search_term_string}\"},\"query-input\":{\"@type\":\"PropertyValueSpecification\",\"valueRequired\":true,\"valueName\":\"search_term_string\"}}],\"inLanguage\":\"es-CL\"},{\"@type\":\"Person\",\"@id\":\"https:\/\/dev.explora.cl\/ohiggins\/#\/schema\/person\/3240d62ad2624da9148a475abbc509b0\",\"name\":\"nsalazar\",\"image\":{\"@type\":\"ImageObject\",\"inLanguage\":\"es-CL\",\"@id\":\"https:\/\/dev.explora.cl\/ohiggins\/#\/schema\/person\/image\/\",\"url\":\"https:\/\/secure.gravatar.com\/avatar\/b8cf276f31998a0865a3b90e4d663d91b97848887282c9f9a56cad57ff01cc7e?s=96&d=mm&r=g\",\"contentUrl\":\"https:\/\/secure.gravatar.com\/avatar\/b8cf276f31998a0865a3b90e4d663d91b97848887282c9f9a56cad57ff01cc7e?s=96&d=mm&r=g\",\"caption\":\"nsalazar\"},\"url\":\"https:\/\/dev.explora.cl\/ohiggins\/author\/nsalazar\/\"}]}<\/script>\n<!-- \/ Yoast SEO plugin. -->","yoast_head_json":{"title":"Festival de la Ciencia 2021 - O&#039;Higgins","robots":{"index":"index","follow":"follow","max-snippet":"max-snippet:-1","max-image-preview":"max-image-preview:large","max-video-preview":"max-video-preview:-1"},"canonical":"https:\/\/dev.explora.cl\/ohiggins\/festival-de-la-ciencia-2021\/","og_locale":"es_ES","og_type":"article","og_title":"Festival de la Ciencia 2021 - O&#039;Higgins","og_description":"Los invitamos a conocer la programaci\u00f3n del FECI 2021, que tendr\u00e1 una variedad de temas para toda la familia, de forma remota y gratuita.","og_url":"https:\/\/dev.explora.cl\/ohiggins\/festival-de-la-ciencia-2021\/","og_site_name":"O&#039;Higgins","article_published_time":"2021-10-08T20:43:29+00:00","article_modified_time":"2022-01-10T21:19:52+00:00","og_image":[{"width":1081,"height":1080,"url":"https:\/\/dev.explora.cl\/ohiggins\/wp-content\/uploads\/sites\/8\/2021\/09\/2.png","type":"image\/png"}],"author":"nsalazar","twitter_card":"summary_large_image","twitter_misc":{"Escrito por":"nsalazar","Tiempo estimado de lectura":"7 minutos"},"schema":{"@context":"https:\/\/schema.org","@graph":[{"@type":"Article","@id":"https:\/\/dev.explora.cl\/ohiggins\/festival-de-la-ciencia-2021\/#article","isPartOf":{"@id":"https:\/\/dev.explora.cl\/ohiggins\/festival-de-la-ciencia-2021\/"},"author":{"name":"nsalazar","@id":"https:\/\/dev.explora.cl\/ohiggins\/#\/schema\/person\/3240d62ad2624da9148a475abbc509b0"},"headline":"Festival de la Ciencia 2021","datePublished":"2021-10-08T20:43:29+00:00","dateModified":"2022-01-10T21:19:52+00:00","mainEntityOfPage":{"@id":"https:\/\/dev.explora.cl\/ohiggins\/festival-de-la-ciencia-2021\/"},"wordCount":1503,"commentCount":0,"image":{"@id":"https:\/\/dev.explora.cl\/ohiggins\/festival-de-la-ciencia-2021\/#primaryimage"},"thumbnailUrl":"https:\/\/dev.explora.cl\/ohiggins\/wp-content\/uploads\/sites\/8\/2021\/09\/2.png","articleSection":["Noticias"],"inLanguage":"es-CL","potentialAction":[{"@type":"CommentAction","name":"Comment","target":["https:\/\/dev.explora.cl\/ohiggins\/festival-de-la-ciencia-2021\/#respond"]}]},{"@type":"WebPage","@id":"https:\/\/dev.explora.cl\/ohiggins\/festival-de-la-ciencia-2021\/","url":"https:\/\/dev.explora.cl\/ohiggins\/festival-de-la-ciencia-2021\/","name":"Festival de la Ciencia 2021 - O&#039;Higgins","isPartOf":{"@id":"https:\/\/dev.explora.cl\/ohiggins\/#website"},"primaryImageOfPage":{"@id":"https:\/\/dev.explora.cl\/ohiggins\/festival-de-la-ciencia-2021\/#primaryimage"},"image":{"@id":"https:\/\/dev.explora.cl\/ohiggins\/festival-de-la-ciencia-2021\/#primaryimage"},"thumbnailUrl":"https:\/\/dev.explora.cl\/ohiggins\/wp-content\/uploads\/sites\/8\/2021\/09\/2.png","datePublished":"2021-10-08T20:43:29+00:00","dateModified":"2022-01-10T21:19:52+00:00","author":{"@id":"https:\/\/dev.explora.cl\/ohiggins\/#\/schema\/person\/3240d62ad2624da9148a475abbc509b0"},"breadcrumb":{"@id":"https:\/\/dev.explora.cl\/ohiggins\/festival-de-la-ciencia-2021\/#breadcrumb"},"inLanguage":"es-CL","potentialAction":[{"@type":"ReadAction","target":["https:\/\/dev.explora.cl\/ohiggins\/festival-de-la-ciencia-2021\/"]}]},{"@type":"ImageObject","inLanguage":"es-CL","@id":"https:\/\/dev.explora.cl\/ohiggins\/festival-de-la-ciencia-2021\/#primaryimage","url":"https:\/\/dev.explora.cl\/ohiggins\/wp-content\/uploads\/sites\/8\/2021\/09\/2.png","contentUrl":"https:\/\/dev.explora.cl\/ohiggins\/wp-content\/uploads\/sites\/8\/2021\/09\/2.png","width":1081,"height":1080},{"@type":"BreadcrumbList","@id":"https:\/\/dev.explora.cl\/ohiggins\/festival-de-la-ciencia-2021\/#breadcrumb","itemListElement":[{"@type":"ListItem","position":1,"name":"Portada","item":"https:\/\/dev.explora.cl\/ohiggins\/"},{"@type":"ListItem","position":2,"name":"Festival de la Ciencia 2021"}]},{"@type":"WebSite","@id":"https:\/\/dev.explora.cl\/ohiggins\/#website","url":"https:\/\/dev.explora.cl\/ohiggins\/","name":"O&#039;Higgins","description":"Otro sitio m\u00e1s de dev.explora.cl","potentialAction":[{"@type":"SearchAction","target":{"@type":"EntryPoint","urlTemplate":"https:\/\/dev.explora.cl\/ohiggins\/?s={search_term_string}"},"query-input":{"@type":"PropertyValueSpecification","valueRequired":true,"valueName":"search_term_string"}}],"inLanguage":"es-CL"},{"@type":"Person","@id":"https:\/\/dev.explora.cl\/ohiggins\/#\/schema\/person\/3240d62ad2624da9148a475abbc509b0","name":"nsalazar","image":{"@type":"ImageObject","inLanguage":"es-CL","@id":"https:\/\/dev.explora.cl\/ohiggins\/#\/schema\/person\/image\/","url":"https:\/\/secure.gravatar.com\/avatar\/b8cf276f31998a0865a3b90e4d663d91b97848887282c9f9a56cad57ff01cc7e?s=96&d=mm&r=g","contentUrl":"https:\/\/secure.gravatar.com\/avatar\/b8cf276f31998a0865a3b90e4d663d91b97848887282c9f9a56cad57ff01cc7e?s=96&d=mm&r=g","caption":"nsalazar"},"url":"https:\/\/dev.explora.cl\/ohiggins\/author\/nsalazar\/"}]}},"_links":{"self":[{"href":"https:\/\/dev.explora.cl\/ohiggins\/wp-json\/wp\/v2\/posts\/38937","targetHints":{"allow":["GET"]}}],"collection":[{"href":"https:\/\/dev.explora.cl\/ohiggins\/wp-json\/wp\/v2\/posts"}],"about":[{"href":"https:\/\/dev.explora.cl\/ohiggins\/wp-json\/wp\/v2\/types\/post"}],"author":[{"embeddable":true,"href":"https:\/\/dev.explora.cl\/ohiggins\/wp-json\/wp\/v2\/users\/23"}],"replies":[{"embeddable":true,"href":"https:\/\/dev.explora.cl\/ohiggins\/wp-json\/wp\/v2\/comments?post=38937"}],"version-history":[{"count":14,"href":"https:\/\/dev.explora.cl\/ohiggins\/wp-json\/wp\/v2\/posts\/38937\/revisions"}],"predecessor-version":[{"id":38961,"href":"https:\/\/dev.explora.cl\/ohiggins\/wp-json\/wp\/v2\/posts\/38937\/revisions\/38961"}],"wp:featuredmedia":[{"embeddable":true,"href":"https:\/\/dev.explora.cl\/ohiggins\/wp-json\/wp\/v2\/media\/38932"}],"wp:attachment":[{"href":"https:\/\/dev.explora.cl\/ohiggins\/wp-json\/wp\/v2\/media?parent=38937"}],"wp:term":[{"taxonomy":"category","embeddable":true,"href":"https:\/\/dev.explora.cl\/ohiggins\/wp-json\/wp\/v2\/categories?post=38937"},{"taxonomy":"post_tag","embeddable":true,"href":"https:\/\/dev.explora.cl\/ohiggins\/wp-json\/wp\/v2\/tags?post=38937"}],"curies":[{"name":"wp","href":"https:\/\/api.w.org\/{rel}","templated":true}]}}