{"id":38928,"date":"2021-10-04T17:13:27","date_gmt":"2021-10-04T20:13:27","guid":{"rendered":"https:\/\/dev.explora.cl\/ohiggins\/?p=38928"},"modified":"2022-01-10T18:20:30","modified_gmt":"2022-01-10T21:20:30","slug":"ciencia-abierta-abordara-el-mundo-de-las-matematicas","status":"publish","type":"post","link":"https:\/\/dev.explora.cl\/ohiggins\/ciencia-abierta-abordara-el-mundo-de-las-matematicas\/","title":{"rendered":"Ciencia Abierta abordar\u00e1 el mundo de las matem\u00e1ticas"},"content":{"rendered":"<p>Ciencia Abierta no para. Para este mi\u00e9rcoles 6 de octubre, PAR Explora O\u00b4Higgins ha preparado un conversatorio que tendr\u00e1 como invitado principal a las matem\u00e1ticas, una de las ciencias m\u00e1s antiguas de la humanidad. El cap\u00edtulo ha sido denominado \u201cReconciliaciones matem\u00e1ticas: \u00bfCu\u00e1ndo dejaron de gustarme?\u201d y est\u00e1 enfocado a p\u00fablicos de distintas edades que de alguna forma se sienten lejanos a esta \u00e1rea, pero que desean encontrar un camino para quererlas. Igualmente se recomienda para docentes y cuidadores que deseen adquirir algunas habilidades para ense\u00f1ar esta materia a los m\u00e1s peque\u00f1os.<\/p>\n<p>La actividad contar\u00e1 con la presencia de la divulgadora cient\u00edfica y matem\u00e1tica de la Universidad de Chile, Leslie Jim\u00e9nez; el acad\u00e9mico del Instituto de las Ciencias de la Ingenier\u00eda de la UOH, Emilio V\u00edlchez; y del profesor de biolog\u00eda y ciencias naturales, Giordano Livellara.<\/p>\n<p>\u201cMe gustar\u00eda invitarles a este conversatorio de Ciencia Abierta. \u00bfCu\u00e1ndo dejaron de gustarme las matem\u00e1ticas? Para enterarnos justamente de eso; si alguna vez te gustaron, todav\u00eda te gustan o nunca te han gustado. Hablaremos sobre el miedo, la ansiedad a las matem\u00e1ticas, pero tambi\u00e9n de c\u00f3mo podemos entretenernos y acercarnos a ellas. Desde la experiencia, desde la visualizaci\u00f3n, de las im\u00e1genes o desde la vida cotidiana\u201d, indic\u00f3 la matem\u00e1tica de la Universidad de Chile y divulgadora cient\u00edfica, Leslie Jim\u00e9nez.<\/p>\n<p>\u201cHablaremos de nuestra relaci\u00f3n con las matem\u00e1ticas. La invitaci\u00f3n es para este mi\u00e9rcoles a las 17 horas. Los esperamos\u201d, agreg\u00f3 el acad\u00e9mico del Instituto de las Ciencias de la Ingenier\u00eda de la UOH, Emilio V\u00edlchez, quien comentar\u00e1 sobre diversas acciones de divulgaci\u00f3n cient\u00edfica recomendadas para motivar por el gusto hacia las matem\u00e1ticas.<\/p>\n<p>Para seguir este nuevo conversatorio de Ciencia Abierta, pueden inscribirse en <u><a href=\"https:\/\/cienciaabierta.cienciaohiggins.cl\/inscripcion\/\">https:\/\/cienciaabierta.cienciaohiggins.cl\/inscripcion\/<\/a><\/u>, donde acceder\u00e1n a informaci\u00f3n exclusiva y optar\u00e1n por premios al finalizar el ciclo de este a\u00f1o. Tambi\u00e9n pueden seguirnos por el Facebook de PAR Explora O\u00b4Higgins.<\/p>\n<p>\u00a1Recuerden! \u201cLos invitamos a una conversaci\u00f3n sobre las reconciliaciones y divorcios con las matem\u00e1ticas. En mi caso, me gustan mucho, pero en alg\u00fan momento me divorci\u00e9 de ellas \u00bfPueden ser divertidas?, \u00bfpueden ser sencillas? \u00a1Ya lo veremos! Nos vemos el mi\u00e9rcoles\u201d, finaliz\u00f3 el profesor de biolog\u00eda, Giordano Livellara.<\/p>\n","protected":false},"excerpt":{"rendered":"<p>\u201cReconciliaciones matem\u00e1ticas: \u00bfCu\u00e1ndo dejaron de gustarme?\u201d, es el nombre del nuevo conversatorio que realiza PAR Explora ejecutado en la regi\u00f3n por la Universidad de O\u00b4Higgins.<\/p>\n","protected":false},"author":23,"featured_media":38935,"comment_status":"open","ping_status":"open","sticky":false,"template":"","format":"standard","meta":{"_acf_changed":false,"_exactmetrics_skip_tracking":false,"_exactmetrics_sitenote_active":false,"_exactmetrics_sitenote_note":"","_exactmetrics_sitenote_category":0,"footnotes":"","_links_to":"","_links_to_target":""},"categories":[4],"tags":[],"class_list":["post-38928","post","type-post","status-publish","format-standard","has-post-thumbnail","hentry","category-noticias"],"acf":[],"yoast_head":"<!-- This site is optimized with the Yoast SEO plugin v26.7 - https:\/\/yoast.com\/wordpress\/plugins\/seo\/ -->\n<title>Ciencia Abierta abordar\u00e1 el mundo de las matem\u00e1ticas - O&#039;Higgins<\/title>\n<meta name=\"robots\" content=\"index, follow, max-snippet:-1, max-image-preview:large, max-video-preview:-1\" \/>\n<link rel=\"canonical\" href=\"https:\/\/dev.explora.cl\/ohiggins\/ciencia-abierta-abordara-el-mundo-de-las-matematicas\/\" class=\"yoast-seo-meta-tag\" \/>\n<meta property=\"og:locale\" content=\"es_ES\" class=\"yoast-seo-meta-tag\" \/>\n<meta property=\"og:type\" content=\"article\" class=\"yoast-seo-meta-tag\" \/>\n<meta property=\"og:title\" content=\"Ciencia Abierta abordar\u00e1 el mundo de las matem\u00e1ticas - O&#039;Higgins\" class=\"yoast-seo-meta-tag\" \/>\n<meta property=\"og:description\" content=\"\u201cReconciliaciones matem\u00e1ticas: \u00bfCu\u00e1ndo dejaron de gustarme?\u201d, es el nombre del nuevo conversatorio que realiza PAR Explora ejecutado en la regi\u00f3n por la Universidad de O\u00b4Higgins.\" class=\"yoast-seo-meta-tag\" \/>\n<meta property=\"og:url\" content=\"https:\/\/dev.explora.cl\/ohiggins\/ciencia-abierta-abordara-el-mundo-de-las-matematicas\/\" class=\"yoast-seo-meta-tag\" \/>\n<meta property=\"og:site_name\" content=\"O&#039;Higgins\" class=\"yoast-seo-meta-tag\" \/>\n<meta property=\"article:published_time\" content=\"2021-10-04T20:13:27+00:00\" class=\"yoast-seo-meta-tag\" \/>\n<meta property=\"article:modified_time\" content=\"2022-01-10T21:20:30+00:00\" class=\"yoast-seo-meta-tag\" \/>\n<meta property=\"og:image\" content=\"https:\/\/dev.explora.cl\/ohiggins\/wp-content\/uploads\/sites\/8\/2021\/10\/Ciencia-Abierta-reconciliaciones-matem\u00e1ticas.jpeg\" class=\"yoast-seo-meta-tag\" \/>\n\t<meta property=\"og:image:width\" content=\"1600\" class=\"yoast-seo-meta-tag\" \/>\n\t<meta property=\"og:image:height\" content=\"1600\" class=\"yoast-seo-meta-tag\" \/>\n\t<meta property=\"og:image:type\" content=\"image\/jpeg\" class=\"yoast-seo-meta-tag\" \/>\n<meta name=\"author\" content=\"nsalazar\" class=\"yoast-seo-meta-tag\" \/>\n<meta name=\"twitter:card\" content=\"summary_large_image\" class=\"yoast-seo-meta-tag\" \/>\n<meta name=\"twitter:label1\" content=\"Escrito por\" class=\"yoast-seo-meta-tag\" \/>\n\t<meta name=\"twitter:data1\" content=\"nsalazar\" class=\"yoast-seo-meta-tag\" \/>\n\t<meta name=\"twitter:label2\" content=\"Tiempo estimado de lectura\" class=\"yoast-seo-meta-tag\" \/>\n\t<meta name=\"twitter:data2\" content=\"2 minutos\" class=\"yoast-seo-meta-tag\" \/>\n<script type=\"application\/ld+json\" class=\"yoast-schema-graph\">{\"@context\":\"https:\/\/schema.org\",\"@graph\":[{\"@type\":\"Article\",\"@id\":\"https:\/\/dev.explora.cl\/ohiggins\/ciencia-abierta-abordara-el-mundo-de-las-matematicas\/#article\",\"isPartOf\":{\"@id\":\"https:\/\/dev.explora.cl\/ohiggins\/ciencia-abierta-abordara-el-mundo-de-las-matematicas\/\"},\"author\":{\"name\":\"nsalazar\",\"@id\":\"https:\/\/dev.explora.cl\/ohiggins\/#\/schema\/person\/3240d62ad2624da9148a475abbc509b0\"},\"headline\":\"Ciencia Abierta abordar\u00e1 el mundo de las matem\u00e1ticas\",\"datePublished\":\"2021-10-04T20:13:27+00:00\",\"dateModified\":\"2022-01-10T21:20:30+00:00\",\"mainEntityOfPage\":{\"@id\":\"https:\/\/dev.explora.cl\/ohiggins\/ciencia-abierta-abordara-el-mundo-de-las-matematicas\/\"},\"wordCount\":414,\"commentCount\":0,\"image\":{\"@id\":\"https:\/\/dev.explora.cl\/ohiggins\/ciencia-abierta-abordara-el-mundo-de-las-matematicas\/#primaryimage\"},\"thumbnailUrl\":\"https:\/\/dev.explora.cl\/ohiggins\/wp-content\/uploads\/sites\/8\/2021\/10\/Ciencia-Abierta-reconciliaciones-matem\u00e1ticas.jpeg\",\"articleSection\":[\"Noticias\"],\"inLanguage\":\"es-CL\",\"potentialAction\":[{\"@type\":\"CommentAction\",\"name\":\"Comment\",\"target\":[\"https:\/\/dev.explora.cl\/ohiggins\/ciencia-abierta-abordara-el-mundo-de-las-matematicas\/#respond\"]}]},{\"@type\":\"WebPage\",\"@id\":\"https:\/\/dev.explora.cl\/ohiggins\/ciencia-abierta-abordara-el-mundo-de-las-matematicas\/\",\"url\":\"https:\/\/dev.explora.cl\/ohiggins\/ciencia-abierta-abordara-el-mundo-de-las-matematicas\/\",\"name\":\"Ciencia Abierta abordar\u00e1 el mundo de las matem\u00e1ticas - O&#039;Higgins\",\"isPartOf\":{\"@id\":\"https:\/\/dev.explora.cl\/ohiggins\/#website\"},\"primaryImageOfPage\":{\"@id\":\"https:\/\/dev.explora.cl\/ohiggins\/ciencia-abierta-abordara-el-mundo-de-las-matematicas\/#primaryimage\"},\"image\":{\"@id\":\"https:\/\/dev.explora.cl\/ohiggins\/ciencia-abierta-abordara-el-mundo-de-las-matematicas\/#primaryimage\"},\"thumbnailUrl\":\"https:\/\/dev.explora.cl\/ohiggins\/wp-content\/uploads\/sites\/8\/2021\/10\/Ciencia-Abierta-reconciliaciones-matem\u00e1ticas.jpeg\",\"datePublished\":\"2021-10-04T20:13:27+00:00\",\"dateModified\":\"2022-01-10T21:20:30+00:00\",\"author\":{\"@id\":\"https:\/\/dev.explora.cl\/ohiggins\/#\/schema\/person\/3240d62ad2624da9148a475abbc509b0\"},\"breadcrumb\":{\"@id\":\"https:\/\/dev.explora.cl\/ohiggins\/ciencia-abierta-abordara-el-mundo-de-las-matematicas\/#breadcrumb\"},\"inLanguage\":\"es-CL\",\"potentialAction\":[{\"@type\":\"ReadAction\",\"target\":[\"https:\/\/dev.explora.cl\/ohiggins\/ciencia-abierta-abordara-el-mundo-de-las-matematicas\/\"]}]},{\"@type\":\"ImageObject\",\"inLanguage\":\"es-CL\",\"@id\":\"https:\/\/dev.explora.cl\/ohiggins\/ciencia-abierta-abordara-el-mundo-de-las-matematicas\/#primaryimage\",\"url\":\"https:\/\/dev.explora.cl\/ohiggins\/wp-content\/uploads\/sites\/8\/2021\/10\/Ciencia-Abierta-reconciliaciones-matem\u00e1ticas.jpeg\",\"contentUrl\":\"https:\/\/dev.explora.cl\/ohiggins\/wp-content\/uploads\/sites\/8\/2021\/10\/Ciencia-Abierta-reconciliaciones-matem\u00e1ticas.jpeg\",\"width\":1600,\"height\":1600},{\"@type\":\"BreadcrumbList\",\"@id\":\"https:\/\/dev.explora.cl\/ohiggins\/ciencia-abierta-abordara-el-mundo-de-las-matematicas\/#breadcrumb\",\"itemListElement\":[{\"@type\":\"ListItem\",\"position\":1,\"name\":\"Portada\",\"item\":\"https:\/\/dev.explora.cl\/ohiggins\/\"},{\"@type\":\"ListItem\",\"position\":2,\"name\":\"Ciencia Abierta abordar\u00e1 el mundo de las matem\u00e1ticas\"}]},{\"@type\":\"WebSite\",\"@id\":\"https:\/\/dev.explora.cl\/ohiggins\/#website\",\"url\":\"https:\/\/dev.explora.cl\/ohiggins\/\",\"name\":\"O&#039;Higgins\",\"description\":\"Otro sitio m\u00e1s de dev.explora.cl\",\"potentialAction\":[{\"@type\":\"SearchAction\",\"target\":{\"@type\":\"EntryPoint\",\"urlTemplate\":\"https:\/\/dev.explora.cl\/ohiggins\/?s={search_term_string}\"},\"query-input\":{\"@type\":\"PropertyValueSpecification\",\"valueRequired\":true,\"valueName\":\"search_term_string\"}}],\"inLanguage\":\"es-CL\"},{\"@type\":\"Person\",\"@id\":\"https:\/\/dev.explora.cl\/ohiggins\/#\/schema\/person\/3240d62ad2624da9148a475abbc509b0\",\"name\":\"nsalazar\",\"image\":{\"@type\":\"ImageObject\",\"inLanguage\":\"es-CL\",\"@id\":\"https:\/\/dev.explora.cl\/ohiggins\/#\/schema\/person\/image\/\",\"url\":\"https:\/\/secure.gravatar.com\/avatar\/b8cf276f31998a0865a3b90e4d663d91b97848887282c9f9a56cad57ff01cc7e?s=96&d=mm&r=g\",\"contentUrl\":\"https:\/\/secure.gravatar.com\/avatar\/b8cf276f31998a0865a3b90e4d663d91b97848887282c9f9a56cad57ff01cc7e?s=96&d=mm&r=g\",\"caption\":\"nsalazar\"},\"url\":\"https:\/\/dev.explora.cl\/ohiggins\/author\/nsalazar\/\"}]}<\/script>\n<!-- \/ Yoast SEO plugin. -->","yoast_head_json":{"title":"Ciencia Abierta abordar\u00e1 el mundo de las matem\u00e1ticas - O&#039;Higgins","robots":{"index":"index","follow":"follow","max-snippet":"max-snippet:-1","max-image-preview":"max-image-preview:large","max-video-preview":"max-video-preview:-1"},"canonical":"https:\/\/dev.explora.cl\/ohiggins\/ciencia-abierta-abordara-el-mundo-de-las-matematicas\/","og_locale":"es_ES","og_type":"article","og_title":"Ciencia Abierta abordar\u00e1 el mundo de las matem\u00e1ticas - O&#039;Higgins","og_description":"\u201cReconciliaciones matem\u00e1ticas: \u00bfCu\u00e1ndo dejaron de gustarme?\u201d, es el nombre del nuevo conversatorio que realiza PAR Explora ejecutado en la regi\u00f3n por la Universidad de O\u00b4Higgins.","og_url":"https:\/\/dev.explora.cl\/ohiggins\/ciencia-abierta-abordara-el-mundo-de-las-matematicas\/","og_site_name":"O&#039;Higgins","article_published_time":"2021-10-04T20:13:27+00:00","article_modified_time":"2022-01-10T21:20:30+00:00","og_image":[{"width":1600,"height":1600,"url":"https:\/\/dev.explora.cl\/ohiggins\/wp-content\/uploads\/sites\/8\/2021\/10\/Ciencia-Abierta-reconciliaciones-matem\u00e1ticas.jpeg","type":"image\/jpeg"}],"author":"nsalazar","twitter_card":"summary_large_image","twitter_misc":{"Escrito por":"nsalazar","Tiempo estimado de lectura":"2 minutos"},"schema":{"@context":"https:\/\/schema.org","@graph":[{"@type":"Article","@id":"https:\/\/dev.explora.cl\/ohiggins\/ciencia-abierta-abordara-el-mundo-de-las-matematicas\/#article","isPartOf":{"@id":"https:\/\/dev.explora.cl\/ohiggins\/ciencia-abierta-abordara-el-mundo-de-las-matematicas\/"},"author":{"name":"nsalazar","@id":"https:\/\/dev.explora.cl\/ohiggins\/#\/schema\/person\/3240d62ad2624da9148a475abbc509b0"},"headline":"Ciencia Abierta abordar\u00e1 el mundo de las matem\u00e1ticas","datePublished":"2021-10-04T20:13:27+00:00","dateModified":"2022-01-10T21:20:30+00:00","mainEntityOfPage":{"@id":"https:\/\/dev.explora.cl\/ohiggins\/ciencia-abierta-abordara-el-mundo-de-las-matematicas\/"},"wordCount":414,"commentCount":0,"image":{"@id":"https:\/\/dev.explora.cl\/ohiggins\/ciencia-abierta-abordara-el-mundo-de-las-matematicas\/#primaryimage"},"thumbnailUrl":"https:\/\/dev.explora.cl\/ohiggins\/wp-content\/uploads\/sites\/8\/2021\/10\/Ciencia-Abierta-reconciliaciones-matem\u00e1ticas.jpeg","articleSection":["Noticias"],"inLanguage":"es-CL","potentialAction":[{"@type":"CommentAction","name":"Comment","target":["https:\/\/dev.explora.cl\/ohiggins\/ciencia-abierta-abordara-el-mundo-de-las-matematicas\/#respond"]}]},{"@type":"WebPage","@id":"https:\/\/dev.explora.cl\/ohiggins\/ciencia-abierta-abordara-el-mundo-de-las-matematicas\/","url":"https:\/\/dev.explora.cl\/ohiggins\/ciencia-abierta-abordara-el-mundo-de-las-matematicas\/","name":"Ciencia Abierta abordar\u00e1 el mundo de las matem\u00e1ticas - O&#039;Higgins","isPartOf":{"@id":"https:\/\/dev.explora.cl\/ohiggins\/#website"},"primaryImageOfPage":{"@id":"https:\/\/dev.explora.cl\/ohiggins\/ciencia-abierta-abordara-el-mundo-de-las-matematicas\/#primaryimage"},"image":{"@id":"https:\/\/dev.explora.cl\/ohiggins\/ciencia-abierta-abordara-el-mundo-de-las-matematicas\/#primaryimage"},"thumbnailUrl":"https:\/\/dev.explora.cl\/ohiggins\/wp-content\/uploads\/sites\/8\/2021\/10\/Ciencia-Abierta-reconciliaciones-matem\u00e1ticas.jpeg","datePublished":"2021-10-04T20:13:27+00:00","dateModified":"2022-01-10T21:20:30+00:00","author":{"@id":"https:\/\/dev.explora.cl\/ohiggins\/#\/schema\/person\/3240d62ad2624da9148a475abbc509b0"},"breadcrumb":{"@id":"https:\/\/dev.explora.cl\/ohiggins\/ciencia-abierta-abordara-el-mundo-de-las-matematicas\/#breadcrumb"},"inLanguage":"es-CL","potentialAction":[{"@type":"ReadAction","target":["https:\/\/dev.explora.cl\/ohiggins\/ciencia-abierta-abordara-el-mundo-de-las-matematicas\/"]}]},{"@type":"ImageObject","inLanguage":"es-CL","@id":"https:\/\/dev.explora.cl\/ohiggins\/ciencia-abierta-abordara-el-mundo-de-las-matematicas\/#primaryimage","url":"https:\/\/dev.explora.cl\/ohiggins\/wp-content\/uploads\/sites\/8\/2021\/10\/Ciencia-Abierta-reconciliaciones-matem\u00e1ticas.jpeg","contentUrl":"https:\/\/dev.explora.cl\/ohiggins\/wp-content\/uploads\/sites\/8\/2021\/10\/Ciencia-Abierta-reconciliaciones-matem\u00e1ticas.jpeg","width":1600,"height":1600},{"@type":"BreadcrumbList","@id":"https:\/\/dev.explora.cl\/ohiggins\/ciencia-abierta-abordara-el-mundo-de-las-matematicas\/#breadcrumb","itemListElement":[{"@type":"ListItem","position":1,"name":"Portada","item":"https:\/\/dev.explora.cl\/ohiggins\/"},{"@type":"ListItem","position":2,"name":"Ciencia Abierta abordar\u00e1 el mundo de las matem\u00e1ticas"}]},{"@type":"WebSite","@id":"https:\/\/dev.explora.cl\/ohiggins\/#website","url":"https:\/\/dev.explora.cl\/ohiggins\/","name":"O&#039;Higgins","description":"Otro sitio m\u00e1s de dev.explora.cl","potentialAction":[{"@type":"SearchAction","target":{"@type":"EntryPoint","urlTemplate":"https:\/\/dev.explora.cl\/ohiggins\/?s={search_term_string}"},"query-input":{"@type":"PropertyValueSpecification","valueRequired":true,"valueName":"search_term_string"}}],"inLanguage":"es-CL"},{"@type":"Person","@id":"https:\/\/dev.explora.cl\/ohiggins\/#\/schema\/person\/3240d62ad2624da9148a475abbc509b0","name":"nsalazar","image":{"@type":"ImageObject","inLanguage":"es-CL","@id":"https:\/\/dev.explora.cl\/ohiggins\/#\/schema\/person\/image\/","url":"https:\/\/secure.gravatar.com\/avatar\/b8cf276f31998a0865a3b90e4d663d91b97848887282c9f9a56cad57ff01cc7e?s=96&d=mm&r=g","contentUrl":"https:\/\/secure.gravatar.com\/avatar\/b8cf276f31998a0865a3b90e4d663d91b97848887282c9f9a56cad57ff01cc7e?s=96&d=mm&r=g","caption":"nsalazar"},"url":"https:\/\/dev.explora.cl\/ohiggins\/author\/nsalazar\/"}]}},"_links":{"self":[{"href":"https:\/\/dev.explora.cl\/ohiggins\/wp-json\/wp\/v2\/posts\/38928","targetHints":{"allow":["GET"]}}],"collection":[{"href":"https:\/\/dev.explora.cl\/ohiggins\/wp-json\/wp\/v2\/posts"}],"about":[{"href":"https:\/\/dev.explora.cl\/ohiggins\/wp-json\/wp\/v2\/types\/post"}],"author":[{"embeddable":true,"href":"https:\/\/dev.explora.cl\/ohiggins\/wp-json\/wp\/v2\/users\/23"}],"replies":[{"embeddable":true,"href":"https:\/\/dev.explora.cl\/ohiggins\/wp-json\/wp\/v2\/comments?post=38928"}],"version-history":[{"count":1,"href":"https:\/\/dev.explora.cl\/ohiggins\/wp-json\/wp\/v2\/posts\/38928\/revisions"}],"predecessor-version":[{"id":38930,"href":"https:\/\/dev.explora.cl\/ohiggins\/wp-json\/wp\/v2\/posts\/38928\/revisions\/38930"}],"wp:featuredmedia":[{"embeddable":true,"href":"https:\/\/dev.explora.cl\/ohiggins\/wp-json\/wp\/v2\/media\/38935"}],"wp:attachment":[{"href":"https:\/\/dev.explora.cl\/ohiggins\/wp-json\/wp\/v2\/media?parent=38928"}],"wp:term":[{"taxonomy":"category","embeddable":true,"href":"https:\/\/dev.explora.cl\/ohiggins\/wp-json\/wp\/v2\/categories?post=38928"},{"taxonomy":"post_tag","embeddable":true,"href":"https:\/\/dev.explora.cl\/ohiggins\/wp-json\/wp\/v2\/tags?post=38928"}],"curies":[{"name":"wp","href":"https:\/\/api.w.org\/{rel}","templated":true}]}}