{"id":38868,"date":"2021-07-08T11:13:33","date_gmt":"2021-07-08T15:13:33","guid":{"rendered":"https:\/\/dev.explora.cl\/ohiggins\/?p=38868"},"modified":"2021-07-12T16:12:41","modified_gmt":"2021-07-12T20:12:41","slug":"equipos-docentes-de-educacion-parvularia-se-capacitan-en-ciencias-sociales","status":"publish","type":"post","link":"https:\/\/dev.explora.cl\/ohiggins\/equipos-docentes-de-educacion-parvularia-se-capacitan-en-ciencias-sociales\/","title":{"rendered":"Equipos docentes de Educaci\u00f3n Parvularia se capacitan en Ciencias Sociales."},"content":{"rendered":"<p>El pasado 29 de junio se reunieron las 114 nuevas integrantes del Programa de Indagaci\u00f3n para Primeras Edades, ejecutado por Explora O\u2019Higgins en la regi\u00f3n. Su objetivo es fortalecer las competencias cient\u00edficas de los equipos pedag\u00f3gicos desde la Educaci\u00f3n Parvularia, para que ni\u00f1as y ni\u00f1os conozcan y comprendan su entorno desde su propia experiencia.<\/p>\n<p>El 2020 se capacitaron 96 educadoras y t\u00e9cnicos de la educaci\u00f3n, a trav\u00e9s del m\u00f3dulo de Plantas y Animales de Ciencias Naturales. Para este a\u00f1o, ambos grupos incrementar\u00e1n sus capacidades docentes, a trav\u00e9s del m\u00f3dulo de Ciencias Sociales.<\/p>\n<p>El programa establece, como premisa b\u00e1sica, que ni\u00f1os y ni\u00f1as nacen con una curiosidad innata por descubrir su entorno y este programa busca fomentar esa cualidad. Sus contenidos, alineados a las Bases Curriculares de la Educaci\u00f3n Parvularia (2018), proponen el uso de la Metodolog\u00eda Indagatoria, respetando los intereses, estilos de aprendizaje y ritmos de cada ni\u00f1o y ni\u00f1a para que descubran y exploren su entorno.<\/p>\n<p>El m\u00f3dulo de Ciencias Sociales se implementa a trav\u00e9s de unidades espec\u00edficas, como por ejemplo,\u201cBeeTour: recolectando paisajes\u201d que invita a los p\u00e1rvulos de nivel medio a acompa\u00f1ar las aventuras y descubrimientos de unas abejas en medio de la ciudad. Para ello, existe un cuadernillo que contempla un marco motivador, adaptaciones para los diferentes niveles y ejemplos de actividades para desarrollar con los p\u00e1rvulos. El eje central de esta unidad se relaciona con el conocimiento e identificaci\u00f3n de diversos paisajes de su localidad, mediante el juego, en la que invita a ni\u00f1os y ni\u00f1as a transformarse en abejas, y sobrevolar diferentes lugares que conforman el paisaje. A trav\u00e9s de estrategias l\u00fadicas, se fomenta la imaginaci\u00f3n y se anima a los p\u00e1rvulos a participar.<\/p>\n<p>Para el nivel de transici\u00f3n, el m\u00f3dulo \u201cViajemos en el tiempo y el espacio\u201d promueve que los equipos pedag\u00f3gicos puedan motivar el viaje de ni\u00f1os y ni\u00f1as hacia diferentes lugares y \u00e9pocas, para descubrir las caracter\u00edsticas fundamentales de la vida en sociedad, y distinguir las funciones de los distintos miembros de una comunidad. A su vez, mostrar\u00e1 los aportes de destacados cient\u00edficos y cient\u00edficas a trav\u00e9s de la historia, diferentes culturas y lugares del mundo, para finalmente, preparar la llegada de los primeros terr\u00edcolas al planeta Marte.<\/p>\n<p>Esta iniciativa de formaci\u00f3n docente se realizar\u00e1 en sesiones quincenales, en forma virtual, a trav\u00e9s de la plataforma UCampus de la Universidad de O\u2019Higgins. Con los estudiantes, se podr\u00e1n ejecutar en forma remota, presencial o mixta, ajust\u00e1ndose a la realidad de cada comunidad educativa en Pandemia.<\/p>\n<p>Cada participante recibir\u00e1 un set de materiales para llevar a cabo las actividades con sus p\u00e1rvulos, y al final del ciclo, las docentes deber\u00e1n presentar evidencias de trabajo con ni\u00f1os y ni\u00f1as, previo consentimiento de padre, madre, apoderado\/a y\/o tutor\/a.<\/p>\n<p>\u00a1Bienvenidas todas a este mundo de exploraci\u00f3n cient\u00edfica!<\/p>\n","protected":false},"excerpt":{"rendered":"<p>Sus contenidos, alineados a las Bases Curriculares de la Educaci\u00f3n Parvularia (2018), proponen el uso de la Metodolog\u00eda Indagatoria, respetando los intereses, estilos de aprendizaje y ritmos de cada ni\u00f1o y ni\u00f1a para que descubran y exploren su entorno.<\/p>\n","protected":false},"author":23,"featured_media":38877,"comment_status":"open","ping_status":"open","sticky":false,"template":"","format":"standard","meta":{"_acf_changed":false,"_exactmetrics_skip_tracking":false,"_exactmetrics_sitenote_active":false,"_exactmetrics_sitenote_note":"","_exactmetrics_sitenote_category":0,"footnotes":"","_links_to":"","_links_to_target":""},"categories":[139,4],"tags":[],"class_list":["post-38868","post","type-post","status-publish","format-standard","has-post-thumbnail","hentry","category-lugar-4","category-noticias"],"acf":[],"yoast_head":"<!-- This site is optimized with the Yoast SEO plugin v26.7 - https:\/\/yoast.com\/wordpress\/plugins\/seo\/ -->\n<title>Equipos docentes de Educaci\u00f3n Parvularia se capacitan en Ciencias Sociales. - O&#039;Higgins<\/title>\n<meta name=\"robots\" content=\"index, follow, max-snippet:-1, max-image-preview:large, max-video-preview:-1\" \/>\n<link rel=\"canonical\" href=\"https:\/\/dev.explora.cl\/ohiggins\/equipos-docentes-de-educacion-parvularia-se-capacitan-en-ciencias-sociales\/\" class=\"yoast-seo-meta-tag\" \/>\n<meta property=\"og:locale\" content=\"es_ES\" class=\"yoast-seo-meta-tag\" \/>\n<meta property=\"og:type\" content=\"article\" class=\"yoast-seo-meta-tag\" \/>\n<meta property=\"og:title\" content=\"Equipos docentes de Educaci\u00f3n Parvularia se capacitan en Ciencias Sociales. - O&#039;Higgins\" class=\"yoast-seo-meta-tag\" \/>\n<meta property=\"og:description\" content=\"Sus contenidos, alineados a las Bases Curriculares de la Educaci\u00f3n Parvularia (2018), proponen el uso de la Metodolog\u00eda Indagatoria, respetando los intereses, estilos de aprendizaje y ritmos de cada ni\u00f1o y ni\u00f1a para que descubran y exploren su entorno.\" class=\"yoast-seo-meta-tag\" \/>\n<meta property=\"og:url\" content=\"https:\/\/dev.explora.cl\/ohiggins\/equipos-docentes-de-educacion-parvularia-se-capacitan-en-ciencias-sociales\/\" class=\"yoast-seo-meta-tag\" \/>\n<meta property=\"og:site_name\" content=\"O&#039;Higgins\" class=\"yoast-seo-meta-tag\" \/>\n<meta property=\"article:published_time\" content=\"2021-07-08T15:13:33+00:00\" class=\"yoast-seo-meta-tag\" \/>\n<meta property=\"article:modified_time\" content=\"2021-07-12T20:12:41+00:00\" class=\"yoast-seo-meta-tag\" \/>\n<meta property=\"og:image\" content=\"https:\/\/dev.explora.cl\/ohiggins\/wp-content\/uploads\/sites\/8\/2021\/07\/COVER-WEB_conlogos.jpeg\" class=\"yoast-seo-meta-tag\" \/>\n\t<meta property=\"og:image:width\" content=\"730\" class=\"yoast-seo-meta-tag\" \/>\n\t<meta property=\"og:image:height\" content=\"470\" class=\"yoast-seo-meta-tag\" \/>\n\t<meta property=\"og:image:type\" content=\"image\/jpeg\" class=\"yoast-seo-meta-tag\" \/>\n<meta name=\"author\" content=\"nsalazar\" class=\"yoast-seo-meta-tag\" \/>\n<meta name=\"twitter:card\" content=\"summary_large_image\" class=\"yoast-seo-meta-tag\" \/>\n<meta name=\"twitter:label1\" content=\"Escrito por\" class=\"yoast-seo-meta-tag\" \/>\n\t<meta name=\"twitter:data1\" content=\"nsalazar\" class=\"yoast-seo-meta-tag\" \/>\n\t<meta name=\"twitter:label2\" content=\"Tiempo estimado de lectura\" class=\"yoast-seo-meta-tag\" \/>\n\t<meta name=\"twitter:data2\" content=\"3 minutos\" class=\"yoast-seo-meta-tag\" \/>\n<script type=\"application\/ld+json\" class=\"yoast-schema-graph\">{\"@context\":\"https:\/\/schema.org\",\"@graph\":[{\"@type\":\"Article\",\"@id\":\"https:\/\/dev.explora.cl\/ohiggins\/equipos-docentes-de-educacion-parvularia-se-capacitan-en-ciencias-sociales\/#article\",\"isPartOf\":{\"@id\":\"https:\/\/dev.explora.cl\/ohiggins\/equipos-docentes-de-educacion-parvularia-se-capacitan-en-ciencias-sociales\/\"},\"author\":{\"name\":\"nsalazar\",\"@id\":\"https:\/\/dev.explora.cl\/ohiggins\/#\/schema\/person\/3240d62ad2624da9148a475abbc509b0\"},\"headline\":\"Equipos docentes de Educaci\u00f3n Parvularia se capacitan en Ciencias Sociales.\",\"datePublished\":\"2021-07-08T15:13:33+00:00\",\"dateModified\":\"2021-07-12T20:12:41+00:00\",\"mainEntityOfPage\":{\"@id\":\"https:\/\/dev.explora.cl\/ohiggins\/equipos-docentes-de-educacion-parvularia-se-capacitan-en-ciencias-sociales\/\"},\"wordCount\":527,\"commentCount\":0,\"image\":{\"@id\":\"https:\/\/dev.explora.cl\/ohiggins\/equipos-docentes-de-educacion-parvularia-se-capacitan-en-ciencias-sociales\/#primaryimage\"},\"thumbnailUrl\":\"https:\/\/dev.explora.cl\/ohiggins\/wp-content\/uploads\/sites\/8\/2021\/07\/COVER-WEB_conlogos.jpeg\",\"articleSection\":[\"Lugar 4\",\"Noticias\"],\"inLanguage\":\"es-CL\",\"potentialAction\":[{\"@type\":\"CommentAction\",\"name\":\"Comment\",\"target\":[\"https:\/\/dev.explora.cl\/ohiggins\/equipos-docentes-de-educacion-parvularia-se-capacitan-en-ciencias-sociales\/#respond\"]}]},{\"@type\":\"WebPage\",\"@id\":\"https:\/\/dev.explora.cl\/ohiggins\/equipos-docentes-de-educacion-parvularia-se-capacitan-en-ciencias-sociales\/\",\"url\":\"https:\/\/dev.explora.cl\/ohiggins\/equipos-docentes-de-educacion-parvularia-se-capacitan-en-ciencias-sociales\/\",\"name\":\"Equipos docentes de Educaci\u00f3n Parvularia se capacitan en Ciencias Sociales. - O&#039;Higgins\",\"isPartOf\":{\"@id\":\"https:\/\/dev.explora.cl\/ohiggins\/#website\"},\"primaryImageOfPage\":{\"@id\":\"https:\/\/dev.explora.cl\/ohiggins\/equipos-docentes-de-educacion-parvularia-se-capacitan-en-ciencias-sociales\/#primaryimage\"},\"image\":{\"@id\":\"https:\/\/dev.explora.cl\/ohiggins\/equipos-docentes-de-educacion-parvularia-se-capacitan-en-ciencias-sociales\/#primaryimage\"},\"thumbnailUrl\":\"https:\/\/dev.explora.cl\/ohiggins\/wp-content\/uploads\/sites\/8\/2021\/07\/COVER-WEB_conlogos.jpeg\",\"datePublished\":\"2021-07-08T15:13:33+00:00\",\"dateModified\":\"2021-07-12T20:12:41+00:00\",\"author\":{\"@id\":\"https:\/\/dev.explora.cl\/ohiggins\/#\/schema\/person\/3240d62ad2624da9148a475abbc509b0\"},\"breadcrumb\":{\"@id\":\"https:\/\/dev.explora.cl\/ohiggins\/equipos-docentes-de-educacion-parvularia-se-capacitan-en-ciencias-sociales\/#breadcrumb\"},\"inLanguage\":\"es-CL\",\"potentialAction\":[{\"@type\":\"ReadAction\",\"target\":[\"https:\/\/dev.explora.cl\/ohiggins\/equipos-docentes-de-educacion-parvularia-se-capacitan-en-ciencias-sociales\/\"]}]},{\"@type\":\"ImageObject\",\"inLanguage\":\"es-CL\",\"@id\":\"https:\/\/dev.explora.cl\/ohiggins\/equipos-docentes-de-educacion-parvularia-se-capacitan-en-ciencias-sociales\/#primaryimage\",\"url\":\"https:\/\/dev.explora.cl\/ohiggins\/wp-content\/uploads\/sites\/8\/2021\/07\/COVER-WEB_conlogos.jpeg\",\"contentUrl\":\"https:\/\/dev.explora.cl\/ohiggins\/wp-content\/uploads\/sites\/8\/2021\/07\/COVER-WEB_conlogos.jpeg\",\"width\":730,\"height\":470},{\"@type\":\"BreadcrumbList\",\"@id\":\"https:\/\/dev.explora.cl\/ohiggins\/equipos-docentes-de-educacion-parvularia-se-capacitan-en-ciencias-sociales\/#breadcrumb\",\"itemListElement\":[{\"@type\":\"ListItem\",\"position\":1,\"name\":\"Portada\",\"item\":\"https:\/\/dev.explora.cl\/ohiggins\/\"},{\"@type\":\"ListItem\",\"position\":2,\"name\":\"Equipos docentes de Educaci\u00f3n Parvularia se capacitan en Ciencias Sociales.\"}]},{\"@type\":\"WebSite\",\"@id\":\"https:\/\/dev.explora.cl\/ohiggins\/#website\",\"url\":\"https:\/\/dev.explora.cl\/ohiggins\/\",\"name\":\"O&#039;Higgins\",\"description\":\"Otro sitio m\u00e1s de dev.explora.cl\",\"potentialAction\":[{\"@type\":\"SearchAction\",\"target\":{\"@type\":\"EntryPoint\",\"urlTemplate\":\"https:\/\/dev.explora.cl\/ohiggins\/?s={search_term_string}\"},\"query-input\":{\"@type\":\"PropertyValueSpecification\",\"valueRequired\":true,\"valueName\":\"search_term_string\"}}],\"inLanguage\":\"es-CL\"},{\"@type\":\"Person\",\"@id\":\"https:\/\/dev.explora.cl\/ohiggins\/#\/schema\/person\/3240d62ad2624da9148a475abbc509b0\",\"name\":\"nsalazar\",\"image\":{\"@type\":\"ImageObject\",\"inLanguage\":\"es-CL\",\"@id\":\"https:\/\/dev.explora.cl\/ohiggins\/#\/schema\/person\/image\/\",\"url\":\"https:\/\/secure.gravatar.com\/avatar\/b8cf276f31998a0865a3b90e4d663d91b97848887282c9f9a56cad57ff01cc7e?s=96&d=mm&r=g\",\"contentUrl\":\"https:\/\/secure.gravatar.com\/avatar\/b8cf276f31998a0865a3b90e4d663d91b97848887282c9f9a56cad57ff01cc7e?s=96&d=mm&r=g\",\"caption\":\"nsalazar\"},\"url\":\"https:\/\/dev.explora.cl\/ohiggins\/author\/nsalazar\/\"}]}<\/script>\n<!-- \/ Yoast SEO plugin. -->","yoast_head_json":{"title":"Equipos docentes de Educaci\u00f3n Parvularia se capacitan en Ciencias Sociales. - O&#039;Higgins","robots":{"index":"index","follow":"follow","max-snippet":"max-snippet:-1","max-image-preview":"max-image-preview:large","max-video-preview":"max-video-preview:-1"},"canonical":"https:\/\/dev.explora.cl\/ohiggins\/equipos-docentes-de-educacion-parvularia-se-capacitan-en-ciencias-sociales\/","og_locale":"es_ES","og_type":"article","og_title":"Equipos docentes de Educaci\u00f3n Parvularia se capacitan en Ciencias Sociales. - O&#039;Higgins","og_description":"Sus contenidos, alineados a las Bases Curriculares de la Educaci\u00f3n Parvularia (2018), proponen el uso de la Metodolog\u00eda Indagatoria, respetando los intereses, estilos de aprendizaje y ritmos de cada ni\u00f1o y ni\u00f1a para que descubran y exploren su entorno.","og_url":"https:\/\/dev.explora.cl\/ohiggins\/equipos-docentes-de-educacion-parvularia-se-capacitan-en-ciencias-sociales\/","og_site_name":"O&#039;Higgins","article_published_time":"2021-07-08T15:13:33+00:00","article_modified_time":"2021-07-12T20:12:41+00:00","og_image":[{"width":730,"height":470,"url":"https:\/\/dev.explora.cl\/ohiggins\/wp-content\/uploads\/sites\/8\/2021\/07\/COVER-WEB_conlogos.jpeg","type":"image\/jpeg"}],"author":"nsalazar","twitter_card":"summary_large_image","twitter_misc":{"Escrito por":"nsalazar","Tiempo estimado de lectura":"3 minutos"},"schema":{"@context":"https:\/\/schema.org","@graph":[{"@type":"Article","@id":"https:\/\/dev.explora.cl\/ohiggins\/equipos-docentes-de-educacion-parvularia-se-capacitan-en-ciencias-sociales\/#article","isPartOf":{"@id":"https:\/\/dev.explora.cl\/ohiggins\/equipos-docentes-de-educacion-parvularia-se-capacitan-en-ciencias-sociales\/"},"author":{"name":"nsalazar","@id":"https:\/\/dev.explora.cl\/ohiggins\/#\/schema\/person\/3240d62ad2624da9148a475abbc509b0"},"headline":"Equipos docentes de Educaci\u00f3n Parvularia se capacitan en Ciencias Sociales.","datePublished":"2021-07-08T15:13:33+00:00","dateModified":"2021-07-12T20:12:41+00:00","mainEntityOfPage":{"@id":"https:\/\/dev.explora.cl\/ohiggins\/equipos-docentes-de-educacion-parvularia-se-capacitan-en-ciencias-sociales\/"},"wordCount":527,"commentCount":0,"image":{"@id":"https:\/\/dev.explora.cl\/ohiggins\/equipos-docentes-de-educacion-parvularia-se-capacitan-en-ciencias-sociales\/#primaryimage"},"thumbnailUrl":"https:\/\/dev.explora.cl\/ohiggins\/wp-content\/uploads\/sites\/8\/2021\/07\/COVER-WEB_conlogos.jpeg","articleSection":["Lugar 4","Noticias"],"inLanguage":"es-CL","potentialAction":[{"@type":"CommentAction","name":"Comment","target":["https:\/\/dev.explora.cl\/ohiggins\/equipos-docentes-de-educacion-parvularia-se-capacitan-en-ciencias-sociales\/#respond"]}]},{"@type":"WebPage","@id":"https:\/\/dev.explora.cl\/ohiggins\/equipos-docentes-de-educacion-parvularia-se-capacitan-en-ciencias-sociales\/","url":"https:\/\/dev.explora.cl\/ohiggins\/equipos-docentes-de-educacion-parvularia-se-capacitan-en-ciencias-sociales\/","name":"Equipos docentes de Educaci\u00f3n Parvularia se capacitan en Ciencias Sociales. - O&#039;Higgins","isPartOf":{"@id":"https:\/\/dev.explora.cl\/ohiggins\/#website"},"primaryImageOfPage":{"@id":"https:\/\/dev.explora.cl\/ohiggins\/equipos-docentes-de-educacion-parvularia-se-capacitan-en-ciencias-sociales\/#primaryimage"},"image":{"@id":"https:\/\/dev.explora.cl\/ohiggins\/equipos-docentes-de-educacion-parvularia-se-capacitan-en-ciencias-sociales\/#primaryimage"},"thumbnailUrl":"https:\/\/dev.explora.cl\/ohiggins\/wp-content\/uploads\/sites\/8\/2021\/07\/COVER-WEB_conlogos.jpeg","datePublished":"2021-07-08T15:13:33+00:00","dateModified":"2021-07-12T20:12:41+00:00","author":{"@id":"https:\/\/dev.explora.cl\/ohiggins\/#\/schema\/person\/3240d62ad2624da9148a475abbc509b0"},"breadcrumb":{"@id":"https:\/\/dev.explora.cl\/ohiggins\/equipos-docentes-de-educacion-parvularia-se-capacitan-en-ciencias-sociales\/#breadcrumb"},"inLanguage":"es-CL","potentialAction":[{"@type":"ReadAction","target":["https:\/\/dev.explora.cl\/ohiggins\/equipos-docentes-de-educacion-parvularia-se-capacitan-en-ciencias-sociales\/"]}]},{"@type":"ImageObject","inLanguage":"es-CL","@id":"https:\/\/dev.explora.cl\/ohiggins\/equipos-docentes-de-educacion-parvularia-se-capacitan-en-ciencias-sociales\/#primaryimage","url":"https:\/\/dev.explora.cl\/ohiggins\/wp-content\/uploads\/sites\/8\/2021\/07\/COVER-WEB_conlogos.jpeg","contentUrl":"https:\/\/dev.explora.cl\/ohiggins\/wp-content\/uploads\/sites\/8\/2021\/07\/COVER-WEB_conlogos.jpeg","width":730,"height":470},{"@type":"BreadcrumbList","@id":"https:\/\/dev.explora.cl\/ohiggins\/equipos-docentes-de-educacion-parvularia-se-capacitan-en-ciencias-sociales\/#breadcrumb","itemListElement":[{"@type":"ListItem","position":1,"name":"Portada","item":"https:\/\/dev.explora.cl\/ohiggins\/"},{"@type":"ListItem","position":2,"name":"Equipos docentes de Educaci\u00f3n Parvularia se capacitan en Ciencias Sociales."}]},{"@type":"WebSite","@id":"https:\/\/dev.explora.cl\/ohiggins\/#website","url":"https:\/\/dev.explora.cl\/ohiggins\/","name":"O&#039;Higgins","description":"Otro sitio m\u00e1s de dev.explora.cl","potentialAction":[{"@type":"SearchAction","target":{"@type":"EntryPoint","urlTemplate":"https:\/\/dev.explora.cl\/ohiggins\/?s={search_term_string}"},"query-input":{"@type":"PropertyValueSpecification","valueRequired":true,"valueName":"search_term_string"}}],"inLanguage":"es-CL"},{"@type":"Person","@id":"https:\/\/dev.explora.cl\/ohiggins\/#\/schema\/person\/3240d62ad2624da9148a475abbc509b0","name":"nsalazar","image":{"@type":"ImageObject","inLanguage":"es-CL","@id":"https:\/\/dev.explora.cl\/ohiggins\/#\/schema\/person\/image\/","url":"https:\/\/secure.gravatar.com\/avatar\/b8cf276f31998a0865a3b90e4d663d91b97848887282c9f9a56cad57ff01cc7e?s=96&d=mm&r=g","contentUrl":"https:\/\/secure.gravatar.com\/avatar\/b8cf276f31998a0865a3b90e4d663d91b97848887282c9f9a56cad57ff01cc7e?s=96&d=mm&r=g","caption":"nsalazar"},"url":"https:\/\/dev.explora.cl\/ohiggins\/author\/nsalazar\/"}]}},"_links":{"self":[{"href":"https:\/\/dev.explora.cl\/ohiggins\/wp-json\/wp\/v2\/posts\/38868","targetHints":{"allow":["GET"]}}],"collection":[{"href":"https:\/\/dev.explora.cl\/ohiggins\/wp-json\/wp\/v2\/posts"}],"about":[{"href":"https:\/\/dev.explora.cl\/ohiggins\/wp-json\/wp\/v2\/types\/post"}],"author":[{"embeddable":true,"href":"https:\/\/dev.explora.cl\/ohiggins\/wp-json\/wp\/v2\/users\/23"}],"replies":[{"embeddable":true,"href":"https:\/\/dev.explora.cl\/ohiggins\/wp-json\/wp\/v2\/comments?post=38868"}],"version-history":[{"count":1,"href":"https:\/\/dev.explora.cl\/ohiggins\/wp-json\/wp\/v2\/posts\/38868\/revisions"}],"predecessor-version":[{"id":38870,"href":"https:\/\/dev.explora.cl\/ohiggins\/wp-json\/wp\/v2\/posts\/38868\/revisions\/38870"}],"wp:featuredmedia":[{"embeddable":true,"href":"https:\/\/dev.explora.cl\/ohiggins\/wp-json\/wp\/v2\/media\/38877"}],"wp:attachment":[{"href":"https:\/\/dev.explora.cl\/ohiggins\/wp-json\/wp\/v2\/media?parent=38868"}],"wp:term":[{"taxonomy":"category","embeddable":true,"href":"https:\/\/dev.explora.cl\/ohiggins\/wp-json\/wp\/v2\/categories?post=38868"},{"taxonomy":"post_tag","embeddable":true,"href":"https:\/\/dev.explora.cl\/ohiggins\/wp-json\/wp\/v2\/tags?post=38868"}],"curies":[{"name":"wp","href":"https:\/\/api.w.org\/{rel}","templated":true}]}}