{"id":38851,"date":"2021-06-29T10:41:39","date_gmt":"2021-06-29T14:41:39","guid":{"rendered":"https:\/\/dev.explora.cl\/ohiggins\/?p=38851"},"modified":"2021-07-09T12:16:53","modified_gmt":"2021-07-09T16:16:53","slug":"inauguran-comunidad-de-aprendizaje-pipe-y-presentan-resultados-convocatoria-2021","status":"publish","type":"post","link":"https:\/\/dev.explora.cl\/ohiggins\/inauguran-comunidad-de-aprendizaje-pipe-y-presentan-resultados-convocatoria-2021\/","title":{"rendered":"Inauguran Comunidad de Aprendizaje PIPE y presentan resultados convocatoria 2021"},"content":{"rendered":"<p><span style=\"font-weight: 400\">Este jueves se llev\u00f3 a cabo el primer encuentro de la Comunidad de Aprendizaje del Programa de Indagaci\u00f3n para Primeras Edades, PIPE, que estar\u00e1 conformado por las cohortes 2020 y 2021, y que podr\u00eda ascender a m\u00e1s de 150 profesionales de Educaci\u00f3n Parvularia de la Regi\u00f3n de O\u2019Higgins.<\/span><\/p>\n<p><span style=\"font-weight: 400\">El sentido de esta comunidad es compartir experiencias de aplicaci\u00f3n del m\u00e9todo de indagaci\u00f3n en sus p\u00e1rvulos, resolver inquietudes, y reforzar el modelo de competencias de Explora. El espacio considera que las propias participantes definan los temas y objetivos de las sesiones, apuntando al autoaprendizaje y apoyo a las sesiones del programa de formaci\u00f3n que se realiza en forma paralela.<\/span><\/p>\n<p><span style=\"font-weight: 400\">El Programa de Indagaci\u00f3n para Primeras Edades es una instancia de formaci\u00f3n y capacitaci\u00f3n docente que propone la implementaci\u00f3n de la Metodolog\u00eda de Indagatoria en la Educaci\u00f3n Parvularia. De esta forma, ni\u00f1os y ni\u00f1as de primeras edades aprenden a observar, indagar e inferir sobre su entorno, promoviendo la formaci\u00f3n de competencias cient\u00edficas y transversales desde su propia vivencia.<\/span><\/p>\n<p><span style=\"font-weight: 400\">Marcela Colombres, Directora del Programa Explora del Ministerio de Ciencias, resalt\u00f3 la importancia de PIPE como un instrumento esencial para fortalecer la trayectoria cient\u00edfica escolar. \u201cLas docentes son protagonistas del fortalecimiento de competencias cient\u00edficas para que ni\u00f1os y ni\u00f1as puedan interpretar, desde la investigaci\u00f3n, el mundo que los rodea\u201d mencion\u00f3 y aprovech\u00f3 de felicitar a la comunidad por su iniciativa.\u00a0<\/span><\/p>\n<p><span style=\"font-weight: 400\">Por su parte, la prorrectora de la Universidad de O\u2019Higgins, Fernanda Kri, destac\u00f3 durante la ceremonia, la significativa labor y esfuerzo que realiza el PAR Explora y especialmente las docentes de PIPE, \u201cExplora realiza iniciativas muy pertinentes y de gran impacto sobre todo en complejidades de crisis sanitaria, y continuar con los programas de forma remota, me parece admirable. Felicitaciones a todas ustedes\u201d, expres\u00f3 la autoridad acad\u00e9mica. Adem\u00e1s, relev\u00f3 la importancia de abordar a los ni\u00f1os y las ni\u00f1as, desde su iniciaci\u00f3n escolar para acortar brechas de g\u00e9nero en temas de ciencia e investigaci\u00f3n y promover el mejoramiento de la calidad de la educaci\u00f3n.\u00a0<\/span><\/p>\n<p><span style=\"font-weight: 400\">En representaci\u00f3n de las docentes, la Directora del Jard\u00edn Infantil Campanita de Rancagua, Claudia Aedo, destac\u00f3 el apoyo socioemocional brindado a trav\u00e9s del programa. \u201cNos acompa\u00f1amos en los momentos que m\u00e1s necesitamos. Nos apoyamos con los equipos, pudimos socializar nuestros aciertos y desaciertos de las buenas pr\u00e1cticas, \u00bfc\u00f3mo enganchar a las familias? \u00bfC\u00f3mo mejorar la comunicaci\u00f3n remota con los ni\u00f1os y ni\u00f1as? Todo eso fue muy contenedor\u201d.\u00a0<\/span><\/p>\n<p><span style=\"font-weight: 400\">Durante el encuentro y lanzamiento de la Comunidad se enfatiz\u00f3 en la revaloraci\u00f3n de las ciencias como una dimensi\u00f3n significativa para fomentar la curiosidad en los ni\u00f1os y ni\u00f1as, indagando su espacio, lo cotidiano y evidenciando por ellos mismos los fen\u00f3menos a su alrededor. \u201cUna educadora de p\u00e1rvulos debe tener en cuenta que para ense\u00f1ar ciencias es elaborar preguntas indagatorias bien formuladas, ajustadas a las primeras edades para generar competencias de pensamiento cient\u00edfico en los ni\u00f1os y ni\u00f1as\u201d agreg\u00f3 la educadora.\u00a0<\/span><\/p>\n<p><span style=\"font-weight: 400\">Las 96 profesionales de la cohorte 2020 trabajaron el m\u00f3dulo de ciencias naturales, participando en talleres, charlas de especializaci\u00f3n e implementando con sus p\u00e1rvulos las actividades de indagaci\u00f3n cient\u00edfica con apoyo de kits de materiales entregados para ello. Este a\u00f1o, contin\u00faan con el m\u00f3dulo de ciencias sociales, sum\u00e1ndose adem\u00e1s 114 educadoras y t\u00e9cnicos seleccionados\/as.\u00a0<\/span><\/p>\n<p><b>Convocatoria 2021<\/b><\/p>\n<p><span style=\"font-weight: 400\">Esta semana el Comit\u00e9 Evaluador del proceso de convocatoria 2021, inform\u00f3 la admisi\u00f3n de 114 postulantes al programa, pertenecientes a 28 comunas de la regi\u00f3n, duplicando la cobertura territorial del programa, que hasta el a\u00f1o pasado alcanzaba a 14 comunas. Los establecimientos educacionales y jardines infantiles seleccionados son, mayoritariamente, municipales y de la red JUNJI.\u00a0<\/span><\/p>\n<p><span style=\"font-weight: 400\">En comparaci\u00f3n al 2020, se evidenci\u00f3 un incremento en las solicitudes, para lo cual se ampliaron los cupos disponibles que originalmente eran de 96 plazas. \u201cEsta excelente convocatoria se debe al trabajo colaborativo generado con las instituciones que trabajan en primera infancia en la regi\u00f3n, y que apoyaron este proceso de postulaci\u00f3n\u201d, se\u00f1al\u00f3 Mar\u00eda Antonieta Rojas, encargada de PIPE en la Regi\u00f3n.<\/span><\/p>\n<p><span style=\"font-weight: 400\">Revisa el listado completo de la seleccionadas <a href=\"https:\/\/dev.explora.cl\/ohiggins\/wp-content\/uploads\/sites\/8\/2021\/06\/Seleccionados-Programa-de-Indagaci%C3%B3n-para-Primeras-Edades-PIPE-2021-PAR-Explora-OHiggins.pdf\">aqu\u00ed\u00a0<\/a><\/span><\/p>\n<p><b>Apoyo pedag\u00f3gico<\/b><\/p>\n<p><span style=\"font-weight: 400\">Durante el desarrollo de este instrumento, se han realizado dos herramientas de apoyo pedag\u00f3gico. Primero, la serie Zeta, disponible en YouTube de Explora O\u2019Higgins y el portal <\/span><a href=\"http:\/\/www.cienciaohiggins.cl\"><span style=\"font-weight: 400\">www.cienciaohiggins.cl<\/span><\/a><span style=\"font-weight: 400\">. Un audiovisual animado que sirve de herramienta pedag\u00f3gica para reforzar el m\u00f3dulo de Ciencias Naturales, a trav\u00e9s del relato de un hongo llamado ZETA que muestra su entorno en un lenguaje f\u00e1cil y adecuado para ni\u00f1os y ni\u00f1as de primeras edades.<\/span><\/p>\n<p><span style=\"font-weight: 400\">Adem\u00e1s, el libro digital \u201cPIPE Metodolog\u00edas para la Indagaci\u00f3n\u201d, es una gu\u00eda de actividades pedag\u00f3gicas recopiladas a partir de las experiencias de las docentes que integran la cohorte 2020. Estas actividades se pueden realizar con recursos f\u00e1ciles de encontrar en casa, ideal para el contexto de Pandemia, y aplicarlas con ni\u00f1os y ni\u00f1as por parte de educadores\/as, cuidadores\/as y familiares.<a href=\"https:\/\/dev.explora.cl\/ohiggins\/wp-content\/uploads\/sites\/8\/2021\/06\/Seleccionados-Programa-de-Indagaci\u00f3n-para-Primeras-Edades-PIPE-2021-PAR-Explora-OHiggins.pdf\">Seleccionados Programa de Indagaci\u00f3n para Primeras Edades PIPE 2021-PAR Explora O&#8217;Higgins<\/a><\/span><\/p>\n","protected":false},"excerpt":{"rendered":"<p>Durante el encuentro y lanzamiento de la Comunidad se enfatiz\u00f3 en la revaloraci\u00f3n de las ciencias como una dimensi\u00f3n significativa para fomentar la curiosidad en los ni\u00f1os y ni\u00f1as, indagando su espacio, lo cotidiano y evidenciando por ellos mismos los fen\u00f3menos a su alrededor.<\/p>\n","protected":false},"author":23,"featured_media":38859,"comment_status":"open","ping_status":"open","sticky":false,"template":"","format":"standard","meta":{"_acf_changed":false,"_exactmetrics_skip_tracking":false,"_exactmetrics_sitenote_active":false,"_exactmetrics_sitenote_note":"","_exactmetrics_sitenote_category":0,"footnotes":"","_links_to":"","_links_to_target":""},"categories":[141,4],"tags":[],"class_list":["post-38851","post","type-post","status-publish","format-standard","has-post-thumbnail","hentry","category-lugar-6","category-noticias"],"acf":[],"yoast_head":"<!-- This site is optimized with the Yoast SEO plugin v26.7 - https:\/\/yoast.com\/wordpress\/plugins\/seo\/ -->\n<title>Inauguran Comunidad de Aprendizaje PIPE y presentan resultados convocatoria 2021 - O&#039;Higgins<\/title>\n<meta name=\"robots\" content=\"index, follow, max-snippet:-1, max-image-preview:large, max-video-preview:-1\" \/>\n<link rel=\"canonical\" href=\"https:\/\/dev.explora.cl\/ohiggins\/inauguran-comunidad-de-aprendizaje-pipe-y-presentan-resultados-convocatoria-2021\/\" class=\"yoast-seo-meta-tag\" \/>\n<meta property=\"og:locale\" content=\"es_ES\" class=\"yoast-seo-meta-tag\" \/>\n<meta property=\"og:type\" content=\"article\" class=\"yoast-seo-meta-tag\" \/>\n<meta property=\"og:title\" content=\"Inauguran Comunidad de Aprendizaje PIPE y presentan resultados convocatoria 2021 - O&#039;Higgins\" class=\"yoast-seo-meta-tag\" \/>\n<meta property=\"og:description\" content=\"Durante el encuentro y lanzamiento de la Comunidad se enfatiz\u00f3 en la revaloraci\u00f3n de las ciencias como una dimensi\u00f3n significativa para fomentar la curiosidad en los ni\u00f1os y ni\u00f1as, indagando su espacio, lo cotidiano y evidenciando por ellos mismos los fen\u00f3menos a su alrededor.\" class=\"yoast-seo-meta-tag\" \/>\n<meta property=\"og:url\" content=\"https:\/\/dev.explora.cl\/ohiggins\/inauguran-comunidad-de-aprendizaje-pipe-y-presentan-resultados-convocatoria-2021\/\" class=\"yoast-seo-meta-tag\" \/>\n<meta property=\"og:site_name\" content=\"O&#039;Higgins\" class=\"yoast-seo-meta-tag\" \/>\n<meta property=\"article:published_time\" content=\"2021-06-29T14:41:39+00:00\" class=\"yoast-seo-meta-tag\" \/>\n<meta property=\"article:modified_time\" content=\"2021-07-09T16:16:53+00:00\" class=\"yoast-seo-meta-tag\" \/>\n<meta property=\"og:image\" content=\"https:\/\/dev.explora.cl\/ohiggins\/wp-content\/uploads\/sites\/8\/2021\/06\/20210625-cover.jpeg\" class=\"yoast-seo-meta-tag\" \/>\n\t<meta property=\"og:image:width\" content=\"730\" class=\"yoast-seo-meta-tag\" \/>\n\t<meta property=\"og:image:height\" content=\"470\" class=\"yoast-seo-meta-tag\" \/>\n\t<meta property=\"og:image:type\" content=\"image\/jpeg\" class=\"yoast-seo-meta-tag\" \/>\n<meta name=\"author\" content=\"nsalazar\" class=\"yoast-seo-meta-tag\" \/>\n<meta name=\"twitter:card\" content=\"summary_large_image\" class=\"yoast-seo-meta-tag\" \/>\n<meta name=\"twitter:label1\" content=\"Escrito por\" class=\"yoast-seo-meta-tag\" \/>\n\t<meta name=\"twitter:data1\" content=\"nsalazar\" class=\"yoast-seo-meta-tag\" \/>\n\t<meta name=\"twitter:label2\" content=\"Tiempo estimado de lectura\" class=\"yoast-seo-meta-tag\" \/>\n\t<meta name=\"twitter:data2\" content=\"4 minutos\" class=\"yoast-seo-meta-tag\" \/>\n<script type=\"application\/ld+json\" class=\"yoast-schema-graph\">{\"@context\":\"https:\/\/schema.org\",\"@graph\":[{\"@type\":\"Article\",\"@id\":\"https:\/\/dev.explora.cl\/ohiggins\/inauguran-comunidad-de-aprendizaje-pipe-y-presentan-resultados-convocatoria-2021\/#article\",\"isPartOf\":{\"@id\":\"https:\/\/dev.explora.cl\/ohiggins\/inauguran-comunidad-de-aprendizaje-pipe-y-presentan-resultados-convocatoria-2021\/\"},\"author\":{\"name\":\"nsalazar\",\"@id\":\"https:\/\/dev.explora.cl\/ohiggins\/#\/schema\/person\/3240d62ad2624da9148a475abbc509b0\"},\"headline\":\"Inauguran Comunidad de Aprendizaje PIPE y presentan resultados convocatoria 2021\",\"datePublished\":\"2021-06-29T14:41:39+00:00\",\"dateModified\":\"2021-07-09T16:16:53+00:00\",\"mainEntityOfPage\":{\"@id\":\"https:\/\/dev.explora.cl\/ohiggins\/inauguran-comunidad-de-aprendizaje-pipe-y-presentan-resultados-convocatoria-2021\/\"},\"wordCount\":896,\"commentCount\":0,\"image\":{\"@id\":\"https:\/\/dev.explora.cl\/ohiggins\/inauguran-comunidad-de-aprendizaje-pipe-y-presentan-resultados-convocatoria-2021\/#primaryimage\"},\"thumbnailUrl\":\"https:\/\/dev.explora.cl\/ohiggins\/wp-content\/uploads\/sites\/8\/2021\/06\/20210625-cover.jpeg\",\"articleSection\":[\"Lugar 6\",\"Noticias\"],\"inLanguage\":\"es-CL\",\"potentialAction\":[{\"@type\":\"CommentAction\",\"name\":\"Comment\",\"target\":[\"https:\/\/dev.explora.cl\/ohiggins\/inauguran-comunidad-de-aprendizaje-pipe-y-presentan-resultados-convocatoria-2021\/#respond\"]}]},{\"@type\":\"WebPage\",\"@id\":\"https:\/\/dev.explora.cl\/ohiggins\/inauguran-comunidad-de-aprendizaje-pipe-y-presentan-resultados-convocatoria-2021\/\",\"url\":\"https:\/\/dev.explora.cl\/ohiggins\/inauguran-comunidad-de-aprendizaje-pipe-y-presentan-resultados-convocatoria-2021\/\",\"name\":\"Inauguran Comunidad de Aprendizaje PIPE y presentan resultados convocatoria 2021 - O&#039;Higgins\",\"isPartOf\":{\"@id\":\"https:\/\/dev.explora.cl\/ohiggins\/#website\"},\"primaryImageOfPage\":{\"@id\":\"https:\/\/dev.explora.cl\/ohiggins\/inauguran-comunidad-de-aprendizaje-pipe-y-presentan-resultados-convocatoria-2021\/#primaryimage\"},\"image\":{\"@id\":\"https:\/\/dev.explora.cl\/ohiggins\/inauguran-comunidad-de-aprendizaje-pipe-y-presentan-resultados-convocatoria-2021\/#primaryimage\"},\"thumbnailUrl\":\"https:\/\/dev.explora.cl\/ohiggins\/wp-content\/uploads\/sites\/8\/2021\/06\/20210625-cover.jpeg\",\"datePublished\":\"2021-06-29T14:41:39+00:00\",\"dateModified\":\"2021-07-09T16:16:53+00:00\",\"author\":{\"@id\":\"https:\/\/dev.explora.cl\/ohiggins\/#\/schema\/person\/3240d62ad2624da9148a475abbc509b0\"},\"breadcrumb\":{\"@id\":\"https:\/\/dev.explora.cl\/ohiggins\/inauguran-comunidad-de-aprendizaje-pipe-y-presentan-resultados-convocatoria-2021\/#breadcrumb\"},\"inLanguage\":\"es-CL\",\"potentialAction\":[{\"@type\":\"ReadAction\",\"target\":[\"https:\/\/dev.explora.cl\/ohiggins\/inauguran-comunidad-de-aprendizaje-pipe-y-presentan-resultados-convocatoria-2021\/\"]}]},{\"@type\":\"ImageObject\",\"inLanguage\":\"es-CL\",\"@id\":\"https:\/\/dev.explora.cl\/ohiggins\/inauguran-comunidad-de-aprendizaje-pipe-y-presentan-resultados-convocatoria-2021\/#primaryimage\",\"url\":\"https:\/\/dev.explora.cl\/ohiggins\/wp-content\/uploads\/sites\/8\/2021\/06\/20210625-cover.jpeg\",\"contentUrl\":\"https:\/\/dev.explora.cl\/ohiggins\/wp-content\/uploads\/sites\/8\/2021\/06\/20210625-cover.jpeg\",\"width\":730,\"height\":470},{\"@type\":\"BreadcrumbList\",\"@id\":\"https:\/\/dev.explora.cl\/ohiggins\/inauguran-comunidad-de-aprendizaje-pipe-y-presentan-resultados-convocatoria-2021\/#breadcrumb\",\"itemListElement\":[{\"@type\":\"ListItem\",\"position\":1,\"name\":\"Portada\",\"item\":\"https:\/\/dev.explora.cl\/ohiggins\/\"},{\"@type\":\"ListItem\",\"position\":2,\"name\":\"Inauguran Comunidad de Aprendizaje PIPE y presentan resultados convocatoria 2021\"}]},{\"@type\":\"WebSite\",\"@id\":\"https:\/\/dev.explora.cl\/ohiggins\/#website\",\"url\":\"https:\/\/dev.explora.cl\/ohiggins\/\",\"name\":\"O&#039;Higgins\",\"description\":\"Otro sitio m\u00e1s de dev.explora.cl\",\"potentialAction\":[{\"@type\":\"SearchAction\",\"target\":{\"@type\":\"EntryPoint\",\"urlTemplate\":\"https:\/\/dev.explora.cl\/ohiggins\/?s={search_term_string}\"},\"query-input\":{\"@type\":\"PropertyValueSpecification\",\"valueRequired\":true,\"valueName\":\"search_term_string\"}}],\"inLanguage\":\"es-CL\"},{\"@type\":\"Person\",\"@id\":\"https:\/\/dev.explora.cl\/ohiggins\/#\/schema\/person\/3240d62ad2624da9148a475abbc509b0\",\"name\":\"nsalazar\",\"image\":{\"@type\":\"ImageObject\",\"inLanguage\":\"es-CL\",\"@id\":\"https:\/\/dev.explora.cl\/ohiggins\/#\/schema\/person\/image\/\",\"url\":\"https:\/\/secure.gravatar.com\/avatar\/b8cf276f31998a0865a3b90e4d663d91b97848887282c9f9a56cad57ff01cc7e?s=96&d=mm&r=g\",\"contentUrl\":\"https:\/\/secure.gravatar.com\/avatar\/b8cf276f31998a0865a3b90e4d663d91b97848887282c9f9a56cad57ff01cc7e?s=96&d=mm&r=g\",\"caption\":\"nsalazar\"},\"url\":\"https:\/\/dev.explora.cl\/ohiggins\/author\/nsalazar\/\"}]}<\/script>\n<!-- \/ Yoast SEO plugin. -->","yoast_head_json":{"title":"Inauguran Comunidad de Aprendizaje PIPE y presentan resultados convocatoria 2021 - O&#039;Higgins","robots":{"index":"index","follow":"follow","max-snippet":"max-snippet:-1","max-image-preview":"max-image-preview:large","max-video-preview":"max-video-preview:-1"},"canonical":"https:\/\/dev.explora.cl\/ohiggins\/inauguran-comunidad-de-aprendizaje-pipe-y-presentan-resultados-convocatoria-2021\/","og_locale":"es_ES","og_type":"article","og_title":"Inauguran Comunidad de Aprendizaje PIPE y presentan resultados convocatoria 2021 - O&#039;Higgins","og_description":"Durante el encuentro y lanzamiento de la Comunidad se enfatiz\u00f3 en la revaloraci\u00f3n de las ciencias como una dimensi\u00f3n significativa para fomentar la curiosidad en los ni\u00f1os y ni\u00f1as, indagando su espacio, lo cotidiano y evidenciando por ellos mismos los fen\u00f3menos a su alrededor.","og_url":"https:\/\/dev.explora.cl\/ohiggins\/inauguran-comunidad-de-aprendizaje-pipe-y-presentan-resultados-convocatoria-2021\/","og_site_name":"O&#039;Higgins","article_published_time":"2021-06-29T14:41:39+00:00","article_modified_time":"2021-07-09T16:16:53+00:00","og_image":[{"width":730,"height":470,"url":"https:\/\/dev.explora.cl\/ohiggins\/wp-content\/uploads\/sites\/8\/2021\/06\/20210625-cover.jpeg","type":"image\/jpeg"}],"author":"nsalazar","twitter_card":"summary_large_image","twitter_misc":{"Escrito por":"nsalazar","Tiempo estimado de lectura":"4 minutos"},"schema":{"@context":"https:\/\/schema.org","@graph":[{"@type":"Article","@id":"https:\/\/dev.explora.cl\/ohiggins\/inauguran-comunidad-de-aprendizaje-pipe-y-presentan-resultados-convocatoria-2021\/#article","isPartOf":{"@id":"https:\/\/dev.explora.cl\/ohiggins\/inauguran-comunidad-de-aprendizaje-pipe-y-presentan-resultados-convocatoria-2021\/"},"author":{"name":"nsalazar","@id":"https:\/\/dev.explora.cl\/ohiggins\/#\/schema\/person\/3240d62ad2624da9148a475abbc509b0"},"headline":"Inauguran Comunidad de Aprendizaje PIPE y presentan resultados convocatoria 2021","datePublished":"2021-06-29T14:41:39+00:00","dateModified":"2021-07-09T16:16:53+00:00","mainEntityOfPage":{"@id":"https:\/\/dev.explora.cl\/ohiggins\/inauguran-comunidad-de-aprendizaje-pipe-y-presentan-resultados-convocatoria-2021\/"},"wordCount":896,"commentCount":0,"image":{"@id":"https:\/\/dev.explora.cl\/ohiggins\/inauguran-comunidad-de-aprendizaje-pipe-y-presentan-resultados-convocatoria-2021\/#primaryimage"},"thumbnailUrl":"https:\/\/dev.explora.cl\/ohiggins\/wp-content\/uploads\/sites\/8\/2021\/06\/20210625-cover.jpeg","articleSection":["Lugar 6","Noticias"],"inLanguage":"es-CL","potentialAction":[{"@type":"CommentAction","name":"Comment","target":["https:\/\/dev.explora.cl\/ohiggins\/inauguran-comunidad-de-aprendizaje-pipe-y-presentan-resultados-convocatoria-2021\/#respond"]}]},{"@type":"WebPage","@id":"https:\/\/dev.explora.cl\/ohiggins\/inauguran-comunidad-de-aprendizaje-pipe-y-presentan-resultados-convocatoria-2021\/","url":"https:\/\/dev.explora.cl\/ohiggins\/inauguran-comunidad-de-aprendizaje-pipe-y-presentan-resultados-convocatoria-2021\/","name":"Inauguran Comunidad de Aprendizaje PIPE y presentan resultados convocatoria 2021 - O&#039;Higgins","isPartOf":{"@id":"https:\/\/dev.explora.cl\/ohiggins\/#website"},"primaryImageOfPage":{"@id":"https:\/\/dev.explora.cl\/ohiggins\/inauguran-comunidad-de-aprendizaje-pipe-y-presentan-resultados-convocatoria-2021\/#primaryimage"},"image":{"@id":"https:\/\/dev.explora.cl\/ohiggins\/inauguran-comunidad-de-aprendizaje-pipe-y-presentan-resultados-convocatoria-2021\/#primaryimage"},"thumbnailUrl":"https:\/\/dev.explora.cl\/ohiggins\/wp-content\/uploads\/sites\/8\/2021\/06\/20210625-cover.jpeg","datePublished":"2021-06-29T14:41:39+00:00","dateModified":"2021-07-09T16:16:53+00:00","author":{"@id":"https:\/\/dev.explora.cl\/ohiggins\/#\/schema\/person\/3240d62ad2624da9148a475abbc509b0"},"breadcrumb":{"@id":"https:\/\/dev.explora.cl\/ohiggins\/inauguran-comunidad-de-aprendizaje-pipe-y-presentan-resultados-convocatoria-2021\/#breadcrumb"},"inLanguage":"es-CL","potentialAction":[{"@type":"ReadAction","target":["https:\/\/dev.explora.cl\/ohiggins\/inauguran-comunidad-de-aprendizaje-pipe-y-presentan-resultados-convocatoria-2021\/"]}]},{"@type":"ImageObject","inLanguage":"es-CL","@id":"https:\/\/dev.explora.cl\/ohiggins\/inauguran-comunidad-de-aprendizaje-pipe-y-presentan-resultados-convocatoria-2021\/#primaryimage","url":"https:\/\/dev.explora.cl\/ohiggins\/wp-content\/uploads\/sites\/8\/2021\/06\/20210625-cover.jpeg","contentUrl":"https:\/\/dev.explora.cl\/ohiggins\/wp-content\/uploads\/sites\/8\/2021\/06\/20210625-cover.jpeg","width":730,"height":470},{"@type":"BreadcrumbList","@id":"https:\/\/dev.explora.cl\/ohiggins\/inauguran-comunidad-de-aprendizaje-pipe-y-presentan-resultados-convocatoria-2021\/#breadcrumb","itemListElement":[{"@type":"ListItem","position":1,"name":"Portada","item":"https:\/\/dev.explora.cl\/ohiggins\/"},{"@type":"ListItem","position":2,"name":"Inauguran Comunidad de Aprendizaje PIPE y presentan resultados convocatoria 2021"}]},{"@type":"WebSite","@id":"https:\/\/dev.explora.cl\/ohiggins\/#website","url":"https:\/\/dev.explora.cl\/ohiggins\/","name":"O&#039;Higgins","description":"Otro sitio m\u00e1s de dev.explora.cl","potentialAction":[{"@type":"SearchAction","target":{"@type":"EntryPoint","urlTemplate":"https:\/\/dev.explora.cl\/ohiggins\/?s={search_term_string}"},"query-input":{"@type":"PropertyValueSpecification","valueRequired":true,"valueName":"search_term_string"}}],"inLanguage":"es-CL"},{"@type":"Person","@id":"https:\/\/dev.explora.cl\/ohiggins\/#\/schema\/person\/3240d62ad2624da9148a475abbc509b0","name":"nsalazar","image":{"@type":"ImageObject","inLanguage":"es-CL","@id":"https:\/\/dev.explora.cl\/ohiggins\/#\/schema\/person\/image\/","url":"https:\/\/secure.gravatar.com\/avatar\/b8cf276f31998a0865a3b90e4d663d91b97848887282c9f9a56cad57ff01cc7e?s=96&d=mm&r=g","contentUrl":"https:\/\/secure.gravatar.com\/avatar\/b8cf276f31998a0865a3b90e4d663d91b97848887282c9f9a56cad57ff01cc7e?s=96&d=mm&r=g","caption":"nsalazar"},"url":"https:\/\/dev.explora.cl\/ohiggins\/author\/nsalazar\/"}]}},"_links":{"self":[{"href":"https:\/\/dev.explora.cl\/ohiggins\/wp-json\/wp\/v2\/posts\/38851","targetHints":{"allow":["GET"]}}],"collection":[{"href":"https:\/\/dev.explora.cl\/ohiggins\/wp-json\/wp\/v2\/posts"}],"about":[{"href":"https:\/\/dev.explora.cl\/ohiggins\/wp-json\/wp\/v2\/types\/post"}],"author":[{"embeddable":true,"href":"https:\/\/dev.explora.cl\/ohiggins\/wp-json\/wp\/v2\/users\/23"}],"replies":[{"embeddable":true,"href":"https:\/\/dev.explora.cl\/ohiggins\/wp-json\/wp\/v2\/comments?post=38851"}],"version-history":[{"count":2,"href":"https:\/\/dev.explora.cl\/ohiggins\/wp-json\/wp\/v2\/posts\/38851\/revisions"}],"predecessor-version":[{"id":38858,"href":"https:\/\/dev.explora.cl\/ohiggins\/wp-json\/wp\/v2\/posts\/38851\/revisions\/38858"}],"wp:featuredmedia":[{"embeddable":true,"href":"https:\/\/dev.explora.cl\/ohiggins\/wp-json\/wp\/v2\/media\/38859"}],"wp:attachment":[{"href":"https:\/\/dev.explora.cl\/ohiggins\/wp-json\/wp\/v2\/media?parent=38851"}],"wp:term":[{"taxonomy":"category","embeddable":true,"href":"https:\/\/dev.explora.cl\/ohiggins\/wp-json\/wp\/v2\/categories?post=38851"},{"taxonomy":"post_tag","embeddable":true,"href":"https:\/\/dev.explora.cl\/ohiggins\/wp-json\/wp\/v2\/tags?post=38851"}],"curies":[{"name":"wp","href":"https:\/\/api.w.org\/{rel}","templated":true}]}}