{"id":38736,"date":"2021-03-15T13:09:31","date_gmt":"2021-03-15T16:09:31","guid":{"rendered":"https:\/\/dev.explora.cl\/ohiggins\/?p=38736"},"modified":"2021-07-09T12:21:51","modified_gmt":"2021-07-09T16:21:51","slug":"ministro-de-ciencia-visito-sitio-arqueologico-tagua-tagua-y-destaco-el-trabajo-cientifico-en-la-region-de-ohiggins","status":"publish","type":"post","link":"https:\/\/dev.explora.cl\/ohiggins\/ministro-de-ciencia-visito-sitio-arqueologico-tagua-tagua-y-destaco-el-trabajo-cientifico-en-la-region-de-ohiggins\/","title":{"rendered":"Ministro de Ciencia visit\u00f3 sitio arqueol\u00f3gico Tagua Tagua y destac\u00f3 el trabajo cient\u00edfico en la regi\u00f3n de O\u2019Higgins"},"content":{"rendered":"<p><em><strong>El ministro Andr\u00e9s Couve se reuni\u00f3 con autoridades, acad\u00e9micos\/as e investigadores\/as de la Universidad de O\u2019Higgins, para conversar sobre las potencialidades de investigaci\u00f3n e innovaci\u00f3n en la regi\u00f3n.<\/strong><\/em><\/p>\n<p>Lunes 15 de marzo. En una visita a la Regi\u00f3n de O\u2019Higgins, este lunes el Ministro de Ciencia, Andr\u00e9s Couve, junto a la Seremi de Ciencia de la Macrozona Centro Sur, Paulina Assmann y la Prorrectora de la Universidad de O\u2019Higgins, Fernanda Kri, conocieron uno de los sitios arqueol\u00f3gicos m\u00e1s antiguos de Chile, ubicado en la comuna de San Vicente de Tagua Tagua, escenario de una de las primeras ocupaciones humanas encontradas en Chile, que datan de hace 13 mil a\u00f1os.<\/p>\n<p>La visita consider\u00f3 la presentaci\u00f3n del Proyecto Tagua Tagua Milenaria y la colecci\u00f3n de vestigios y hallazgos registrados durante la \u00faltima excavaci\u00f3n en el sitio arqueol\u00f3gico N\u00b03, en noviembre pasado. Adem\u00e1s, visitaron el cementerio de Cuchipuy y recorrieron el Museo Escolar Laguna Tagua Tagua. <img loading=\"lazy\" decoding=\"async\" class=\"size-medium wp-image-38738 alignleft\" src=\"https:\/\/dev.explora.cl\/ohiggins\/wp-content\/uploads\/sites\/8\/2021\/03\/visita_couve_taguatagua8-300x186.jpeg\" alt=\"\" width=\"300\" height=\"186\" srcset=\"https:\/\/dev.explora.cl\/ohiggins\/wp-content\/uploads\/sites\/8\/2021\/03\/visita_couve_taguatagua8-300x186.jpeg 300w, https:\/\/dev.explora.cl\/ohiggins\/wp-content\/uploads\/sites\/8\/2021\/03\/visita_couve_taguatagua8-768x476.jpeg 768w, https:\/\/dev.explora.cl\/ohiggins\/wp-content\/uploads\/sites\/8\/2021\/03\/visita_couve_taguatagua8-1024x635.jpeg 1024w, https:\/\/dev.explora.cl\/ohiggins\/wp-content\/uploads\/sites\/8\/2021\/03\/visita_couve_taguatagua8.jpeg 1280w\" sizes=\"auto, (max-width: 300px) 100vw, 300px\" \/><\/p>\n<p>\u201cEstamos visitando sitios importantes para conocer de primera fuente el patrimonio arqueol\u00f3gico y paleontol\u00f3gico que nos permite comprender la vida y el clima hace miles de a\u00f1os. Conocer la riqueza de este lugar y conversar con distintos actores para ver c\u00f3mo coordinamos que este patrimonio se ponga en valor y contribuya, desde la regi\u00f3n, al conocimiento cient\u00edfico del pa\u00eds y el mundo, en temas tan relevantes como el asentamiento de poblaciones, la evoluci\u00f3n humana y la extinci\u00f3n de nuestra megafauna\u201d, destac\u00f3 el ministro Couve tras recorrer el Museo Escolar Laguna Tagua Tagua y el sitio arqueol\u00f3gico Cuchipuy.<\/p>\n<p>Fernanda Kri, prorrectora resalt\u00f3 la importancia del proyecto por su vinculaci\u00f3n directa con la comunidad, asegurando que esto refleja el esp\u00edritu de la UOH. \u201cLa intenci\u00f3n de la Universidad de O\u2019Higgins, en conjunto con las otras universidades que est\u00e1n involucradas, es gestionar un proyecto potente que junto a la comunidad permita el desarrollo cient\u00edfico, pero tambi\u00e9n potenciar el desarrollo tur\u00edstico desde una mirada m\u00e1s integral y avanzar en esa l\u00ednea\u201d.<\/p>\n<p>En cuanto a los esfuerzos de divulgaci\u00f3n del conocimiento arrojado en estas investigaciones, el Director de Explora O\u2019Higgins, Rodrigo Verschae, mencion\u00f3 estar trabajando m\u00faltiples actividades de divulgaci\u00f3n de la ciencia en la regi\u00f3n, con especial \u00e9nfasis en el patrimonio cient\u00edfico. \u201cHemos apoyado la realizaci\u00f3n de documentales, una serie audiovisual que se est\u00e1 transmitiendo por TV Educa, para ni\u00f1os y acercar la ciencia desarrollada en la regi\u00f3n, hacia todo Chile\u201d, destac\u00f3 el acad\u00e9mico haciendo menci\u00f3n a \u201cClub Prehist\u00f3rico Misi\u00f3n Tagua Tagua\u201d, una serie infantil que habla de los hallazgos cient\u00edficos encontrados en la extinta Laguna de Tagua Tagua desde la curiosidad y sentido de exploraci\u00f3n de ni\u00f1os y ni\u00f1as. Esta serie es transmitida actualmente por TV Educa, y en abril ser\u00e1 emitida por televisi\u00f3n local.<\/p>\n<p><img loading=\"lazy\" decoding=\"async\" class=\"size-medium wp-image-38739 alignright\" src=\"https:\/\/dev.explora.cl\/ohiggins\/wp-content\/uploads\/sites\/8\/2021\/03\/visita_couve_taguatagua7-300x180.jpeg\" alt=\"\" width=\"300\" height=\"180\" srcset=\"https:\/\/dev.explora.cl\/ohiggins\/wp-content\/uploads\/sites\/8\/2021\/03\/visita_couve_taguatagua7-300x180.jpeg 300w, https:\/\/dev.explora.cl\/ohiggins\/wp-content\/uploads\/sites\/8\/2021\/03\/visita_couve_taguatagua7-768x462.jpeg 768w, https:\/\/dev.explora.cl\/ohiggins\/wp-content\/uploads\/sites\/8\/2021\/03\/visita_couve_taguatagua7-1024x616.jpeg 1024w, https:\/\/dev.explora.cl\/ohiggins\/wp-content\/uploads\/sites\/8\/2021\/03\/visita_couve_taguatagua7.jpeg 1280w\" sizes=\"auto, (max-width: 300px) 100vw, 300px\" \/>Por \u00faltimo, el acad\u00e9mico de la Universidad de O\u2019Higgins y paleont\u00f3logo Erwin Gonz\u00e1lez, director del Proyecto Tagua Tagua Milenaria destac\u00f3 la importancia de la visita del ministro, considerando que los recursos para la ciencia son escasos y la presencia de las autoridades manifiesta el inter\u00e9s de crear ciertos programas o apoyos para financiar esta investigaci\u00f3n. \u201cEs un patrimonio tan importante que la \u00fanica forma de conocerla, es a trav\u00e9s de la ciencia. Sin ciencia, no vamos a poder conocer este patrimonio y su impacto en lo educativo o en la econom\u00eda regional.\u201d<\/p>\n<p>El proyecto Tagua Tagua Milenaria es actualmente liderado por la Universidad de O\u00b4Higgins en el que convergen distintos organismos regionales y nacionales, principalmente la Universidad Austral, la Pontificia Universidad Cat\u00f3lica y el apoyo permanente de Explora O\u2019Higgins, Fundaci\u00f3n A\u00f1a\u00f1uca, Museo Escolar Laguna Tagua Tagua, la Ilustre Municipalidad de San Vicente de Tagua Tagua y la familia N\u00fa\u00f1ez Serrano, quien ha permitido la excavaci\u00f3n en sus terrenos.<\/p>\n<p>Su principal objetivo es desarrollar investigaci\u00f3n cient\u00edfica de manera continua, rescatando y visibilizando la riqueza arqueo-paleontol\u00f3gica que alberga el sitio, so\u00f1ando en un futuro, no muy lejano, que el patrimonio cient\u00edfico de la Regi\u00f3n de O\u2019Higgins pueda ser declarado como Patrimonio de la Humanidad.<\/p>\n","protected":false},"excerpt":{"rendered":"<p>El ministro Andr\u00e9s Couve se reuni\u00f3 con autoridades, acad\u00e9micos\/as e investigadores\/as de la Universidad de O\u2019Higgins, para conversar sobre las potencialidades de investigaci\u00f3n e innovaci\u00f3n en la regi\u00f3n.<\/p>\n","protected":false},"author":23,"featured_media":38737,"comment_status":"open","ping_status":"open","sticky":false,"template":"","format":"standard","meta":{"_acf_changed":false,"_exactmetrics_skip_tracking":false,"_exactmetrics_sitenote_active":false,"_exactmetrics_sitenote_note":"","_exactmetrics_sitenote_category":0,"footnotes":"","_links_to":"","_links_to_target":""},"categories":[143,4],"tags":[],"class_list":["post-38736","post","type-post","status-publish","format-standard","has-post-thumbnail","hentry","category-lugar-8","category-noticias"],"acf":[],"yoast_head":"<!-- This site is optimized with the Yoast SEO plugin v26.7 - https:\/\/yoast.com\/wordpress\/plugins\/seo\/ -->\n<title>Ministro de Ciencia visit\u00f3 sitio arqueol\u00f3gico Tagua Tagua y destac\u00f3 el trabajo cient\u00edfico en la regi\u00f3n de O\u2019Higgins - O&#039;Higgins<\/title>\n<meta name=\"robots\" content=\"index, follow, max-snippet:-1, max-image-preview:large, max-video-preview:-1\" \/>\n<link rel=\"canonical\" href=\"https:\/\/dev.explora.cl\/ohiggins\/ministro-de-ciencia-visito-sitio-arqueologico-tagua-tagua-y-destaco-el-trabajo-cientifico-en-la-region-de-ohiggins\/\" class=\"yoast-seo-meta-tag\" \/>\n<meta property=\"og:locale\" content=\"es_ES\" class=\"yoast-seo-meta-tag\" \/>\n<meta property=\"og:type\" content=\"article\" class=\"yoast-seo-meta-tag\" \/>\n<meta property=\"og:title\" content=\"Ministro de Ciencia visit\u00f3 sitio arqueol\u00f3gico Tagua Tagua y destac\u00f3 el trabajo cient\u00edfico en la regi\u00f3n de O\u2019Higgins - O&#039;Higgins\" class=\"yoast-seo-meta-tag\" \/>\n<meta property=\"og:description\" content=\"El ministro Andr\u00e9s Couve se reuni\u00f3 con autoridades, acad\u00e9micos\/as e investigadores\/as de la Universidad de O\u2019Higgins, para conversar sobre las potencialidades de investigaci\u00f3n e innovaci\u00f3n en la regi\u00f3n.\" class=\"yoast-seo-meta-tag\" \/>\n<meta property=\"og:url\" content=\"https:\/\/dev.explora.cl\/ohiggins\/ministro-de-ciencia-visito-sitio-arqueologico-tagua-tagua-y-destaco-el-trabajo-cientifico-en-la-region-de-ohiggins\/\" class=\"yoast-seo-meta-tag\" \/>\n<meta property=\"og:site_name\" content=\"O&#039;Higgins\" class=\"yoast-seo-meta-tag\" \/>\n<meta property=\"article:published_time\" content=\"2021-03-15T16:09:31+00:00\" class=\"yoast-seo-meta-tag\" \/>\n<meta property=\"article:modified_time\" content=\"2021-07-09T16:21:51+00:00\" class=\"yoast-seo-meta-tag\" \/>\n<meta property=\"og:image\" content=\"https:\/\/dev.explora.cl\/ohiggins\/wp-content\/uploads\/sites\/8\/2021\/03\/visita_couve_taguatagua9.jpeg\" class=\"yoast-seo-meta-tag\" \/>\n\t<meta property=\"og:image:width\" content=\"1280\" class=\"yoast-seo-meta-tag\" \/>\n\t<meta property=\"og:image:height\" content=\"844\" class=\"yoast-seo-meta-tag\" \/>\n\t<meta property=\"og:image:type\" content=\"image\/jpeg\" class=\"yoast-seo-meta-tag\" \/>\n<meta name=\"author\" content=\"nsalazar\" class=\"yoast-seo-meta-tag\" \/>\n<meta name=\"twitter:card\" content=\"summary_large_image\" class=\"yoast-seo-meta-tag\" \/>\n<meta name=\"twitter:label1\" content=\"Escrito por\" class=\"yoast-seo-meta-tag\" \/>\n\t<meta name=\"twitter:data1\" content=\"nsalazar\" class=\"yoast-seo-meta-tag\" \/>\n\t<meta name=\"twitter:label2\" content=\"Tiempo estimado de lectura\" class=\"yoast-seo-meta-tag\" \/>\n\t<meta name=\"twitter:data2\" content=\"4 minutos\" class=\"yoast-seo-meta-tag\" \/>\n<script type=\"application\/ld+json\" class=\"yoast-schema-graph\">{\"@context\":\"https:\/\/schema.org\",\"@graph\":[{\"@type\":\"Article\",\"@id\":\"https:\/\/dev.explora.cl\/ohiggins\/ministro-de-ciencia-visito-sitio-arqueologico-tagua-tagua-y-destaco-el-trabajo-cientifico-en-la-region-de-ohiggins\/#article\",\"isPartOf\":{\"@id\":\"https:\/\/dev.explora.cl\/ohiggins\/ministro-de-ciencia-visito-sitio-arqueologico-tagua-tagua-y-destaco-el-trabajo-cientifico-en-la-region-de-ohiggins\/\"},\"author\":{\"name\":\"nsalazar\",\"@id\":\"https:\/\/dev.explora.cl\/ohiggins\/#\/schema\/person\/3240d62ad2624da9148a475abbc509b0\"},\"headline\":\"Ministro de Ciencia visit\u00f3 sitio arqueol\u00f3gico Tagua Tagua y destac\u00f3 el trabajo cient\u00edfico en la regi\u00f3n de O\u2019Higgins\",\"datePublished\":\"2021-03-15T16:09:31+00:00\",\"dateModified\":\"2021-07-09T16:21:51+00:00\",\"mainEntityOfPage\":{\"@id\":\"https:\/\/dev.explora.cl\/ohiggins\/ministro-de-ciencia-visito-sitio-arqueologico-tagua-tagua-y-destaco-el-trabajo-cientifico-en-la-region-de-ohiggins\/\"},\"wordCount\":747,\"commentCount\":0,\"image\":{\"@id\":\"https:\/\/dev.explora.cl\/ohiggins\/ministro-de-ciencia-visito-sitio-arqueologico-tagua-tagua-y-destaco-el-trabajo-cientifico-en-la-region-de-ohiggins\/#primaryimage\"},\"thumbnailUrl\":\"https:\/\/dev.explora.cl\/ohiggins\/wp-content\/uploads\/sites\/8\/2021\/03\/visita_couve_taguatagua9.jpeg\",\"articleSection\":[\"Lugar 8\",\"Noticias\"],\"inLanguage\":\"es-CL\",\"potentialAction\":[{\"@type\":\"CommentAction\",\"name\":\"Comment\",\"target\":[\"https:\/\/dev.explora.cl\/ohiggins\/ministro-de-ciencia-visito-sitio-arqueologico-tagua-tagua-y-destaco-el-trabajo-cientifico-en-la-region-de-ohiggins\/#respond\"]}]},{\"@type\":\"WebPage\",\"@id\":\"https:\/\/dev.explora.cl\/ohiggins\/ministro-de-ciencia-visito-sitio-arqueologico-tagua-tagua-y-destaco-el-trabajo-cientifico-en-la-region-de-ohiggins\/\",\"url\":\"https:\/\/dev.explora.cl\/ohiggins\/ministro-de-ciencia-visito-sitio-arqueologico-tagua-tagua-y-destaco-el-trabajo-cientifico-en-la-region-de-ohiggins\/\",\"name\":\"Ministro de Ciencia visit\u00f3 sitio arqueol\u00f3gico Tagua Tagua y destac\u00f3 el trabajo cient\u00edfico en la regi\u00f3n de O\u2019Higgins - O&#039;Higgins\",\"isPartOf\":{\"@id\":\"https:\/\/dev.explora.cl\/ohiggins\/#website\"},\"primaryImageOfPage\":{\"@id\":\"https:\/\/dev.explora.cl\/ohiggins\/ministro-de-ciencia-visito-sitio-arqueologico-tagua-tagua-y-destaco-el-trabajo-cientifico-en-la-region-de-ohiggins\/#primaryimage\"},\"image\":{\"@id\":\"https:\/\/dev.explora.cl\/ohiggins\/ministro-de-ciencia-visito-sitio-arqueologico-tagua-tagua-y-destaco-el-trabajo-cientifico-en-la-region-de-ohiggins\/#primaryimage\"},\"thumbnailUrl\":\"https:\/\/dev.explora.cl\/ohiggins\/wp-content\/uploads\/sites\/8\/2021\/03\/visita_couve_taguatagua9.jpeg\",\"datePublished\":\"2021-03-15T16:09:31+00:00\",\"dateModified\":\"2021-07-09T16:21:51+00:00\",\"author\":{\"@id\":\"https:\/\/dev.explora.cl\/ohiggins\/#\/schema\/person\/3240d62ad2624da9148a475abbc509b0\"},\"breadcrumb\":{\"@id\":\"https:\/\/dev.explora.cl\/ohiggins\/ministro-de-ciencia-visito-sitio-arqueologico-tagua-tagua-y-destaco-el-trabajo-cientifico-en-la-region-de-ohiggins\/#breadcrumb\"},\"inLanguage\":\"es-CL\",\"potentialAction\":[{\"@type\":\"ReadAction\",\"target\":[\"https:\/\/dev.explora.cl\/ohiggins\/ministro-de-ciencia-visito-sitio-arqueologico-tagua-tagua-y-destaco-el-trabajo-cientifico-en-la-region-de-ohiggins\/\"]}]},{\"@type\":\"ImageObject\",\"inLanguage\":\"es-CL\",\"@id\":\"https:\/\/dev.explora.cl\/ohiggins\/ministro-de-ciencia-visito-sitio-arqueologico-tagua-tagua-y-destaco-el-trabajo-cientifico-en-la-region-de-ohiggins\/#primaryimage\",\"url\":\"https:\/\/dev.explora.cl\/ohiggins\/wp-content\/uploads\/sites\/8\/2021\/03\/visita_couve_taguatagua9.jpeg\",\"contentUrl\":\"https:\/\/dev.explora.cl\/ohiggins\/wp-content\/uploads\/sites\/8\/2021\/03\/visita_couve_taguatagua9.jpeg\",\"width\":1280,\"height\":844},{\"@type\":\"BreadcrumbList\",\"@id\":\"https:\/\/dev.explora.cl\/ohiggins\/ministro-de-ciencia-visito-sitio-arqueologico-tagua-tagua-y-destaco-el-trabajo-cientifico-en-la-region-de-ohiggins\/#breadcrumb\",\"itemListElement\":[{\"@type\":\"ListItem\",\"position\":1,\"name\":\"Portada\",\"item\":\"https:\/\/dev.explora.cl\/ohiggins\/\"},{\"@type\":\"ListItem\",\"position\":2,\"name\":\"Ministro de Ciencia visit\u00f3 sitio arqueol\u00f3gico Tagua Tagua y destac\u00f3 el trabajo cient\u00edfico en la regi\u00f3n de O\u2019Higgins\"}]},{\"@type\":\"WebSite\",\"@id\":\"https:\/\/dev.explora.cl\/ohiggins\/#website\",\"url\":\"https:\/\/dev.explora.cl\/ohiggins\/\",\"name\":\"O&#039;Higgins\",\"description\":\"Otro sitio m\u00e1s de dev.explora.cl\",\"potentialAction\":[{\"@type\":\"SearchAction\",\"target\":{\"@type\":\"EntryPoint\",\"urlTemplate\":\"https:\/\/dev.explora.cl\/ohiggins\/?s={search_term_string}\"},\"query-input\":{\"@type\":\"PropertyValueSpecification\",\"valueRequired\":true,\"valueName\":\"search_term_string\"}}],\"inLanguage\":\"es-CL\"},{\"@type\":\"Person\",\"@id\":\"https:\/\/dev.explora.cl\/ohiggins\/#\/schema\/person\/3240d62ad2624da9148a475abbc509b0\",\"name\":\"nsalazar\",\"image\":{\"@type\":\"ImageObject\",\"inLanguage\":\"es-CL\",\"@id\":\"https:\/\/dev.explora.cl\/ohiggins\/#\/schema\/person\/image\/\",\"url\":\"https:\/\/secure.gravatar.com\/avatar\/b8cf276f31998a0865a3b90e4d663d91b97848887282c9f9a56cad57ff01cc7e?s=96&d=mm&r=g\",\"contentUrl\":\"https:\/\/secure.gravatar.com\/avatar\/b8cf276f31998a0865a3b90e4d663d91b97848887282c9f9a56cad57ff01cc7e?s=96&d=mm&r=g\",\"caption\":\"nsalazar\"},\"url\":\"https:\/\/dev.explora.cl\/ohiggins\/author\/nsalazar\/\"}]}<\/script>\n<!-- \/ Yoast SEO plugin. -->","yoast_head_json":{"title":"Ministro de Ciencia visit\u00f3 sitio arqueol\u00f3gico Tagua Tagua y destac\u00f3 el trabajo cient\u00edfico en la regi\u00f3n de O\u2019Higgins - O&#039;Higgins","robots":{"index":"index","follow":"follow","max-snippet":"max-snippet:-1","max-image-preview":"max-image-preview:large","max-video-preview":"max-video-preview:-1"},"canonical":"https:\/\/dev.explora.cl\/ohiggins\/ministro-de-ciencia-visito-sitio-arqueologico-tagua-tagua-y-destaco-el-trabajo-cientifico-en-la-region-de-ohiggins\/","og_locale":"es_ES","og_type":"article","og_title":"Ministro de Ciencia visit\u00f3 sitio arqueol\u00f3gico Tagua Tagua y destac\u00f3 el trabajo cient\u00edfico en la regi\u00f3n de O\u2019Higgins - O&#039;Higgins","og_description":"El ministro Andr\u00e9s Couve se reuni\u00f3 con autoridades, acad\u00e9micos\/as e investigadores\/as de la Universidad de O\u2019Higgins, para conversar sobre las potencialidades de investigaci\u00f3n e innovaci\u00f3n en la regi\u00f3n.","og_url":"https:\/\/dev.explora.cl\/ohiggins\/ministro-de-ciencia-visito-sitio-arqueologico-tagua-tagua-y-destaco-el-trabajo-cientifico-en-la-region-de-ohiggins\/","og_site_name":"O&#039;Higgins","article_published_time":"2021-03-15T16:09:31+00:00","article_modified_time":"2021-07-09T16:21:51+00:00","og_image":[{"width":1280,"height":844,"url":"https:\/\/dev.explora.cl\/ohiggins\/wp-content\/uploads\/sites\/8\/2021\/03\/visita_couve_taguatagua9.jpeg","type":"image\/jpeg"}],"author":"nsalazar","twitter_card":"summary_large_image","twitter_misc":{"Escrito por":"nsalazar","Tiempo estimado de lectura":"4 minutos"},"schema":{"@context":"https:\/\/schema.org","@graph":[{"@type":"Article","@id":"https:\/\/dev.explora.cl\/ohiggins\/ministro-de-ciencia-visito-sitio-arqueologico-tagua-tagua-y-destaco-el-trabajo-cientifico-en-la-region-de-ohiggins\/#article","isPartOf":{"@id":"https:\/\/dev.explora.cl\/ohiggins\/ministro-de-ciencia-visito-sitio-arqueologico-tagua-tagua-y-destaco-el-trabajo-cientifico-en-la-region-de-ohiggins\/"},"author":{"name":"nsalazar","@id":"https:\/\/dev.explora.cl\/ohiggins\/#\/schema\/person\/3240d62ad2624da9148a475abbc509b0"},"headline":"Ministro de Ciencia visit\u00f3 sitio arqueol\u00f3gico Tagua Tagua y destac\u00f3 el trabajo cient\u00edfico en la regi\u00f3n de O\u2019Higgins","datePublished":"2021-03-15T16:09:31+00:00","dateModified":"2021-07-09T16:21:51+00:00","mainEntityOfPage":{"@id":"https:\/\/dev.explora.cl\/ohiggins\/ministro-de-ciencia-visito-sitio-arqueologico-tagua-tagua-y-destaco-el-trabajo-cientifico-en-la-region-de-ohiggins\/"},"wordCount":747,"commentCount":0,"image":{"@id":"https:\/\/dev.explora.cl\/ohiggins\/ministro-de-ciencia-visito-sitio-arqueologico-tagua-tagua-y-destaco-el-trabajo-cientifico-en-la-region-de-ohiggins\/#primaryimage"},"thumbnailUrl":"https:\/\/dev.explora.cl\/ohiggins\/wp-content\/uploads\/sites\/8\/2021\/03\/visita_couve_taguatagua9.jpeg","articleSection":["Lugar 8","Noticias"],"inLanguage":"es-CL","potentialAction":[{"@type":"CommentAction","name":"Comment","target":["https:\/\/dev.explora.cl\/ohiggins\/ministro-de-ciencia-visito-sitio-arqueologico-tagua-tagua-y-destaco-el-trabajo-cientifico-en-la-region-de-ohiggins\/#respond"]}]},{"@type":"WebPage","@id":"https:\/\/dev.explora.cl\/ohiggins\/ministro-de-ciencia-visito-sitio-arqueologico-tagua-tagua-y-destaco-el-trabajo-cientifico-en-la-region-de-ohiggins\/","url":"https:\/\/dev.explora.cl\/ohiggins\/ministro-de-ciencia-visito-sitio-arqueologico-tagua-tagua-y-destaco-el-trabajo-cientifico-en-la-region-de-ohiggins\/","name":"Ministro de Ciencia visit\u00f3 sitio arqueol\u00f3gico Tagua Tagua y destac\u00f3 el trabajo cient\u00edfico en la regi\u00f3n de O\u2019Higgins - O&#039;Higgins","isPartOf":{"@id":"https:\/\/dev.explora.cl\/ohiggins\/#website"},"primaryImageOfPage":{"@id":"https:\/\/dev.explora.cl\/ohiggins\/ministro-de-ciencia-visito-sitio-arqueologico-tagua-tagua-y-destaco-el-trabajo-cientifico-en-la-region-de-ohiggins\/#primaryimage"},"image":{"@id":"https:\/\/dev.explora.cl\/ohiggins\/ministro-de-ciencia-visito-sitio-arqueologico-tagua-tagua-y-destaco-el-trabajo-cientifico-en-la-region-de-ohiggins\/#primaryimage"},"thumbnailUrl":"https:\/\/dev.explora.cl\/ohiggins\/wp-content\/uploads\/sites\/8\/2021\/03\/visita_couve_taguatagua9.jpeg","datePublished":"2021-03-15T16:09:31+00:00","dateModified":"2021-07-09T16:21:51+00:00","author":{"@id":"https:\/\/dev.explora.cl\/ohiggins\/#\/schema\/person\/3240d62ad2624da9148a475abbc509b0"},"breadcrumb":{"@id":"https:\/\/dev.explora.cl\/ohiggins\/ministro-de-ciencia-visito-sitio-arqueologico-tagua-tagua-y-destaco-el-trabajo-cientifico-en-la-region-de-ohiggins\/#breadcrumb"},"inLanguage":"es-CL","potentialAction":[{"@type":"ReadAction","target":["https:\/\/dev.explora.cl\/ohiggins\/ministro-de-ciencia-visito-sitio-arqueologico-tagua-tagua-y-destaco-el-trabajo-cientifico-en-la-region-de-ohiggins\/"]}]},{"@type":"ImageObject","inLanguage":"es-CL","@id":"https:\/\/dev.explora.cl\/ohiggins\/ministro-de-ciencia-visito-sitio-arqueologico-tagua-tagua-y-destaco-el-trabajo-cientifico-en-la-region-de-ohiggins\/#primaryimage","url":"https:\/\/dev.explora.cl\/ohiggins\/wp-content\/uploads\/sites\/8\/2021\/03\/visita_couve_taguatagua9.jpeg","contentUrl":"https:\/\/dev.explora.cl\/ohiggins\/wp-content\/uploads\/sites\/8\/2021\/03\/visita_couve_taguatagua9.jpeg","width":1280,"height":844},{"@type":"BreadcrumbList","@id":"https:\/\/dev.explora.cl\/ohiggins\/ministro-de-ciencia-visito-sitio-arqueologico-tagua-tagua-y-destaco-el-trabajo-cientifico-en-la-region-de-ohiggins\/#breadcrumb","itemListElement":[{"@type":"ListItem","position":1,"name":"Portada","item":"https:\/\/dev.explora.cl\/ohiggins\/"},{"@type":"ListItem","position":2,"name":"Ministro de Ciencia visit\u00f3 sitio arqueol\u00f3gico Tagua Tagua y destac\u00f3 el trabajo cient\u00edfico en la regi\u00f3n de O\u2019Higgins"}]},{"@type":"WebSite","@id":"https:\/\/dev.explora.cl\/ohiggins\/#website","url":"https:\/\/dev.explora.cl\/ohiggins\/","name":"O&#039;Higgins","description":"Otro sitio m\u00e1s de dev.explora.cl","potentialAction":[{"@type":"SearchAction","target":{"@type":"EntryPoint","urlTemplate":"https:\/\/dev.explora.cl\/ohiggins\/?s={search_term_string}"},"query-input":{"@type":"PropertyValueSpecification","valueRequired":true,"valueName":"search_term_string"}}],"inLanguage":"es-CL"},{"@type":"Person","@id":"https:\/\/dev.explora.cl\/ohiggins\/#\/schema\/person\/3240d62ad2624da9148a475abbc509b0","name":"nsalazar","image":{"@type":"ImageObject","inLanguage":"es-CL","@id":"https:\/\/dev.explora.cl\/ohiggins\/#\/schema\/person\/image\/","url":"https:\/\/secure.gravatar.com\/avatar\/b8cf276f31998a0865a3b90e4d663d91b97848887282c9f9a56cad57ff01cc7e?s=96&d=mm&r=g","contentUrl":"https:\/\/secure.gravatar.com\/avatar\/b8cf276f31998a0865a3b90e4d663d91b97848887282c9f9a56cad57ff01cc7e?s=96&d=mm&r=g","caption":"nsalazar"},"url":"https:\/\/dev.explora.cl\/ohiggins\/author\/nsalazar\/"}]}},"_links":{"self":[{"href":"https:\/\/dev.explora.cl\/ohiggins\/wp-json\/wp\/v2\/posts\/38736","targetHints":{"allow":["GET"]}}],"collection":[{"href":"https:\/\/dev.explora.cl\/ohiggins\/wp-json\/wp\/v2\/posts"}],"about":[{"href":"https:\/\/dev.explora.cl\/ohiggins\/wp-json\/wp\/v2\/types\/post"}],"author":[{"embeddable":true,"href":"https:\/\/dev.explora.cl\/ohiggins\/wp-json\/wp\/v2\/users\/23"}],"replies":[{"embeddable":true,"href":"https:\/\/dev.explora.cl\/ohiggins\/wp-json\/wp\/v2\/comments?post=38736"}],"version-history":[{"count":1,"href":"https:\/\/dev.explora.cl\/ohiggins\/wp-json\/wp\/v2\/posts\/38736\/revisions"}],"predecessor-version":[{"id":38740,"href":"https:\/\/dev.explora.cl\/ohiggins\/wp-json\/wp\/v2\/posts\/38736\/revisions\/38740"}],"wp:featuredmedia":[{"embeddable":true,"href":"https:\/\/dev.explora.cl\/ohiggins\/wp-json\/wp\/v2\/media\/38737"}],"wp:attachment":[{"href":"https:\/\/dev.explora.cl\/ohiggins\/wp-json\/wp\/v2\/media?parent=38736"}],"wp:term":[{"taxonomy":"category","embeddable":true,"href":"https:\/\/dev.explora.cl\/ohiggins\/wp-json\/wp\/v2\/categories?post=38736"},{"taxonomy":"post_tag","embeddable":true,"href":"https:\/\/dev.explora.cl\/ohiggins\/wp-json\/wp\/v2\/tags?post=38736"}],"curies":[{"name":"wp","href":"https:\/\/api.w.org\/{rel}","templated":true}]}}