{"id":38731,"date":"2021-03-09T08:14:36","date_gmt":"2021-03-09T11:14:36","guid":{"rendered":"https:\/\/dev.explora.cl\/ohiggins\/?p=38731"},"modified":"2021-06-08T19:35:54","modified_gmt":"2021-06-08T23:35:54","slug":"mujeres-en-pandemia-un-desafio-mas-para-cientificas-e-investigadoras","status":"publish","type":"post","link":"https:\/\/dev.explora.cl\/ohiggins\/mujeres-en-pandemia-un-desafio-mas-para-cientificas-e-investigadoras\/","title":{"rendered":"Mujeres en Pandemia, un desaf\u00edo m\u00e1s para cient\u00edficas e investigadoras."},"content":{"rendered":"<p><em>La pandemia ha exacerbado las disparidades existentes y ha creado desaf\u00edos adicionales para las mujeres que luchan por mantener su productividad de investigaci\u00f3n. El Proyecto Explora O\u2019Higgins y la Oficina de Equidad de G\u00e9nero, ambas instancias al alero de la Universidad de O\u2019Higgins, han desarrollado charlas y talleres durante los \u00faltimos dos a\u00f1os para derribar desigualdades de g\u00e9nero en el \u00e1mbito cient\u00edfico.<\/em><\/p>\n<p>Durante los \u00faltimos a\u00f1os la sociedad ha avanzado en el reconocimiento de brechas de g\u00e9nero que afectan a las mujeres y su desarrollo en todos los \u00e1mbitos. De ah\u00ed que, en las dimensiones sociales, pol\u00edticas, econ\u00f3micas y culturales se han desarrollado lineamientos para derribar desigualdades y enfrentar la inequidad de g\u00e9nero con seriedad. Sin ir m\u00e1s lejos, el Ministerio de Ciencia, Tecnolog\u00eda, Conocimiento e Innovaci\u00f3n trabaja en la construcci\u00f3n de una Pol\u00edtica de G\u00e9nero, reconociendo desigualdades en este \u00e1mbito, afectando a productoras de conocimiento, acad\u00e9micas, divulgadoras y estudiantes en todas las etapas de desarrollo.<\/p>\n<p>La pandemia, lejos de favorecer en este desaf\u00edo, lo ha empeorado. Lo cierto es que el mundo cient\u00edfico y la producci\u00f3n de conocimiento ha tomado una relevancia mundial, toda vez que las investigaciones en todas las disciplinas, son las que nos permitir\u00e1n sobrevivir de la Pandemia.<\/p>\n<p>Pero en cuanto a perspectiva de g\u00e9nero, las cifras son reveladoras. Las investigadoras madres sufrieron una ca\u00edda de un 33% en las horas de investigaci\u00f3n, en comparaci\u00f3n con los investigadores padres, seg\u00fan una encuesta global elaborada a 20.000 doctorados\/as, entre mayo y julio del 2020, publicada el mes pasado por la Oficina Internacional de Investigaci\u00f3n Econ\u00f3mica que representan estudios de 51 universidades norteamericanas.<\/p>\n<p>Tania Villase\u00f1or, Ge\u00f3loga, profesora asistente de la Universidad de O\u2019Higgins y asesora cient\u00edfica de Explora O\u2019Higgins asegura que en el caso de las investigadoras que est\u00e1n iniciando la carrera acad\u00e9mica, hay una gran presi\u00f3n. \u201cHay que estar postulando a proyectos, tratar de publicar papers, dirigir tesis y memorias y seguir incrementando el curr\u00edculo que necesitamos para sostener la carrera de acad\u00e9mica\u201d, nos cuenta agregando que, durante el 2020, no se neg\u00f3 a ning\u00fan proyecto de los cuales fue invitada, lo que increment\u00f3 su demanda de tiempo escaso debido a la necesidad de compatibilizar las labores de crianza y profesionales.<\/p>\n<p>En conclusi\u00f3n, en los meses posteriores al inicio de la pandemia, la mayor\u00eda de las investigadoras trabajan menos horas al d\u00eda de lo habitual en sus investigaciones, y lo misma tendencia ocurre en la publicaci\u00f3n de papers, postulaci\u00f3n a proyectos, etc.<\/p>\n","protected":false},"excerpt":{"rendered":"<p>La pandemia ha exacerbado las disparidades existentes y ha creado desaf\u00edos adicionales para las mujeres que luchan por mantener su productividad de investigaci\u00f3n.<\/p>\n","protected":false},"author":23,"featured_media":38732,"comment_status":"open","ping_status":"open","sticky":false,"template":"","format":"standard","meta":{"_acf_changed":false,"_exactmetrics_skip_tracking":false,"_exactmetrics_sitenote_active":false,"_exactmetrics_sitenote_note":"","_exactmetrics_sitenote_category":0,"footnotes":"","_links_to":"","_links_to_target":""},"categories":[4],"tags":[],"class_list":["post-38731","post","type-post","status-publish","format-standard","has-post-thumbnail","hentry","category-noticias"],"acf":[],"yoast_head":"<!-- This site is optimized with the Yoast SEO plugin v26.7 - https:\/\/yoast.com\/wordpress\/plugins\/seo\/ -->\n<title>Mujeres en Pandemia, un desaf\u00edo m\u00e1s para cient\u00edficas e investigadoras. - O&#039;Higgins<\/title>\n<meta name=\"robots\" content=\"index, follow, max-snippet:-1, max-image-preview:large, max-video-preview:-1\" \/>\n<link rel=\"canonical\" href=\"https:\/\/dev.explora.cl\/ohiggins\/mujeres-en-pandemia-un-desafio-mas-para-cientificas-e-investigadoras\/\" class=\"yoast-seo-meta-tag\" \/>\n<meta property=\"og:locale\" content=\"es_ES\" class=\"yoast-seo-meta-tag\" \/>\n<meta property=\"og:type\" content=\"article\" class=\"yoast-seo-meta-tag\" \/>\n<meta property=\"og:title\" content=\"Mujeres en Pandemia, un desaf\u00edo m\u00e1s para cient\u00edficas e investigadoras. - O&#039;Higgins\" class=\"yoast-seo-meta-tag\" \/>\n<meta property=\"og:description\" content=\"La pandemia ha exacerbado las disparidades existentes y ha creado desaf\u00edos adicionales para las mujeres que luchan por mantener su productividad de investigaci\u00f3n.\" class=\"yoast-seo-meta-tag\" \/>\n<meta property=\"og:url\" content=\"https:\/\/dev.explora.cl\/ohiggins\/mujeres-en-pandemia-un-desafio-mas-para-cientificas-e-investigadoras\/\" class=\"yoast-seo-meta-tag\" \/>\n<meta property=\"og:site_name\" content=\"O&#039;Higgins\" class=\"yoast-seo-meta-tag\" \/>\n<meta property=\"article:published_time\" content=\"2021-03-09T11:14:36+00:00\" class=\"yoast-seo-meta-tag\" \/>\n<meta property=\"article:modified_time\" content=\"2021-06-08T23:35:54+00:00\" class=\"yoast-seo-meta-tag\" \/>\n<meta property=\"og:image\" content=\"https:\/\/dev.explora.cl\/ohiggins\/wp-content\/uploads\/sites\/8\/2021\/03\/foto-el-tip\u00f3grafo2-1024x683.jpg\" class=\"yoast-seo-meta-tag\" \/>\n\t<meta property=\"og:image:width\" content=\"1024\" class=\"yoast-seo-meta-tag\" \/>\n\t<meta property=\"og:image:height\" content=\"683\" class=\"yoast-seo-meta-tag\" \/>\n\t<meta property=\"og:image:type\" content=\"image\/jpeg\" class=\"yoast-seo-meta-tag\" \/>\n<meta name=\"author\" content=\"nsalazar\" class=\"yoast-seo-meta-tag\" \/>\n<meta name=\"twitter:card\" content=\"summary_large_image\" class=\"yoast-seo-meta-tag\" \/>\n<meta name=\"twitter:label1\" content=\"Escrito por\" class=\"yoast-seo-meta-tag\" \/>\n\t<meta name=\"twitter:data1\" content=\"nsalazar\" class=\"yoast-seo-meta-tag\" \/>\n\t<meta name=\"twitter:label2\" content=\"Tiempo estimado de lectura\" class=\"yoast-seo-meta-tag\" \/>\n\t<meta name=\"twitter:data2\" content=\"2 minutos\" class=\"yoast-seo-meta-tag\" \/>\n<script type=\"application\/ld+json\" class=\"yoast-schema-graph\">{\"@context\":\"https:\/\/schema.org\",\"@graph\":[{\"@type\":\"Article\",\"@id\":\"https:\/\/dev.explora.cl\/ohiggins\/mujeres-en-pandemia-un-desafio-mas-para-cientificas-e-investigadoras\/#article\",\"isPartOf\":{\"@id\":\"https:\/\/dev.explora.cl\/ohiggins\/mujeres-en-pandemia-un-desafio-mas-para-cientificas-e-investigadoras\/\"},\"author\":{\"name\":\"nsalazar\",\"@id\":\"https:\/\/dev.explora.cl\/ohiggins\/#\/schema\/person\/3240d62ad2624da9148a475abbc509b0\"},\"headline\":\"Mujeres en Pandemia, un desaf\u00edo m\u00e1s para cient\u00edficas e investigadoras.\",\"datePublished\":\"2021-03-09T11:14:36+00:00\",\"dateModified\":\"2021-06-08T23:35:54+00:00\",\"mainEntityOfPage\":{\"@id\":\"https:\/\/dev.explora.cl\/ohiggins\/mujeres-en-pandemia-un-desafio-mas-para-cientificas-e-investigadoras\/\"},\"wordCount\":461,\"commentCount\":0,\"image\":{\"@id\":\"https:\/\/dev.explora.cl\/ohiggins\/mujeres-en-pandemia-un-desafio-mas-para-cientificas-e-investigadoras\/#primaryimage\"},\"thumbnailUrl\":\"https:\/\/dev.explora.cl\/ohiggins\/wp-content\/uploads\/sites\/8\/2021\/03\/foto-el-tip\u00f3grafo2.jpg\",\"articleSection\":[\"Noticias\"],\"inLanguage\":\"es-CL\",\"potentialAction\":[{\"@type\":\"CommentAction\",\"name\":\"Comment\",\"target\":[\"https:\/\/dev.explora.cl\/ohiggins\/mujeres-en-pandemia-un-desafio-mas-para-cientificas-e-investigadoras\/#respond\"]}]},{\"@type\":\"WebPage\",\"@id\":\"https:\/\/dev.explora.cl\/ohiggins\/mujeres-en-pandemia-un-desafio-mas-para-cientificas-e-investigadoras\/\",\"url\":\"https:\/\/dev.explora.cl\/ohiggins\/mujeres-en-pandemia-un-desafio-mas-para-cientificas-e-investigadoras\/\",\"name\":\"Mujeres en Pandemia, un desaf\u00edo m\u00e1s para cient\u00edficas e investigadoras. - O&#039;Higgins\",\"isPartOf\":{\"@id\":\"https:\/\/dev.explora.cl\/ohiggins\/#website\"},\"primaryImageOfPage\":{\"@id\":\"https:\/\/dev.explora.cl\/ohiggins\/mujeres-en-pandemia-un-desafio-mas-para-cientificas-e-investigadoras\/#primaryimage\"},\"image\":{\"@id\":\"https:\/\/dev.explora.cl\/ohiggins\/mujeres-en-pandemia-un-desafio-mas-para-cientificas-e-investigadoras\/#primaryimage\"},\"thumbnailUrl\":\"https:\/\/dev.explora.cl\/ohiggins\/wp-content\/uploads\/sites\/8\/2021\/03\/foto-el-tip\u00f3grafo2.jpg\",\"datePublished\":\"2021-03-09T11:14:36+00:00\",\"dateModified\":\"2021-06-08T23:35:54+00:00\",\"author\":{\"@id\":\"https:\/\/dev.explora.cl\/ohiggins\/#\/schema\/person\/3240d62ad2624da9148a475abbc509b0\"},\"breadcrumb\":{\"@id\":\"https:\/\/dev.explora.cl\/ohiggins\/mujeres-en-pandemia-un-desafio-mas-para-cientificas-e-investigadoras\/#breadcrumb\"},\"inLanguage\":\"es-CL\",\"potentialAction\":[{\"@type\":\"ReadAction\",\"target\":[\"https:\/\/dev.explora.cl\/ohiggins\/mujeres-en-pandemia-un-desafio-mas-para-cientificas-e-investigadoras\/\"]}]},{\"@type\":\"ImageObject\",\"inLanguage\":\"es-CL\",\"@id\":\"https:\/\/dev.explora.cl\/ohiggins\/mujeres-en-pandemia-un-desafio-mas-para-cientificas-e-investigadoras\/#primaryimage\",\"url\":\"https:\/\/dev.explora.cl\/ohiggins\/wp-content\/uploads\/sites\/8\/2021\/03\/foto-el-tip\u00f3grafo2.jpg\",\"contentUrl\":\"https:\/\/dev.explora.cl\/ohiggins\/wp-content\/uploads\/sites\/8\/2021\/03\/foto-el-tip\u00f3grafo2.jpg\",\"width\":6240,\"height\":4160},{\"@type\":\"BreadcrumbList\",\"@id\":\"https:\/\/dev.explora.cl\/ohiggins\/mujeres-en-pandemia-un-desafio-mas-para-cientificas-e-investigadoras\/#breadcrumb\",\"itemListElement\":[{\"@type\":\"ListItem\",\"position\":1,\"name\":\"Portada\",\"item\":\"https:\/\/dev.explora.cl\/ohiggins\/\"},{\"@type\":\"ListItem\",\"position\":2,\"name\":\"Mujeres en Pandemia, un desaf\u00edo m\u00e1s para cient\u00edficas e investigadoras.\"}]},{\"@type\":\"WebSite\",\"@id\":\"https:\/\/dev.explora.cl\/ohiggins\/#website\",\"url\":\"https:\/\/dev.explora.cl\/ohiggins\/\",\"name\":\"O&#039;Higgins\",\"description\":\"Otro sitio m\u00e1s de dev.explora.cl\",\"potentialAction\":[{\"@type\":\"SearchAction\",\"target\":{\"@type\":\"EntryPoint\",\"urlTemplate\":\"https:\/\/dev.explora.cl\/ohiggins\/?s={search_term_string}\"},\"query-input\":{\"@type\":\"PropertyValueSpecification\",\"valueRequired\":true,\"valueName\":\"search_term_string\"}}],\"inLanguage\":\"es-CL\"},{\"@type\":\"Person\",\"@id\":\"https:\/\/dev.explora.cl\/ohiggins\/#\/schema\/person\/3240d62ad2624da9148a475abbc509b0\",\"name\":\"nsalazar\",\"image\":{\"@type\":\"ImageObject\",\"inLanguage\":\"es-CL\",\"@id\":\"https:\/\/dev.explora.cl\/ohiggins\/#\/schema\/person\/image\/\",\"url\":\"https:\/\/secure.gravatar.com\/avatar\/b8cf276f31998a0865a3b90e4d663d91b97848887282c9f9a56cad57ff01cc7e?s=96&d=mm&r=g\",\"contentUrl\":\"https:\/\/secure.gravatar.com\/avatar\/b8cf276f31998a0865a3b90e4d663d91b97848887282c9f9a56cad57ff01cc7e?s=96&d=mm&r=g\",\"caption\":\"nsalazar\"},\"url\":\"https:\/\/dev.explora.cl\/ohiggins\/author\/nsalazar\/\"}]}<\/script>\n<!-- \/ Yoast SEO plugin. -->","yoast_head_json":{"title":"Mujeres en Pandemia, un desaf\u00edo m\u00e1s para cient\u00edficas e investigadoras. - O&#039;Higgins","robots":{"index":"index","follow":"follow","max-snippet":"max-snippet:-1","max-image-preview":"max-image-preview:large","max-video-preview":"max-video-preview:-1"},"canonical":"https:\/\/dev.explora.cl\/ohiggins\/mujeres-en-pandemia-un-desafio-mas-para-cientificas-e-investigadoras\/","og_locale":"es_ES","og_type":"article","og_title":"Mujeres en Pandemia, un desaf\u00edo m\u00e1s para cient\u00edficas e investigadoras. - O&#039;Higgins","og_description":"La pandemia ha exacerbado las disparidades existentes y ha creado desaf\u00edos adicionales para las mujeres que luchan por mantener su productividad de investigaci\u00f3n.","og_url":"https:\/\/dev.explora.cl\/ohiggins\/mujeres-en-pandemia-un-desafio-mas-para-cientificas-e-investigadoras\/","og_site_name":"O&#039;Higgins","article_published_time":"2021-03-09T11:14:36+00:00","article_modified_time":"2021-06-08T23:35:54+00:00","og_image":[{"width":1024,"height":683,"url":"https:\/\/dev.explora.cl\/ohiggins\/wp-content\/uploads\/sites\/8\/2021\/03\/foto-el-tip\u00f3grafo2-1024x683.jpg","type":"image\/jpeg"}],"author":"nsalazar","twitter_card":"summary_large_image","twitter_misc":{"Escrito por":"nsalazar","Tiempo estimado de lectura":"2 minutos"},"schema":{"@context":"https:\/\/schema.org","@graph":[{"@type":"Article","@id":"https:\/\/dev.explora.cl\/ohiggins\/mujeres-en-pandemia-un-desafio-mas-para-cientificas-e-investigadoras\/#article","isPartOf":{"@id":"https:\/\/dev.explora.cl\/ohiggins\/mujeres-en-pandemia-un-desafio-mas-para-cientificas-e-investigadoras\/"},"author":{"name":"nsalazar","@id":"https:\/\/dev.explora.cl\/ohiggins\/#\/schema\/person\/3240d62ad2624da9148a475abbc509b0"},"headline":"Mujeres en Pandemia, un desaf\u00edo m\u00e1s para cient\u00edficas e investigadoras.","datePublished":"2021-03-09T11:14:36+00:00","dateModified":"2021-06-08T23:35:54+00:00","mainEntityOfPage":{"@id":"https:\/\/dev.explora.cl\/ohiggins\/mujeres-en-pandemia-un-desafio-mas-para-cientificas-e-investigadoras\/"},"wordCount":461,"commentCount":0,"image":{"@id":"https:\/\/dev.explora.cl\/ohiggins\/mujeres-en-pandemia-un-desafio-mas-para-cientificas-e-investigadoras\/#primaryimage"},"thumbnailUrl":"https:\/\/dev.explora.cl\/ohiggins\/wp-content\/uploads\/sites\/8\/2021\/03\/foto-el-tip\u00f3grafo2.jpg","articleSection":["Noticias"],"inLanguage":"es-CL","potentialAction":[{"@type":"CommentAction","name":"Comment","target":["https:\/\/dev.explora.cl\/ohiggins\/mujeres-en-pandemia-un-desafio-mas-para-cientificas-e-investigadoras\/#respond"]}]},{"@type":"WebPage","@id":"https:\/\/dev.explora.cl\/ohiggins\/mujeres-en-pandemia-un-desafio-mas-para-cientificas-e-investigadoras\/","url":"https:\/\/dev.explora.cl\/ohiggins\/mujeres-en-pandemia-un-desafio-mas-para-cientificas-e-investigadoras\/","name":"Mujeres en Pandemia, un desaf\u00edo m\u00e1s para cient\u00edficas e investigadoras. - O&#039;Higgins","isPartOf":{"@id":"https:\/\/dev.explora.cl\/ohiggins\/#website"},"primaryImageOfPage":{"@id":"https:\/\/dev.explora.cl\/ohiggins\/mujeres-en-pandemia-un-desafio-mas-para-cientificas-e-investigadoras\/#primaryimage"},"image":{"@id":"https:\/\/dev.explora.cl\/ohiggins\/mujeres-en-pandemia-un-desafio-mas-para-cientificas-e-investigadoras\/#primaryimage"},"thumbnailUrl":"https:\/\/dev.explora.cl\/ohiggins\/wp-content\/uploads\/sites\/8\/2021\/03\/foto-el-tip\u00f3grafo2.jpg","datePublished":"2021-03-09T11:14:36+00:00","dateModified":"2021-06-08T23:35:54+00:00","author":{"@id":"https:\/\/dev.explora.cl\/ohiggins\/#\/schema\/person\/3240d62ad2624da9148a475abbc509b0"},"breadcrumb":{"@id":"https:\/\/dev.explora.cl\/ohiggins\/mujeres-en-pandemia-un-desafio-mas-para-cientificas-e-investigadoras\/#breadcrumb"},"inLanguage":"es-CL","potentialAction":[{"@type":"ReadAction","target":["https:\/\/dev.explora.cl\/ohiggins\/mujeres-en-pandemia-un-desafio-mas-para-cientificas-e-investigadoras\/"]}]},{"@type":"ImageObject","inLanguage":"es-CL","@id":"https:\/\/dev.explora.cl\/ohiggins\/mujeres-en-pandemia-un-desafio-mas-para-cientificas-e-investigadoras\/#primaryimage","url":"https:\/\/dev.explora.cl\/ohiggins\/wp-content\/uploads\/sites\/8\/2021\/03\/foto-el-tip\u00f3grafo2.jpg","contentUrl":"https:\/\/dev.explora.cl\/ohiggins\/wp-content\/uploads\/sites\/8\/2021\/03\/foto-el-tip\u00f3grafo2.jpg","width":6240,"height":4160},{"@type":"BreadcrumbList","@id":"https:\/\/dev.explora.cl\/ohiggins\/mujeres-en-pandemia-un-desafio-mas-para-cientificas-e-investigadoras\/#breadcrumb","itemListElement":[{"@type":"ListItem","position":1,"name":"Portada","item":"https:\/\/dev.explora.cl\/ohiggins\/"},{"@type":"ListItem","position":2,"name":"Mujeres en Pandemia, un desaf\u00edo m\u00e1s para cient\u00edficas e investigadoras."}]},{"@type":"WebSite","@id":"https:\/\/dev.explora.cl\/ohiggins\/#website","url":"https:\/\/dev.explora.cl\/ohiggins\/","name":"O&#039;Higgins","description":"Otro sitio m\u00e1s de dev.explora.cl","potentialAction":[{"@type":"SearchAction","target":{"@type":"EntryPoint","urlTemplate":"https:\/\/dev.explora.cl\/ohiggins\/?s={search_term_string}"},"query-input":{"@type":"PropertyValueSpecification","valueRequired":true,"valueName":"search_term_string"}}],"inLanguage":"es-CL"},{"@type":"Person","@id":"https:\/\/dev.explora.cl\/ohiggins\/#\/schema\/person\/3240d62ad2624da9148a475abbc509b0","name":"nsalazar","image":{"@type":"ImageObject","inLanguage":"es-CL","@id":"https:\/\/dev.explora.cl\/ohiggins\/#\/schema\/person\/image\/","url":"https:\/\/secure.gravatar.com\/avatar\/b8cf276f31998a0865a3b90e4d663d91b97848887282c9f9a56cad57ff01cc7e?s=96&d=mm&r=g","contentUrl":"https:\/\/secure.gravatar.com\/avatar\/b8cf276f31998a0865a3b90e4d663d91b97848887282c9f9a56cad57ff01cc7e?s=96&d=mm&r=g","caption":"nsalazar"},"url":"https:\/\/dev.explora.cl\/ohiggins\/author\/nsalazar\/"}]}},"_links":{"self":[{"href":"https:\/\/dev.explora.cl\/ohiggins\/wp-json\/wp\/v2\/posts\/38731","targetHints":{"allow":["GET"]}}],"collection":[{"href":"https:\/\/dev.explora.cl\/ohiggins\/wp-json\/wp\/v2\/posts"}],"about":[{"href":"https:\/\/dev.explora.cl\/ohiggins\/wp-json\/wp\/v2\/types\/post"}],"author":[{"embeddable":true,"href":"https:\/\/dev.explora.cl\/ohiggins\/wp-json\/wp\/v2\/users\/23"}],"replies":[{"embeddable":true,"href":"https:\/\/dev.explora.cl\/ohiggins\/wp-json\/wp\/v2\/comments?post=38731"}],"version-history":[{"count":1,"href":"https:\/\/dev.explora.cl\/ohiggins\/wp-json\/wp\/v2\/posts\/38731\/revisions"}],"predecessor-version":[{"id":38733,"href":"https:\/\/dev.explora.cl\/ohiggins\/wp-json\/wp\/v2\/posts\/38731\/revisions\/38733"}],"wp:featuredmedia":[{"embeddable":true,"href":"https:\/\/dev.explora.cl\/ohiggins\/wp-json\/wp\/v2\/media\/38732"}],"wp:attachment":[{"href":"https:\/\/dev.explora.cl\/ohiggins\/wp-json\/wp\/v2\/media?parent=38731"}],"wp:term":[{"taxonomy":"category","embeddable":true,"href":"https:\/\/dev.explora.cl\/ohiggins\/wp-json\/wp\/v2\/categories?post=38731"},{"taxonomy":"post_tag","embeddable":true,"href":"https:\/\/dev.explora.cl\/ohiggins\/wp-json\/wp\/v2\/tags?post=38731"}],"curies":[{"name":"wp","href":"https:\/\/api.w.org\/{rel}","templated":true}]}}