{"id":38675,"date":"2020-12-14T18:32:34","date_gmt":"2020-12-14T21:32:34","guid":{"rendered":"https:\/\/dev.explora.cl\/ohiggins\/?p=38675"},"modified":"2020-12-28T12:14:19","modified_gmt":"2020-12-28T15:14:19","slug":"95-educadoras-de-la-region-se-capacitaron-en-educacion-cientifica-en-pandemia","status":"publish","type":"post","link":"https:\/\/dev.explora.cl\/ohiggins\/95-educadoras-de-la-region-se-capacitaron-en-educacion-cientifica-en-pandemia\/","title":{"rendered":"95 educadoras de la regi\u00f3n se capacitaron en educaci\u00f3n cient\u00edfica en Pandemia"},"content":{"rendered":"<p><em><strong>La Educaci\u00f3n Cient\u00edfica a temprana edad es una herramienta fundamental para potenciar el desarrollo de competencias que le permitan a los ni\u00f1os y ni\u00f1as entender mejor los fen\u00f3menos y procesos naturales en las etapas posteriores de su desarrollo.<\/strong><\/em><\/p>\n<p>Mariela Maldonado Fa\u00fandez es Educadora de P\u00e1rvulos del Colegio Eduardo de Geyter, de la comuna de Rancagua y trabaja desde hace muchos a\u00f1os con ni\u00f1os y ni\u00f1as con Trastorno de Espectro Autista y otras necesidades educativas especiales transitorias o permanentes. Sabe en primera persona lo que significa ense\u00f1ar y aprender con alg\u00fan trastorno de aprendizaje y ha volcado su labor profesional a derribar mitos sobre las limitantes de personas en una condici\u00f3n distinta. Sin embargo, al inicio de la Pandemia todo cambi\u00f3 y el miedo la invadi\u00f3. No sab\u00eda c\u00f3mo implementar sus estrategias en forma remota, ni c\u00f3mo acercar los conocimientos a sus p\u00e1rvulos.<\/p>\n<p>Durante el cierre del Programa de Indagaci\u00f3n para Primeras Edades -PIPE-, dirigido a educadores de p\u00e1rvulos y asistentes, Mariela reconoci\u00f3 que esta experiencia fue fundamental para haberse empoderado y desarrollado profesionalmente durante este complejo a\u00f1o, y lograr un efecto sustancial en sus alumnos, pese a sus dificultades. Ella es una de las 95 Educadoras de P\u00e1rvulo y Asistentes de la Educaci\u00f3n de la Regi\u00f3n de O\u2019Higgins que participaron durante todo el 2020 en este programa del Ministerio de Ciencia, Tecnolog\u00eda, Conocimiento e Innovaci\u00f3n, coordinado por el Proyecto Asociativo Regional Explora O\u2019Higgins, implementado por la Universidad de O\u2019Higgins.<\/p>\n<p>\u201cLas 20 sesiones de capacitaci\u00f3n que se impartieron en formato on line, a trav\u00e9s de talleres y charlas, reforzaron y fortalecieron sus habilidades y conocimientos, con la finalidad de facilitar la ense\u00f1anza y aprendizaje de las ciencias en la edad temprana a trav\u00e9s de la observaci\u00f3n, inferencia y exploraci\u00f3n,\u201d menciona Mar\u00eda Antonieta Rojas, coordinadora y asesora pedag\u00f3gica del programa. A diferencia del modelo tradicional de educaci\u00f3n de las ciencias, en el modelo de indagaci\u00f3n, ni\u00f1as y ni\u00f1os tienen un rol fundamental en su propio aprendizaje.<\/p>\n<p>Adem\u00e1s de Mariela, otras cuatro educadoras compartieron sus testimonios sobre esta enriquecedora experiencia. Julia Cornejo Abarda, educadora del Jard\u00edn Ventanita de Ilusi\u00f3n, de Rancagua, junto a Kathleen Contreras presentaron el proyecto \u201cSomos cient\u00edficos\u201d cuyo objetivo es incentivar la experimentaci\u00f3n entretenida en los ni\u00f1os y ni\u00f1as en el \u00e1mbito de las ciencias naturales.<\/p>\n<p>Por otra parte, Macarena Mu\u00f1oz, educadora de p\u00e1rvulos del Colegio Los Llanos, Machal\u00ed destac\u00f3 la posibilidad de compartir con colegas de todos los niveles y tipos de establecimientos, lo que promovi\u00f3 un debate y aprendizaje muy enriquecedor. Tambi\u00e9n participaron Margarita Vega, de la Escuela B\u00e1sica Washington Venegas de San Fernando, Ruth Pavez del Jard\u00edn Infantil y Sala Cuna \u201cManitos Peque\u00f1as\u201d de Marchigue<\/p>\n<p>Las educadoras y asistentes de la educaci\u00f3n manifestaron su satisfacci\u00f3n y agradecimiento por la oportunidad, asegurando que PIPE impact\u00f3 tanto en sus competencias profesionales como en su vida personal. Los elocuentes y emotivos testimonios fueron felicitados y reconocidos por la Seremi de Ciencias de la Macrozona Centro Sur, Paulina Assman; el Rector de la Universidad de O\u2019Higgins, Rafael Correa; la directora Programa Explora de la Divisi\u00f3n Ciencia y Sociedad del Ministerio de Ciencia, Tecnolog\u00eda, Conocimiento e Innovaci\u00f3n, Marcela Colombres; y Rodrigo Verschae, director del Proyecto Asociativo Regional PAR Explora O\u2019Higgins y director del Instituto de Ciencias de la Ingenier\u00eda.<\/p>\n<p>Rodrigo Verschae, Director de Explora O\u2019Higgins agradeci\u00f3 la colaboraci\u00f3n y el compromiso de las asesoras pedag\u00f3gicas y de los profesionales que en forma voluntaria se hicieron parte de esta instancia, entre ellos Gabriel Le\u00f3n y Claudia Aedo. \u201cDespertar la curiosidad en los ni\u00f1os y ni\u00f1as es fundamental para la construcci\u00f3n de una sociedad cuyos integrantes entiendan la ciencia como algo fundamental y cotidiano\u201d, se\u00f1al\u00f3 el investigador quien adem\u00e1s destac\u00f3 la creaci\u00f3n de una red regional de educadoras y educadores de temprana edad de la regi\u00f3n, a partir de esta instancia.<\/p>\n<p>Finalmente, la Seremi de Ciencias de la Macrozona Centro Sur, Paulina Assman tambi\u00e9n felicit\u00f3 a las educadoras reconociendo en ellas una labor fundamental para elevar las competencias de ense\u00f1anza en ciencias de ni\u00f1os y ni\u00f1as. \u201cVemos en PIPE una gran herramienta para promover m\u00e1s personas con pensamiento cr\u00edtico y que agreguen valor a la sociedad\u201d, sostuvo.<\/p>\n","protected":false},"excerpt":{"rendered":"<p>La Educaci\u00f3n Cient\u00edfica a temprana edad es una herramienta fundamental para potenciar el desarrollo de competencias que le permitan a los ni\u00f1os y ni\u00f1as entender mejor los fen\u00f3menos y procesos naturales en las etapas posteriores de su desarrollo. Mariela Maldonado Fa\u00fandez es Educadora de P\u00e1rvulos del Colegio Eduardo de Geyter, de la comuna de Rancagua [&hellip;]<\/p>\n","protected":false},"author":23,"featured_media":38676,"comment_status":"open","ping_status":"open","sticky":false,"template":"","format":"standard","meta":{"_acf_changed":false,"_exactmetrics_skip_tracking":false,"_exactmetrics_sitenote_active":false,"_exactmetrics_sitenote_note":"","_exactmetrics_sitenote_category":0,"footnotes":"","_links_to":"","_links_to_target":""},"categories":[141,4],"tags":[],"class_list":["post-38675","post","type-post","status-publish","format-standard","has-post-thumbnail","hentry","category-lugar-6","category-noticias"],"acf":[],"yoast_head":"<!-- This site is optimized with the Yoast SEO plugin v26.7 - https:\/\/yoast.com\/wordpress\/plugins\/seo\/ -->\n<title>95 educadoras de la regi\u00f3n se capacitaron en educaci\u00f3n cient\u00edfica en Pandemia - O&#039;Higgins<\/title>\n<meta name=\"robots\" content=\"index, follow, max-snippet:-1, max-image-preview:large, max-video-preview:-1\" \/>\n<link rel=\"canonical\" href=\"https:\/\/dev.explora.cl\/ohiggins\/95-educadoras-de-la-region-se-capacitaron-en-educacion-cientifica-en-pandemia\/\" class=\"yoast-seo-meta-tag\" \/>\n<meta property=\"og:locale\" content=\"es_ES\" class=\"yoast-seo-meta-tag\" \/>\n<meta property=\"og:type\" content=\"article\" class=\"yoast-seo-meta-tag\" \/>\n<meta property=\"og:title\" content=\"95 educadoras de la regi\u00f3n se capacitaron en educaci\u00f3n cient\u00edfica en Pandemia - O&#039;Higgins\" class=\"yoast-seo-meta-tag\" \/>\n<meta property=\"og:description\" content=\"La Educaci\u00f3n Cient\u00edfica a temprana edad es una herramienta fundamental para potenciar el desarrollo de competencias que le permitan a los ni\u00f1os y ni\u00f1as entender mejor los fen\u00f3menos y procesos naturales en las etapas posteriores de su desarrollo. Mariela Maldonado Fa\u00fandez es Educadora de P\u00e1rvulos del Colegio Eduardo de Geyter, de la comuna de Rancagua [&hellip;]\" class=\"yoast-seo-meta-tag\" \/>\n<meta property=\"og:url\" content=\"https:\/\/dev.explora.cl\/ohiggins\/95-educadoras-de-la-region-se-capacitaron-en-educacion-cientifica-en-pandemia\/\" class=\"yoast-seo-meta-tag\" \/>\n<meta property=\"og:site_name\" content=\"O&#039;Higgins\" class=\"yoast-seo-meta-tag\" \/>\n<meta property=\"article:published_time\" content=\"2020-12-14T21:32:34+00:00\" class=\"yoast-seo-meta-tag\" \/>\n<meta property=\"article:modified_time\" content=\"2020-12-28T15:14:19+00:00\" class=\"yoast-seo-meta-tag\" \/>\n<meta property=\"og:image\" content=\"https:\/\/dev.explora.cl\/ohiggins\/wp-content\/uploads\/sites\/8\/2020\/12\/foto_cierre.jpg\" class=\"yoast-seo-meta-tag\" \/>\n\t<meta property=\"og:image:width\" content=\"959\" class=\"yoast-seo-meta-tag\" \/>\n\t<meta property=\"og:image:height\" content=\"515\" class=\"yoast-seo-meta-tag\" \/>\n\t<meta property=\"og:image:type\" content=\"image\/jpeg\" class=\"yoast-seo-meta-tag\" \/>\n<meta name=\"author\" content=\"nsalazar\" class=\"yoast-seo-meta-tag\" \/>\n<meta name=\"twitter:card\" content=\"summary_large_image\" class=\"yoast-seo-meta-tag\" \/>\n<meta name=\"twitter:label1\" content=\"Escrito por\" class=\"yoast-seo-meta-tag\" \/>\n\t<meta name=\"twitter:data1\" content=\"nsalazar\" class=\"yoast-seo-meta-tag\" \/>\n\t<meta name=\"twitter:label2\" content=\"Tiempo estimado de lectura\" class=\"yoast-seo-meta-tag\" \/>\n\t<meta name=\"twitter:data2\" content=\"4 minutos\" class=\"yoast-seo-meta-tag\" \/>\n<script type=\"application\/ld+json\" class=\"yoast-schema-graph\">{\"@context\":\"https:\/\/schema.org\",\"@graph\":[{\"@type\":\"Article\",\"@id\":\"https:\/\/dev.explora.cl\/ohiggins\/95-educadoras-de-la-region-se-capacitaron-en-educacion-cientifica-en-pandemia\/#article\",\"isPartOf\":{\"@id\":\"https:\/\/dev.explora.cl\/ohiggins\/95-educadoras-de-la-region-se-capacitaron-en-educacion-cientifica-en-pandemia\/\"},\"author\":{\"name\":\"nsalazar\",\"@id\":\"https:\/\/dev.explora.cl\/ohiggins\/#\/schema\/person\/3240d62ad2624da9148a475abbc509b0\"},\"headline\":\"95 educadoras de la regi\u00f3n se capacitaron en educaci\u00f3n cient\u00edfica en Pandemia\",\"datePublished\":\"2020-12-14T21:32:34+00:00\",\"dateModified\":\"2020-12-28T15:14:19+00:00\",\"mainEntityOfPage\":{\"@id\":\"https:\/\/dev.explora.cl\/ohiggins\/95-educadoras-de-la-region-se-capacitaron-en-educacion-cientifica-en-pandemia\/\"},\"wordCount\":772,\"commentCount\":0,\"image\":{\"@id\":\"https:\/\/dev.explora.cl\/ohiggins\/95-educadoras-de-la-region-se-capacitaron-en-educacion-cientifica-en-pandemia\/#primaryimage\"},\"thumbnailUrl\":\"https:\/\/dev.explora.cl\/ohiggins\/wp-content\/uploads\/sites\/8\/2020\/12\/foto_cierre.jpg\",\"articleSection\":[\"Lugar 6\",\"Noticias\"],\"inLanguage\":\"es-CL\",\"potentialAction\":[{\"@type\":\"CommentAction\",\"name\":\"Comment\",\"target\":[\"https:\/\/dev.explora.cl\/ohiggins\/95-educadoras-de-la-region-se-capacitaron-en-educacion-cientifica-en-pandemia\/#respond\"]}]},{\"@type\":\"WebPage\",\"@id\":\"https:\/\/dev.explora.cl\/ohiggins\/95-educadoras-de-la-region-se-capacitaron-en-educacion-cientifica-en-pandemia\/\",\"url\":\"https:\/\/dev.explora.cl\/ohiggins\/95-educadoras-de-la-region-se-capacitaron-en-educacion-cientifica-en-pandemia\/\",\"name\":\"95 educadoras de la regi\u00f3n se capacitaron en educaci\u00f3n cient\u00edfica en Pandemia - O&#039;Higgins\",\"isPartOf\":{\"@id\":\"https:\/\/dev.explora.cl\/ohiggins\/#website\"},\"primaryImageOfPage\":{\"@id\":\"https:\/\/dev.explora.cl\/ohiggins\/95-educadoras-de-la-region-se-capacitaron-en-educacion-cientifica-en-pandemia\/#primaryimage\"},\"image\":{\"@id\":\"https:\/\/dev.explora.cl\/ohiggins\/95-educadoras-de-la-region-se-capacitaron-en-educacion-cientifica-en-pandemia\/#primaryimage\"},\"thumbnailUrl\":\"https:\/\/dev.explora.cl\/ohiggins\/wp-content\/uploads\/sites\/8\/2020\/12\/foto_cierre.jpg\",\"datePublished\":\"2020-12-14T21:32:34+00:00\",\"dateModified\":\"2020-12-28T15:14:19+00:00\",\"author\":{\"@id\":\"https:\/\/dev.explora.cl\/ohiggins\/#\/schema\/person\/3240d62ad2624da9148a475abbc509b0\"},\"breadcrumb\":{\"@id\":\"https:\/\/dev.explora.cl\/ohiggins\/95-educadoras-de-la-region-se-capacitaron-en-educacion-cientifica-en-pandemia\/#breadcrumb\"},\"inLanguage\":\"es-CL\",\"potentialAction\":[{\"@type\":\"ReadAction\",\"target\":[\"https:\/\/dev.explora.cl\/ohiggins\/95-educadoras-de-la-region-se-capacitaron-en-educacion-cientifica-en-pandemia\/\"]}]},{\"@type\":\"ImageObject\",\"inLanguage\":\"es-CL\",\"@id\":\"https:\/\/dev.explora.cl\/ohiggins\/95-educadoras-de-la-region-se-capacitaron-en-educacion-cientifica-en-pandemia\/#primaryimage\",\"url\":\"https:\/\/dev.explora.cl\/ohiggins\/wp-content\/uploads\/sites\/8\/2020\/12\/foto_cierre.jpg\",\"contentUrl\":\"https:\/\/dev.explora.cl\/ohiggins\/wp-content\/uploads\/sites\/8\/2020\/12\/foto_cierre.jpg\",\"width\":959,\"height\":515},{\"@type\":\"BreadcrumbList\",\"@id\":\"https:\/\/dev.explora.cl\/ohiggins\/95-educadoras-de-la-region-se-capacitaron-en-educacion-cientifica-en-pandemia\/#breadcrumb\",\"itemListElement\":[{\"@type\":\"ListItem\",\"position\":1,\"name\":\"Portada\",\"item\":\"https:\/\/dev.explora.cl\/ohiggins\/\"},{\"@type\":\"ListItem\",\"position\":2,\"name\":\"95 educadoras de la regi\u00f3n se capacitaron en educaci\u00f3n cient\u00edfica en Pandemia\"}]},{\"@type\":\"WebSite\",\"@id\":\"https:\/\/dev.explora.cl\/ohiggins\/#website\",\"url\":\"https:\/\/dev.explora.cl\/ohiggins\/\",\"name\":\"O&#039;Higgins\",\"description\":\"Otro sitio m\u00e1s de dev.explora.cl\",\"potentialAction\":[{\"@type\":\"SearchAction\",\"target\":{\"@type\":\"EntryPoint\",\"urlTemplate\":\"https:\/\/dev.explora.cl\/ohiggins\/?s={search_term_string}\"},\"query-input\":{\"@type\":\"PropertyValueSpecification\",\"valueRequired\":true,\"valueName\":\"search_term_string\"}}],\"inLanguage\":\"es-CL\"},{\"@type\":\"Person\",\"@id\":\"https:\/\/dev.explora.cl\/ohiggins\/#\/schema\/person\/3240d62ad2624da9148a475abbc509b0\",\"name\":\"nsalazar\",\"image\":{\"@type\":\"ImageObject\",\"inLanguage\":\"es-CL\",\"@id\":\"https:\/\/dev.explora.cl\/ohiggins\/#\/schema\/person\/image\/\",\"url\":\"https:\/\/secure.gravatar.com\/avatar\/b8cf276f31998a0865a3b90e4d663d91b97848887282c9f9a56cad57ff01cc7e?s=96&d=mm&r=g\",\"contentUrl\":\"https:\/\/secure.gravatar.com\/avatar\/b8cf276f31998a0865a3b90e4d663d91b97848887282c9f9a56cad57ff01cc7e?s=96&d=mm&r=g\",\"caption\":\"nsalazar\"},\"url\":\"https:\/\/dev.explora.cl\/ohiggins\/author\/nsalazar\/\"}]}<\/script>\n<!-- \/ Yoast SEO plugin. -->","yoast_head_json":{"title":"95 educadoras de la regi\u00f3n se capacitaron en educaci\u00f3n cient\u00edfica en Pandemia - O&#039;Higgins","robots":{"index":"index","follow":"follow","max-snippet":"max-snippet:-1","max-image-preview":"max-image-preview:large","max-video-preview":"max-video-preview:-1"},"canonical":"https:\/\/dev.explora.cl\/ohiggins\/95-educadoras-de-la-region-se-capacitaron-en-educacion-cientifica-en-pandemia\/","og_locale":"es_ES","og_type":"article","og_title":"95 educadoras de la regi\u00f3n se capacitaron en educaci\u00f3n cient\u00edfica en Pandemia - O&#039;Higgins","og_description":"La Educaci\u00f3n Cient\u00edfica a temprana edad es una herramienta fundamental para potenciar el desarrollo de competencias que le permitan a los ni\u00f1os y ni\u00f1as entender mejor los fen\u00f3menos y procesos naturales en las etapas posteriores de su desarrollo. Mariela Maldonado Fa\u00fandez es Educadora de P\u00e1rvulos del Colegio Eduardo de Geyter, de la comuna de Rancagua [&hellip;]","og_url":"https:\/\/dev.explora.cl\/ohiggins\/95-educadoras-de-la-region-se-capacitaron-en-educacion-cientifica-en-pandemia\/","og_site_name":"O&#039;Higgins","article_published_time":"2020-12-14T21:32:34+00:00","article_modified_time":"2020-12-28T15:14:19+00:00","og_image":[{"width":959,"height":515,"url":"https:\/\/dev.explora.cl\/ohiggins\/wp-content\/uploads\/sites\/8\/2020\/12\/foto_cierre.jpg","type":"image\/jpeg"}],"author":"nsalazar","twitter_card":"summary_large_image","twitter_misc":{"Escrito por":"nsalazar","Tiempo estimado de lectura":"4 minutos"},"schema":{"@context":"https:\/\/schema.org","@graph":[{"@type":"Article","@id":"https:\/\/dev.explora.cl\/ohiggins\/95-educadoras-de-la-region-se-capacitaron-en-educacion-cientifica-en-pandemia\/#article","isPartOf":{"@id":"https:\/\/dev.explora.cl\/ohiggins\/95-educadoras-de-la-region-se-capacitaron-en-educacion-cientifica-en-pandemia\/"},"author":{"name":"nsalazar","@id":"https:\/\/dev.explora.cl\/ohiggins\/#\/schema\/person\/3240d62ad2624da9148a475abbc509b0"},"headline":"95 educadoras de la regi\u00f3n se capacitaron en educaci\u00f3n cient\u00edfica en Pandemia","datePublished":"2020-12-14T21:32:34+00:00","dateModified":"2020-12-28T15:14:19+00:00","mainEntityOfPage":{"@id":"https:\/\/dev.explora.cl\/ohiggins\/95-educadoras-de-la-region-se-capacitaron-en-educacion-cientifica-en-pandemia\/"},"wordCount":772,"commentCount":0,"image":{"@id":"https:\/\/dev.explora.cl\/ohiggins\/95-educadoras-de-la-region-se-capacitaron-en-educacion-cientifica-en-pandemia\/#primaryimage"},"thumbnailUrl":"https:\/\/dev.explora.cl\/ohiggins\/wp-content\/uploads\/sites\/8\/2020\/12\/foto_cierre.jpg","articleSection":["Lugar 6","Noticias"],"inLanguage":"es-CL","potentialAction":[{"@type":"CommentAction","name":"Comment","target":["https:\/\/dev.explora.cl\/ohiggins\/95-educadoras-de-la-region-se-capacitaron-en-educacion-cientifica-en-pandemia\/#respond"]}]},{"@type":"WebPage","@id":"https:\/\/dev.explora.cl\/ohiggins\/95-educadoras-de-la-region-se-capacitaron-en-educacion-cientifica-en-pandemia\/","url":"https:\/\/dev.explora.cl\/ohiggins\/95-educadoras-de-la-region-se-capacitaron-en-educacion-cientifica-en-pandemia\/","name":"95 educadoras de la regi\u00f3n se capacitaron en educaci\u00f3n cient\u00edfica en Pandemia - O&#039;Higgins","isPartOf":{"@id":"https:\/\/dev.explora.cl\/ohiggins\/#website"},"primaryImageOfPage":{"@id":"https:\/\/dev.explora.cl\/ohiggins\/95-educadoras-de-la-region-se-capacitaron-en-educacion-cientifica-en-pandemia\/#primaryimage"},"image":{"@id":"https:\/\/dev.explora.cl\/ohiggins\/95-educadoras-de-la-region-se-capacitaron-en-educacion-cientifica-en-pandemia\/#primaryimage"},"thumbnailUrl":"https:\/\/dev.explora.cl\/ohiggins\/wp-content\/uploads\/sites\/8\/2020\/12\/foto_cierre.jpg","datePublished":"2020-12-14T21:32:34+00:00","dateModified":"2020-12-28T15:14:19+00:00","author":{"@id":"https:\/\/dev.explora.cl\/ohiggins\/#\/schema\/person\/3240d62ad2624da9148a475abbc509b0"},"breadcrumb":{"@id":"https:\/\/dev.explora.cl\/ohiggins\/95-educadoras-de-la-region-se-capacitaron-en-educacion-cientifica-en-pandemia\/#breadcrumb"},"inLanguage":"es-CL","potentialAction":[{"@type":"ReadAction","target":["https:\/\/dev.explora.cl\/ohiggins\/95-educadoras-de-la-region-se-capacitaron-en-educacion-cientifica-en-pandemia\/"]}]},{"@type":"ImageObject","inLanguage":"es-CL","@id":"https:\/\/dev.explora.cl\/ohiggins\/95-educadoras-de-la-region-se-capacitaron-en-educacion-cientifica-en-pandemia\/#primaryimage","url":"https:\/\/dev.explora.cl\/ohiggins\/wp-content\/uploads\/sites\/8\/2020\/12\/foto_cierre.jpg","contentUrl":"https:\/\/dev.explora.cl\/ohiggins\/wp-content\/uploads\/sites\/8\/2020\/12\/foto_cierre.jpg","width":959,"height":515},{"@type":"BreadcrumbList","@id":"https:\/\/dev.explora.cl\/ohiggins\/95-educadoras-de-la-region-se-capacitaron-en-educacion-cientifica-en-pandemia\/#breadcrumb","itemListElement":[{"@type":"ListItem","position":1,"name":"Portada","item":"https:\/\/dev.explora.cl\/ohiggins\/"},{"@type":"ListItem","position":2,"name":"95 educadoras de la regi\u00f3n se capacitaron en educaci\u00f3n cient\u00edfica en Pandemia"}]},{"@type":"WebSite","@id":"https:\/\/dev.explora.cl\/ohiggins\/#website","url":"https:\/\/dev.explora.cl\/ohiggins\/","name":"O&#039;Higgins","description":"Otro sitio m\u00e1s de dev.explora.cl","potentialAction":[{"@type":"SearchAction","target":{"@type":"EntryPoint","urlTemplate":"https:\/\/dev.explora.cl\/ohiggins\/?s={search_term_string}"},"query-input":{"@type":"PropertyValueSpecification","valueRequired":true,"valueName":"search_term_string"}}],"inLanguage":"es-CL"},{"@type":"Person","@id":"https:\/\/dev.explora.cl\/ohiggins\/#\/schema\/person\/3240d62ad2624da9148a475abbc509b0","name":"nsalazar","image":{"@type":"ImageObject","inLanguage":"es-CL","@id":"https:\/\/dev.explora.cl\/ohiggins\/#\/schema\/person\/image\/","url":"https:\/\/secure.gravatar.com\/avatar\/b8cf276f31998a0865a3b90e4d663d91b97848887282c9f9a56cad57ff01cc7e?s=96&d=mm&r=g","contentUrl":"https:\/\/secure.gravatar.com\/avatar\/b8cf276f31998a0865a3b90e4d663d91b97848887282c9f9a56cad57ff01cc7e?s=96&d=mm&r=g","caption":"nsalazar"},"url":"https:\/\/dev.explora.cl\/ohiggins\/author\/nsalazar\/"}]}},"_links":{"self":[{"href":"https:\/\/dev.explora.cl\/ohiggins\/wp-json\/wp\/v2\/posts\/38675","targetHints":{"allow":["GET"]}}],"collection":[{"href":"https:\/\/dev.explora.cl\/ohiggins\/wp-json\/wp\/v2\/posts"}],"about":[{"href":"https:\/\/dev.explora.cl\/ohiggins\/wp-json\/wp\/v2\/types\/post"}],"author":[{"embeddable":true,"href":"https:\/\/dev.explora.cl\/ohiggins\/wp-json\/wp\/v2\/users\/23"}],"replies":[{"embeddable":true,"href":"https:\/\/dev.explora.cl\/ohiggins\/wp-json\/wp\/v2\/comments?post=38675"}],"version-history":[{"count":1,"href":"https:\/\/dev.explora.cl\/ohiggins\/wp-json\/wp\/v2\/posts\/38675\/revisions"}],"predecessor-version":[{"id":38677,"href":"https:\/\/dev.explora.cl\/ohiggins\/wp-json\/wp\/v2\/posts\/38675\/revisions\/38677"}],"wp:featuredmedia":[{"embeddable":true,"href":"https:\/\/dev.explora.cl\/ohiggins\/wp-json\/wp\/v2\/media\/38676"}],"wp:attachment":[{"href":"https:\/\/dev.explora.cl\/ohiggins\/wp-json\/wp\/v2\/media?parent=38675"}],"wp:term":[{"taxonomy":"category","embeddable":true,"href":"https:\/\/dev.explora.cl\/ohiggins\/wp-json\/wp\/v2\/categories?post=38675"},{"taxonomy":"post_tag","embeddable":true,"href":"https:\/\/dev.explora.cl\/ohiggins\/wp-json\/wp\/v2\/tags?post=38675"}],"curies":[{"name":"wp","href":"https:\/\/api.w.org\/{rel}","templated":true}]}}