{"id":38672,"date":"2020-12-21T17:17:14","date_gmt":"2020-12-21T20:17:14","guid":{"rendered":"https:\/\/dev.explora.cl\/ohiggins\/?p=38672"},"modified":"2021-04-06T13:16:09","modified_gmt":"2021-04-06T17:16:09","slug":"mas-de-30-academias-cientificas-escolares-se-implementaron-pese-al-complejo-ano-academico","status":"publish","type":"post","link":"https:\/\/dev.explora.cl\/ohiggins\/mas-de-30-academias-cientificas-escolares-se-implementaron-pese-al-complejo-ano-academico\/","title":{"rendered":"M\u00e1s de 30 academias cient\u00edficas escolares se implementaron pese al complejo a\u00f1o acad\u00e9mico."},"content":{"rendered":"<p>De Rancagua, Machal\u00ed, Pichidegua, Pichilemu, Requinoa, San Fernando, San Vicente, Santa Cruz, Rengo, Graneros, Ch\u00e9pica son las academias cient\u00edficas integradas por 172 estudiantes entre 5to b\u00e1sico y 4to medio que desarrollaron investigaci\u00f3n escolar en la Regi\u00f3n de O\u2019Higgins, pese a las complejidades del a\u00f1o escolar en Pandemia.<\/p>\n<p>Las Academias de Indagaci\u00f3n e Investigaci\u00f3n Cient\u00edfica Escolar son una iniciativa del Ministerio de Ciencia, Tecnolog\u00eda, Conocimiento e Innovaci\u00f3n, a trav\u00e9s del Proyecto Explora O\u2019Higgins, implementado por la Universidad de O\u2019Higgins. Marcello Visconti, Vicerrector Acad\u00e9mico de la casa de estudios felicit\u00f3 a las 34 academias escolares que supieron sortear un contexto dif\u00edcil. \u201cLa pandemia ha tra\u00eddo al presente lo que ve\u00edamos como futuro y ustedes han estado a la altura, promoviendo en la infancia y juventud la indagaci\u00f3n cient\u00edfica\u201d.<\/p>\n<p><strong>Innovaci\u00f3n e Investigaci\u00f3n Cient\u00edfica Escolar<\/strong><\/p>\n<p>Tras una primera etapa de convocatoria y llamado a docentes interesados para implementar las Academias de Investigaci\u00f3n e Indagaci\u00f3n Cient\u00edfica Escolar para el 2020, los seleccionados participaron en Instancias de Desarrollo Profesional, abordando contenidos para la formulaci\u00f3n de un proyecto cient\u00edfico escolar. Todo, a trav\u00e9s de sesiones virtuales que se impartieron al margen de sus obligaciones y jornada laboral, dando prueba del compromiso por parte de los docentes con esta iniciativa.<\/p>\n<p>Posteriormente conformaron sus equipos de trabajo con alumnos motivados por desarrollar investigaci\u00f3n sobre temas que ellos mismos propusieron de acuerdo a su realidad local. En esta instancia, los estudiantes desarrollaron competencias utilizando el m\u00e9todo cient\u00edfico y metodolog\u00edas de indagaci\u00f3n e investigaci\u00f3n.<\/p>\n<p>Luego, un grupo de asesores cient\u00edficos y pedag\u00f3gicos fueron asignados a cada proyecto, con la finalidad de realizar un seguimiento y orientar mejoras en las investigaciones desarrolladas. Finalmente, la \u00faltima etapa consider\u00f3 la divulgaci\u00f3n de los proyectos a trav\u00e9s de videos realizados por las propias academias, disponibles en el Canal YouTube del PAR Explora O\u2019Higgins y plataforma web cienciaohiggins.cl<\/p>\n<p>Respecto a este trabajo, Rodrigo Verschae, director del PAR Explora enfatiz\u00f3 que \u201cSi bien el a\u00f1o fue extra\u00f1o, estos proyectos en su conjunto avanzaron de muy buena manera y eso es bueno para la el desarrollo de la ciencia y de las habilidades cient\u00edficas a nivel escolar\u201d, adem\u00e1s de valorar la inclusi\u00f3n y equidad de g\u00e9nero que destaca en este proyecto.<\/p>\n<p><strong>Testimonios<\/strong><\/p>\n<p>P\u00eda Luna, Docente del Liceo Bicentenario Oscar Castro Zu\u00f1iga: \u201cEl PAR Explora nos ha brindado la oportunidad de fortalecer las habilidades de ense\u00f1anza cient\u00edfica. Formamos una linda y gran comunidad de aprendizaje, que comenz\u00f3 con mucho miedo, sin herramientas ni recursos. A principio se nos fue cuesta arriba, pero buscamos oportunidades de mejora y conseguimos maravillosos logros. Adem\u00e1s, logramos la retroalimentaci\u00f3n de los colegas, que se dieron espacios de an\u00e1lisis. Felicito a todos mis colegas por su dedicaci\u00f3n y generosidad.\u201d<\/p>\n<p>Mar\u00eda Ignacia Mena, Docente del Colegio Pucar\u00e1 de Graneros: \u201cFue un espacio de encuentro que signific\u00f3 un escape. Nos dieron estrategias y nos modelaron las clases de ciencias. Fue un a\u00f1o dif\u00edcil, pero de mucho aprendizaje. Personalmente estoy muy orgullosa de haber aportado en la conformaci\u00f3n de Mujeres Cient\u00edficas, academia cient\u00edfica ESCOLAR con perspectiva de g\u00e9nero.<br \/>\nEl aporte del Programa va mucho m\u00e1s all\u00e1 de la asesor\u00eda cient\u00edfica y t\u00e9cnica, es un acompa\u00f1amiento muy enriquecedor. Uno no logra imaginarse lo que significa el alcance que tiene el proyecto en la vida profesional y personal de nosotros los docentes.\u201d<\/p>\n<p>Loreto Villacura, Asesora Cient\u00edfica: \u201cAgradezco haber participado en un proceso dif\u00edcil pero tan significativo. Todos tenemos una mochila pesada, cargada de nuevas experiencias. Hubo que modificar los procesos investigativos a b\u00fasquedas bibliogr\u00e1ficas y eso fue una experiencia interesante, poco valorada cuando las investigaciones son de campo. Estoy feliz de compartir nuestros conocimientos con la sociedad y construir una sociedad cient\u00edficamente alfabetizada.\u201d<\/p>\n<p>Mar\u00eda Antonieta Rojas, Asesora Pedag\u00f3gica: \u201cEstoy emocionada y feliz. Es el gran d\u00eda del que vemos el esfuerzo de todos estos meses. De la reinvenci\u00f3n de la ense\u00f1anza en ciencias y adaptarse a la virtualidad. No ha sido f\u00e1cil, pero ha sido enriquecedor. El PAR Explora se ha lucido este a\u00f1o. Agradezco el compromiso de los estudiantes y su perseverancia. A los profesores por su compromiso y entrega de participar en horarios extra, de forma voluntaria.\u201d<\/p>\n","protected":false},"excerpt":{"rendered":"<p>Las academias congregaron a m\u00e1s de 170 cient\u00edficos escolares. <\/p>\n","protected":false},"author":23,"featured_media":38673,"comment_status":"open","ping_status":"open","sticky":false,"template":"","format":"standard","meta":{"_acf_changed":false,"_exactmetrics_skip_tracking":false,"_exactmetrics_sitenote_active":false,"_exactmetrics_sitenote_note":"","_exactmetrics_sitenote_category":0,"footnotes":"","_links_to":"","_links_to_target":""},"categories":[4],"tags":[],"class_list":["post-38672","post","type-post","status-publish","format-standard","has-post-thumbnail","hentry","category-noticias"],"acf":[],"yoast_head":"<!-- This site is optimized with the Yoast SEO plugin v26.7 - https:\/\/yoast.com\/wordpress\/plugins\/seo\/ -->\n<title>M\u00e1s de 30 academias cient\u00edficas escolares se implementaron pese al complejo a\u00f1o acad\u00e9mico. - O&#039;Higgins<\/title>\n<meta name=\"robots\" content=\"index, follow, max-snippet:-1, max-image-preview:large, max-video-preview:-1\" \/>\n<link rel=\"canonical\" href=\"https:\/\/dev.explora.cl\/ohiggins\/mas-de-30-academias-cientificas-escolares-se-implementaron-pese-al-complejo-ano-academico\/\" class=\"yoast-seo-meta-tag\" \/>\n<meta property=\"og:locale\" content=\"es_ES\" class=\"yoast-seo-meta-tag\" \/>\n<meta property=\"og:type\" content=\"article\" class=\"yoast-seo-meta-tag\" \/>\n<meta property=\"og:title\" content=\"M\u00e1s de 30 academias cient\u00edficas escolares se implementaron pese al complejo a\u00f1o acad\u00e9mico. - O&#039;Higgins\" class=\"yoast-seo-meta-tag\" \/>\n<meta property=\"og:description\" content=\"Las academias congregaron a m\u00e1s de 170 cient\u00edficos escolares.\" class=\"yoast-seo-meta-tag\" \/>\n<meta property=\"og:url\" content=\"https:\/\/dev.explora.cl\/ohiggins\/mas-de-30-academias-cientificas-escolares-se-implementaron-pese-al-complejo-ano-academico\/\" class=\"yoast-seo-meta-tag\" \/>\n<meta property=\"og:site_name\" content=\"O&#039;Higgins\" class=\"yoast-seo-meta-tag\" \/>\n<meta property=\"article:published_time\" content=\"2020-12-21T20:17:14+00:00\" class=\"yoast-seo-meta-tag\" \/>\n<meta property=\"article:modified_time\" content=\"2021-04-06T17:16:09+00:00\" class=\"yoast-seo-meta-tag\" \/>\n<meta property=\"og:image\" content=\"https:\/\/dev.explora.cl\/ohiggins\/wp-content\/uploads\/sites\/8\/2020\/12\/FOTO_2.jpg\" class=\"yoast-seo-meta-tag\" \/>\n\t<meta property=\"og:image:width\" content=\"1340\" class=\"yoast-seo-meta-tag\" \/>\n\t<meta property=\"og:image:height\" content=\"460\" class=\"yoast-seo-meta-tag\" \/>\n\t<meta property=\"og:image:type\" content=\"image\/jpeg\" class=\"yoast-seo-meta-tag\" \/>\n<meta name=\"author\" content=\"nsalazar\" class=\"yoast-seo-meta-tag\" \/>\n<meta name=\"twitter:card\" content=\"summary_large_image\" class=\"yoast-seo-meta-tag\" \/>\n<meta name=\"twitter:label1\" content=\"Escrito por\" class=\"yoast-seo-meta-tag\" \/>\n\t<meta name=\"twitter:data1\" content=\"nsalazar\" class=\"yoast-seo-meta-tag\" \/>\n\t<meta name=\"twitter:label2\" content=\"Tiempo estimado de lectura\" class=\"yoast-seo-meta-tag\" \/>\n\t<meta name=\"twitter:data2\" content=\"4 minutos\" class=\"yoast-seo-meta-tag\" \/>\n<script type=\"application\/ld+json\" class=\"yoast-schema-graph\">{\"@context\":\"https:\/\/schema.org\",\"@graph\":[{\"@type\":\"Article\",\"@id\":\"https:\/\/dev.explora.cl\/ohiggins\/mas-de-30-academias-cientificas-escolares-se-implementaron-pese-al-complejo-ano-academico\/#article\",\"isPartOf\":{\"@id\":\"https:\/\/dev.explora.cl\/ohiggins\/mas-de-30-academias-cientificas-escolares-se-implementaron-pese-al-complejo-ano-academico\/\"},\"author\":{\"name\":\"nsalazar\",\"@id\":\"https:\/\/dev.explora.cl\/ohiggins\/#\/schema\/person\/3240d62ad2624da9148a475abbc509b0\"},\"headline\":\"M\u00e1s de 30 academias cient\u00edficas escolares se implementaron pese al complejo a\u00f1o acad\u00e9mico.\",\"datePublished\":\"2020-12-21T20:17:14+00:00\",\"dateModified\":\"2021-04-06T17:16:09+00:00\",\"mainEntityOfPage\":{\"@id\":\"https:\/\/dev.explora.cl\/ohiggins\/mas-de-30-academias-cientificas-escolares-se-implementaron-pese-al-complejo-ano-academico\/\"},\"wordCount\":772,\"commentCount\":0,\"image\":{\"@id\":\"https:\/\/dev.explora.cl\/ohiggins\/mas-de-30-academias-cientificas-escolares-se-implementaron-pese-al-complejo-ano-academico\/#primaryimage\"},\"thumbnailUrl\":\"https:\/\/dev.explora.cl\/ohiggins\/wp-content\/uploads\/sites\/8\/2020\/12\/FOTO_2.jpg\",\"articleSection\":[\"Noticias\"],\"inLanguage\":\"es-CL\",\"potentialAction\":[{\"@type\":\"CommentAction\",\"name\":\"Comment\",\"target\":[\"https:\/\/dev.explora.cl\/ohiggins\/mas-de-30-academias-cientificas-escolares-se-implementaron-pese-al-complejo-ano-academico\/#respond\"]}]},{\"@type\":\"WebPage\",\"@id\":\"https:\/\/dev.explora.cl\/ohiggins\/mas-de-30-academias-cientificas-escolares-se-implementaron-pese-al-complejo-ano-academico\/\",\"url\":\"https:\/\/dev.explora.cl\/ohiggins\/mas-de-30-academias-cientificas-escolares-se-implementaron-pese-al-complejo-ano-academico\/\",\"name\":\"M\u00e1s de 30 academias cient\u00edficas escolares se implementaron pese al complejo a\u00f1o acad\u00e9mico. - O&#039;Higgins\",\"isPartOf\":{\"@id\":\"https:\/\/dev.explora.cl\/ohiggins\/#website\"},\"primaryImageOfPage\":{\"@id\":\"https:\/\/dev.explora.cl\/ohiggins\/mas-de-30-academias-cientificas-escolares-se-implementaron-pese-al-complejo-ano-academico\/#primaryimage\"},\"image\":{\"@id\":\"https:\/\/dev.explora.cl\/ohiggins\/mas-de-30-academias-cientificas-escolares-se-implementaron-pese-al-complejo-ano-academico\/#primaryimage\"},\"thumbnailUrl\":\"https:\/\/dev.explora.cl\/ohiggins\/wp-content\/uploads\/sites\/8\/2020\/12\/FOTO_2.jpg\",\"datePublished\":\"2020-12-21T20:17:14+00:00\",\"dateModified\":\"2021-04-06T17:16:09+00:00\",\"author\":{\"@id\":\"https:\/\/dev.explora.cl\/ohiggins\/#\/schema\/person\/3240d62ad2624da9148a475abbc509b0\"},\"breadcrumb\":{\"@id\":\"https:\/\/dev.explora.cl\/ohiggins\/mas-de-30-academias-cientificas-escolares-se-implementaron-pese-al-complejo-ano-academico\/#breadcrumb\"},\"inLanguage\":\"es-CL\",\"potentialAction\":[{\"@type\":\"ReadAction\",\"target\":[\"https:\/\/dev.explora.cl\/ohiggins\/mas-de-30-academias-cientificas-escolares-se-implementaron-pese-al-complejo-ano-academico\/\"]}]},{\"@type\":\"ImageObject\",\"inLanguage\":\"es-CL\",\"@id\":\"https:\/\/dev.explora.cl\/ohiggins\/mas-de-30-academias-cientificas-escolares-se-implementaron-pese-al-complejo-ano-academico\/#primaryimage\",\"url\":\"https:\/\/dev.explora.cl\/ohiggins\/wp-content\/uploads\/sites\/8\/2020\/12\/FOTO_2.jpg\",\"contentUrl\":\"https:\/\/dev.explora.cl\/ohiggins\/wp-content\/uploads\/sites\/8\/2020\/12\/FOTO_2.jpg\",\"width\":1340,\"height\":460},{\"@type\":\"BreadcrumbList\",\"@id\":\"https:\/\/dev.explora.cl\/ohiggins\/mas-de-30-academias-cientificas-escolares-se-implementaron-pese-al-complejo-ano-academico\/#breadcrumb\",\"itemListElement\":[{\"@type\":\"ListItem\",\"position\":1,\"name\":\"Portada\",\"item\":\"https:\/\/dev.explora.cl\/ohiggins\/\"},{\"@type\":\"ListItem\",\"position\":2,\"name\":\"M\u00e1s de 30 academias cient\u00edficas escolares se implementaron pese al complejo a\u00f1o acad\u00e9mico.\"}]},{\"@type\":\"WebSite\",\"@id\":\"https:\/\/dev.explora.cl\/ohiggins\/#website\",\"url\":\"https:\/\/dev.explora.cl\/ohiggins\/\",\"name\":\"O&#039;Higgins\",\"description\":\"Otro sitio m\u00e1s de dev.explora.cl\",\"potentialAction\":[{\"@type\":\"SearchAction\",\"target\":{\"@type\":\"EntryPoint\",\"urlTemplate\":\"https:\/\/dev.explora.cl\/ohiggins\/?s={search_term_string}\"},\"query-input\":{\"@type\":\"PropertyValueSpecification\",\"valueRequired\":true,\"valueName\":\"search_term_string\"}}],\"inLanguage\":\"es-CL\"},{\"@type\":\"Person\",\"@id\":\"https:\/\/dev.explora.cl\/ohiggins\/#\/schema\/person\/3240d62ad2624da9148a475abbc509b0\",\"name\":\"nsalazar\",\"image\":{\"@type\":\"ImageObject\",\"inLanguage\":\"es-CL\",\"@id\":\"https:\/\/dev.explora.cl\/ohiggins\/#\/schema\/person\/image\/\",\"url\":\"https:\/\/secure.gravatar.com\/avatar\/b8cf276f31998a0865a3b90e4d663d91b97848887282c9f9a56cad57ff01cc7e?s=96&d=mm&r=g\",\"contentUrl\":\"https:\/\/secure.gravatar.com\/avatar\/b8cf276f31998a0865a3b90e4d663d91b97848887282c9f9a56cad57ff01cc7e?s=96&d=mm&r=g\",\"caption\":\"nsalazar\"},\"url\":\"https:\/\/dev.explora.cl\/ohiggins\/author\/nsalazar\/\"}]}<\/script>\n<!-- \/ Yoast SEO plugin. -->","yoast_head_json":{"title":"M\u00e1s de 30 academias cient\u00edficas escolares se implementaron pese al complejo a\u00f1o acad\u00e9mico. - O&#039;Higgins","robots":{"index":"index","follow":"follow","max-snippet":"max-snippet:-1","max-image-preview":"max-image-preview:large","max-video-preview":"max-video-preview:-1"},"canonical":"https:\/\/dev.explora.cl\/ohiggins\/mas-de-30-academias-cientificas-escolares-se-implementaron-pese-al-complejo-ano-academico\/","og_locale":"es_ES","og_type":"article","og_title":"M\u00e1s de 30 academias cient\u00edficas escolares se implementaron pese al complejo a\u00f1o acad\u00e9mico. - O&#039;Higgins","og_description":"Las academias congregaron a m\u00e1s de 170 cient\u00edficos escolares.","og_url":"https:\/\/dev.explora.cl\/ohiggins\/mas-de-30-academias-cientificas-escolares-se-implementaron-pese-al-complejo-ano-academico\/","og_site_name":"O&#039;Higgins","article_published_time":"2020-12-21T20:17:14+00:00","article_modified_time":"2021-04-06T17:16:09+00:00","og_image":[{"width":1340,"height":460,"url":"https:\/\/dev.explora.cl\/ohiggins\/wp-content\/uploads\/sites\/8\/2020\/12\/FOTO_2.jpg","type":"image\/jpeg"}],"author":"nsalazar","twitter_card":"summary_large_image","twitter_misc":{"Escrito por":"nsalazar","Tiempo estimado de lectura":"4 minutos"},"schema":{"@context":"https:\/\/schema.org","@graph":[{"@type":"Article","@id":"https:\/\/dev.explora.cl\/ohiggins\/mas-de-30-academias-cientificas-escolares-se-implementaron-pese-al-complejo-ano-academico\/#article","isPartOf":{"@id":"https:\/\/dev.explora.cl\/ohiggins\/mas-de-30-academias-cientificas-escolares-se-implementaron-pese-al-complejo-ano-academico\/"},"author":{"name":"nsalazar","@id":"https:\/\/dev.explora.cl\/ohiggins\/#\/schema\/person\/3240d62ad2624da9148a475abbc509b0"},"headline":"M\u00e1s de 30 academias cient\u00edficas escolares se implementaron pese al complejo a\u00f1o acad\u00e9mico.","datePublished":"2020-12-21T20:17:14+00:00","dateModified":"2021-04-06T17:16:09+00:00","mainEntityOfPage":{"@id":"https:\/\/dev.explora.cl\/ohiggins\/mas-de-30-academias-cientificas-escolares-se-implementaron-pese-al-complejo-ano-academico\/"},"wordCount":772,"commentCount":0,"image":{"@id":"https:\/\/dev.explora.cl\/ohiggins\/mas-de-30-academias-cientificas-escolares-se-implementaron-pese-al-complejo-ano-academico\/#primaryimage"},"thumbnailUrl":"https:\/\/dev.explora.cl\/ohiggins\/wp-content\/uploads\/sites\/8\/2020\/12\/FOTO_2.jpg","articleSection":["Noticias"],"inLanguage":"es-CL","potentialAction":[{"@type":"CommentAction","name":"Comment","target":["https:\/\/dev.explora.cl\/ohiggins\/mas-de-30-academias-cientificas-escolares-se-implementaron-pese-al-complejo-ano-academico\/#respond"]}]},{"@type":"WebPage","@id":"https:\/\/dev.explora.cl\/ohiggins\/mas-de-30-academias-cientificas-escolares-se-implementaron-pese-al-complejo-ano-academico\/","url":"https:\/\/dev.explora.cl\/ohiggins\/mas-de-30-academias-cientificas-escolares-se-implementaron-pese-al-complejo-ano-academico\/","name":"M\u00e1s de 30 academias cient\u00edficas escolares se implementaron pese al complejo a\u00f1o acad\u00e9mico. - O&#039;Higgins","isPartOf":{"@id":"https:\/\/dev.explora.cl\/ohiggins\/#website"},"primaryImageOfPage":{"@id":"https:\/\/dev.explora.cl\/ohiggins\/mas-de-30-academias-cientificas-escolares-se-implementaron-pese-al-complejo-ano-academico\/#primaryimage"},"image":{"@id":"https:\/\/dev.explora.cl\/ohiggins\/mas-de-30-academias-cientificas-escolares-se-implementaron-pese-al-complejo-ano-academico\/#primaryimage"},"thumbnailUrl":"https:\/\/dev.explora.cl\/ohiggins\/wp-content\/uploads\/sites\/8\/2020\/12\/FOTO_2.jpg","datePublished":"2020-12-21T20:17:14+00:00","dateModified":"2021-04-06T17:16:09+00:00","author":{"@id":"https:\/\/dev.explora.cl\/ohiggins\/#\/schema\/person\/3240d62ad2624da9148a475abbc509b0"},"breadcrumb":{"@id":"https:\/\/dev.explora.cl\/ohiggins\/mas-de-30-academias-cientificas-escolares-se-implementaron-pese-al-complejo-ano-academico\/#breadcrumb"},"inLanguage":"es-CL","potentialAction":[{"@type":"ReadAction","target":["https:\/\/dev.explora.cl\/ohiggins\/mas-de-30-academias-cientificas-escolares-se-implementaron-pese-al-complejo-ano-academico\/"]}]},{"@type":"ImageObject","inLanguage":"es-CL","@id":"https:\/\/dev.explora.cl\/ohiggins\/mas-de-30-academias-cientificas-escolares-se-implementaron-pese-al-complejo-ano-academico\/#primaryimage","url":"https:\/\/dev.explora.cl\/ohiggins\/wp-content\/uploads\/sites\/8\/2020\/12\/FOTO_2.jpg","contentUrl":"https:\/\/dev.explora.cl\/ohiggins\/wp-content\/uploads\/sites\/8\/2020\/12\/FOTO_2.jpg","width":1340,"height":460},{"@type":"BreadcrumbList","@id":"https:\/\/dev.explora.cl\/ohiggins\/mas-de-30-academias-cientificas-escolares-se-implementaron-pese-al-complejo-ano-academico\/#breadcrumb","itemListElement":[{"@type":"ListItem","position":1,"name":"Portada","item":"https:\/\/dev.explora.cl\/ohiggins\/"},{"@type":"ListItem","position":2,"name":"M\u00e1s de 30 academias cient\u00edficas escolares se implementaron pese al complejo a\u00f1o acad\u00e9mico."}]},{"@type":"WebSite","@id":"https:\/\/dev.explora.cl\/ohiggins\/#website","url":"https:\/\/dev.explora.cl\/ohiggins\/","name":"O&#039;Higgins","description":"Otro sitio m\u00e1s de dev.explora.cl","potentialAction":[{"@type":"SearchAction","target":{"@type":"EntryPoint","urlTemplate":"https:\/\/dev.explora.cl\/ohiggins\/?s={search_term_string}"},"query-input":{"@type":"PropertyValueSpecification","valueRequired":true,"valueName":"search_term_string"}}],"inLanguage":"es-CL"},{"@type":"Person","@id":"https:\/\/dev.explora.cl\/ohiggins\/#\/schema\/person\/3240d62ad2624da9148a475abbc509b0","name":"nsalazar","image":{"@type":"ImageObject","inLanguage":"es-CL","@id":"https:\/\/dev.explora.cl\/ohiggins\/#\/schema\/person\/image\/","url":"https:\/\/secure.gravatar.com\/avatar\/b8cf276f31998a0865a3b90e4d663d91b97848887282c9f9a56cad57ff01cc7e?s=96&d=mm&r=g","contentUrl":"https:\/\/secure.gravatar.com\/avatar\/b8cf276f31998a0865a3b90e4d663d91b97848887282c9f9a56cad57ff01cc7e?s=96&d=mm&r=g","caption":"nsalazar"},"url":"https:\/\/dev.explora.cl\/ohiggins\/author\/nsalazar\/"}]}},"_links":{"self":[{"href":"https:\/\/dev.explora.cl\/ohiggins\/wp-json\/wp\/v2\/posts\/38672","targetHints":{"allow":["GET"]}}],"collection":[{"href":"https:\/\/dev.explora.cl\/ohiggins\/wp-json\/wp\/v2\/posts"}],"about":[{"href":"https:\/\/dev.explora.cl\/ohiggins\/wp-json\/wp\/v2\/types\/post"}],"author":[{"embeddable":true,"href":"https:\/\/dev.explora.cl\/ohiggins\/wp-json\/wp\/v2\/users\/23"}],"replies":[{"embeddable":true,"href":"https:\/\/dev.explora.cl\/ohiggins\/wp-json\/wp\/v2\/comments?post=38672"}],"version-history":[{"count":1,"href":"https:\/\/dev.explora.cl\/ohiggins\/wp-json\/wp\/v2\/posts\/38672\/revisions"}],"predecessor-version":[{"id":38674,"href":"https:\/\/dev.explora.cl\/ohiggins\/wp-json\/wp\/v2\/posts\/38672\/revisions\/38674"}],"wp:featuredmedia":[{"embeddable":true,"href":"https:\/\/dev.explora.cl\/ohiggins\/wp-json\/wp\/v2\/media\/38673"}],"wp:attachment":[{"href":"https:\/\/dev.explora.cl\/ohiggins\/wp-json\/wp\/v2\/media?parent=38672"}],"wp:term":[{"taxonomy":"category","embeddable":true,"href":"https:\/\/dev.explora.cl\/ohiggins\/wp-json\/wp\/v2\/categories?post=38672"},{"taxonomy":"post_tag","embeddable":true,"href":"https:\/\/dev.explora.cl\/ohiggins\/wp-json\/wp\/v2\/tags?post=38672"}],"curies":[{"name":"wp","href":"https:\/\/api.w.org\/{rel}","templated":true}]}}