{"id":38509,"date":"2020-08-13T08:42:20","date_gmt":"2020-08-13T12:42:20","guid":{"rendered":"https:\/\/dev.explora.cl\/ohiggins\/?p=38509"},"modified":"2020-08-13T08:42:20","modified_gmt":"2020-08-13T12:42:20","slug":"maraton-de-astronomia-para-ninos-este-sabado-15-y-domingo-16-de-agosto","status":"publish","type":"post","link":"https:\/\/dev.explora.cl\/ohiggins\/maraton-de-astronomia-para-ninos-este-sabado-15-y-domingo-16-de-agosto\/","title":{"rendered":"Marat\u00f3n de Astronom\u00eda para ni\u00f1os este s\u00e1bado 15 y domingo 16 de Agosto"},"content":{"rendered":"<p>Big Bang, Las Galaxias, las Estrellas, los Eclipses, los Super H\u00e9roes y sus aventuras espaciales, son algunos de los temas que podr\u00e1n conocer los ni\u00f1os y ni\u00f1as este fin de semana, a trav\u00e9s de la #Marat\u00f3ndeAstronom\u00eda que organiza la Universidad de Chile en conjunto con CATA, Centro de Excelencia en Astrof\u00edsica CATA.<\/p>\n<p>\u201cChile es la capital de la astronom\u00eda del mundo, y este fin de semana queremos que los m\u00e1s chiquitos de la casa se enteren qu\u00e9 hay m\u00e1s all\u00e1 de las nubes. Las charlas est\u00e1n pensadas y dise\u00f1adas para que todas y todos se lleven un pedacito del cosmos para sus hogares\u201d, as\u00ed lo explica Mar\u00eda Teresa Ruiz, Premio Nacional de Ciencias Exactas 1997 y Directora del Centro de Excelencia en Astrof\u00edsica CATA.<\/p>\n<p>La actividad, cuya adhesi\u00f3n ser\u00e1 completamente gratuita, se realizar\u00e1 entre los d\u00edas s\u00e1bado 15 y domingo 16 de agosto en el marco del fin de semana del d\u00eda del ni\u00f1o. El ciclo, ser\u00e1 replicado en las redes sociales de m\u00e1s 20 entidades que apoyan la divulgaci\u00f3n cient\u00edfica en el pa\u00eds, y concluir\u00e1 con una charla magistral del profesor Jos\u00e9 Maza.<\/p>\n<p>\u201cLa educaci\u00f3n de las nuevas generaciones es algo clave. Estamos orgullosos que 6 de las 8 ponencias ser\u00e1n hechas por cient\u00edficas mujeres\u201d, indica Patricio Rojo, Director del Departamento de Astronom\u00eda de la Facultad de Ciencias F\u00edsicas y Matem\u00e1ticas de la Universidad de Chile.<\/p>\n<p>\u201cSomos una Instituci\u00f3n P\u00fablica que ve con claridad que los ni\u00f1os son el futuro de Chile. Queremos que estas ocho charlas sean viaje por el cosmos y que ellas que las ni\u00f1as y ni\u00f1os de cada rinc\u00f3n de Chile puedan ver el cielo con otros ojos. En un tiempo en que Chile sufre tanto por el Covid 19, queremos que \u00e9ste sea un regalo de esperanza\u201d, concluye Ennio Vivaldi, Rector de la Universidad de Chile<\/p>\n<p>Todas las charlas se transmitir\u00e1n simult\u00e1neamente a trav\u00e9s de los fanpage de Facebook de: instituciones participantes y por su puesto del Par Explora O&#8217;Higgins https:\/\/www.facebook.com\/parexploraohiggins\/<\/p>\n<p>1.- Universidad de Chile https:\/\/www.facebook.com\/uchile\/<\/p>\n<p>2.- Centro de Astrof\u00edsica CATA https:\/\/www.facebook.com\/centrodeastrofisicacata\/<\/p>\n<p>3.- Departamento de Astronom\u00eda FCFM Universidad de Chile https:\/\/www.facebook.com\/DASUCHILE\/<\/p>\n<p>&nbsp;<\/p>\n<h3><strong>PROGRAMA<\/strong><\/h3>\n<h4>SABADO 15 DE AGOSTO<\/h4>\n<p>Charla 1: C\u00f3mo nacen las estrellas<\/p>\n<p>Horario: 11:00 horas<\/p>\n<p>Charlista: Victoria P\u00e9rez, Astronom\u00eda Uchile y divulgadora del Centro de Astrof\u00edsica CATA.<\/p>\n<p>Duraci\u00f3n: 20 minutos<\/p>\n<p>P\u00fablico objetivo: Estudiantes de entre 8 y 12 a\u00f1os<\/p>\n<p>&nbsp;<\/p>\n<p>Charla 2: Eclipses Totales de Sol<\/p>\n<p>Horario: 12:30 horas<\/p>\n<p>Charlista: Antonia Fern\u00e1ndez, Astronom\u00eda Uchile y divulgadora del Centro de Astrof\u00edsica CATA.<\/p>\n<p>Duraci\u00f3n: 20 minutos<\/p>\n<p>P\u00fablico objetivo: Estudiantes de entre 8 y 12 a\u00f1os<\/p>\n<p>&nbsp;<\/p>\n<p>Charla 3: S\u00faper h\u00e9roes gal\u00e1cticos<\/p>\n<p>Horario: 17:00 horas<\/p>\n<p>Charlista: Robbie Barrera, Licenciado en F\u00edsica y Matem\u00e1ticas de la Universidad de Santiago de Chile y Divulgador cient\u00edfico del Centro de Astrof\u00edsica CATA.<\/p>\n<p>Duraci\u00f3n: 30 minutos<\/p>\n<p>P\u00fablico Objetivo: Estudiantes de entre 8 y 12 a\u00f1os<\/p>\n<p>&nbsp;<\/p>\n<p>Charla 4: Faros del cosmos, Galaxias<\/p>\n<p>Horario: 18:30 horas<\/p>\n<p>Charlista: Jennifer Anguita, Astronom\u00eda Uchile y divulgadora del Centro de Astrof\u00edsica CATA.<\/p>\n<p>Duraci\u00f3n: 30 minutos<\/p>\n<p>P\u00fablico Objetivo: Estudiantes de entre 5 y 8 a\u00f1os<\/p>\n<p>&nbsp;<\/p>\n<p><strong>DOMINGO 16 DE AGOSTO<\/strong><\/p>\n<p>Charla 1: Planetas y Extraterrestres en nuestro Universo<\/p>\n<p>Horario: 11:00 horas<\/p>\n<p>Charlista: Teresa Paneque, Astronom\u00eda Uchile y divulgadora del Centro de Astrof\u00edsica CATA.<\/p>\n<p>Duraci\u00f3n: 20 minutos<\/p>\n<p>P\u00fablico objetivo: Estudiantes de entre 8 y 12 a\u00f1os<\/p>\n<p>&nbsp;<\/p>\n<p>Charla 2: El comienzo de todo. El Big Bang<\/p>\n<p>Horario: 12:30 horas<\/p>\n<p>Charlista: Bernardita Ried, estudiante del Mag\u00edster en ciencias menci\u00f3n F\u00edsica FCFM U. de Chile y divulgadora CATA<\/p>\n<p>Duraci\u00f3n: 20 minutos<\/p>\n<p>P\u00fablico objetivo: Estudiantes de entre 8 y 12 a\u00f1os<\/p>\n<p>&nbsp;<\/p>\n<p>Charla 3: Nuestro lugar en el Universo<\/p>\n<p>Horario: 17:00 horas<\/p>\n<p>Charlista: Francisca Contreras, Licenciada en Astronom\u00eda FCFM U. de Chile y divulgadora del Centro de Astrof\u00edsica CATA<\/p>\n<p>Duraci\u00f3n: 30 minutos<\/p>\n<p>P\u00fablico objetivo: Estudiantes de entre 8 y 12 a\u00f1os<\/p>\n<p>&nbsp;<\/p>\n<p>Charla 4: El Sol y la Luna. Charla Magistral<\/p>\n<p>Horario: 18:30 horas<\/p>\n<p>Charlista: Jos\u00e9 Maza, Astr\u00f3nomo FCFM U. de Chile, Jefe de Comunicaciones Centro de Astrof\u00edsica CATA y Premio Nacional de Ciencias Exactas 1999.<\/p>\n<p>Duraci\u00f3n: 30 minutos<\/p>\n<p>P\u00fablico objetivo: Para todo p\u00fablico. (Se sugiere desde los 8 a\u00f1os de edad)<\/p>\n<p>&nbsp;<\/p>\n<p>Participan: Universidad de Chile, el Centro de Excelencia en Astrof\u00edsica CATA y del Departamento de Astronom\u00eda FCFM de la Universidad de Chile y todas ellas ser\u00e1n compartidas por las instituciones amigas que las replicar\u00e1n estas son: Par Explora Arica y Parinacota, Par Explora Tarapac\u00e1, Par Explora Antofagasta, Par Explora Coquimbo, Par Explora Valpara\u00edso, Par Explora O\u2019Higgins, Par Explora Maule, Par Explora Nuble.\u00a0 A ellos se sumar\u00e1n el Ministerio de Ciencias y Tecnolog\u00eda, Fundaci\u00f3n Chile 2100, Editorial Planeta, la Municipalidad de Panguipulli, La Municipalidad de Vicu\u00f1a, La Corporaci\u00f3n de Turismo de Vicu\u00f1a y el Observatorio Pocuro.<\/p>\n","protected":false},"excerpt":{"rendered":"<p>Big Bang, Las Galaxias, las Estrellas, los Eclipses, los Super H\u00e9roes y sus aventuras espaciales, son algunos de los temas que podr\u00e1n conocer los ni\u00f1os y ni\u00f1as este fin de semana, a trav\u00e9s de la #Marat\u00f3ndeAstronom\u00eda que organiza la Universidad de Chile en conjunto con CATA. <\/p>\n","protected":false},"author":23,"featured_media":38510,"comment_status":"open","ping_status":"open","sticky":false,"template":"","format":"standard","meta":{"_acf_changed":false,"_exactmetrics_skip_tracking":false,"_exactmetrics_sitenote_active":false,"_exactmetrics_sitenote_note":"","_exactmetrics_sitenote_category":0,"footnotes":"","_links_to":"","_links_to_target":""},"categories":[4],"tags":[],"class_list":["post-38509","post","type-post","status-publish","format-standard","has-post-thumbnail","hentry","category-noticias"],"acf":[],"yoast_head":"<!-- This site is optimized with the Yoast SEO plugin v26.7 - https:\/\/yoast.com\/wordpress\/plugins\/seo\/ -->\n<title>Marat\u00f3n de Astronom\u00eda para ni\u00f1os este s\u00e1bado 15 y domingo 16 de Agosto - O&#039;Higgins<\/title>\n<meta name=\"robots\" content=\"index, follow, max-snippet:-1, max-image-preview:large, max-video-preview:-1\" \/>\n<link rel=\"canonical\" href=\"https:\/\/dev.explora.cl\/ohiggins\/maraton-de-astronomia-para-ninos-este-sabado-15-y-domingo-16-de-agosto\/\" class=\"yoast-seo-meta-tag\" \/>\n<meta property=\"og:locale\" content=\"es_ES\" class=\"yoast-seo-meta-tag\" \/>\n<meta property=\"og:type\" content=\"article\" class=\"yoast-seo-meta-tag\" \/>\n<meta property=\"og:title\" content=\"Marat\u00f3n de Astronom\u00eda para ni\u00f1os este s\u00e1bado 15 y domingo 16 de Agosto - O&#039;Higgins\" class=\"yoast-seo-meta-tag\" \/>\n<meta property=\"og:description\" content=\"Big Bang, Las Galaxias, las Estrellas, los Eclipses, los Super H\u00e9roes y sus aventuras espaciales, son algunos de los temas que podr\u00e1n conocer los ni\u00f1os y ni\u00f1as este fin de semana, a trav\u00e9s de la #Marat\u00f3ndeAstronom\u00eda que organiza la Universidad de Chile en conjunto con CATA.\" class=\"yoast-seo-meta-tag\" \/>\n<meta property=\"og:url\" content=\"https:\/\/dev.explora.cl\/ohiggins\/maraton-de-astronomia-para-ninos-este-sabado-15-y-domingo-16-de-agosto\/\" class=\"yoast-seo-meta-tag\" \/>\n<meta property=\"og:site_name\" content=\"O&#039;Higgins\" class=\"yoast-seo-meta-tag\" \/>\n<meta property=\"article:published_time\" content=\"2020-08-13T12:42:20+00:00\" class=\"yoast-seo-meta-tag\" \/>\n<meta property=\"og:image\" content=\"https:\/\/dev.explora.cl\/ohiggins\/wp-content\/uploads\/sites\/8\/2020\/08\/Depositphotos_184758062_s-2019.jpg\" class=\"yoast-seo-meta-tag\" \/>\n\t<meta property=\"og:image:width\" content=\"1000\" class=\"yoast-seo-meta-tag\" \/>\n\t<meta property=\"og:image:height\" content=\"1000\" class=\"yoast-seo-meta-tag\" \/>\n\t<meta property=\"og:image:type\" content=\"image\/jpeg\" class=\"yoast-seo-meta-tag\" \/>\n<meta name=\"author\" content=\"nsalazar\" class=\"yoast-seo-meta-tag\" \/>\n<meta name=\"twitter:card\" content=\"summary_large_image\" class=\"yoast-seo-meta-tag\" \/>\n<meta name=\"twitter:label1\" content=\"Escrito por\" class=\"yoast-seo-meta-tag\" \/>\n\t<meta name=\"twitter:data1\" content=\"nsalazar\" class=\"yoast-seo-meta-tag\" \/>\n\t<meta name=\"twitter:label2\" content=\"Tiempo estimado de lectura\" class=\"yoast-seo-meta-tag\" \/>\n\t<meta name=\"twitter:data2\" content=\"4 minutos\" class=\"yoast-seo-meta-tag\" \/>\n<script type=\"application\/ld+json\" class=\"yoast-schema-graph\">{\"@context\":\"https:\/\/schema.org\",\"@graph\":[{\"@type\":\"Article\",\"@id\":\"https:\/\/dev.explora.cl\/ohiggins\/maraton-de-astronomia-para-ninos-este-sabado-15-y-domingo-16-de-agosto\/#article\",\"isPartOf\":{\"@id\":\"https:\/\/dev.explora.cl\/ohiggins\/maraton-de-astronomia-para-ninos-este-sabado-15-y-domingo-16-de-agosto\/\"},\"author\":{\"name\":\"nsalazar\",\"@id\":\"https:\/\/dev.explora.cl\/ohiggins\/#\/schema\/person\/3240d62ad2624da9148a475abbc509b0\"},\"headline\":\"Marat\u00f3n de Astronom\u00eda para ni\u00f1os este s\u00e1bado 15 y domingo 16 de Agosto\",\"datePublished\":\"2020-08-13T12:42:20+00:00\",\"mainEntityOfPage\":{\"@id\":\"https:\/\/dev.explora.cl\/ohiggins\/maraton-de-astronomia-para-ninos-este-sabado-15-y-domingo-16-de-agosto\/\"},\"wordCount\":852,\"commentCount\":0,\"image\":{\"@id\":\"https:\/\/dev.explora.cl\/ohiggins\/maraton-de-astronomia-para-ninos-este-sabado-15-y-domingo-16-de-agosto\/#primaryimage\"},\"thumbnailUrl\":\"https:\/\/dev.explora.cl\/ohiggins\/wp-content\/uploads\/sites\/8\/2020\/08\/Depositphotos_184758062_s-2019.jpg\",\"articleSection\":[\"Noticias\"],\"inLanguage\":\"es-CL\",\"potentialAction\":[{\"@type\":\"CommentAction\",\"name\":\"Comment\",\"target\":[\"https:\/\/dev.explora.cl\/ohiggins\/maraton-de-astronomia-para-ninos-este-sabado-15-y-domingo-16-de-agosto\/#respond\"]}]},{\"@type\":\"WebPage\",\"@id\":\"https:\/\/dev.explora.cl\/ohiggins\/maraton-de-astronomia-para-ninos-este-sabado-15-y-domingo-16-de-agosto\/\",\"url\":\"https:\/\/dev.explora.cl\/ohiggins\/maraton-de-astronomia-para-ninos-este-sabado-15-y-domingo-16-de-agosto\/\",\"name\":\"Marat\u00f3n de Astronom\u00eda para ni\u00f1os este s\u00e1bado 15 y domingo 16 de Agosto - O&#039;Higgins\",\"isPartOf\":{\"@id\":\"https:\/\/dev.explora.cl\/ohiggins\/#website\"},\"primaryImageOfPage\":{\"@id\":\"https:\/\/dev.explora.cl\/ohiggins\/maraton-de-astronomia-para-ninos-este-sabado-15-y-domingo-16-de-agosto\/#primaryimage\"},\"image\":{\"@id\":\"https:\/\/dev.explora.cl\/ohiggins\/maraton-de-astronomia-para-ninos-este-sabado-15-y-domingo-16-de-agosto\/#primaryimage\"},\"thumbnailUrl\":\"https:\/\/dev.explora.cl\/ohiggins\/wp-content\/uploads\/sites\/8\/2020\/08\/Depositphotos_184758062_s-2019.jpg\",\"datePublished\":\"2020-08-13T12:42:20+00:00\",\"author\":{\"@id\":\"https:\/\/dev.explora.cl\/ohiggins\/#\/schema\/person\/3240d62ad2624da9148a475abbc509b0\"},\"breadcrumb\":{\"@id\":\"https:\/\/dev.explora.cl\/ohiggins\/maraton-de-astronomia-para-ninos-este-sabado-15-y-domingo-16-de-agosto\/#breadcrumb\"},\"inLanguage\":\"es-CL\",\"potentialAction\":[{\"@type\":\"ReadAction\",\"target\":[\"https:\/\/dev.explora.cl\/ohiggins\/maraton-de-astronomia-para-ninos-este-sabado-15-y-domingo-16-de-agosto\/\"]}]},{\"@type\":\"ImageObject\",\"inLanguage\":\"es-CL\",\"@id\":\"https:\/\/dev.explora.cl\/ohiggins\/maraton-de-astronomia-para-ninos-este-sabado-15-y-domingo-16-de-agosto\/#primaryimage\",\"url\":\"https:\/\/dev.explora.cl\/ohiggins\/wp-content\/uploads\/sites\/8\/2020\/08\/Depositphotos_184758062_s-2019.jpg\",\"contentUrl\":\"https:\/\/dev.explora.cl\/ohiggins\/wp-content\/uploads\/sites\/8\/2020\/08\/Depositphotos_184758062_s-2019.jpg\",\"width\":1000,\"height\":1000,\"caption\":\"Space pattern with planets, stars and rocket. Vector illustration. Cartoon space background in flat design.\"},{\"@type\":\"BreadcrumbList\",\"@id\":\"https:\/\/dev.explora.cl\/ohiggins\/maraton-de-astronomia-para-ninos-este-sabado-15-y-domingo-16-de-agosto\/#breadcrumb\",\"itemListElement\":[{\"@type\":\"ListItem\",\"position\":1,\"name\":\"Portada\",\"item\":\"https:\/\/dev.explora.cl\/ohiggins\/\"},{\"@type\":\"ListItem\",\"position\":2,\"name\":\"Marat\u00f3n de Astronom\u00eda para ni\u00f1os este s\u00e1bado 15 y domingo 16 de Agosto\"}]},{\"@type\":\"WebSite\",\"@id\":\"https:\/\/dev.explora.cl\/ohiggins\/#website\",\"url\":\"https:\/\/dev.explora.cl\/ohiggins\/\",\"name\":\"O&#039;Higgins\",\"description\":\"Otro sitio m\u00e1s de dev.explora.cl\",\"potentialAction\":[{\"@type\":\"SearchAction\",\"target\":{\"@type\":\"EntryPoint\",\"urlTemplate\":\"https:\/\/dev.explora.cl\/ohiggins\/?s={search_term_string}\"},\"query-input\":{\"@type\":\"PropertyValueSpecification\",\"valueRequired\":true,\"valueName\":\"search_term_string\"}}],\"inLanguage\":\"es-CL\"},{\"@type\":\"Person\",\"@id\":\"https:\/\/dev.explora.cl\/ohiggins\/#\/schema\/person\/3240d62ad2624da9148a475abbc509b0\",\"name\":\"nsalazar\",\"image\":{\"@type\":\"ImageObject\",\"inLanguage\":\"es-CL\",\"@id\":\"https:\/\/dev.explora.cl\/ohiggins\/#\/schema\/person\/image\/\",\"url\":\"https:\/\/secure.gravatar.com\/avatar\/b8cf276f31998a0865a3b90e4d663d91b97848887282c9f9a56cad57ff01cc7e?s=96&d=mm&r=g\",\"contentUrl\":\"https:\/\/secure.gravatar.com\/avatar\/b8cf276f31998a0865a3b90e4d663d91b97848887282c9f9a56cad57ff01cc7e?s=96&d=mm&r=g\",\"caption\":\"nsalazar\"},\"url\":\"https:\/\/dev.explora.cl\/ohiggins\/author\/nsalazar\/\"}]}<\/script>\n<!-- \/ Yoast SEO plugin. -->","yoast_head_json":{"title":"Marat\u00f3n de Astronom\u00eda para ni\u00f1os este s\u00e1bado 15 y domingo 16 de Agosto - O&#039;Higgins","robots":{"index":"index","follow":"follow","max-snippet":"max-snippet:-1","max-image-preview":"max-image-preview:large","max-video-preview":"max-video-preview:-1"},"canonical":"https:\/\/dev.explora.cl\/ohiggins\/maraton-de-astronomia-para-ninos-este-sabado-15-y-domingo-16-de-agosto\/","og_locale":"es_ES","og_type":"article","og_title":"Marat\u00f3n de Astronom\u00eda para ni\u00f1os este s\u00e1bado 15 y domingo 16 de Agosto - O&#039;Higgins","og_description":"Big Bang, Las Galaxias, las Estrellas, los Eclipses, los Super H\u00e9roes y sus aventuras espaciales, son algunos de los temas que podr\u00e1n conocer los ni\u00f1os y ni\u00f1as este fin de semana, a trav\u00e9s de la #Marat\u00f3ndeAstronom\u00eda que organiza la Universidad de Chile en conjunto con CATA.","og_url":"https:\/\/dev.explora.cl\/ohiggins\/maraton-de-astronomia-para-ninos-este-sabado-15-y-domingo-16-de-agosto\/","og_site_name":"O&#039;Higgins","article_published_time":"2020-08-13T12:42:20+00:00","og_image":[{"width":1000,"height":1000,"url":"https:\/\/dev.explora.cl\/ohiggins\/wp-content\/uploads\/sites\/8\/2020\/08\/Depositphotos_184758062_s-2019.jpg","type":"image\/jpeg"}],"author":"nsalazar","twitter_card":"summary_large_image","twitter_misc":{"Escrito por":"nsalazar","Tiempo estimado de lectura":"4 minutos"},"schema":{"@context":"https:\/\/schema.org","@graph":[{"@type":"Article","@id":"https:\/\/dev.explora.cl\/ohiggins\/maraton-de-astronomia-para-ninos-este-sabado-15-y-domingo-16-de-agosto\/#article","isPartOf":{"@id":"https:\/\/dev.explora.cl\/ohiggins\/maraton-de-astronomia-para-ninos-este-sabado-15-y-domingo-16-de-agosto\/"},"author":{"name":"nsalazar","@id":"https:\/\/dev.explora.cl\/ohiggins\/#\/schema\/person\/3240d62ad2624da9148a475abbc509b0"},"headline":"Marat\u00f3n de Astronom\u00eda para ni\u00f1os este s\u00e1bado 15 y domingo 16 de Agosto","datePublished":"2020-08-13T12:42:20+00:00","mainEntityOfPage":{"@id":"https:\/\/dev.explora.cl\/ohiggins\/maraton-de-astronomia-para-ninos-este-sabado-15-y-domingo-16-de-agosto\/"},"wordCount":852,"commentCount":0,"image":{"@id":"https:\/\/dev.explora.cl\/ohiggins\/maraton-de-astronomia-para-ninos-este-sabado-15-y-domingo-16-de-agosto\/#primaryimage"},"thumbnailUrl":"https:\/\/dev.explora.cl\/ohiggins\/wp-content\/uploads\/sites\/8\/2020\/08\/Depositphotos_184758062_s-2019.jpg","articleSection":["Noticias"],"inLanguage":"es-CL","potentialAction":[{"@type":"CommentAction","name":"Comment","target":["https:\/\/dev.explora.cl\/ohiggins\/maraton-de-astronomia-para-ninos-este-sabado-15-y-domingo-16-de-agosto\/#respond"]}]},{"@type":"WebPage","@id":"https:\/\/dev.explora.cl\/ohiggins\/maraton-de-astronomia-para-ninos-este-sabado-15-y-domingo-16-de-agosto\/","url":"https:\/\/dev.explora.cl\/ohiggins\/maraton-de-astronomia-para-ninos-este-sabado-15-y-domingo-16-de-agosto\/","name":"Marat\u00f3n de Astronom\u00eda para ni\u00f1os este s\u00e1bado 15 y domingo 16 de Agosto - O&#039;Higgins","isPartOf":{"@id":"https:\/\/dev.explora.cl\/ohiggins\/#website"},"primaryImageOfPage":{"@id":"https:\/\/dev.explora.cl\/ohiggins\/maraton-de-astronomia-para-ninos-este-sabado-15-y-domingo-16-de-agosto\/#primaryimage"},"image":{"@id":"https:\/\/dev.explora.cl\/ohiggins\/maraton-de-astronomia-para-ninos-este-sabado-15-y-domingo-16-de-agosto\/#primaryimage"},"thumbnailUrl":"https:\/\/dev.explora.cl\/ohiggins\/wp-content\/uploads\/sites\/8\/2020\/08\/Depositphotos_184758062_s-2019.jpg","datePublished":"2020-08-13T12:42:20+00:00","author":{"@id":"https:\/\/dev.explora.cl\/ohiggins\/#\/schema\/person\/3240d62ad2624da9148a475abbc509b0"},"breadcrumb":{"@id":"https:\/\/dev.explora.cl\/ohiggins\/maraton-de-astronomia-para-ninos-este-sabado-15-y-domingo-16-de-agosto\/#breadcrumb"},"inLanguage":"es-CL","potentialAction":[{"@type":"ReadAction","target":["https:\/\/dev.explora.cl\/ohiggins\/maraton-de-astronomia-para-ninos-este-sabado-15-y-domingo-16-de-agosto\/"]}]},{"@type":"ImageObject","inLanguage":"es-CL","@id":"https:\/\/dev.explora.cl\/ohiggins\/maraton-de-astronomia-para-ninos-este-sabado-15-y-domingo-16-de-agosto\/#primaryimage","url":"https:\/\/dev.explora.cl\/ohiggins\/wp-content\/uploads\/sites\/8\/2020\/08\/Depositphotos_184758062_s-2019.jpg","contentUrl":"https:\/\/dev.explora.cl\/ohiggins\/wp-content\/uploads\/sites\/8\/2020\/08\/Depositphotos_184758062_s-2019.jpg","width":1000,"height":1000,"caption":"Space pattern with planets, stars and rocket. Vector illustration. Cartoon space background in flat design."},{"@type":"BreadcrumbList","@id":"https:\/\/dev.explora.cl\/ohiggins\/maraton-de-astronomia-para-ninos-este-sabado-15-y-domingo-16-de-agosto\/#breadcrumb","itemListElement":[{"@type":"ListItem","position":1,"name":"Portada","item":"https:\/\/dev.explora.cl\/ohiggins\/"},{"@type":"ListItem","position":2,"name":"Marat\u00f3n de Astronom\u00eda para ni\u00f1os este s\u00e1bado 15 y domingo 16 de Agosto"}]},{"@type":"WebSite","@id":"https:\/\/dev.explora.cl\/ohiggins\/#website","url":"https:\/\/dev.explora.cl\/ohiggins\/","name":"O&#039;Higgins","description":"Otro sitio m\u00e1s de dev.explora.cl","potentialAction":[{"@type":"SearchAction","target":{"@type":"EntryPoint","urlTemplate":"https:\/\/dev.explora.cl\/ohiggins\/?s={search_term_string}"},"query-input":{"@type":"PropertyValueSpecification","valueRequired":true,"valueName":"search_term_string"}}],"inLanguage":"es-CL"},{"@type":"Person","@id":"https:\/\/dev.explora.cl\/ohiggins\/#\/schema\/person\/3240d62ad2624da9148a475abbc509b0","name":"nsalazar","image":{"@type":"ImageObject","inLanguage":"es-CL","@id":"https:\/\/dev.explora.cl\/ohiggins\/#\/schema\/person\/image\/","url":"https:\/\/secure.gravatar.com\/avatar\/b8cf276f31998a0865a3b90e4d663d91b97848887282c9f9a56cad57ff01cc7e?s=96&d=mm&r=g","contentUrl":"https:\/\/secure.gravatar.com\/avatar\/b8cf276f31998a0865a3b90e4d663d91b97848887282c9f9a56cad57ff01cc7e?s=96&d=mm&r=g","caption":"nsalazar"},"url":"https:\/\/dev.explora.cl\/ohiggins\/author\/nsalazar\/"}]}},"_links":{"self":[{"href":"https:\/\/dev.explora.cl\/ohiggins\/wp-json\/wp\/v2\/posts\/38509","targetHints":{"allow":["GET"]}}],"collection":[{"href":"https:\/\/dev.explora.cl\/ohiggins\/wp-json\/wp\/v2\/posts"}],"about":[{"href":"https:\/\/dev.explora.cl\/ohiggins\/wp-json\/wp\/v2\/types\/post"}],"author":[{"embeddable":true,"href":"https:\/\/dev.explora.cl\/ohiggins\/wp-json\/wp\/v2\/users\/23"}],"replies":[{"embeddable":true,"href":"https:\/\/dev.explora.cl\/ohiggins\/wp-json\/wp\/v2\/comments?post=38509"}],"version-history":[{"count":1,"href":"https:\/\/dev.explora.cl\/ohiggins\/wp-json\/wp\/v2\/posts\/38509\/revisions"}],"predecessor-version":[{"id":38511,"href":"https:\/\/dev.explora.cl\/ohiggins\/wp-json\/wp\/v2\/posts\/38509\/revisions\/38511"}],"wp:featuredmedia":[{"embeddable":true,"href":"https:\/\/dev.explora.cl\/ohiggins\/wp-json\/wp\/v2\/media\/38510"}],"wp:attachment":[{"href":"https:\/\/dev.explora.cl\/ohiggins\/wp-json\/wp\/v2\/media?parent=38509"}],"wp:term":[{"taxonomy":"category","embeddable":true,"href":"https:\/\/dev.explora.cl\/ohiggins\/wp-json\/wp\/v2\/categories?post=38509"},{"taxonomy":"post_tag","embeddable":true,"href":"https:\/\/dev.explora.cl\/ohiggins\/wp-json\/wp\/v2\/tags?post=38509"}],"curies":[{"name":"wp","href":"https:\/\/api.w.org\/{rel}","templated":true}]}}