{"id":38440,"date":"2020-06-15T15:50:44","date_gmt":"2020-06-15T19:50:44","guid":{"rendered":"https:\/\/dev.explora.cl\/ohiggins\/?p=38440"},"modified":"2020-06-19T15:28:04","modified_gmt":"2020-06-19T19:28:04","slug":"pipe-2","status":"publish","type":"post","link":"https:\/\/dev.explora.cl\/ohiggins\/pipe-2\/","title":{"rendered":"Se abre convocatoria a Programa de Indagaci\u00f3n para Primeras Edades (PIPE)"},"content":{"rendered":"<p>Invitamos a las\/os educadores\/as de p\u00e1rvulo de la Regi\u00f3n de O&#8217;Higgins a participar del proceso de postulaci\u00f3n para la implementaci\u00f3n de la primera versi\u00f3n del Programa de Indagaci\u00f3n para Primeras Edades (PIPE), ejecutado, en la Regi\u00f3n de O\u2019Higgins, por el Proyecto Asociativo Regional, PAR Explora O\u2019Higgins, de la Universidad de O&#8217;Higgins (UOH).<\/p>\n<p>Esta iniciativa est\u00e1 orientada a facilitar el aprendizaje de las ciencias en la edad temprana y ofrece la oportunidad de estimular competencias como la observaci\u00f3n, inferencia y exploraci\u00f3n. A diferencia del modelo tradicional de ense\u00f1anza de las ciencias, en el modelo de indagaci\u00f3n, ni\u00f1as y ni\u00f1os tienen un rol fundamental en su propio aprendizaje.<\/p>\n<p>Las Educadores\/as seleccionados\/as podr\u00e1n participar\u00e1 de una capacitaci\u00f3n on line, a trav\u00e9s de la plataforma UCampus, mediante 20 sesiones correspondientes a talleres y charlas que permitir\u00e1n reforzar y fortalecer las habilidades, conocimientos y actitudes de las educadoras\/es de p\u00e1rvulo para que \u00e9stos\/as a su vez, puedan apoyar a los estudiantes en el desarrollo de las competencias del Programa Explora.<\/p>\n<p>Las asistentes a las jornadas podr\u00e1n acceder a un kit de materiales para trabajar en forma presencial con sus estudiantes o como apoyo para desarrollar material online para ellos. Tambi\u00e9n contar\u00e1n con acceso a una plataforma con material educativo: videos para replicar con sus apoderados y estudiantes en formato online.<\/p>\n<p>\u00bfQuienes pueden postular?<\/p>\n<p>Este concurso invita a establecimientos educacionales de la regi\u00f3n del O\u2019Higgins de todas las dependencias, que impartan Educaci\u00f3n Parvularia, en nivel medio mayor, Primer y Segundo Nivel de Transici\u00f3n, que cuenten con reconocimiento del Ministerio de Educaci\u00f3n (Fundaci\u00f3n Integra, JUNJI, VTF entre otros), y que est\u00e9n interesados y motivados en implementar un programa piloto de valoraci\u00f3n de la ciencia, cuya metodolog\u00eda se basa en la participaci\u00f3n protag\u00f3nica de los estudiantes.<\/p>\n<p>Los establecimientos podr\u00e1n postular a un m\u00e1ximo de dos Educadores\/as de P\u00e1rvulos, las que pueden asistir acompa\u00f1adas de una T\u00e9cnico\/a en Educaci\u00f3n Parvularia del mismo establecimiento, para la implementaci\u00f3n de la iniciativa en Educaci\u00f3n Parvularia.<\/p>\n<p>Interesados\/as en postular deben <strong>leer y descargar bases, completar el formulario y enviar carta de compromiso al correo explora.ohiggins@uoh.cl, antes del 30 de junio a las 17:00 horas.<\/strong><\/p>\n<p>Documentos:<\/p>\n<p><a href=\"https:\/\/dev.explora.cl\/ohiggins\/wp-content\/uploads\/sites\/8\/2020\/06\/BASES_PIPE-1.pdf\">BASES_de postulaci\u00f3n<\/a><\/p>\n<p><a href=\"https:\/\/forms.gle\/7fTMGWzZyHCfHtAz9\">Formulario en l\u00ednea<\/a><\/p>\n<p><a href=\"https:\/\/dev.explora.cl\/ohiggins\/wp-content\/uploads\/sites\/8\/2020\/06\/ANEXO-CARTA-DE-COMPROMISO-POSTULANTES-PIPE.docx\">ANEXO CARTA DE COMPROMISO POSTULANTES PIPE<\/a><\/p>\n","protected":false},"excerpt":{"rendered":"<p>Se abre convocatoria a Programa de Indagaci\u00f3n para Primeras Edades (PIPE)<\/p>\n","protected":false},"author":23,"featured_media":38442,"comment_status":"closed","ping_status":"closed","sticky":false,"template":"","format":"standard","meta":{"_acf_changed":false,"_exactmetrics_skip_tracking":false,"_exactmetrics_sitenote_active":false,"_exactmetrics_sitenote_note":"","_exactmetrics_sitenote_category":0,"footnotes":"","_links_to":"","_links_to_target":""},"categories":[151,136],"tags":[21,102,14],"class_list":["post-38440","post","type-post","status-publish","format-standard","has-post-thumbnail","hentry","category-banner","category-lugar-1","tag-explora-conicyt","tag-feria-cientifica","tag-investigacion-cientifica-escolar"],"acf":[],"yoast_head":"<!-- This site is optimized with the Yoast SEO plugin v26.7 - https:\/\/yoast.com\/wordpress\/plugins\/seo\/ -->\n<title>Se abre convocatoria a Programa de Indagaci\u00f3n para Primeras Edades (PIPE) - O&#039;Higgins<\/title>\n<meta name=\"robots\" content=\"index, follow, max-snippet:-1, max-image-preview:large, max-video-preview:-1\" \/>\n<link rel=\"canonical\" href=\"https:\/\/dev.explora.cl\/ohiggins\/pipe-2\/\" class=\"yoast-seo-meta-tag\" \/>\n<meta property=\"og:locale\" content=\"es_ES\" class=\"yoast-seo-meta-tag\" \/>\n<meta property=\"og:type\" content=\"article\" class=\"yoast-seo-meta-tag\" \/>\n<meta property=\"og:title\" content=\"Se abre convocatoria a Programa de Indagaci\u00f3n para Primeras Edades (PIPE) - O&#039;Higgins\" class=\"yoast-seo-meta-tag\" \/>\n<meta property=\"og:description\" content=\"Se abre convocatoria a Programa de Indagaci\u00f3n para Primeras Edades (PIPE)\" class=\"yoast-seo-meta-tag\" \/>\n<meta property=\"og:url\" content=\"https:\/\/dev.explora.cl\/ohiggins\/pipe-2\/\" class=\"yoast-seo-meta-tag\" \/>\n<meta property=\"og:site_name\" content=\"O&#039;Higgins\" class=\"yoast-seo-meta-tag\" \/>\n<meta property=\"article:published_time\" content=\"2020-06-15T19:50:44+00:00\" class=\"yoast-seo-meta-tag\" \/>\n<meta property=\"article:modified_time\" content=\"2020-06-19T19:28:04+00:00\" class=\"yoast-seo-meta-tag\" \/>\n<meta property=\"og:image\" content=\"https:\/\/dev.explora.cl\/ohiggins\/wp-content\/uploads\/sites\/8\/2020\/06\/banner-pipe-1.png\" class=\"yoast-seo-meta-tag\" \/>\n\t<meta property=\"og:image:width\" content=\"1024\" class=\"yoast-seo-meta-tag\" \/>\n\t<meta property=\"og:image:height\" content=\"512\" class=\"yoast-seo-meta-tag\" \/>\n\t<meta property=\"og:image:type\" content=\"image\/png\" class=\"yoast-seo-meta-tag\" \/>\n<meta name=\"author\" content=\"nsalazar\" class=\"yoast-seo-meta-tag\" \/>\n<meta name=\"twitter:card\" content=\"summary_large_image\" class=\"yoast-seo-meta-tag\" \/>\n<meta name=\"twitter:label1\" content=\"Escrito por\" class=\"yoast-seo-meta-tag\" \/>\n\t<meta name=\"twitter:data1\" content=\"nsalazar\" class=\"yoast-seo-meta-tag\" \/>\n\t<meta name=\"twitter:label2\" content=\"Tiempo estimado de lectura\" class=\"yoast-seo-meta-tag\" \/>\n\t<meta name=\"twitter:data2\" content=\"2 minutos\" class=\"yoast-seo-meta-tag\" \/>\n<script type=\"application\/ld+json\" class=\"yoast-schema-graph\">{\"@context\":\"https:\/\/schema.org\",\"@graph\":[{\"@type\":\"Article\",\"@id\":\"https:\/\/dev.explora.cl\/ohiggins\/pipe-2\/#article\",\"isPartOf\":{\"@id\":\"https:\/\/dev.explora.cl\/ohiggins\/pipe-2\/\"},\"author\":{\"name\":\"nsalazar\",\"@id\":\"https:\/\/dev.explora.cl\/ohiggins\/#\/schema\/person\/3240d62ad2624da9148a475abbc509b0\"},\"headline\":\"Se abre convocatoria a Programa de Indagaci\u00f3n para Primeras Edades (PIPE)\",\"datePublished\":\"2020-06-15T19:50:44+00:00\",\"dateModified\":\"2020-06-19T19:28:04+00:00\",\"mainEntityOfPage\":{\"@id\":\"https:\/\/dev.explora.cl\/ohiggins\/pipe-2\/\"},\"wordCount\":431,\"image\":{\"@id\":\"https:\/\/dev.explora.cl\/ohiggins\/pipe-2\/#primaryimage\"},\"thumbnailUrl\":\"https:\/\/dev.explora.cl\/ohiggins\/wp-content\/uploads\/sites\/8\/2020\/06\/banner-pipe-1.png\",\"keywords\":[\"Explora Conicyt\",\"Feria Cient\u00edfica\",\"investigaci\u00f3n cient\u00edfica escolar\"],\"articleSection\":[\"Banner\",\"Lugar 1\"],\"inLanguage\":\"es-CL\"},{\"@type\":\"WebPage\",\"@id\":\"https:\/\/dev.explora.cl\/ohiggins\/pipe-2\/\",\"url\":\"https:\/\/dev.explora.cl\/ohiggins\/pipe-2\/\",\"name\":\"Se abre convocatoria a Programa de Indagaci\u00f3n para Primeras Edades (PIPE) - O&#039;Higgins\",\"isPartOf\":{\"@id\":\"https:\/\/dev.explora.cl\/ohiggins\/#website\"},\"primaryImageOfPage\":{\"@id\":\"https:\/\/dev.explora.cl\/ohiggins\/pipe-2\/#primaryimage\"},\"image\":{\"@id\":\"https:\/\/dev.explora.cl\/ohiggins\/pipe-2\/#primaryimage\"},\"thumbnailUrl\":\"https:\/\/dev.explora.cl\/ohiggins\/wp-content\/uploads\/sites\/8\/2020\/06\/banner-pipe-1.png\",\"datePublished\":\"2020-06-15T19:50:44+00:00\",\"dateModified\":\"2020-06-19T19:28:04+00:00\",\"author\":{\"@id\":\"https:\/\/dev.explora.cl\/ohiggins\/#\/schema\/person\/3240d62ad2624da9148a475abbc509b0\"},\"breadcrumb\":{\"@id\":\"https:\/\/dev.explora.cl\/ohiggins\/pipe-2\/#breadcrumb\"},\"inLanguage\":\"es-CL\",\"potentialAction\":[{\"@type\":\"ReadAction\",\"target\":[\"https:\/\/dev.explora.cl\/ohiggins\/pipe-2\/\"]}]},{\"@type\":\"ImageObject\",\"inLanguage\":\"es-CL\",\"@id\":\"https:\/\/dev.explora.cl\/ohiggins\/pipe-2\/#primaryimage\",\"url\":\"https:\/\/dev.explora.cl\/ohiggins\/wp-content\/uploads\/sites\/8\/2020\/06\/banner-pipe-1.png\",\"contentUrl\":\"https:\/\/dev.explora.cl\/ohiggins\/wp-content\/uploads\/sites\/8\/2020\/06\/banner-pipe-1.png\",\"width\":1024,\"height\":512},{\"@type\":\"BreadcrumbList\",\"@id\":\"https:\/\/dev.explora.cl\/ohiggins\/pipe-2\/#breadcrumb\",\"itemListElement\":[{\"@type\":\"ListItem\",\"position\":1,\"name\":\"Portada\",\"item\":\"https:\/\/dev.explora.cl\/ohiggins\/\"},{\"@type\":\"ListItem\",\"position\":2,\"name\":\"Se abre convocatoria a Programa de Indagaci\u00f3n para Primeras Edades (PIPE)\"}]},{\"@type\":\"WebSite\",\"@id\":\"https:\/\/dev.explora.cl\/ohiggins\/#website\",\"url\":\"https:\/\/dev.explora.cl\/ohiggins\/\",\"name\":\"O&#039;Higgins\",\"description\":\"Otro sitio m\u00e1s de dev.explora.cl\",\"potentialAction\":[{\"@type\":\"SearchAction\",\"target\":{\"@type\":\"EntryPoint\",\"urlTemplate\":\"https:\/\/dev.explora.cl\/ohiggins\/?s={search_term_string}\"},\"query-input\":{\"@type\":\"PropertyValueSpecification\",\"valueRequired\":true,\"valueName\":\"search_term_string\"}}],\"inLanguage\":\"es-CL\"},{\"@type\":\"Person\",\"@id\":\"https:\/\/dev.explora.cl\/ohiggins\/#\/schema\/person\/3240d62ad2624da9148a475abbc509b0\",\"name\":\"nsalazar\",\"image\":{\"@type\":\"ImageObject\",\"inLanguage\":\"es-CL\",\"@id\":\"https:\/\/dev.explora.cl\/ohiggins\/#\/schema\/person\/image\/\",\"url\":\"https:\/\/secure.gravatar.com\/avatar\/b8cf276f31998a0865a3b90e4d663d91b97848887282c9f9a56cad57ff01cc7e?s=96&d=mm&r=g\",\"contentUrl\":\"https:\/\/secure.gravatar.com\/avatar\/b8cf276f31998a0865a3b90e4d663d91b97848887282c9f9a56cad57ff01cc7e?s=96&d=mm&r=g\",\"caption\":\"nsalazar\"},\"url\":\"https:\/\/dev.explora.cl\/ohiggins\/author\/nsalazar\/\"}]}<\/script>\n<!-- \/ Yoast SEO plugin. -->","yoast_head_json":{"title":"Se abre convocatoria a Programa de Indagaci\u00f3n para Primeras Edades (PIPE) - O&#039;Higgins","robots":{"index":"index","follow":"follow","max-snippet":"max-snippet:-1","max-image-preview":"max-image-preview:large","max-video-preview":"max-video-preview:-1"},"canonical":"https:\/\/dev.explora.cl\/ohiggins\/pipe-2\/","og_locale":"es_ES","og_type":"article","og_title":"Se abre convocatoria a Programa de Indagaci\u00f3n para Primeras Edades (PIPE) - O&#039;Higgins","og_description":"Se abre convocatoria a Programa de Indagaci\u00f3n para Primeras Edades (PIPE)","og_url":"https:\/\/dev.explora.cl\/ohiggins\/pipe-2\/","og_site_name":"O&#039;Higgins","article_published_time":"2020-06-15T19:50:44+00:00","article_modified_time":"2020-06-19T19:28:04+00:00","og_image":[{"width":1024,"height":512,"url":"https:\/\/dev.explora.cl\/ohiggins\/wp-content\/uploads\/sites\/8\/2020\/06\/banner-pipe-1.png","type":"image\/png"}],"author":"nsalazar","twitter_card":"summary_large_image","twitter_misc":{"Escrito por":"nsalazar","Tiempo estimado de lectura":"2 minutos"},"schema":{"@context":"https:\/\/schema.org","@graph":[{"@type":"Article","@id":"https:\/\/dev.explora.cl\/ohiggins\/pipe-2\/#article","isPartOf":{"@id":"https:\/\/dev.explora.cl\/ohiggins\/pipe-2\/"},"author":{"name":"nsalazar","@id":"https:\/\/dev.explora.cl\/ohiggins\/#\/schema\/person\/3240d62ad2624da9148a475abbc509b0"},"headline":"Se abre convocatoria a Programa de Indagaci\u00f3n para Primeras Edades (PIPE)","datePublished":"2020-06-15T19:50:44+00:00","dateModified":"2020-06-19T19:28:04+00:00","mainEntityOfPage":{"@id":"https:\/\/dev.explora.cl\/ohiggins\/pipe-2\/"},"wordCount":431,"image":{"@id":"https:\/\/dev.explora.cl\/ohiggins\/pipe-2\/#primaryimage"},"thumbnailUrl":"https:\/\/dev.explora.cl\/ohiggins\/wp-content\/uploads\/sites\/8\/2020\/06\/banner-pipe-1.png","keywords":["Explora Conicyt","Feria Cient\u00edfica","investigaci\u00f3n cient\u00edfica escolar"],"articleSection":["Banner","Lugar 1"],"inLanguage":"es-CL"},{"@type":"WebPage","@id":"https:\/\/dev.explora.cl\/ohiggins\/pipe-2\/","url":"https:\/\/dev.explora.cl\/ohiggins\/pipe-2\/","name":"Se abre convocatoria a Programa de Indagaci\u00f3n para Primeras Edades (PIPE) - O&#039;Higgins","isPartOf":{"@id":"https:\/\/dev.explora.cl\/ohiggins\/#website"},"primaryImageOfPage":{"@id":"https:\/\/dev.explora.cl\/ohiggins\/pipe-2\/#primaryimage"},"image":{"@id":"https:\/\/dev.explora.cl\/ohiggins\/pipe-2\/#primaryimage"},"thumbnailUrl":"https:\/\/dev.explora.cl\/ohiggins\/wp-content\/uploads\/sites\/8\/2020\/06\/banner-pipe-1.png","datePublished":"2020-06-15T19:50:44+00:00","dateModified":"2020-06-19T19:28:04+00:00","author":{"@id":"https:\/\/dev.explora.cl\/ohiggins\/#\/schema\/person\/3240d62ad2624da9148a475abbc509b0"},"breadcrumb":{"@id":"https:\/\/dev.explora.cl\/ohiggins\/pipe-2\/#breadcrumb"},"inLanguage":"es-CL","potentialAction":[{"@type":"ReadAction","target":["https:\/\/dev.explora.cl\/ohiggins\/pipe-2\/"]}]},{"@type":"ImageObject","inLanguage":"es-CL","@id":"https:\/\/dev.explora.cl\/ohiggins\/pipe-2\/#primaryimage","url":"https:\/\/dev.explora.cl\/ohiggins\/wp-content\/uploads\/sites\/8\/2020\/06\/banner-pipe-1.png","contentUrl":"https:\/\/dev.explora.cl\/ohiggins\/wp-content\/uploads\/sites\/8\/2020\/06\/banner-pipe-1.png","width":1024,"height":512},{"@type":"BreadcrumbList","@id":"https:\/\/dev.explora.cl\/ohiggins\/pipe-2\/#breadcrumb","itemListElement":[{"@type":"ListItem","position":1,"name":"Portada","item":"https:\/\/dev.explora.cl\/ohiggins\/"},{"@type":"ListItem","position":2,"name":"Se abre convocatoria a Programa de Indagaci\u00f3n para Primeras Edades (PIPE)"}]},{"@type":"WebSite","@id":"https:\/\/dev.explora.cl\/ohiggins\/#website","url":"https:\/\/dev.explora.cl\/ohiggins\/","name":"O&#039;Higgins","description":"Otro sitio m\u00e1s de dev.explora.cl","potentialAction":[{"@type":"SearchAction","target":{"@type":"EntryPoint","urlTemplate":"https:\/\/dev.explora.cl\/ohiggins\/?s={search_term_string}"},"query-input":{"@type":"PropertyValueSpecification","valueRequired":true,"valueName":"search_term_string"}}],"inLanguage":"es-CL"},{"@type":"Person","@id":"https:\/\/dev.explora.cl\/ohiggins\/#\/schema\/person\/3240d62ad2624da9148a475abbc509b0","name":"nsalazar","image":{"@type":"ImageObject","inLanguage":"es-CL","@id":"https:\/\/dev.explora.cl\/ohiggins\/#\/schema\/person\/image\/","url":"https:\/\/secure.gravatar.com\/avatar\/b8cf276f31998a0865a3b90e4d663d91b97848887282c9f9a56cad57ff01cc7e?s=96&d=mm&r=g","contentUrl":"https:\/\/secure.gravatar.com\/avatar\/b8cf276f31998a0865a3b90e4d663d91b97848887282c9f9a56cad57ff01cc7e?s=96&d=mm&r=g","caption":"nsalazar"},"url":"https:\/\/dev.explora.cl\/ohiggins\/author\/nsalazar\/"}]}},"_links":{"self":[{"href":"https:\/\/dev.explora.cl\/ohiggins\/wp-json\/wp\/v2\/posts\/38440","targetHints":{"allow":["GET"]}}],"collection":[{"href":"https:\/\/dev.explora.cl\/ohiggins\/wp-json\/wp\/v2\/posts"}],"about":[{"href":"https:\/\/dev.explora.cl\/ohiggins\/wp-json\/wp\/v2\/types\/post"}],"author":[{"embeddable":true,"href":"https:\/\/dev.explora.cl\/ohiggins\/wp-json\/wp\/v2\/users\/23"}],"replies":[{"embeddable":true,"href":"https:\/\/dev.explora.cl\/ohiggins\/wp-json\/wp\/v2\/comments?post=38440"}],"version-history":[{"count":5,"href":"https:\/\/dev.explora.cl\/ohiggins\/wp-json\/wp\/v2\/posts\/38440\/revisions"}],"predecessor-version":[{"id":38450,"href":"https:\/\/dev.explora.cl\/ohiggins\/wp-json\/wp\/v2\/posts\/38440\/revisions\/38450"}],"wp:featuredmedia":[{"embeddable":true,"href":"https:\/\/dev.explora.cl\/ohiggins\/wp-json\/wp\/v2\/media\/38442"}],"wp:attachment":[{"href":"https:\/\/dev.explora.cl\/ohiggins\/wp-json\/wp\/v2\/media?parent=38440"}],"wp:term":[{"taxonomy":"category","embeddable":true,"href":"https:\/\/dev.explora.cl\/ohiggins\/wp-json\/wp\/v2\/categories?post=38440"},{"taxonomy":"post_tag","embeddable":true,"href":"https:\/\/dev.explora.cl\/ohiggins\/wp-json\/wp\/v2\/tags?post=38440"}],"curies":[{"name":"wp","href":"https:\/\/api.w.org\/{rel}","templated":true}]}}