{"id":38410,"date":"2020-04-11T11:06:51","date_gmt":"2020-04-11T15:06:51","guid":{"rendered":"https:\/\/dev.explora.cl\/ohiggins\/?p=38410"},"modified":"2020-06-25T14:27:01","modified_gmt":"2020-06-25T18:27:01","slug":"coronavirus_mascarilla","status":"publish","type":"post","link":"https:\/\/dev.explora.cl\/ohiggins\/coronavirus_mascarilla\/","title":{"rendered":"Mascarilla contra el coronavirus: \u00bfCu\u00e1les son las m\u00e1s efectivas y c\u00f3mo usarlas?"},"content":{"rendered":"<h3>El uso de la mascarilla ha generado pol\u00e9mica los \u00faltimos d\u00edas, recibimos tanta informaci\u00f3n que es dif\u00edcil discriminar cu\u00e1l es la recomendaci\u00f3n m\u00e1s adecuada. PAR Explora O\u2019Higgins ha querido recopilar y corroborar la informaci\u00f3n disponible y para ello hemos generado contacto con dos especialistas en el tema, ellos son Paola Salas, M\u00e1ster en epidemiolog\u00eda y Dra. En Salud P\u00fablica, acad\u00e9mica de la Universidad de la Serena y Mario Chiong, Director del PAR RM Norte Dr. Mario Chiong, cient\u00edfico, investigador del Centro de Estudios Avanzados en Enfermedades Cr\u00f3nicas (ACCDIS).<\/h3>\n<p><strong>Por qu\u00e9 es importante el uso de la mascarilla<\/strong><\/p>\n<figure id=\"attachment_38416\" aria-describedby=\"caption-attachment-38416\" style=\"width: 275px\" class=\"wp-caption alignleft\"><img loading=\"lazy\" decoding=\"async\" class=\"wp-image-38416 size-full\" src=\"https:\/\/dev.explora.cl\/ohiggins\/wp-content\/uploads\/sites\/8\/2020\/04\/paola-salas.jpg\" alt=\"\" width=\"275\" height=\"183\" \/><figcaption id=\"caption-attachment-38416\" class=\"wp-caption-text\">Dra. Paola Salas, acad\u00e9mica Universidad de La Serena<\/figcaption><\/figure>\n<p>La Organizaci\u00f3n Mundial de la Salud (OMS), tras los nuevos estudios cient\u00edficos respaldados por el Centro para el Control y la Prevenci\u00f3n de Enfermedades (CDC) ha recomendado el uso de la mascarilla como una forma de prevenci\u00f3n de la expansi\u00f3n del virus. Esto ocurre en estos momentos porque, seg\u00fan nos explica la especialista Paola Salas, la tasa de infectividad del virus ha crecido. \u201cHace poco se establec\u00eda que por cada persona positiva exist\u00eda la posibilidad que se infectaran 3 personas m\u00e1s, los estudios hoy est\u00e1n evidenciando que esta propagaci\u00f3n -dado lo explosivo del contagio- sea mayor, habiendo estudios que se\u00f1alan, incluso, un promedio de 15 personas contagiadas por un infectado\u201d.\u00a0 A esto se suma que la tasa en promedio de crecimiento, ha ido en aumento y, en nuestro pa\u00eds existen zonas, como la Araucan\u00eda, en las que \u00e9ste ha sido demasiado agresivo. Otro factor que influye es que no se conoce la cantidad de contagiados asintom\u00e1ticos que pueden estar expandiendo el contagio. \u201cLa nueva evidencia se\u00f1ala agresividad m\u00e1s alta, por eso hay que tomar medidas m\u00e1s extremas, de ah\u00ed que la OMS recomendara ahora el uso de mascarillas para toda la comunidad\u201d, se\u00f1ala la Dra. en Salud p\u00fablica.<\/p>\n<p><strong>Qu\u00e9 mascarillas sirven y por qu\u00e9<\/strong><\/p>\n<p>Cabe se\u00f1alar que el uso de la mascarilla no es 100% efectivo y que debe ir acompa\u00f1ado de otra serie de medidas para evitar el contagio. Para efectos de esta explicaci\u00f3n, podemos dividir las mascarillas en cuatro tipos: N95, quir\u00fargica, de g\u00e9nero y otras.<\/p>\n<p><strong><img loading=\"lazy\" decoding=\"async\" class=\" wp-image-38411 alignright\" src=\"https:\/\/dev.explora.cl\/ohiggins\/wp-content\/uploads\/sites\/8\/2020\/04\/mascarilla-N95_-300x228.jpg\" alt=\"\" width=\"190\" height=\"144\" srcset=\"https:\/\/dev.explora.cl\/ohiggins\/wp-content\/uploads\/sites\/8\/2020\/04\/mascarilla-N95_-300x228.jpg 300w, https:\/\/dev.explora.cl\/ohiggins\/wp-content\/uploads\/sites\/8\/2020\/04\/mascarilla-N95_.jpg 667w\" sizes=\"auto, (max-width: 190px) 100vw, 190px\" \/>Mascarillas N95<\/strong>: son las m\u00e1s efectivas, \u201cpues impiden en mayor porcentaje el ingreso del virus a las v\u00edas respiratorias\u201d, comenta Salas. Est\u00e1n indicadas para el uso\u00a0en los hospitales, porque all\u00ed se atienden los casos positivos. Tiene el mayor filtro comprobado con controles de calidad externo. Su efectividad depende del buen ajuste en la nariz y tiene una duraci\u00f3n de unos dos o tres d\u00edas.<\/p>\n<p>&nbsp;<\/p>\n<p><strong><img loading=\"lazy\" decoding=\"async\" class=\"size-medium wp-image-38412 alignleft\" src=\"https:\/\/dev.explora.cl\/ohiggins\/wp-content\/uploads\/sites\/8\/2020\/04\/mascarilla-quir\u00fargica-300x207.png\" alt=\"\" width=\"300\" height=\"207\" srcset=\"https:\/\/dev.explora.cl\/ohiggins\/wp-content\/uploads\/sites\/8\/2020\/04\/mascarilla-quir\u00fargica-300x207.png 300w, https:\/\/dev.explora.cl\/ohiggins\/wp-content\/uploads\/sites\/8\/2020\/04\/mascarilla-quir\u00fargica.png 574w\" sizes=\"auto, (max-width: 300px) 100vw, 300px\" \/>Mascarillas quir\u00fargicas<\/strong>: como ya no hay N95 a la venta, se recomienda el uso de este tipo, que se compran en farmacias. De color verde cuentan con una banda de metal en la parte de arriba, tienen un filtro interior de un g\u00e9nero llamado politropileno y por fuera est\u00e1n recubiertas con otro g\u00e9nero denominado ray\u00f3n. Seg\u00fan indica la m\u00e1ster en epidemiolog\u00eda estas mascarillas podr\u00edan ser elaboradas para distribuci\u00f3n por personas que contaran con este material. Tienen una duraci\u00f3n m\u00e1xima de 4 horas y si se humedece es importante dejar de usarla.<\/p>\n<p>&nbsp;<\/p>\n<p><strong><img loading=\"lazy\" decoding=\"async\" class=\"size-medium wp-image-38413 alignleft\" src=\"https:\/\/dev.explora.cl\/ohiggins\/wp-content\/uploads\/sites\/8\/2020\/04\/mascarilla-bandana-300x168.jpg\" alt=\"\" width=\"300\" height=\"168\" srcset=\"https:\/\/dev.explora.cl\/ohiggins\/wp-content\/uploads\/sites\/8\/2020\/04\/mascarilla-bandana-300x168.jpg 300w, https:\/\/dev.explora.cl\/ohiggins\/wp-content\/uploads\/sites\/8\/2020\/04\/mascarilla-bandana-768x430.jpg 768w, https:\/\/dev.explora.cl\/ohiggins\/wp-content\/uploads\/sites\/8\/2020\/04\/mascarilla-bandana-1024x573.jpg 1024w, https:\/\/dev.explora.cl\/ohiggins\/wp-content\/uploads\/sites\/8\/2020\/04\/mascarilla-bandana.jpg 1280w\" sizes=\"auto, (max-width: 300px) 100vw, 300px\" \/>Mascarillas de g\u00e9nero<\/strong>: son las recomendadas por el Ministerio de Salud en caso de no contar con el insumo, se puede armar en casa con dos el\u00e1sticos y g\u00e9nero; tienen una forma especial de doblarse. Son efectivas\u00a0mientras se usen con las precauciones necesarias: \u201cpuedes lavarla, eso quiere decir que sales a comprar y te pones la mascarilla de g\u00e9nero, con los hilos de el\u00e1stico, no te la sacas. Llegas a tu casa, la sacas desde atr\u00e1s de tus orejas, no la tocas y la pones en un recipiente con agua caliente (a 70\u00b0 a 90\u00b0 ideal) con detergente habitual y la lavas. La cuelgas al sol, la planchas y la puedes volver a utilizar\u201d, destaca Paola Salas.<\/p>\n<p><strong>Otras mascarillas<\/strong><\/p>\n<p>Mucho se habla de otro tipo de mascarillas, algunas de ellas incluso se han propuesto como alternativa en esta crisis. Las mascarillas 3D por ejemplo que seg\u00fan nos explica la entrevistada \u201cson m\u00e1s dif\u00edciles de fabricar porque en general la tecnolog\u00eda 3D utiliza la elaboraci\u00f3n de material m\u00e1s s\u00f3lido o r\u00edgido\u201d, por tanto, recomienda que esta tecnolog\u00eda sea usada m\u00e1s bien en la elaboraci\u00f3n de los escudos faciales, m\u00e1scaras para intubar o incluso como ventilador mec\u00e1nico manual.<\/p>\n<p>Tambi\u00e9n existen las mascarillas para la poluci\u00f3n, la contaminaci\u00f3n ambiental. \u201cEn ese caso hay que tener presente que el virus mide entre 80 a 220 nan\u00f3metros\u201d y en general esas mascarillas no retienen ese tama\u00f1o.<\/p>\n<figure id=\"attachment_38406\" aria-describedby=\"caption-attachment-38406\" style=\"width: 300px\" class=\"wp-caption alignright\"><img loading=\"lazy\" decoding=\"async\" class=\"wp-image-38406 size-medium\" src=\"https:\/\/dev.explora.cl\/ohiggins\/wp-content\/uploads\/sites\/8\/2020\/03\/mario-chiong-300x194.jpeg\" alt=\"\" width=\"300\" height=\"194\" srcset=\"https:\/\/dev.explora.cl\/ohiggins\/wp-content\/uploads\/sites\/8\/2020\/03\/mario-chiong-300x194.jpeg 300w, https:\/\/dev.explora.cl\/ohiggins\/wp-content\/uploads\/sites\/8\/2020\/03\/mario-chiong-768x497.jpeg 768w, https:\/\/dev.explora.cl\/ohiggins\/wp-content\/uploads\/sites\/8\/2020\/03\/mario-chiong-1024x663.jpeg 1024w, https:\/\/dev.explora.cl\/ohiggins\/wp-content\/uploads\/sites\/8\/2020\/03\/mario-chiong.jpeg 1080w\" sizes=\"auto, (max-width: 300px) 100vw, 300px\" \/><figcaption id=\"caption-attachment-38406\" class=\"wp-caption-text\">Dr. Mario Chiong, acad\u00e9mico Universidad de Chile, investigador ACCDIS<\/figcaption><\/figure>\n<p><strong>\u00bfC\u00f3mo asegurarnos entonces?<\/strong> Consultamos al Dr. Mario Chiong, el tambi\u00e9n profesor de la Universidad de Chile, recomienda la prueba del aerosol. \u201cUna manera sencilla de saber si la mascarilla sirve es hacer la prueba con un aerosol.\u00a0 Se toma la mascarilla, se rosea el aerosol y se observa. Si \u00e9ste puede atravesar la mascarilla, entonces no es adecuada para ser usada como medio de protecci\u00f3n\u201d, establece.<\/p>\n<p>Otra indicaci\u00f3n que se\u00f1ala el experto es que \u201cla tela simple sin dobles no sirve, pero si se aumenta el n\u00famero de dobleces, esto reduce el traspaso del aerosol, indicando que aumenta enormemente su eficacia\u201d<\/p>\n<p>El uso de la mascarilla, es recomendado en esta crisis, pero no sin seguir la otra serie de recomendaciones establecidas por la OMS, que tienen que ver principalmente con el lavado de manos, el quedarse en casa, el respeto por la cuarentena, entre otras. Si bien este elemento nos puede resguardar con mayor seguridad, NO es 100% efectivo y se requiere de su uso correcto para que cumpla su funci\u00f3n.<\/p>\n","protected":false},"excerpt":{"rendered":"<p>El uso de la mascarilla ha generado pol\u00e9mica los \u00faltimos d\u00edas, recibimos tanta informaci\u00f3n que es dif\u00edcil discriminar cu\u00e1l es la recomendaci\u00f3n m\u00e1s adecuada. PAR Explora O\u2019Higgins ha querido recopilar y corroborar la informaci\u00f3n disponible y para ello hemos generado contacto con dos especialistas en el tema, ellos son Paola Salas, M\u00e1ster en epidemiolog\u00eda y Dra. En Salud P\u00fablica, acad\u00e9mica de la Universidad de la Serena y Mario Chiong, Director del PAR RM Norte Dr. Mario Chiong, cient\u00edfico, investigador del Centro de Estudios Avanzados en Enfermedades Cr\u00f3nicas (ACCDIS).<\/p>\n","protected":false},"author":23,"featured_media":38411,"comment_status":"closed","ping_status":"open","sticky":false,"template":"","format":"standard","meta":{"_acf_changed":false,"_exactmetrics_skip_tracking":false,"_exactmetrics_sitenote_active":false,"_exactmetrics_sitenote_note":"","_exactmetrics_sitenote_category":0,"footnotes":"","_links_to":"","_links_to_target":""},"categories":[141,4],"tags":[],"class_list":["post-38410","post","type-post","status-publish","format-standard","has-post-thumbnail","hentry","category-lugar-6","category-noticias"],"acf":[],"yoast_head":"<!-- This site is optimized with the Yoast SEO plugin v26.7 - https:\/\/yoast.com\/wordpress\/plugins\/seo\/ -->\n<title>Mascarilla contra el coronavirus: \u00bfCu\u00e1les son las m\u00e1s efectivas y c\u00f3mo usarlas? - O&#039;Higgins<\/title>\n<meta name=\"robots\" content=\"index, follow, max-snippet:-1, max-image-preview:large, max-video-preview:-1\" \/>\n<link rel=\"canonical\" href=\"https:\/\/dev.explora.cl\/ohiggins\/coronavirus_mascarilla\/\" class=\"yoast-seo-meta-tag\" \/>\n<meta property=\"og:locale\" content=\"es_ES\" class=\"yoast-seo-meta-tag\" \/>\n<meta property=\"og:type\" content=\"article\" class=\"yoast-seo-meta-tag\" \/>\n<meta property=\"og:title\" content=\"Mascarilla contra el coronavirus: \u00bfCu\u00e1les son las m\u00e1s efectivas y c\u00f3mo usarlas? - O&#039;Higgins\" class=\"yoast-seo-meta-tag\" \/>\n<meta property=\"og:description\" content=\"El uso de la mascarilla ha generado pol\u00e9mica los \u00faltimos d\u00edas, recibimos tanta informaci\u00f3n que es dif\u00edcil discriminar cu\u00e1l es la recomendaci\u00f3n m\u00e1s adecuada. PAR Explora O\u2019Higgins ha querido recopilar y corroborar la informaci\u00f3n disponible y para ello hemos generado contacto con dos especialistas en el tema, ellos son Paola Salas, M\u00e1ster en epidemiolog\u00eda y Dra. En Salud P\u00fablica, acad\u00e9mica de la Universidad de la Serena y Mario Chiong, Director del PAR RM Norte Dr. Mario Chiong, cient\u00edfico, investigador del Centro de Estudios Avanzados en Enfermedades Cr\u00f3nicas (ACCDIS).\" class=\"yoast-seo-meta-tag\" \/>\n<meta property=\"og:url\" content=\"https:\/\/dev.explora.cl\/ohiggins\/coronavirus_mascarilla\/\" class=\"yoast-seo-meta-tag\" \/>\n<meta property=\"og:site_name\" content=\"O&#039;Higgins\" class=\"yoast-seo-meta-tag\" \/>\n<meta property=\"article:published_time\" content=\"2020-04-11T15:06:51+00:00\" class=\"yoast-seo-meta-tag\" \/>\n<meta property=\"article:modified_time\" content=\"2020-06-25T18:27:01+00:00\" class=\"yoast-seo-meta-tag\" \/>\n<meta property=\"og:image\" content=\"https:\/\/dev.explora.cl\/ohiggins\/wp-content\/uploads\/sites\/8\/2020\/04\/mascarilla-N95_.jpg\" class=\"yoast-seo-meta-tag\" \/>\n\t<meta property=\"og:image:width\" content=\"667\" class=\"yoast-seo-meta-tag\" \/>\n\t<meta property=\"og:image:height\" content=\"508\" class=\"yoast-seo-meta-tag\" \/>\n\t<meta property=\"og:image:type\" content=\"image\/jpeg\" class=\"yoast-seo-meta-tag\" \/>\n<meta name=\"author\" content=\"nsalazar\" class=\"yoast-seo-meta-tag\" \/>\n<meta name=\"twitter:card\" content=\"summary_large_image\" class=\"yoast-seo-meta-tag\" \/>\n<meta name=\"twitter:label1\" content=\"Escrito por\" class=\"yoast-seo-meta-tag\" \/>\n\t<meta name=\"twitter:data1\" content=\"nsalazar\" class=\"yoast-seo-meta-tag\" \/>\n\t<meta name=\"twitter:label2\" content=\"Tiempo estimado de lectura\" class=\"yoast-seo-meta-tag\" \/>\n\t<meta name=\"twitter:data2\" content=\"5 minutos\" class=\"yoast-seo-meta-tag\" \/>\n<script type=\"application\/ld+json\" class=\"yoast-schema-graph\">{\"@context\":\"https:\/\/schema.org\",\"@graph\":[{\"@type\":\"Article\",\"@id\":\"https:\/\/dev.explora.cl\/ohiggins\/coronavirus_mascarilla\/#article\",\"isPartOf\":{\"@id\":\"https:\/\/dev.explora.cl\/ohiggins\/coronavirus_mascarilla\/\"},\"author\":{\"name\":\"nsalazar\",\"@id\":\"https:\/\/dev.explora.cl\/ohiggins\/#\/schema\/person\/3240d62ad2624da9148a475abbc509b0\"},\"headline\":\"Mascarilla contra el coronavirus: \u00bfCu\u00e1les son las m\u00e1s efectivas y c\u00f3mo usarlas?\",\"datePublished\":\"2020-04-11T15:06:51+00:00\",\"dateModified\":\"2020-06-25T18:27:01+00:00\",\"mainEntityOfPage\":{\"@id\":\"https:\/\/dev.explora.cl\/ohiggins\/coronavirus_mascarilla\/\"},\"wordCount\":1033,\"image\":{\"@id\":\"https:\/\/dev.explora.cl\/ohiggins\/coronavirus_mascarilla\/#primaryimage\"},\"thumbnailUrl\":\"https:\/\/dev.explora.cl\/ohiggins\/wp-content\/uploads\/sites\/8\/2020\/04\/mascarilla-N95_.jpg\",\"articleSection\":[\"Lugar 6\",\"Noticias\"],\"inLanguage\":\"es-CL\"},{\"@type\":\"WebPage\",\"@id\":\"https:\/\/dev.explora.cl\/ohiggins\/coronavirus_mascarilla\/\",\"url\":\"https:\/\/dev.explora.cl\/ohiggins\/coronavirus_mascarilla\/\",\"name\":\"Mascarilla contra el coronavirus: \u00bfCu\u00e1les son las m\u00e1s efectivas y c\u00f3mo usarlas? - O&#039;Higgins\",\"isPartOf\":{\"@id\":\"https:\/\/dev.explora.cl\/ohiggins\/#website\"},\"primaryImageOfPage\":{\"@id\":\"https:\/\/dev.explora.cl\/ohiggins\/coronavirus_mascarilla\/#primaryimage\"},\"image\":{\"@id\":\"https:\/\/dev.explora.cl\/ohiggins\/coronavirus_mascarilla\/#primaryimage\"},\"thumbnailUrl\":\"https:\/\/dev.explora.cl\/ohiggins\/wp-content\/uploads\/sites\/8\/2020\/04\/mascarilla-N95_.jpg\",\"datePublished\":\"2020-04-11T15:06:51+00:00\",\"dateModified\":\"2020-06-25T18:27:01+00:00\",\"author\":{\"@id\":\"https:\/\/dev.explora.cl\/ohiggins\/#\/schema\/person\/3240d62ad2624da9148a475abbc509b0\"},\"breadcrumb\":{\"@id\":\"https:\/\/dev.explora.cl\/ohiggins\/coronavirus_mascarilla\/#breadcrumb\"},\"inLanguage\":\"es-CL\",\"potentialAction\":[{\"@type\":\"ReadAction\",\"target\":[\"https:\/\/dev.explora.cl\/ohiggins\/coronavirus_mascarilla\/\"]}]},{\"@type\":\"ImageObject\",\"inLanguage\":\"es-CL\",\"@id\":\"https:\/\/dev.explora.cl\/ohiggins\/coronavirus_mascarilla\/#primaryimage\",\"url\":\"https:\/\/dev.explora.cl\/ohiggins\/wp-content\/uploads\/sites\/8\/2020\/04\/mascarilla-N95_.jpg\",\"contentUrl\":\"https:\/\/dev.explora.cl\/ohiggins\/wp-content\/uploads\/sites\/8\/2020\/04\/mascarilla-N95_.jpg\",\"width\":667,\"height\":508},{\"@type\":\"BreadcrumbList\",\"@id\":\"https:\/\/dev.explora.cl\/ohiggins\/coronavirus_mascarilla\/#breadcrumb\",\"itemListElement\":[{\"@type\":\"ListItem\",\"position\":1,\"name\":\"Portada\",\"item\":\"https:\/\/dev.explora.cl\/ohiggins\/\"},{\"@type\":\"ListItem\",\"position\":2,\"name\":\"Mascarilla contra el coronavirus: \u00bfCu\u00e1les son las m\u00e1s efectivas y c\u00f3mo usarlas?\"}]},{\"@type\":\"WebSite\",\"@id\":\"https:\/\/dev.explora.cl\/ohiggins\/#website\",\"url\":\"https:\/\/dev.explora.cl\/ohiggins\/\",\"name\":\"O&#039;Higgins\",\"description\":\"Otro sitio m\u00e1s de dev.explora.cl\",\"potentialAction\":[{\"@type\":\"SearchAction\",\"target\":{\"@type\":\"EntryPoint\",\"urlTemplate\":\"https:\/\/dev.explora.cl\/ohiggins\/?s={search_term_string}\"},\"query-input\":{\"@type\":\"PropertyValueSpecification\",\"valueRequired\":true,\"valueName\":\"search_term_string\"}}],\"inLanguage\":\"es-CL\"},{\"@type\":\"Person\",\"@id\":\"https:\/\/dev.explora.cl\/ohiggins\/#\/schema\/person\/3240d62ad2624da9148a475abbc509b0\",\"name\":\"nsalazar\",\"image\":{\"@type\":\"ImageObject\",\"inLanguage\":\"es-CL\",\"@id\":\"https:\/\/dev.explora.cl\/ohiggins\/#\/schema\/person\/image\/\",\"url\":\"https:\/\/secure.gravatar.com\/avatar\/b8cf276f31998a0865a3b90e4d663d91b97848887282c9f9a56cad57ff01cc7e?s=96&d=mm&r=g\",\"contentUrl\":\"https:\/\/secure.gravatar.com\/avatar\/b8cf276f31998a0865a3b90e4d663d91b97848887282c9f9a56cad57ff01cc7e?s=96&d=mm&r=g\",\"caption\":\"nsalazar\"},\"url\":\"https:\/\/dev.explora.cl\/ohiggins\/author\/nsalazar\/\"}]}<\/script>\n<!-- \/ Yoast SEO plugin. -->","yoast_head_json":{"title":"Mascarilla contra el coronavirus: \u00bfCu\u00e1les son las m\u00e1s efectivas y c\u00f3mo usarlas? - O&#039;Higgins","robots":{"index":"index","follow":"follow","max-snippet":"max-snippet:-1","max-image-preview":"max-image-preview:large","max-video-preview":"max-video-preview:-1"},"canonical":"https:\/\/dev.explora.cl\/ohiggins\/coronavirus_mascarilla\/","og_locale":"es_ES","og_type":"article","og_title":"Mascarilla contra el coronavirus: \u00bfCu\u00e1les son las m\u00e1s efectivas y c\u00f3mo usarlas? - O&#039;Higgins","og_description":"El uso de la mascarilla ha generado pol\u00e9mica los \u00faltimos d\u00edas, recibimos tanta informaci\u00f3n que es dif\u00edcil discriminar cu\u00e1l es la recomendaci\u00f3n m\u00e1s adecuada. PAR Explora O\u2019Higgins ha querido recopilar y corroborar la informaci\u00f3n disponible y para ello hemos generado contacto con dos especialistas en el tema, ellos son Paola Salas, M\u00e1ster en epidemiolog\u00eda y Dra. En Salud P\u00fablica, acad\u00e9mica de la Universidad de la Serena y Mario Chiong, Director del PAR RM Norte Dr. Mario Chiong, cient\u00edfico, investigador del Centro de Estudios Avanzados en Enfermedades Cr\u00f3nicas (ACCDIS).","og_url":"https:\/\/dev.explora.cl\/ohiggins\/coronavirus_mascarilla\/","og_site_name":"O&#039;Higgins","article_published_time":"2020-04-11T15:06:51+00:00","article_modified_time":"2020-06-25T18:27:01+00:00","og_image":[{"width":667,"height":508,"url":"https:\/\/dev.explora.cl\/ohiggins\/wp-content\/uploads\/sites\/8\/2020\/04\/mascarilla-N95_.jpg","type":"image\/jpeg"}],"author":"nsalazar","twitter_card":"summary_large_image","twitter_misc":{"Escrito por":"nsalazar","Tiempo estimado de lectura":"5 minutos"},"schema":{"@context":"https:\/\/schema.org","@graph":[{"@type":"Article","@id":"https:\/\/dev.explora.cl\/ohiggins\/coronavirus_mascarilla\/#article","isPartOf":{"@id":"https:\/\/dev.explora.cl\/ohiggins\/coronavirus_mascarilla\/"},"author":{"name":"nsalazar","@id":"https:\/\/dev.explora.cl\/ohiggins\/#\/schema\/person\/3240d62ad2624da9148a475abbc509b0"},"headline":"Mascarilla contra el coronavirus: \u00bfCu\u00e1les son las m\u00e1s efectivas y c\u00f3mo usarlas?","datePublished":"2020-04-11T15:06:51+00:00","dateModified":"2020-06-25T18:27:01+00:00","mainEntityOfPage":{"@id":"https:\/\/dev.explora.cl\/ohiggins\/coronavirus_mascarilla\/"},"wordCount":1033,"image":{"@id":"https:\/\/dev.explora.cl\/ohiggins\/coronavirus_mascarilla\/#primaryimage"},"thumbnailUrl":"https:\/\/dev.explora.cl\/ohiggins\/wp-content\/uploads\/sites\/8\/2020\/04\/mascarilla-N95_.jpg","articleSection":["Lugar 6","Noticias"],"inLanguage":"es-CL"},{"@type":"WebPage","@id":"https:\/\/dev.explora.cl\/ohiggins\/coronavirus_mascarilla\/","url":"https:\/\/dev.explora.cl\/ohiggins\/coronavirus_mascarilla\/","name":"Mascarilla contra el coronavirus: \u00bfCu\u00e1les son las m\u00e1s efectivas y c\u00f3mo usarlas? - O&#039;Higgins","isPartOf":{"@id":"https:\/\/dev.explora.cl\/ohiggins\/#website"},"primaryImageOfPage":{"@id":"https:\/\/dev.explora.cl\/ohiggins\/coronavirus_mascarilla\/#primaryimage"},"image":{"@id":"https:\/\/dev.explora.cl\/ohiggins\/coronavirus_mascarilla\/#primaryimage"},"thumbnailUrl":"https:\/\/dev.explora.cl\/ohiggins\/wp-content\/uploads\/sites\/8\/2020\/04\/mascarilla-N95_.jpg","datePublished":"2020-04-11T15:06:51+00:00","dateModified":"2020-06-25T18:27:01+00:00","author":{"@id":"https:\/\/dev.explora.cl\/ohiggins\/#\/schema\/person\/3240d62ad2624da9148a475abbc509b0"},"breadcrumb":{"@id":"https:\/\/dev.explora.cl\/ohiggins\/coronavirus_mascarilla\/#breadcrumb"},"inLanguage":"es-CL","potentialAction":[{"@type":"ReadAction","target":["https:\/\/dev.explora.cl\/ohiggins\/coronavirus_mascarilla\/"]}]},{"@type":"ImageObject","inLanguage":"es-CL","@id":"https:\/\/dev.explora.cl\/ohiggins\/coronavirus_mascarilla\/#primaryimage","url":"https:\/\/dev.explora.cl\/ohiggins\/wp-content\/uploads\/sites\/8\/2020\/04\/mascarilla-N95_.jpg","contentUrl":"https:\/\/dev.explora.cl\/ohiggins\/wp-content\/uploads\/sites\/8\/2020\/04\/mascarilla-N95_.jpg","width":667,"height":508},{"@type":"BreadcrumbList","@id":"https:\/\/dev.explora.cl\/ohiggins\/coronavirus_mascarilla\/#breadcrumb","itemListElement":[{"@type":"ListItem","position":1,"name":"Portada","item":"https:\/\/dev.explora.cl\/ohiggins\/"},{"@type":"ListItem","position":2,"name":"Mascarilla contra el coronavirus: \u00bfCu\u00e1les son las m\u00e1s efectivas y c\u00f3mo usarlas?"}]},{"@type":"WebSite","@id":"https:\/\/dev.explora.cl\/ohiggins\/#website","url":"https:\/\/dev.explora.cl\/ohiggins\/","name":"O&#039;Higgins","description":"Otro sitio m\u00e1s de dev.explora.cl","potentialAction":[{"@type":"SearchAction","target":{"@type":"EntryPoint","urlTemplate":"https:\/\/dev.explora.cl\/ohiggins\/?s={search_term_string}"},"query-input":{"@type":"PropertyValueSpecification","valueRequired":true,"valueName":"search_term_string"}}],"inLanguage":"es-CL"},{"@type":"Person","@id":"https:\/\/dev.explora.cl\/ohiggins\/#\/schema\/person\/3240d62ad2624da9148a475abbc509b0","name":"nsalazar","image":{"@type":"ImageObject","inLanguage":"es-CL","@id":"https:\/\/dev.explora.cl\/ohiggins\/#\/schema\/person\/image\/","url":"https:\/\/secure.gravatar.com\/avatar\/b8cf276f31998a0865a3b90e4d663d91b97848887282c9f9a56cad57ff01cc7e?s=96&d=mm&r=g","contentUrl":"https:\/\/secure.gravatar.com\/avatar\/b8cf276f31998a0865a3b90e4d663d91b97848887282c9f9a56cad57ff01cc7e?s=96&d=mm&r=g","caption":"nsalazar"},"url":"https:\/\/dev.explora.cl\/ohiggins\/author\/nsalazar\/"}]}},"_links":{"self":[{"href":"https:\/\/dev.explora.cl\/ohiggins\/wp-json\/wp\/v2\/posts\/38410","targetHints":{"allow":["GET"]}}],"collection":[{"href":"https:\/\/dev.explora.cl\/ohiggins\/wp-json\/wp\/v2\/posts"}],"about":[{"href":"https:\/\/dev.explora.cl\/ohiggins\/wp-json\/wp\/v2\/types\/post"}],"author":[{"embeddable":true,"href":"https:\/\/dev.explora.cl\/ohiggins\/wp-json\/wp\/v2\/users\/23"}],"replies":[{"embeddable":true,"href":"https:\/\/dev.explora.cl\/ohiggins\/wp-json\/wp\/v2\/comments?post=38410"}],"version-history":[{"count":3,"href":"https:\/\/dev.explora.cl\/ohiggins\/wp-json\/wp\/v2\/posts\/38410\/revisions"}],"predecessor-version":[{"id":38419,"href":"https:\/\/dev.explora.cl\/ohiggins\/wp-json\/wp\/v2\/posts\/38410\/revisions\/38419"}],"wp:featuredmedia":[{"embeddable":true,"href":"https:\/\/dev.explora.cl\/ohiggins\/wp-json\/wp\/v2\/media\/38411"}],"wp:attachment":[{"href":"https:\/\/dev.explora.cl\/ohiggins\/wp-json\/wp\/v2\/media?parent=38410"}],"wp:term":[{"taxonomy":"category","embeddable":true,"href":"https:\/\/dev.explora.cl\/ohiggins\/wp-json\/wp\/v2\/categories?post=38410"},{"taxonomy":"post_tag","embeddable":true,"href":"https:\/\/dev.explora.cl\/ohiggins\/wp-json\/wp\/v2\/tags?post=38410"}],"curies":[{"name":"wp","href":"https:\/\/api.w.org\/{rel}","templated":true}]}}