{"id":38303,"date":"2019-10-29T10:04:48","date_gmt":"2019-10-29T13:04:48","guid":{"rendered":"https:\/\/dev.explora.cl\/ohiggins\/?p=38303"},"modified":"2019-10-29T10:22:24","modified_gmt":"2019-10-29T13:22:24","slug":"el-ano-del-sol-se-vivira-en-ohiggins","status":"publish","type":"post","link":"https:\/\/dev.explora.cl\/ohiggins\/el-ano-del-sol-se-vivira-en-ohiggins\/","title":{"rendered":"La ciencia se puede vivir desde el jard\u00edn infantil"},"content":{"rendered":"<h3 style=\"text-align: left\"><strong>El D\u00eda de la Ciencia en mi Colegio es una actividad del programa Explora en que ni\u00f1os y ni\u00f1as desde el jard\u00edn y sala cuna comienzan a tener experiencias significativas en ciencia. Recorrimos junto a las educadoras del jard\u00edn infantil Campanita de Rancagua su experiencia en la feria de divulgaci\u00f3n cient\u00edfica escolar, donde aprovecharon de mostrarnos su trabajo con al \u00e1lbum Explora<\/strong><\/h3>\n<p>Claudia Aedo es una de las educadoras de p\u00e1rvulos del Jard\u00edn Campanita y lleva nueve a\u00f1os realizando acciones asociadas a la ciencia y la tecnolog\u00eda. \u201cCon Explora venimos haciendo un trabajo muy efectivo desde la sala cuna. Nos encontramos desarrollando la indagaci\u00f3n y el pensamiento cr\u00edtico y divergente de los ni\u00f1os y ni\u00f1as\u201d, destaca la educadora quien, adem\u00e1s, se\u00f1ala que experimentar y crear \u201cvuelve a los ni\u00f1os y ni\u00f1as aptos para solucionar cualquier tipo de problemas\u201d.<\/p>\n<p><img loading=\"lazy\" decoding=\"async\" class=\"alignleft wp-image-38307 size-medium\" src=\"https:\/\/dev.explora.cl\/ohiggins\/wp-content\/uploads\/sites\/8\/2019\/10\/PHOTO-2019-10-15-22-10-31-225x300.jpg\" alt=\"\" width=\"225\" height=\"300\" srcset=\"https:\/\/dev.explora.cl\/ohiggins\/wp-content\/uploads\/sites\/8\/2019\/10\/PHOTO-2019-10-15-22-10-31-225x300.jpg 225w, https:\/\/dev.explora.cl\/ohiggins\/wp-content\/uploads\/sites\/8\/2019\/10\/PHOTO-2019-10-15-22-10-31-768x1024.jpg 768w, https:\/\/dev.explora.cl\/ohiggins\/wp-content\/uploads\/sites\/8\/2019\/10\/PHOTO-2019-10-15-22-10-31.jpg 960w\" sizes=\"auto, (max-width: 225px) 100vw, 225px\" \/>Mientras se recorre la feria, grupos de p\u00e1rvulos con sus educadoras nos muestran sus experiencias tecnol\u00f3gicas asociadas al sol y sus energ\u00edas renovables, que corresponden al tema del a\u00f1o Explora 2019. Mientras unos encienden una ampolleta con energ\u00eda e\u00f3lica, otros mueven un auto simulando energ\u00eda solar a trav\u00e9s de un panel solar. Los m\u00e1s peque\u00f1os, en tanto, van reconociendo con sus sentidos diferentes colores a trav\u00e9s del espectro electromagn\u00e9tico.<\/p>\n<p>La Directora del jard\u00edn Campanita Lilian Jimenez, va presentando cada uno de los proyectos desarrollados por los ni\u00f1os y ni\u00f1as. Llama la atenci\u00f3n un deshidratador y una olla bruja, \u00bfser\u00e1n muy peque\u00f1os para comprender? Ella misma se acerca y contesta: \u201chay conceptos que los m\u00e1s peque\u00f1os no pueden entender a\u00fan, pero con esto les abres el mundo a la percepci\u00f3n y al asombro; adem\u00e1s permites un trabajo colaborativo con padres y madres que participan de los experimentos. Por otro lado, t\u00fa ves ac\u00e1 muchos ni\u00f1os inmigrantes, y con estas experiencias realizamos incluso intercambio cultural\u201d.<\/p>\n<p>En el centro del patio de la feria se visualiza un stand que dice \u201cEclipsados\u201d. Corresponde al \u00e1lbum Explora, que tiene 8 actividades asociadas al tema del a\u00f1o y que es repartido entre miles de ni\u00f1os y ni\u00f1as de la regi\u00f3n. La educadora encargada de realizar las actividades de este \u00e1lbum en Campanita es Daniela Zu\u00f1iga, quien nos cuenta que han trabajado con las diversas actividades pero que a\u00fan no llegan al cierre. \u201cEs dif\u00edcil avanzar ya que los ni\u00f1os y ni\u00f1as se detienen asombrados, conociendo los colores del sol o las caracter\u00edsticas sobre este astro maravilloso\u201d, explica.<\/p>\n<p><img loading=\"lazy\" decoding=\"async\" class=\"alignright wp-image-38308 size-medium\" src=\"https:\/\/dev.explora.cl\/ohiggins\/wp-content\/uploads\/sites\/8\/2019\/10\/PHOTO-2019-10-15-22-10-26-300x225.jpg\" alt=\"\" width=\"300\" height=\"225\" srcset=\"https:\/\/dev.explora.cl\/ohiggins\/wp-content\/uploads\/sites\/8\/2019\/10\/PHOTO-2019-10-15-22-10-26-300x225.jpg 300w, https:\/\/dev.explora.cl\/ohiggins\/wp-content\/uploads\/sites\/8\/2019\/10\/PHOTO-2019-10-15-22-10-26-768x576.jpg 768w, https:\/\/dev.explora.cl\/ohiggins\/wp-content\/uploads\/sites\/8\/2019\/10\/PHOTO-2019-10-15-22-10-26-1024x768.jpg 1024w, https:\/\/dev.explora.cl\/ohiggins\/wp-content\/uploads\/sites\/8\/2019\/10\/PHOTO-2019-10-15-22-10-26.jpg 1280w\" sizes=\"auto, (max-width: 300px) 100vw, 300px\" \/>Eclipsados es uno de los recursos pedag\u00f3gicos usados por el Jard\u00edn Campanita de Rancagua para promover el aprendizaje de la ciencia.\u201cLa ciencia nos mueve, sabemos que es un motor de cambio para los ni\u00f1os y ni\u00f1as de este jard\u00edn\u201d, finaliza la educadora Claudia Aedo, quien nos despide con el auto solar en la mano\u2026 \u201cvamos a hacer funcionar esto otra vez\u2026\u201d<\/p>\n<p>Durante este a\u00f1o se repartieron 10 mil ejemplares del \u00e1lbum entre ni\u00f1os y ni\u00f1as de diferentes edades en la Regi\u00f3n de O\u2019Higgins. El Jard\u00edn Campanita es un ejemplo de todos los colegios y jardines de la regi\u00f3n que han implementado sus actividades. Todos los estudiantes, impulsados por sus profesores y educadoras, realizaron las actividades en aula, recibieron sus l\u00e1minas y mostraron a la comunidad escolar y general las acciones realizadas, organizando o sum\u00e1ndose a ferias cient\u00edficas escolares, en los centros educativos o plazas de sus comunas. Ahora queda esperar que los m\u00e1s motivados hagan llegar sus cupones, de los cuales se elegir\u00e1n tres representantes \u2013uno de cada provincia\u2013 para recibir un premio que consiste en la visita del curso a uno de los laboratorios naturales en la regi\u00f3n.<\/p>\n","protected":false},"excerpt":{"rendered":"<p>El D\u00eda de la Ciencia en mi Colegio es una actividad del programa Explora en que ni\u00f1os y ni\u00f1as desde el jard\u00edn y sala cuna comienzan a tener experiencias significativas en ciencia. Recorrimos junto a las educadoras del jard\u00edn infantil Campanita de Rancagua su experiencia en la feria de divulgaci\u00f3n cient\u00edfica escolar, donde aprovecharon de mostrarnos su trabajo con al \u00e1lbum Explora.<\/p>\n","protected":false},"author":23,"featured_media":38304,"comment_status":"closed","ping_status":"open","sticky":false,"template":"","format":"standard","meta":{"_acf_changed":false,"_exactmetrics_skip_tracking":false,"_exactmetrics_sitenote_active":false,"_exactmetrics_sitenote_note":"","_exactmetrics_sitenote_category":0,"footnotes":"","_links_to":"","_links_to_target":""},"categories":[139,4],"tags":[],"class_list":["post-38303","post","type-post","status-publish","format-standard","has-post-thumbnail","hentry","category-lugar-4","category-noticias"],"acf":[],"yoast_head":"<!-- This site is optimized with the Yoast SEO plugin v26.7 - https:\/\/yoast.com\/wordpress\/plugins\/seo\/ -->\n<title>La ciencia se puede vivir desde el jard\u00edn infantil - O&#039;Higgins<\/title>\n<meta name=\"robots\" content=\"index, follow, max-snippet:-1, max-image-preview:large, max-video-preview:-1\" \/>\n<link rel=\"canonical\" href=\"https:\/\/dev.explora.cl\/ohiggins\/el-ano-del-sol-se-vivira-en-ohiggins\/\" class=\"yoast-seo-meta-tag\" \/>\n<meta property=\"og:locale\" content=\"es_ES\" class=\"yoast-seo-meta-tag\" \/>\n<meta property=\"og:type\" content=\"article\" class=\"yoast-seo-meta-tag\" \/>\n<meta property=\"og:title\" content=\"La ciencia se puede vivir desde el jard\u00edn infantil - O&#039;Higgins\" class=\"yoast-seo-meta-tag\" \/>\n<meta property=\"og:description\" content=\"El D\u00eda de la Ciencia en mi Colegio es una actividad del programa Explora en que ni\u00f1os y ni\u00f1as desde el jard\u00edn y sala cuna comienzan a tener experiencias significativas en ciencia. Recorrimos junto a las educadoras del jard\u00edn infantil Campanita de Rancagua su experiencia en la feria de divulgaci\u00f3n cient\u00edfica escolar, donde aprovecharon de mostrarnos su trabajo con al \u00e1lbum Explora.\" class=\"yoast-seo-meta-tag\" \/>\n<meta property=\"og:url\" content=\"https:\/\/dev.explora.cl\/ohiggins\/el-ano-del-sol-se-vivira-en-ohiggins\/\" class=\"yoast-seo-meta-tag\" \/>\n<meta property=\"og:site_name\" content=\"O&#039;Higgins\" class=\"yoast-seo-meta-tag\" \/>\n<meta property=\"article:published_time\" content=\"2019-10-29T13:04:48+00:00\" class=\"yoast-seo-meta-tag\" \/>\n<meta property=\"article:modified_time\" content=\"2019-10-29T13:22:24+00:00\" class=\"yoast-seo-meta-tag\" \/>\n<meta property=\"og:image\" content=\"https:\/\/dev.explora.cl\/ohiggins\/wp-content\/uploads\/sites\/8\/2019\/10\/AB9435DE-3AD5-43F9-B5D8-65928D5D38FC.jpeg\" class=\"yoast-seo-meta-tag\" \/>\n\t<meta property=\"og:image:width\" content=\"1280\" class=\"yoast-seo-meta-tag\" \/>\n\t<meta property=\"og:image:height\" content=\"960\" class=\"yoast-seo-meta-tag\" \/>\n\t<meta property=\"og:image:type\" content=\"image\/jpeg\" class=\"yoast-seo-meta-tag\" \/>\n<meta name=\"author\" content=\"nsalazar\" class=\"yoast-seo-meta-tag\" \/>\n<meta name=\"twitter:card\" content=\"summary_large_image\" class=\"yoast-seo-meta-tag\" \/>\n<meta name=\"twitter:label1\" content=\"Escrito por\" class=\"yoast-seo-meta-tag\" \/>\n\t<meta name=\"twitter:data1\" content=\"nsalazar\" class=\"yoast-seo-meta-tag\" \/>\n\t<meta name=\"twitter:label2\" content=\"Tiempo estimado de lectura\" class=\"yoast-seo-meta-tag\" \/>\n\t<meta name=\"twitter:data2\" content=\"3 minutos\" class=\"yoast-seo-meta-tag\" \/>\n<script type=\"application\/ld+json\" class=\"yoast-schema-graph\">{\"@context\":\"https:\/\/schema.org\",\"@graph\":[{\"@type\":\"Article\",\"@id\":\"https:\/\/dev.explora.cl\/ohiggins\/el-ano-del-sol-se-vivira-en-ohiggins\/#article\",\"isPartOf\":{\"@id\":\"https:\/\/dev.explora.cl\/ohiggins\/el-ano-del-sol-se-vivira-en-ohiggins\/\"},\"author\":{\"name\":\"nsalazar\",\"@id\":\"https:\/\/dev.explora.cl\/ohiggins\/#\/schema\/person\/3240d62ad2624da9148a475abbc509b0\"},\"headline\":\"La ciencia se puede vivir desde el jard\u00edn infantil\",\"datePublished\":\"2019-10-29T13:04:48+00:00\",\"dateModified\":\"2019-10-29T13:22:24+00:00\",\"mainEntityOfPage\":{\"@id\":\"https:\/\/dev.explora.cl\/ohiggins\/el-ano-del-sol-se-vivira-en-ohiggins\/\"},\"wordCount\":667,\"image\":{\"@id\":\"https:\/\/dev.explora.cl\/ohiggins\/el-ano-del-sol-se-vivira-en-ohiggins\/#primaryimage\"},\"thumbnailUrl\":\"https:\/\/dev.explora.cl\/ohiggins\/wp-content\/uploads\/sites\/8\/2019\/10\/AB9435DE-3AD5-43F9-B5D8-65928D5D38FC.jpeg\",\"articleSection\":[\"Lugar 4\",\"Noticias\"],\"inLanguage\":\"es-CL\"},{\"@type\":\"WebPage\",\"@id\":\"https:\/\/dev.explora.cl\/ohiggins\/el-ano-del-sol-se-vivira-en-ohiggins\/\",\"url\":\"https:\/\/dev.explora.cl\/ohiggins\/el-ano-del-sol-se-vivira-en-ohiggins\/\",\"name\":\"La ciencia se puede vivir desde el jard\u00edn infantil - O&#039;Higgins\",\"isPartOf\":{\"@id\":\"https:\/\/dev.explora.cl\/ohiggins\/#website\"},\"primaryImageOfPage\":{\"@id\":\"https:\/\/dev.explora.cl\/ohiggins\/el-ano-del-sol-se-vivira-en-ohiggins\/#primaryimage\"},\"image\":{\"@id\":\"https:\/\/dev.explora.cl\/ohiggins\/el-ano-del-sol-se-vivira-en-ohiggins\/#primaryimage\"},\"thumbnailUrl\":\"https:\/\/dev.explora.cl\/ohiggins\/wp-content\/uploads\/sites\/8\/2019\/10\/AB9435DE-3AD5-43F9-B5D8-65928D5D38FC.jpeg\",\"datePublished\":\"2019-10-29T13:04:48+00:00\",\"dateModified\":\"2019-10-29T13:22:24+00:00\",\"author\":{\"@id\":\"https:\/\/dev.explora.cl\/ohiggins\/#\/schema\/person\/3240d62ad2624da9148a475abbc509b0\"},\"breadcrumb\":{\"@id\":\"https:\/\/dev.explora.cl\/ohiggins\/el-ano-del-sol-se-vivira-en-ohiggins\/#breadcrumb\"},\"inLanguage\":\"es-CL\",\"potentialAction\":[{\"@type\":\"ReadAction\",\"target\":[\"https:\/\/dev.explora.cl\/ohiggins\/el-ano-del-sol-se-vivira-en-ohiggins\/\"]}]},{\"@type\":\"ImageObject\",\"inLanguage\":\"es-CL\",\"@id\":\"https:\/\/dev.explora.cl\/ohiggins\/el-ano-del-sol-se-vivira-en-ohiggins\/#primaryimage\",\"url\":\"https:\/\/dev.explora.cl\/ohiggins\/wp-content\/uploads\/sites\/8\/2019\/10\/AB9435DE-3AD5-43F9-B5D8-65928D5D38FC.jpeg\",\"contentUrl\":\"https:\/\/dev.explora.cl\/ohiggins\/wp-content\/uploads\/sites\/8\/2019\/10\/AB9435DE-3AD5-43F9-B5D8-65928D5D38FC.jpeg\",\"width\":1280,\"height\":960},{\"@type\":\"BreadcrumbList\",\"@id\":\"https:\/\/dev.explora.cl\/ohiggins\/el-ano-del-sol-se-vivira-en-ohiggins\/#breadcrumb\",\"itemListElement\":[{\"@type\":\"ListItem\",\"position\":1,\"name\":\"Portada\",\"item\":\"https:\/\/dev.explora.cl\/ohiggins\/\"},{\"@type\":\"ListItem\",\"position\":2,\"name\":\"La ciencia se puede vivir desde el jard\u00edn infantil\"}]},{\"@type\":\"WebSite\",\"@id\":\"https:\/\/dev.explora.cl\/ohiggins\/#website\",\"url\":\"https:\/\/dev.explora.cl\/ohiggins\/\",\"name\":\"O&#039;Higgins\",\"description\":\"Otro sitio m\u00e1s de dev.explora.cl\",\"potentialAction\":[{\"@type\":\"SearchAction\",\"target\":{\"@type\":\"EntryPoint\",\"urlTemplate\":\"https:\/\/dev.explora.cl\/ohiggins\/?s={search_term_string}\"},\"query-input\":{\"@type\":\"PropertyValueSpecification\",\"valueRequired\":true,\"valueName\":\"search_term_string\"}}],\"inLanguage\":\"es-CL\"},{\"@type\":\"Person\",\"@id\":\"https:\/\/dev.explora.cl\/ohiggins\/#\/schema\/person\/3240d62ad2624da9148a475abbc509b0\",\"name\":\"nsalazar\",\"image\":{\"@type\":\"ImageObject\",\"inLanguage\":\"es-CL\",\"@id\":\"https:\/\/dev.explora.cl\/ohiggins\/#\/schema\/person\/image\/\",\"url\":\"https:\/\/secure.gravatar.com\/avatar\/b8cf276f31998a0865a3b90e4d663d91b97848887282c9f9a56cad57ff01cc7e?s=96&d=mm&r=g\",\"contentUrl\":\"https:\/\/secure.gravatar.com\/avatar\/b8cf276f31998a0865a3b90e4d663d91b97848887282c9f9a56cad57ff01cc7e?s=96&d=mm&r=g\",\"caption\":\"nsalazar\"},\"url\":\"https:\/\/dev.explora.cl\/ohiggins\/author\/nsalazar\/\"}]}<\/script>\n<!-- \/ Yoast SEO plugin. -->","yoast_head_json":{"title":"La ciencia se puede vivir desde el jard\u00edn infantil - O&#039;Higgins","robots":{"index":"index","follow":"follow","max-snippet":"max-snippet:-1","max-image-preview":"max-image-preview:large","max-video-preview":"max-video-preview:-1"},"canonical":"https:\/\/dev.explora.cl\/ohiggins\/el-ano-del-sol-se-vivira-en-ohiggins\/","og_locale":"es_ES","og_type":"article","og_title":"La ciencia se puede vivir desde el jard\u00edn infantil - O&#039;Higgins","og_description":"El D\u00eda de la Ciencia en mi Colegio es una actividad del programa Explora en que ni\u00f1os y ni\u00f1as desde el jard\u00edn y sala cuna comienzan a tener experiencias significativas en ciencia. Recorrimos junto a las educadoras del jard\u00edn infantil Campanita de Rancagua su experiencia en la feria de divulgaci\u00f3n cient\u00edfica escolar, donde aprovecharon de mostrarnos su trabajo con al \u00e1lbum Explora.","og_url":"https:\/\/dev.explora.cl\/ohiggins\/el-ano-del-sol-se-vivira-en-ohiggins\/","og_site_name":"O&#039;Higgins","article_published_time":"2019-10-29T13:04:48+00:00","article_modified_time":"2019-10-29T13:22:24+00:00","og_image":[{"width":1280,"height":960,"url":"https:\/\/dev.explora.cl\/ohiggins\/wp-content\/uploads\/sites\/8\/2019\/10\/AB9435DE-3AD5-43F9-B5D8-65928D5D38FC.jpeg","type":"image\/jpeg"}],"author":"nsalazar","twitter_card":"summary_large_image","twitter_misc":{"Escrito por":"nsalazar","Tiempo estimado de lectura":"3 minutos"},"schema":{"@context":"https:\/\/schema.org","@graph":[{"@type":"Article","@id":"https:\/\/dev.explora.cl\/ohiggins\/el-ano-del-sol-se-vivira-en-ohiggins\/#article","isPartOf":{"@id":"https:\/\/dev.explora.cl\/ohiggins\/el-ano-del-sol-se-vivira-en-ohiggins\/"},"author":{"name":"nsalazar","@id":"https:\/\/dev.explora.cl\/ohiggins\/#\/schema\/person\/3240d62ad2624da9148a475abbc509b0"},"headline":"La ciencia se puede vivir desde el jard\u00edn infantil","datePublished":"2019-10-29T13:04:48+00:00","dateModified":"2019-10-29T13:22:24+00:00","mainEntityOfPage":{"@id":"https:\/\/dev.explora.cl\/ohiggins\/el-ano-del-sol-se-vivira-en-ohiggins\/"},"wordCount":667,"image":{"@id":"https:\/\/dev.explora.cl\/ohiggins\/el-ano-del-sol-se-vivira-en-ohiggins\/#primaryimage"},"thumbnailUrl":"https:\/\/dev.explora.cl\/ohiggins\/wp-content\/uploads\/sites\/8\/2019\/10\/AB9435DE-3AD5-43F9-B5D8-65928D5D38FC.jpeg","articleSection":["Lugar 4","Noticias"],"inLanguage":"es-CL"},{"@type":"WebPage","@id":"https:\/\/dev.explora.cl\/ohiggins\/el-ano-del-sol-se-vivira-en-ohiggins\/","url":"https:\/\/dev.explora.cl\/ohiggins\/el-ano-del-sol-se-vivira-en-ohiggins\/","name":"La ciencia se puede vivir desde el jard\u00edn infantil - O&#039;Higgins","isPartOf":{"@id":"https:\/\/dev.explora.cl\/ohiggins\/#website"},"primaryImageOfPage":{"@id":"https:\/\/dev.explora.cl\/ohiggins\/el-ano-del-sol-se-vivira-en-ohiggins\/#primaryimage"},"image":{"@id":"https:\/\/dev.explora.cl\/ohiggins\/el-ano-del-sol-se-vivira-en-ohiggins\/#primaryimage"},"thumbnailUrl":"https:\/\/dev.explora.cl\/ohiggins\/wp-content\/uploads\/sites\/8\/2019\/10\/AB9435DE-3AD5-43F9-B5D8-65928D5D38FC.jpeg","datePublished":"2019-10-29T13:04:48+00:00","dateModified":"2019-10-29T13:22:24+00:00","author":{"@id":"https:\/\/dev.explora.cl\/ohiggins\/#\/schema\/person\/3240d62ad2624da9148a475abbc509b0"},"breadcrumb":{"@id":"https:\/\/dev.explora.cl\/ohiggins\/el-ano-del-sol-se-vivira-en-ohiggins\/#breadcrumb"},"inLanguage":"es-CL","potentialAction":[{"@type":"ReadAction","target":["https:\/\/dev.explora.cl\/ohiggins\/el-ano-del-sol-se-vivira-en-ohiggins\/"]}]},{"@type":"ImageObject","inLanguage":"es-CL","@id":"https:\/\/dev.explora.cl\/ohiggins\/el-ano-del-sol-se-vivira-en-ohiggins\/#primaryimage","url":"https:\/\/dev.explora.cl\/ohiggins\/wp-content\/uploads\/sites\/8\/2019\/10\/AB9435DE-3AD5-43F9-B5D8-65928D5D38FC.jpeg","contentUrl":"https:\/\/dev.explora.cl\/ohiggins\/wp-content\/uploads\/sites\/8\/2019\/10\/AB9435DE-3AD5-43F9-B5D8-65928D5D38FC.jpeg","width":1280,"height":960},{"@type":"BreadcrumbList","@id":"https:\/\/dev.explora.cl\/ohiggins\/el-ano-del-sol-se-vivira-en-ohiggins\/#breadcrumb","itemListElement":[{"@type":"ListItem","position":1,"name":"Portada","item":"https:\/\/dev.explora.cl\/ohiggins\/"},{"@type":"ListItem","position":2,"name":"La ciencia se puede vivir desde el jard\u00edn infantil"}]},{"@type":"WebSite","@id":"https:\/\/dev.explora.cl\/ohiggins\/#website","url":"https:\/\/dev.explora.cl\/ohiggins\/","name":"O&#039;Higgins","description":"Otro sitio m\u00e1s de dev.explora.cl","potentialAction":[{"@type":"SearchAction","target":{"@type":"EntryPoint","urlTemplate":"https:\/\/dev.explora.cl\/ohiggins\/?s={search_term_string}"},"query-input":{"@type":"PropertyValueSpecification","valueRequired":true,"valueName":"search_term_string"}}],"inLanguage":"es-CL"},{"@type":"Person","@id":"https:\/\/dev.explora.cl\/ohiggins\/#\/schema\/person\/3240d62ad2624da9148a475abbc509b0","name":"nsalazar","image":{"@type":"ImageObject","inLanguage":"es-CL","@id":"https:\/\/dev.explora.cl\/ohiggins\/#\/schema\/person\/image\/","url":"https:\/\/secure.gravatar.com\/avatar\/b8cf276f31998a0865a3b90e4d663d91b97848887282c9f9a56cad57ff01cc7e?s=96&d=mm&r=g","contentUrl":"https:\/\/secure.gravatar.com\/avatar\/b8cf276f31998a0865a3b90e4d663d91b97848887282c9f9a56cad57ff01cc7e?s=96&d=mm&r=g","caption":"nsalazar"},"url":"https:\/\/dev.explora.cl\/ohiggins\/author\/nsalazar\/"}]}},"_links":{"self":[{"href":"https:\/\/dev.explora.cl\/ohiggins\/wp-json\/wp\/v2\/posts\/38303","targetHints":{"allow":["GET"]}}],"collection":[{"href":"https:\/\/dev.explora.cl\/ohiggins\/wp-json\/wp\/v2\/posts"}],"about":[{"href":"https:\/\/dev.explora.cl\/ohiggins\/wp-json\/wp\/v2\/types\/post"}],"author":[{"embeddable":true,"href":"https:\/\/dev.explora.cl\/ohiggins\/wp-json\/wp\/v2\/users\/23"}],"replies":[{"embeddable":true,"href":"https:\/\/dev.explora.cl\/ohiggins\/wp-json\/wp\/v2\/comments?post=38303"}],"version-history":[{"count":3,"href":"https:\/\/dev.explora.cl\/ohiggins\/wp-json\/wp\/v2\/posts\/38303\/revisions"}],"predecessor-version":[{"id":38309,"href":"https:\/\/dev.explora.cl\/ohiggins\/wp-json\/wp\/v2\/posts\/38303\/revisions\/38309"}],"wp:featuredmedia":[{"embeddable":true,"href":"https:\/\/dev.explora.cl\/ohiggins\/wp-json\/wp\/v2\/media\/38304"}],"wp:attachment":[{"href":"https:\/\/dev.explora.cl\/ohiggins\/wp-json\/wp\/v2\/media?parent=38303"}],"wp:term":[{"taxonomy":"category","embeddable":true,"href":"https:\/\/dev.explora.cl\/ohiggins\/wp-json\/wp\/v2\/categories?post=38303"},{"taxonomy":"post_tag","embeddable":true,"href":"https:\/\/dev.explora.cl\/ohiggins\/wp-json\/wp\/v2\/tags?post=38303"}],"curies":[{"name":"wp","href":"https:\/\/api.w.org\/{rel}","templated":true}]}}