{"id":38170,"date":"2019-07-12T11:43:27","date_gmt":"2019-07-12T15:43:27","guid":{"rendered":"https:\/\/dev.explora.cl\/ohiggins\/?p=38170"},"modified":"2020-06-25T14:25:52","modified_gmt":"2020-06-25T18:25:52","slug":"el-ano-del-sol-se-vivira-en-ohiggins-2","status":"publish","type":"post","link":"https:\/\/dev.explora.cl\/ohiggins\/el-ano-del-sol-se-vivira-en-ohiggins-2\/","title":{"rendered":"El camino de la ciencia escolar"},"content":{"rendered":"\r\n\r\n\r\n\r\n\r\n<p>Cristian Molina es actualmente estudiante de medicina de la Universidad de O\u00b4Higgins. Es su primer a\u00f1o e ingres\u00f3 a la casa de estudios gracias al Cupo Explora, una iniciativa impulsada por el programa Explora de CONICYT y UNESCO, que ofrece cupos universitarios a estudiantes con trayectoria acad\u00e9mica vinculada a las ciencias.<\/p>\r\n<p>Para postular a esta v\u00eda de ingreso transit\u00f3 un largo y fascinante camino que comenz\u00f3 en 7mo b\u00e1sico, cuando ten\u00eda 12 a\u00f1os. \u201cUn d\u00eda est\u00e1bamos en recreo y en una pared de mi colegio vi un afiche que me llam\u00f3 la atenci\u00f3n, era la invitaci\u00f3n a un taller de ciencias que comenzar\u00eda esa semana\u201d, se\u00f1ala haciendo referencia al d\u00eda que decidi\u00f3 ingresar a la Academia Cient\u00edfica Escolar, asesorada por el PAR Explora O\u2019Higgins, en el colegio Charly\u2019s School de la comuna de Pichilemu.<\/p>\r\n<p>\u201cCuando ingres\u00e9 a la academia comenc\u00e9 a descubrir cosas que nunca se nos hab\u00edan ense\u00f1ado en las salas de clases, pude observar la anatom\u00eda de los animales e incluso crear un microscopio casero\u201d, menciona. Pese a que sus investigaciones estaban fundamentalmente asociadas al cambio clim\u00e1tico, luego su inter\u00e9s se concentr\u00f3 en la medicina. \u201cA m\u00ed me interesa fundamentalmente la investigaci\u00f3n, quiero devolverle ese granito de arena al planeta\u201d, contin\u00faa, destacando la necesidad de formar investigadores e investigadoras en el pa\u00eds.<\/p>\r\n<p><strong>El camino de la investigaci\u00f3n<\/strong><\/p>\r\n<p>Habiendo ingresado ya a la academia cient\u00edfica escolar \u2013iniciativa que es impulsada por el Programa Explora en establecimientos educacionales de todo el pa\u00eds\u2013 Cristian particip\u00f3 de las ferias cient\u00edficas escolares organizadas por el Liceo Agust\u00edn Ross de la comuna de Pichilemu. Luego, con sus profesores iniciaron una investigaci\u00f3n cuyo tema abord\u00f3 la biodiversidad existente en el Humedal Petrel. Fue con este proyecto que se presentaron al Congreso Regional de Ciencia y Tecnolog\u00eda Explora CONICYT 2015, momento en el que, adem\u00e1s de hacer amigos y recibir diplomas, se empoder\u00f3 en la ciencia. \u201cCosas que antes observaba con una mirada tan superficial e inocente ahora las observo con otros ojos, les tomo mayor valor e importancia, utilizando la ciencia como medio para descubrir el verdadero valor de las cosas\u201d, explica.<\/p>\r\n<p>El protagonista de esta historia recuerda con pasi\u00f3n ese Congreso 2015. \u201cEn estas instancias puedes encontrar investigaciones de todo tipo, desde experimentos relacionados a la astronom\u00eda hasta investigaciones del uso de la acci\u00f3n de fertilizantes en la tierra. Adem\u00e1s te motivas a explicar, ya que en un momento tienes a una persona en tu stand y luego 10 o m\u00e1s queriendo escucharte\u201d.<\/p>\r\n<p>Junto a esto destaca lo fundamental del trabajo en equipo, \u201csi t\u00fa y tu compa\u00f1ero manejan el tema, no tienen que tener miedo de lo que pueda suceder\u201d, expresa con orgullo, destacando luego que este trabajo colaborativo se vio reflejado en la elaboraci\u00f3n de la Gu\u00eda de avistamiento de avifauna del Humedal Petrel, un documento de revisi\u00f3n para turistas y locatarios de la zona.<\/p>\r\n<p><strong>Profesores y gu\u00edas inspiradores<\/strong><\/p>\r\n<p>Todo proyecto de investigaci\u00f3n cient\u00edfica escolar, debe ser guiado por un docente. Muchos de ellos dedican horas extraordinarias, realizan talleres semanales en sus escuelas o salen a terreno en la zona u otras localidades, abriendo un mundo a cientos de j\u00f3venes a\u00f1o a a\u00f1o. Los profesores de Cristian no son la excepci\u00f3n, Marcelo Miranda y Carolina Allende, profesores de ense\u00f1anza media de la comuna de Pichilemu, han forjado esta ruta y hasta hoy contin\u00faan desarrollando investigaci\u00f3n escolar en su comuna. \u201cCon ellos no solo crec\u00ed como investigador, sino como persona. Fueron m\u00e1s de seis a\u00f1os trabajando en conjunto, se cre\u00f3 un lazo muy bonito en el equipo de trabajo. Cuando trabajas con gente que te llena y que sabes que conf\u00edan en lo que haces, el trabajo deja de ser trabajo. Ellos hicieron que yo sintiera amor por lo que investigaba\u201d, expresa el estudiante de medicina.<\/p>\r\n<p>Menciona que fueron sus profesores los que comenzaron con las academias en su colegio, quienes construyeron redes para llevar esto adelante. \u201cEllos trabajaban en dos colegios en ese tiempo. Agradezco profundamente haberme topado con semejante calidad de seres humanos que me ayudaron comprender que la ciencia y la investigaci\u00f3n te abren puertas para poder seguir expandiendo tus conocimientos\u201d.<\/p>\r\n<h3 style=\"text-align: right\">\u201cCon ellos (sus profesores) no solo crec\u00ed como investigador, sino como persona. Fueron m\u00e1s de seis a\u00f1os trabajando en conjunto, se cre\u00f3 un lazo muy bonito en el equipo de trabajo. Cuando trabajas con gente que te llena y que sabes que conf\u00edan en lo que haces, el trabajo deja de ser trabajo. Ellos hicieron que yo sintiera amor por lo que investigaba\u201d<\/h3>\r\n<p><strong>\u00a0<\/strong><\/p>\r\n<p><strong>La oportunidad del Cupo Explora<\/strong><\/p>\r\n<p><strong>\u00a0<\/strong>\u201cYo nunca fui un alumno de sietes\u201d, menciona Cristian, \u201cten\u00eda buenas notas, s\u00ed, pero las notas no son tan importantes en estas instancias. Lo que es importante es la constancia, el compromiso y la perseverancia para que las cosas funcionen, ya que muchas veces ocurre que tienes que volver a escribir un documento o no puedes hacer un monitoreo porque el d\u00eda esta nublado, o el tiempo te comienza a jugar en contra. Esas son las cosas que tienes que saber afrontar y superar\u201d.<\/p>\r\n<p>Esta perseverancia fue la que lo motiv\u00f3 a postular al Cupo Explora. Sucedi\u00f3 en Concepci\u00f3n, cuando participaron de uno de los Congresos Nacionales Explora; all\u00ed tuvo que presentar una investigaci\u00f3n con su compa\u00f1era Bel\u00e9n Salom\u00f3n, \u201cmis profesores me hablaron sobre el Cupo Explora, que daba la opci\u00f3n de ingresar a la universidad a trav\u00e9s de la trayectoria cient\u00edfica y no del puntaje PSU. Al principio no pens\u00e9 en que podr\u00eda quedar, sin embargo, decid\u00ed postular\u201d.<\/p>\r\n<h3 style=\"text-align: right\">\u201cParticipar en instancias de investigaci\u00f3n escolar te abre muchas puertas, pero creo que lo m\u00e1s importante es que esto te incentiva a hacer lo que te gusta, investigar algo que nazca de ti, no algo impuesto por otros. Cuando trabajas haciendo algo que te gusta puedes llegar a crear grandes cosas\u201d<\/h3>\r\n<p>&nbsp;<\/p>\r\n<p>\u201cEn primer lugar, debes mandar tus diplomas de ferias cient\u00edficas, congresos regionales, nacionales a la plataforma de EXPLORA. Decid\u00ed como primera opci\u00f3n a la U de O\u2019Higgins. Me contactaron desde la universidad despu\u00e9s de haber validado mis certificaciones y grabar un video sobre mis intenciones de estudiar medicina\u201d, explica.<\/p>\r\n<p>El ejemplo de Cristian puede representar a muchos j\u00f3venes que han tomado una elecci\u00f3n durante su ense\u00f1anza b\u00e1sica o media y que, a la larga, puede traer muchos beneficios. \u201cParticipar en instancias de investigaci\u00f3n escolar te abre muchas puertas, pero creo que lo m\u00e1s importante es que esto te incentiva a hacer lo que te gusta, investigar algo que nazca de ti, no algo impuesto por otros. Cuando trabajas haciendo algo que te gusta puedes llegar a crear grandes cosas\u201d, se\u00f1ala el joven estudiante.<\/p>\r\n<p>Luego de este largo proceso, en diciembre de 2018 le informaron que hab\u00eda quedado en Medicina, su primera opci\u00f3n. \u201cGracias a esta gran v\u00eda que te abre Explora ingres\u00e9 a la universidad&#8230; que alguien valore la vocaci\u00f3n cient\u00edfica y la participaci\u00f3n en el \u00e1mbito de la investigaci\u00f3n me abri\u00f3 puertas, y eso es un beneficio que nunca busqu\u00e9, pero lleg\u00f3\u201d, enfatiza al finalizar esta entrevista.<\/p>\r\n\r\n\r\n","protected":false},"excerpt":{"rendered":"<p>Cristian Molina comenz\u00f3 su trayectoria en la investigaci\u00f3n cient\u00edfica en su liceo a los 12 a\u00f1os. Con sus investigaciones particip\u00f3 en encuentros regionales e incluso cre\u00f3 una gu\u00eda de avistamiento de aves para el Humedal Petrel. A sus 18 a\u00f1os, y gracias a su trayectoria en investigaci\u00f3n, ingres\u00f3 a la universidad a trav\u00e9s del Cupo Explora, para seguir investigando. Cada uno de sus pasos ha sido apoyado por el programa Explora y aqu\u00ed nos cuenta c\u00f3mo ha sido su experiencia.<\/p>\n","protected":false},"author":23,"featured_media":38176,"comment_status":"closed","ping_status":"open","sticky":false,"template":"","format":"standard","meta":{"_acf_changed":false,"_exactmetrics_skip_tracking":false,"_exactmetrics_sitenote_active":false,"_exactmetrics_sitenote_note":"","_exactmetrics_sitenote_category":0,"footnotes":"","_links_to":"","_links_to_target":""},"categories":[4],"tags":[],"class_list":["post-38170","post","type-post","status-publish","format-standard","has-post-thumbnail","hentry","category-noticias"],"acf":[],"yoast_head":"<!-- This site is optimized with the Yoast SEO plugin v26.7 - https:\/\/yoast.com\/wordpress\/plugins\/seo\/ -->\n<title>El camino de la ciencia escolar - O&#039;Higgins<\/title>\n<meta name=\"robots\" content=\"index, follow, max-snippet:-1, max-image-preview:large, max-video-preview:-1\" \/>\n<link rel=\"canonical\" href=\"https:\/\/dev.explora.cl\/ohiggins\/el-ano-del-sol-se-vivira-en-ohiggins-2\/\" class=\"yoast-seo-meta-tag\" \/>\n<meta property=\"og:locale\" content=\"es_ES\" class=\"yoast-seo-meta-tag\" \/>\n<meta property=\"og:type\" content=\"article\" class=\"yoast-seo-meta-tag\" \/>\n<meta property=\"og:title\" content=\"El camino de la ciencia escolar - O&#039;Higgins\" class=\"yoast-seo-meta-tag\" \/>\n<meta property=\"og:description\" content=\"Cristian Molina comenz\u00f3 su trayectoria en la investigaci\u00f3n cient\u00edfica en su liceo a los 12 a\u00f1os. Con sus investigaciones particip\u00f3 en encuentros regionales e incluso cre\u00f3 una gu\u00eda de avistamiento de aves para el Humedal Petrel. A sus 18 a\u00f1os, y gracias a su trayectoria en investigaci\u00f3n, ingres\u00f3 a la universidad a trav\u00e9s del Cupo Explora, para seguir investigando. Cada uno de sus pasos ha sido apoyado por el programa Explora y aqu\u00ed nos cuenta c\u00f3mo ha sido su experiencia.\" class=\"yoast-seo-meta-tag\" \/>\n<meta property=\"og:url\" content=\"https:\/\/dev.explora.cl\/ohiggins\/el-ano-del-sol-se-vivira-en-ohiggins-2\/\" class=\"yoast-seo-meta-tag\" \/>\n<meta property=\"og:site_name\" content=\"O&#039;Higgins\" class=\"yoast-seo-meta-tag\" \/>\n<meta property=\"article:published_time\" content=\"2019-07-12T15:43:27+00:00\" class=\"yoast-seo-meta-tag\" \/>\n<meta property=\"article:modified_time\" content=\"2020-06-25T18:25:52+00:00\" class=\"yoast-seo-meta-tag\" \/>\n<meta property=\"og:image\" content=\"https:\/\/dev.explora.cl\/ohiggins\/wp-content\/uploads\/sites\/8\/2019\/07\/PHOTO-2019-07-08-20-04-12-1.jpg\" class=\"yoast-seo-meta-tag\" \/>\n\t<meta property=\"og:image:width\" content=\"1100\" class=\"yoast-seo-meta-tag\" \/>\n\t<meta property=\"og:image:height\" content=\"790\" class=\"yoast-seo-meta-tag\" \/>\n\t<meta property=\"og:image:type\" content=\"image\/jpeg\" class=\"yoast-seo-meta-tag\" \/>\n<meta name=\"author\" content=\"nsalazar\" class=\"yoast-seo-meta-tag\" \/>\n<meta name=\"twitter:card\" content=\"summary_large_image\" class=\"yoast-seo-meta-tag\" \/>\n<meta name=\"twitter:label1\" content=\"Escrito por\" class=\"yoast-seo-meta-tag\" \/>\n\t<meta name=\"twitter:data1\" content=\"nsalazar\" class=\"yoast-seo-meta-tag\" \/>\n\t<meta name=\"twitter:label2\" content=\"Tiempo estimado de lectura\" class=\"yoast-seo-meta-tag\" \/>\n\t<meta name=\"twitter:data2\" content=\"7 minutos\" class=\"yoast-seo-meta-tag\" \/>\n<script type=\"application\/ld+json\" class=\"yoast-schema-graph\">{\"@context\":\"https:\/\/schema.org\",\"@graph\":[{\"@type\":\"Article\",\"@id\":\"https:\/\/dev.explora.cl\/ohiggins\/el-ano-del-sol-se-vivira-en-ohiggins-2\/#article\",\"isPartOf\":{\"@id\":\"https:\/\/dev.explora.cl\/ohiggins\/el-ano-del-sol-se-vivira-en-ohiggins-2\/\"},\"author\":{\"name\":\"nsalazar\",\"@id\":\"https:\/\/dev.explora.cl\/ohiggins\/#\/schema\/person\/3240d62ad2624da9148a475abbc509b0\"},\"headline\":\"El camino de la ciencia escolar\",\"datePublished\":\"2019-07-12T15:43:27+00:00\",\"dateModified\":\"2020-06-25T18:25:52+00:00\",\"mainEntityOfPage\":{\"@id\":\"https:\/\/dev.explora.cl\/ohiggins\/el-ano-del-sol-se-vivira-en-ohiggins-2\/\"},\"wordCount\":1335,\"image\":{\"@id\":\"https:\/\/dev.explora.cl\/ohiggins\/el-ano-del-sol-se-vivira-en-ohiggins-2\/#primaryimage\"},\"thumbnailUrl\":\"https:\/\/dev.explora.cl\/ohiggins\/wp-content\/uploads\/sites\/8\/2019\/07\/PHOTO-2019-07-08-20-04-12-1.jpg\",\"articleSection\":[\"Noticias\"],\"inLanguage\":\"es-CL\"},{\"@type\":\"WebPage\",\"@id\":\"https:\/\/dev.explora.cl\/ohiggins\/el-ano-del-sol-se-vivira-en-ohiggins-2\/\",\"url\":\"https:\/\/dev.explora.cl\/ohiggins\/el-ano-del-sol-se-vivira-en-ohiggins-2\/\",\"name\":\"El camino de la ciencia escolar - O&#039;Higgins\",\"isPartOf\":{\"@id\":\"https:\/\/dev.explora.cl\/ohiggins\/#website\"},\"primaryImageOfPage\":{\"@id\":\"https:\/\/dev.explora.cl\/ohiggins\/el-ano-del-sol-se-vivira-en-ohiggins-2\/#primaryimage\"},\"image\":{\"@id\":\"https:\/\/dev.explora.cl\/ohiggins\/el-ano-del-sol-se-vivira-en-ohiggins-2\/#primaryimage\"},\"thumbnailUrl\":\"https:\/\/dev.explora.cl\/ohiggins\/wp-content\/uploads\/sites\/8\/2019\/07\/PHOTO-2019-07-08-20-04-12-1.jpg\",\"datePublished\":\"2019-07-12T15:43:27+00:00\",\"dateModified\":\"2020-06-25T18:25:52+00:00\",\"author\":{\"@id\":\"https:\/\/dev.explora.cl\/ohiggins\/#\/schema\/person\/3240d62ad2624da9148a475abbc509b0\"},\"breadcrumb\":{\"@id\":\"https:\/\/dev.explora.cl\/ohiggins\/el-ano-del-sol-se-vivira-en-ohiggins-2\/#breadcrumb\"},\"inLanguage\":\"es-CL\",\"potentialAction\":[{\"@type\":\"ReadAction\",\"target\":[\"https:\/\/dev.explora.cl\/ohiggins\/el-ano-del-sol-se-vivira-en-ohiggins-2\/\"]}]},{\"@type\":\"ImageObject\",\"inLanguage\":\"es-CL\",\"@id\":\"https:\/\/dev.explora.cl\/ohiggins\/el-ano-del-sol-se-vivira-en-ohiggins-2\/#primaryimage\",\"url\":\"https:\/\/dev.explora.cl\/ohiggins\/wp-content\/uploads\/sites\/8\/2019\/07\/PHOTO-2019-07-08-20-04-12-1.jpg\",\"contentUrl\":\"https:\/\/dev.explora.cl\/ohiggins\/wp-content\/uploads\/sites\/8\/2019\/07\/PHOTO-2019-07-08-20-04-12-1.jpg\",\"width\":1100,\"height\":790},{\"@type\":\"BreadcrumbList\",\"@id\":\"https:\/\/dev.explora.cl\/ohiggins\/el-ano-del-sol-se-vivira-en-ohiggins-2\/#breadcrumb\",\"itemListElement\":[{\"@type\":\"ListItem\",\"position\":1,\"name\":\"Portada\",\"item\":\"https:\/\/dev.explora.cl\/ohiggins\/\"},{\"@type\":\"ListItem\",\"position\":2,\"name\":\"El camino de la ciencia escolar\"}]},{\"@type\":\"WebSite\",\"@id\":\"https:\/\/dev.explora.cl\/ohiggins\/#website\",\"url\":\"https:\/\/dev.explora.cl\/ohiggins\/\",\"name\":\"O&#039;Higgins\",\"description\":\"Otro sitio m\u00e1s de dev.explora.cl\",\"potentialAction\":[{\"@type\":\"SearchAction\",\"target\":{\"@type\":\"EntryPoint\",\"urlTemplate\":\"https:\/\/dev.explora.cl\/ohiggins\/?s={search_term_string}\"},\"query-input\":{\"@type\":\"PropertyValueSpecification\",\"valueRequired\":true,\"valueName\":\"search_term_string\"}}],\"inLanguage\":\"es-CL\"},{\"@type\":\"Person\",\"@id\":\"https:\/\/dev.explora.cl\/ohiggins\/#\/schema\/person\/3240d62ad2624da9148a475abbc509b0\",\"name\":\"nsalazar\",\"image\":{\"@type\":\"ImageObject\",\"inLanguage\":\"es-CL\",\"@id\":\"https:\/\/dev.explora.cl\/ohiggins\/#\/schema\/person\/image\/\",\"url\":\"https:\/\/secure.gravatar.com\/avatar\/b8cf276f31998a0865a3b90e4d663d91b97848887282c9f9a56cad57ff01cc7e?s=96&d=mm&r=g\",\"contentUrl\":\"https:\/\/secure.gravatar.com\/avatar\/b8cf276f31998a0865a3b90e4d663d91b97848887282c9f9a56cad57ff01cc7e?s=96&d=mm&r=g\",\"caption\":\"nsalazar\"},\"url\":\"https:\/\/dev.explora.cl\/ohiggins\/author\/nsalazar\/\"}]}<\/script>\n<!-- \/ Yoast SEO plugin. -->","yoast_head_json":{"title":"El camino de la ciencia escolar - O&#039;Higgins","robots":{"index":"index","follow":"follow","max-snippet":"max-snippet:-1","max-image-preview":"max-image-preview:large","max-video-preview":"max-video-preview:-1"},"canonical":"https:\/\/dev.explora.cl\/ohiggins\/el-ano-del-sol-se-vivira-en-ohiggins-2\/","og_locale":"es_ES","og_type":"article","og_title":"El camino de la ciencia escolar - O&#039;Higgins","og_description":"Cristian Molina comenz\u00f3 su trayectoria en la investigaci\u00f3n cient\u00edfica en su liceo a los 12 a\u00f1os. Con sus investigaciones particip\u00f3 en encuentros regionales e incluso cre\u00f3 una gu\u00eda de avistamiento de aves para el Humedal Petrel. A sus 18 a\u00f1os, y gracias a su trayectoria en investigaci\u00f3n, ingres\u00f3 a la universidad a trav\u00e9s del Cupo Explora, para seguir investigando. Cada uno de sus pasos ha sido apoyado por el programa Explora y aqu\u00ed nos cuenta c\u00f3mo ha sido su experiencia.","og_url":"https:\/\/dev.explora.cl\/ohiggins\/el-ano-del-sol-se-vivira-en-ohiggins-2\/","og_site_name":"O&#039;Higgins","article_published_time":"2019-07-12T15:43:27+00:00","article_modified_time":"2020-06-25T18:25:52+00:00","og_image":[{"width":1100,"height":790,"url":"https:\/\/dev.explora.cl\/ohiggins\/wp-content\/uploads\/sites\/8\/2019\/07\/PHOTO-2019-07-08-20-04-12-1.jpg","type":"image\/jpeg"}],"author":"nsalazar","twitter_card":"summary_large_image","twitter_misc":{"Escrito por":"nsalazar","Tiempo estimado de lectura":"7 minutos"},"schema":{"@context":"https:\/\/schema.org","@graph":[{"@type":"Article","@id":"https:\/\/dev.explora.cl\/ohiggins\/el-ano-del-sol-se-vivira-en-ohiggins-2\/#article","isPartOf":{"@id":"https:\/\/dev.explora.cl\/ohiggins\/el-ano-del-sol-se-vivira-en-ohiggins-2\/"},"author":{"name":"nsalazar","@id":"https:\/\/dev.explora.cl\/ohiggins\/#\/schema\/person\/3240d62ad2624da9148a475abbc509b0"},"headline":"El camino de la ciencia escolar","datePublished":"2019-07-12T15:43:27+00:00","dateModified":"2020-06-25T18:25:52+00:00","mainEntityOfPage":{"@id":"https:\/\/dev.explora.cl\/ohiggins\/el-ano-del-sol-se-vivira-en-ohiggins-2\/"},"wordCount":1335,"image":{"@id":"https:\/\/dev.explora.cl\/ohiggins\/el-ano-del-sol-se-vivira-en-ohiggins-2\/#primaryimage"},"thumbnailUrl":"https:\/\/dev.explora.cl\/ohiggins\/wp-content\/uploads\/sites\/8\/2019\/07\/PHOTO-2019-07-08-20-04-12-1.jpg","articleSection":["Noticias"],"inLanguage":"es-CL"},{"@type":"WebPage","@id":"https:\/\/dev.explora.cl\/ohiggins\/el-ano-del-sol-se-vivira-en-ohiggins-2\/","url":"https:\/\/dev.explora.cl\/ohiggins\/el-ano-del-sol-se-vivira-en-ohiggins-2\/","name":"El camino de la ciencia escolar - O&#039;Higgins","isPartOf":{"@id":"https:\/\/dev.explora.cl\/ohiggins\/#website"},"primaryImageOfPage":{"@id":"https:\/\/dev.explora.cl\/ohiggins\/el-ano-del-sol-se-vivira-en-ohiggins-2\/#primaryimage"},"image":{"@id":"https:\/\/dev.explora.cl\/ohiggins\/el-ano-del-sol-se-vivira-en-ohiggins-2\/#primaryimage"},"thumbnailUrl":"https:\/\/dev.explora.cl\/ohiggins\/wp-content\/uploads\/sites\/8\/2019\/07\/PHOTO-2019-07-08-20-04-12-1.jpg","datePublished":"2019-07-12T15:43:27+00:00","dateModified":"2020-06-25T18:25:52+00:00","author":{"@id":"https:\/\/dev.explora.cl\/ohiggins\/#\/schema\/person\/3240d62ad2624da9148a475abbc509b0"},"breadcrumb":{"@id":"https:\/\/dev.explora.cl\/ohiggins\/el-ano-del-sol-se-vivira-en-ohiggins-2\/#breadcrumb"},"inLanguage":"es-CL","potentialAction":[{"@type":"ReadAction","target":["https:\/\/dev.explora.cl\/ohiggins\/el-ano-del-sol-se-vivira-en-ohiggins-2\/"]}]},{"@type":"ImageObject","inLanguage":"es-CL","@id":"https:\/\/dev.explora.cl\/ohiggins\/el-ano-del-sol-se-vivira-en-ohiggins-2\/#primaryimage","url":"https:\/\/dev.explora.cl\/ohiggins\/wp-content\/uploads\/sites\/8\/2019\/07\/PHOTO-2019-07-08-20-04-12-1.jpg","contentUrl":"https:\/\/dev.explora.cl\/ohiggins\/wp-content\/uploads\/sites\/8\/2019\/07\/PHOTO-2019-07-08-20-04-12-1.jpg","width":1100,"height":790},{"@type":"BreadcrumbList","@id":"https:\/\/dev.explora.cl\/ohiggins\/el-ano-del-sol-se-vivira-en-ohiggins-2\/#breadcrumb","itemListElement":[{"@type":"ListItem","position":1,"name":"Portada","item":"https:\/\/dev.explora.cl\/ohiggins\/"},{"@type":"ListItem","position":2,"name":"El camino de la ciencia escolar"}]},{"@type":"WebSite","@id":"https:\/\/dev.explora.cl\/ohiggins\/#website","url":"https:\/\/dev.explora.cl\/ohiggins\/","name":"O&#039;Higgins","description":"Otro sitio m\u00e1s de dev.explora.cl","potentialAction":[{"@type":"SearchAction","target":{"@type":"EntryPoint","urlTemplate":"https:\/\/dev.explora.cl\/ohiggins\/?s={search_term_string}"},"query-input":{"@type":"PropertyValueSpecification","valueRequired":true,"valueName":"search_term_string"}}],"inLanguage":"es-CL"},{"@type":"Person","@id":"https:\/\/dev.explora.cl\/ohiggins\/#\/schema\/person\/3240d62ad2624da9148a475abbc509b0","name":"nsalazar","image":{"@type":"ImageObject","inLanguage":"es-CL","@id":"https:\/\/dev.explora.cl\/ohiggins\/#\/schema\/person\/image\/","url":"https:\/\/secure.gravatar.com\/avatar\/b8cf276f31998a0865a3b90e4d663d91b97848887282c9f9a56cad57ff01cc7e?s=96&d=mm&r=g","contentUrl":"https:\/\/secure.gravatar.com\/avatar\/b8cf276f31998a0865a3b90e4d663d91b97848887282c9f9a56cad57ff01cc7e?s=96&d=mm&r=g","caption":"nsalazar"},"url":"https:\/\/dev.explora.cl\/ohiggins\/author\/nsalazar\/"}]}},"_links":{"self":[{"href":"https:\/\/dev.explora.cl\/ohiggins\/wp-json\/wp\/v2\/posts\/38170","targetHints":{"allow":["GET"]}}],"collection":[{"href":"https:\/\/dev.explora.cl\/ohiggins\/wp-json\/wp\/v2\/posts"}],"about":[{"href":"https:\/\/dev.explora.cl\/ohiggins\/wp-json\/wp\/v2\/types\/post"}],"author":[{"embeddable":true,"href":"https:\/\/dev.explora.cl\/ohiggins\/wp-json\/wp\/v2\/users\/23"}],"replies":[{"embeddable":true,"href":"https:\/\/dev.explora.cl\/ohiggins\/wp-json\/wp\/v2\/comments?post=38170"}],"version-history":[{"count":5,"href":"https:\/\/dev.explora.cl\/ohiggins\/wp-json\/wp\/v2\/posts\/38170\/revisions"}],"predecessor-version":[{"id":38180,"href":"https:\/\/dev.explora.cl\/ohiggins\/wp-json\/wp\/v2\/posts\/38170\/revisions\/38180"}],"wp:featuredmedia":[{"embeddable":true,"href":"https:\/\/dev.explora.cl\/ohiggins\/wp-json\/wp\/v2\/media\/38176"}],"wp:attachment":[{"href":"https:\/\/dev.explora.cl\/ohiggins\/wp-json\/wp\/v2\/media?parent=38170"}],"wp:term":[{"taxonomy":"category","embeddable":true,"href":"https:\/\/dev.explora.cl\/ohiggins\/wp-json\/wp\/v2\/categories?post=38170"},{"taxonomy":"post_tag","embeddable":true,"href":"https:\/\/dev.explora.cl\/ohiggins\/wp-json\/wp\/v2\/tags?post=38170"}],"curies":[{"name":"wp","href":"https:\/\/api.w.org\/{rel}","templated":true}]}}