{"id":37544,"date":"2018-05-18T00:00:00","date_gmt":"2018-05-18T04:00:00","guid":{"rendered":"https:\/\/dev.explora.cl\/ohiggins\/blog\/2018\/05\/18\/20-jardines-infantiles-se-adjudican-tcc-2018-2\/"},"modified":"2019-05-20T18:00:09","modified_gmt":"2019-05-20T18:00:09","slug":"20-jardines-infantiles-se-adjudican-tcc-2018-2","status":"publish","type":"post","link":"https:\/\/dev.explora.cl\/ohiggins\/20-jardines-infantiles-se-adjudican-tcc-2018-2\/","title":{"rendered":"20 jardines infantiles se adjudican TCC 2018"},"content":{"rendered":"<p><img loading=\"lazy\" decoding=\"async\" class=\" size-full wp-image-30391\" src=\"http:\/\/ec2-54-245-22-188.us-west-2.compute.amazonaws.com\/wp-content\/uploads\/2018\/05\/notatcc.jpg\" alt=\"notatcc\" style=\"margin-left: auto;margin-right: auto\" width=\"700\" height=\"465\" srcset=\"https:\/\/dev.explora.cl\/ohiggins\/wp-content\/uploads\/sites\/8\/2018\/05\/notatcc.jpg 700w, https:\/\/dev.explora.cl\/ohiggins\/wp-content\/uploads\/sites\/8\/2018\/05\/notatcc-300x199.jpg 300w\" sizes=\"auto, (max-width: 700px) 100vw, 700px\" \/><\/p>\n<p style=\"text-align: justify\">20 jardines infantiles y establecimientos educacionales de la regi\u00f3n, se adjudicaron<strong> \u201cTus Competencias en Ciencias (TCC)\u201d<\/strong>, que consiste en una propuesta metodol\u00f3gica para la valoraci\u00f3n de la ciencia, tecnolog\u00eda e innovaci\u00f3n basada en un modelo de competencias.<\/p>\n<p>Los seleccionados corresponden a las comunas de: Ch\u00e9pica, Codegua, Coltauco, Las Cabras, Marchig\u00fce, Mostazal, Nancagua, Navidad, El Olivar, Pichilemu, Quinta de Tilcoco, Rancagua, Rengo, San Fernando y Santa Cruz.<\/p>\n<p>La implementaci\u00f3n de TCC se realiza a trav\u00e9s de talleres, mediante los cuales se espera entregar a ni\u00f1as y ni\u00f1os, entre 3 y 6 a\u00f1os, las herramientas que se utilizan en el mundo cient\u00edfico para conocer y comprender el mundo, de tal forma que las usen en su vida cotidiana y en los desaf\u00edos acad\u00e9micos y personales que emprendan.<\/p>\n<p>La iniciativa TCC financia en un 100% los costos de capacitaci\u00f3n, adem\u00e1s, cada facilitador recibe una carpeta metodol\u00f3gica, que incluye las actividades de aprendizaje que debe realizar semanalmente; y un kit con todos los elementos necesarios para el desarrollo de los talleres.<\/p>\n<p>Las facilitadoras presentar\u00e1n los resultados obtenidos con sus ni\u00f1os y ni\u00f1as a sus comunidades educativas durante la <strong>Semana Nacional de la Ciencia y la Tecnolog\u00eda<\/strong> (SNCyT) entre el 8 y 12 de octubre y participar\u00e1n de la <strong>IV Feria de Educaci\u00f3n Parvularia<\/strong> que se desarrollar\u00e1 en noviembre en la ciudad de Rancagua.<\/p>\n<p>Se realizar\u00e1 la capacitaci\u00f3n inicial en la comuna de Rancagua (Oficiales Gamero 271) los d\u00edas martes 29, mi\u00e9rcoles 30 y jueves 31 de mayo para las educadoras y el d\u00eda 7 de junio para las t\u00e9cnicos en educaci\u00f3n parvularia que apoyar\u00e1n la implementaci\u00f3n del programa. M\u00e1s informaci\u00f3n se puede escribir a <a href=\"mailto:parexplora.ohiggins@ucm.cl.\">parexplora.ohiggins@ucm.cl.<\/a><\/p>\n","protected":false},"excerpt":{"rendered":"<p>20 jardines infantiles y establecimientos educacionales de la regi\u00f3n, se adjudicaron \u201cTus Competencias en Ciencias (TCC)\u201d, que consiste en una propuesta metodol\u00f3gica para la valoraci\u00f3n de la ciencia, tecnolog\u00eda e innovaci\u00f3n basada en un modelo de competencias. Los seleccionados corresponden a las comunas de: Ch\u00e9pica, Codegua, Coltauco, Las Cabras, Marchig\u00fce, Mostazal, Nancagua, Navidad, El Olivar, [&hellip;]<\/p>\n","protected":false},"author":2,"featured_media":30391,"comment_status":"open","ping_status":"open","sticky":false,"template":"","format":"standard","meta":{"_acf_changed":false,"_exactmetrics_skip_tracking":false,"_exactmetrics_sitenote_active":false,"_exactmetrics_sitenote_note":"","_exactmetrics_sitenote_category":0,"footnotes":"","_links_to":"","_links_to_target":""},"categories":[4],"tags":[],"class_list":["post-37544","post","type-post","status-publish","format-standard","has-post-thumbnail","hentry","category-noticias"],"acf":[],"yoast_head":"<!-- This site is optimized with the Yoast SEO plugin v26.7 - https:\/\/yoast.com\/wordpress\/plugins\/seo\/ -->\n<title>20 jardines infantiles se adjudican TCC 2018 - O&#039;Higgins<\/title>\n<meta name=\"robots\" content=\"index, follow, max-snippet:-1, max-image-preview:large, max-video-preview:-1\" \/>\n<link rel=\"canonical\" href=\"https:\/\/dev.explora.cl\/ohiggins\/20-jardines-infantiles-se-adjudican-tcc-2018-2\/\" class=\"yoast-seo-meta-tag\" \/>\n<meta property=\"og:locale\" content=\"es_ES\" class=\"yoast-seo-meta-tag\" \/>\n<meta property=\"og:type\" content=\"article\" class=\"yoast-seo-meta-tag\" \/>\n<meta property=\"og:title\" content=\"20 jardines infantiles se adjudican TCC 2018 - O&#039;Higgins\" class=\"yoast-seo-meta-tag\" \/>\n<meta property=\"og:description\" content=\"20 jardines infantiles y establecimientos educacionales de la regi\u00f3n, se adjudicaron \u201cTus Competencias en Ciencias (TCC)\u201d, que consiste en una propuesta metodol\u00f3gica para la valoraci\u00f3n de la ciencia, tecnolog\u00eda e innovaci\u00f3n basada en un modelo de competencias. Los seleccionados corresponden a las comunas de: Ch\u00e9pica, Codegua, Coltauco, Las Cabras, Marchig\u00fce, Mostazal, Nancagua, Navidad, El Olivar, [&hellip;]\" class=\"yoast-seo-meta-tag\" \/>\n<meta property=\"og:url\" content=\"https:\/\/dev.explora.cl\/ohiggins\/20-jardines-infantiles-se-adjudican-tcc-2018-2\/\" class=\"yoast-seo-meta-tag\" \/>\n<meta property=\"og:site_name\" content=\"O&#039;Higgins\" class=\"yoast-seo-meta-tag\" \/>\n<meta property=\"article:published_time\" content=\"2018-05-18T04:00:00+00:00\" class=\"yoast-seo-meta-tag\" \/>\n<meta property=\"article:modified_time\" content=\"2019-05-20T18:00:09+00:00\" class=\"yoast-seo-meta-tag\" \/>\n<meta property=\"og:image\" content=\"https:\/\/dev.explora.cl\/ohiggins\/wp-content\/uploads\/sites\/8\/2018\/05\/notatcc.jpg\" class=\"yoast-seo-meta-tag\" \/>\n\t<meta property=\"og:image:width\" content=\"700\" class=\"yoast-seo-meta-tag\" \/>\n\t<meta property=\"og:image:height\" content=\"465\" class=\"yoast-seo-meta-tag\" \/>\n\t<meta property=\"og:image:type\" content=\"image\/jpeg\" class=\"yoast-seo-meta-tag\" \/>\n<meta name=\"author\" content=\"webman\" class=\"yoast-seo-meta-tag\" \/>\n<meta name=\"twitter:card\" content=\"summary_large_image\" class=\"yoast-seo-meta-tag\" \/>\n<meta name=\"twitter:label1\" content=\"Escrito por\" class=\"yoast-seo-meta-tag\" \/>\n\t<meta name=\"twitter:data1\" content=\"webman\" class=\"yoast-seo-meta-tag\" \/>\n\t<meta name=\"twitter:label2\" content=\"Tiempo estimado de lectura\" class=\"yoast-seo-meta-tag\" \/>\n\t<meta name=\"twitter:data2\" content=\"1 minuto\" class=\"yoast-seo-meta-tag\" \/>\n<script type=\"application\/ld+json\" class=\"yoast-schema-graph\">{\"@context\":\"https:\/\/schema.org\",\"@graph\":[{\"@type\":\"Article\",\"@id\":\"https:\/\/dev.explora.cl\/ohiggins\/20-jardines-infantiles-se-adjudican-tcc-2018-2\/#article\",\"isPartOf\":{\"@id\":\"https:\/\/dev.explora.cl\/ohiggins\/20-jardines-infantiles-se-adjudican-tcc-2018-2\/\"},\"author\":{\"name\":\"webman\",\"@id\":\"https:\/\/dev.explora.cl\/ohiggins\/#\/schema\/person\/cb8349c13ea2d324080adf8480d7ba5d\"},\"headline\":\"20 jardines infantiles se adjudican TCC 2018\",\"datePublished\":\"2018-05-18T04:00:00+00:00\",\"dateModified\":\"2019-05-20T18:00:09+00:00\",\"mainEntityOfPage\":{\"@id\":\"https:\/\/dev.explora.cl\/ohiggins\/20-jardines-infantiles-se-adjudican-tcc-2018-2\/\"},\"wordCount\":302,\"commentCount\":3,\"image\":{\"@id\":\"https:\/\/dev.explora.cl\/ohiggins\/20-jardines-infantiles-se-adjudican-tcc-2018-2\/#primaryimage\"},\"thumbnailUrl\":\"https:\/\/dev.explora.cl\/ohiggins\/wp-content\/uploads\/sites\/8\/2018\/05\/notatcc.jpg\",\"articleSection\":[\"Noticias\"],\"inLanguage\":\"es-CL\",\"potentialAction\":[{\"@type\":\"CommentAction\",\"name\":\"Comment\",\"target\":[\"https:\/\/dev.explora.cl\/ohiggins\/20-jardines-infantiles-se-adjudican-tcc-2018-2\/#respond\"]}]},{\"@type\":\"WebPage\",\"@id\":\"https:\/\/dev.explora.cl\/ohiggins\/20-jardines-infantiles-se-adjudican-tcc-2018-2\/\",\"url\":\"https:\/\/dev.explora.cl\/ohiggins\/20-jardines-infantiles-se-adjudican-tcc-2018-2\/\",\"name\":\"20 jardines infantiles se adjudican TCC 2018 - O&#039;Higgins\",\"isPartOf\":{\"@id\":\"https:\/\/dev.explora.cl\/ohiggins\/#website\"},\"primaryImageOfPage\":{\"@id\":\"https:\/\/dev.explora.cl\/ohiggins\/20-jardines-infantiles-se-adjudican-tcc-2018-2\/#primaryimage\"},\"image\":{\"@id\":\"https:\/\/dev.explora.cl\/ohiggins\/20-jardines-infantiles-se-adjudican-tcc-2018-2\/#primaryimage\"},\"thumbnailUrl\":\"https:\/\/dev.explora.cl\/ohiggins\/wp-content\/uploads\/sites\/8\/2018\/05\/notatcc.jpg\",\"datePublished\":\"2018-05-18T04:00:00+00:00\",\"dateModified\":\"2019-05-20T18:00:09+00:00\",\"author\":{\"@id\":\"https:\/\/dev.explora.cl\/ohiggins\/#\/schema\/person\/cb8349c13ea2d324080adf8480d7ba5d\"},\"breadcrumb\":{\"@id\":\"https:\/\/dev.explora.cl\/ohiggins\/20-jardines-infantiles-se-adjudican-tcc-2018-2\/#breadcrumb\"},\"inLanguage\":\"es-CL\",\"potentialAction\":[{\"@type\":\"ReadAction\",\"target\":[\"https:\/\/dev.explora.cl\/ohiggins\/20-jardines-infantiles-se-adjudican-tcc-2018-2\/\"]}]},{\"@type\":\"ImageObject\",\"inLanguage\":\"es-CL\",\"@id\":\"https:\/\/dev.explora.cl\/ohiggins\/20-jardines-infantiles-se-adjudican-tcc-2018-2\/#primaryimage\",\"url\":\"https:\/\/dev.explora.cl\/ohiggins\/wp-content\/uploads\/sites\/8\/2018\/05\/notatcc.jpg\",\"contentUrl\":\"https:\/\/dev.explora.cl\/ohiggins\/wp-content\/uploads\/sites\/8\/2018\/05\/notatcc.jpg\",\"width\":700,\"height\":465,\"caption\":\"notatcc\"},{\"@type\":\"BreadcrumbList\",\"@id\":\"https:\/\/dev.explora.cl\/ohiggins\/20-jardines-infantiles-se-adjudican-tcc-2018-2\/#breadcrumb\",\"itemListElement\":[{\"@type\":\"ListItem\",\"position\":1,\"name\":\"Portada\",\"item\":\"https:\/\/dev.explora.cl\/ohiggins\/\"},{\"@type\":\"ListItem\",\"position\":2,\"name\":\"20 jardines infantiles se adjudican TCC 2018\"}]},{\"@type\":\"WebSite\",\"@id\":\"https:\/\/dev.explora.cl\/ohiggins\/#website\",\"url\":\"https:\/\/dev.explora.cl\/ohiggins\/\",\"name\":\"O&#039;Higgins\",\"description\":\"Otro sitio m\u00e1s de dev.explora.cl\",\"potentialAction\":[{\"@type\":\"SearchAction\",\"target\":{\"@type\":\"EntryPoint\",\"urlTemplate\":\"https:\/\/dev.explora.cl\/ohiggins\/?s={search_term_string}\"},\"query-input\":{\"@type\":\"PropertyValueSpecification\",\"valueRequired\":true,\"valueName\":\"search_term_string\"}}],\"inLanguage\":\"es-CL\"},{\"@type\":\"Person\",\"@id\":\"https:\/\/dev.explora.cl\/ohiggins\/#\/schema\/person\/cb8349c13ea2d324080adf8480d7ba5d\",\"name\":\"webman\",\"image\":{\"@type\":\"ImageObject\",\"inLanguage\":\"es-CL\",\"@id\":\"https:\/\/dev.explora.cl\/ohiggins\/#\/schema\/person\/image\/\",\"url\":\"https:\/\/secure.gravatar.com\/avatar\/eeff3c82f2c02f7177d13663b7e6f890e9a6a0647ce9bb29cae02dcb094c7312?s=96&d=mm&r=g\",\"contentUrl\":\"https:\/\/secure.gravatar.com\/avatar\/eeff3c82f2c02f7177d13663b7e6f890e9a6a0647ce9bb29cae02dcb094c7312?s=96&d=mm&r=g\",\"caption\":\"webman\"},\"url\":\"https:\/\/dev.explora.cl\/ohiggins\/author\/webman\/\"}]}<\/script>\n<!-- \/ Yoast SEO plugin. -->","yoast_head_json":{"title":"20 jardines infantiles se adjudican TCC 2018 - O&#039;Higgins","robots":{"index":"index","follow":"follow","max-snippet":"max-snippet:-1","max-image-preview":"max-image-preview:large","max-video-preview":"max-video-preview:-1"},"canonical":"https:\/\/dev.explora.cl\/ohiggins\/20-jardines-infantiles-se-adjudican-tcc-2018-2\/","og_locale":"es_ES","og_type":"article","og_title":"20 jardines infantiles se adjudican TCC 2018 - O&#039;Higgins","og_description":"20 jardines infantiles y establecimientos educacionales de la regi\u00f3n, se adjudicaron \u201cTus Competencias en Ciencias (TCC)\u201d, que consiste en una propuesta metodol\u00f3gica para la valoraci\u00f3n de la ciencia, tecnolog\u00eda e innovaci\u00f3n basada en un modelo de competencias. Los seleccionados corresponden a las comunas de: Ch\u00e9pica, Codegua, Coltauco, Las Cabras, Marchig\u00fce, Mostazal, Nancagua, Navidad, El Olivar, [&hellip;]","og_url":"https:\/\/dev.explora.cl\/ohiggins\/20-jardines-infantiles-se-adjudican-tcc-2018-2\/","og_site_name":"O&#039;Higgins","article_published_time":"2018-05-18T04:00:00+00:00","article_modified_time":"2019-05-20T18:00:09+00:00","og_image":[{"width":700,"height":465,"url":"https:\/\/dev.explora.cl\/ohiggins\/wp-content\/uploads\/sites\/8\/2018\/05\/notatcc.jpg","type":"image\/jpeg"}],"author":"webman","twitter_card":"summary_large_image","twitter_misc":{"Escrito por":"webman","Tiempo estimado de lectura":"1 minuto"},"schema":{"@context":"https:\/\/schema.org","@graph":[{"@type":"Article","@id":"https:\/\/dev.explora.cl\/ohiggins\/20-jardines-infantiles-se-adjudican-tcc-2018-2\/#article","isPartOf":{"@id":"https:\/\/dev.explora.cl\/ohiggins\/20-jardines-infantiles-se-adjudican-tcc-2018-2\/"},"author":{"name":"webman","@id":"https:\/\/dev.explora.cl\/ohiggins\/#\/schema\/person\/cb8349c13ea2d324080adf8480d7ba5d"},"headline":"20 jardines infantiles se adjudican TCC 2018","datePublished":"2018-05-18T04:00:00+00:00","dateModified":"2019-05-20T18:00:09+00:00","mainEntityOfPage":{"@id":"https:\/\/dev.explora.cl\/ohiggins\/20-jardines-infantiles-se-adjudican-tcc-2018-2\/"},"wordCount":302,"commentCount":3,"image":{"@id":"https:\/\/dev.explora.cl\/ohiggins\/20-jardines-infantiles-se-adjudican-tcc-2018-2\/#primaryimage"},"thumbnailUrl":"https:\/\/dev.explora.cl\/ohiggins\/wp-content\/uploads\/sites\/8\/2018\/05\/notatcc.jpg","articleSection":["Noticias"],"inLanguage":"es-CL","potentialAction":[{"@type":"CommentAction","name":"Comment","target":["https:\/\/dev.explora.cl\/ohiggins\/20-jardines-infantiles-se-adjudican-tcc-2018-2\/#respond"]}]},{"@type":"WebPage","@id":"https:\/\/dev.explora.cl\/ohiggins\/20-jardines-infantiles-se-adjudican-tcc-2018-2\/","url":"https:\/\/dev.explora.cl\/ohiggins\/20-jardines-infantiles-se-adjudican-tcc-2018-2\/","name":"20 jardines infantiles se adjudican TCC 2018 - O&#039;Higgins","isPartOf":{"@id":"https:\/\/dev.explora.cl\/ohiggins\/#website"},"primaryImageOfPage":{"@id":"https:\/\/dev.explora.cl\/ohiggins\/20-jardines-infantiles-se-adjudican-tcc-2018-2\/#primaryimage"},"image":{"@id":"https:\/\/dev.explora.cl\/ohiggins\/20-jardines-infantiles-se-adjudican-tcc-2018-2\/#primaryimage"},"thumbnailUrl":"https:\/\/dev.explora.cl\/ohiggins\/wp-content\/uploads\/sites\/8\/2018\/05\/notatcc.jpg","datePublished":"2018-05-18T04:00:00+00:00","dateModified":"2019-05-20T18:00:09+00:00","author":{"@id":"https:\/\/dev.explora.cl\/ohiggins\/#\/schema\/person\/cb8349c13ea2d324080adf8480d7ba5d"},"breadcrumb":{"@id":"https:\/\/dev.explora.cl\/ohiggins\/20-jardines-infantiles-se-adjudican-tcc-2018-2\/#breadcrumb"},"inLanguage":"es-CL","potentialAction":[{"@type":"ReadAction","target":["https:\/\/dev.explora.cl\/ohiggins\/20-jardines-infantiles-se-adjudican-tcc-2018-2\/"]}]},{"@type":"ImageObject","inLanguage":"es-CL","@id":"https:\/\/dev.explora.cl\/ohiggins\/20-jardines-infantiles-se-adjudican-tcc-2018-2\/#primaryimage","url":"https:\/\/dev.explora.cl\/ohiggins\/wp-content\/uploads\/sites\/8\/2018\/05\/notatcc.jpg","contentUrl":"https:\/\/dev.explora.cl\/ohiggins\/wp-content\/uploads\/sites\/8\/2018\/05\/notatcc.jpg","width":700,"height":465,"caption":"notatcc"},{"@type":"BreadcrumbList","@id":"https:\/\/dev.explora.cl\/ohiggins\/20-jardines-infantiles-se-adjudican-tcc-2018-2\/#breadcrumb","itemListElement":[{"@type":"ListItem","position":1,"name":"Portada","item":"https:\/\/dev.explora.cl\/ohiggins\/"},{"@type":"ListItem","position":2,"name":"20 jardines infantiles se adjudican TCC 2018"}]},{"@type":"WebSite","@id":"https:\/\/dev.explora.cl\/ohiggins\/#website","url":"https:\/\/dev.explora.cl\/ohiggins\/","name":"O&#039;Higgins","description":"Otro sitio m\u00e1s de dev.explora.cl","potentialAction":[{"@type":"SearchAction","target":{"@type":"EntryPoint","urlTemplate":"https:\/\/dev.explora.cl\/ohiggins\/?s={search_term_string}"},"query-input":{"@type":"PropertyValueSpecification","valueRequired":true,"valueName":"search_term_string"}}],"inLanguage":"es-CL"},{"@type":"Person","@id":"https:\/\/dev.explora.cl\/ohiggins\/#\/schema\/person\/cb8349c13ea2d324080adf8480d7ba5d","name":"webman","image":{"@type":"ImageObject","inLanguage":"es-CL","@id":"https:\/\/dev.explora.cl\/ohiggins\/#\/schema\/person\/image\/","url":"https:\/\/secure.gravatar.com\/avatar\/eeff3c82f2c02f7177d13663b7e6f890e9a6a0647ce9bb29cae02dcb094c7312?s=96&d=mm&r=g","contentUrl":"https:\/\/secure.gravatar.com\/avatar\/eeff3c82f2c02f7177d13663b7e6f890e9a6a0647ce9bb29cae02dcb094c7312?s=96&d=mm&r=g","caption":"webman"},"url":"https:\/\/dev.explora.cl\/ohiggins\/author\/webman\/"}]}},"_links":{"self":[{"href":"https:\/\/dev.explora.cl\/ohiggins\/wp-json\/wp\/v2\/posts\/37544","targetHints":{"allow":["GET"]}}],"collection":[{"href":"https:\/\/dev.explora.cl\/ohiggins\/wp-json\/wp\/v2\/posts"}],"about":[{"href":"https:\/\/dev.explora.cl\/ohiggins\/wp-json\/wp\/v2\/types\/post"}],"author":[{"embeddable":true,"href":"https:\/\/dev.explora.cl\/ohiggins\/wp-json\/wp\/v2\/users\/2"}],"replies":[{"embeddable":true,"href":"https:\/\/dev.explora.cl\/ohiggins\/wp-json\/wp\/v2\/comments?post=37544"}],"version-history":[{"count":1,"href":"https:\/\/dev.explora.cl\/ohiggins\/wp-json\/wp\/v2\/posts\/37544\/revisions"}],"predecessor-version":[{"id":37561,"href":"https:\/\/dev.explora.cl\/ohiggins\/wp-json\/wp\/v2\/posts\/37544\/revisions\/37561"}],"wp:featuredmedia":[{"embeddable":true,"href":"https:\/\/dev.explora.cl\/ohiggins\/wp-json\/wp\/v2\/media\/30391"}],"wp:attachment":[{"href":"https:\/\/dev.explora.cl\/ohiggins\/wp-json\/wp\/v2\/media?parent=37544"}],"wp:term":[{"taxonomy":"category","embeddable":true,"href":"https:\/\/dev.explora.cl\/ohiggins\/wp-json\/wp\/v2\/categories?post=37544"},{"taxonomy":"post_tag","embeddable":true,"href":"https:\/\/dev.explora.cl\/ohiggins\/wp-json\/wp\/v2\/tags?post=37544"}],"curies":[{"name":"wp","href":"https:\/\/api.w.org\/{rel}","templated":true}]}}