{"id":37503,"date":"2015-10-14T00:00:00","date_gmt":"2015-10-14T04:00:00","guid":{"rendered":"https:\/\/dev.explora.cl\/ohiggins\/blog\/2015\/10\/14\/feriajuvenil\/"},"modified":"2019-05-20T18:01:56","modified_gmt":"2019-05-20T18:01:56","slug":"feriajuvenil","status":"publish","type":"post","link":"https:\/\/dev.explora.cl\/ohiggins\/feriajuvenil\/","title":{"rendered":"Estudiantes de San Vicente TT arrasan con premios en Feria MNHN"},"content":{"rendered":"<p><img loading=\"lazy\" decoding=\"async\" class=\" size-full wp-image-15683\" src=\"http:\/\/ec2-54-245-22-188.us-west-2.compute.amazonaws.com\/wp-content\/uploads\/2015\/10\/d195acc9e9413758bf38723ff4f3e0a0.jpg\" alt=\"\" width=\"1300\" height=\"867\" \/><\/p>\n<p><p style=\"text-align: justify\">Victoriosos volvieron los estudiantes Tom\u00e1s Bustamante y Jos\u00e9 Arce del Colegio El Salvador de San Vicente de Tagua Tagua, pues obtuvieron no uno, sino tres premios con su investigaci\u00f3n \u201cConservaci\u00f3n de ge\u00f3fitas nativas de la laguna Taguatagua\u201d, &nbsp;en la 45\u00b0 Feria Cient\u00edfica Nacional Juvenil realizada recientemente por el Museo Nacional de Historia Natural (MNHN).<\/p>\n<p style=\"text-align: justify\">Los j\u00f3venes de 8\u00b0 y 7\u00b0 b\u00e1sico respectivamente, adem\u00e1s de triunfar con el primer lugar en la categor\u00eda de Educaci\u00f3n B\u00e1sica, tambi\u00e9n ganaron el segundo lugar en los reconocimientos que otorga la Academia de Ciencias de Chile, y el premio \u201cGrete Mostny\u201d, que valora al mejor proyecto relacionado con un \u00e1rea Curatorial del MNHN, y que este a\u00f1o coincidi\u00f3 con la Bot\u00e1nica.<\/p>\n<p style=\"text-align: justify\">Seg\u00fan explic\u00f3 Gustavo Aliaga, agr\u00f3nomo asesor de los estudiantes, la iniciativa se viene realizando con el Grupo de Acci\u00f3n Ecol\u00f3gica y Conservaci\u00f3n A\u00f1a\u00f1uca, desde 2010 con diferentes colegios de la mencionada comuna; para lo cual se trabaj\u00f3 en un invernadero en el Parque Lobo Feroz, en la localidad de Pueblo de Indios; destacando la labor de Tom\u00e1s y Jos\u00e9, como parte del grupo scout San Jorge del mencionado establecimiento.<\/p>\n<p style=\"text-align: justify\">\u201cSe estudiaron ge\u00f3fitas, que corresponden a plantas bulbosas, es decir que tienen un \u00f3rgano bajo tierra de reserva (por ejemplo: bulbos, tub\u00e9rculos). La idea es que los ni\u00f1os trabajaran con especies nativas como a\u00f1a\u00f1ucas o alstroemerias (astromelias o lirios del campo) y otras especies que se desarrollan en torno a lo que fuera la &nbsp;laguna Tagua Tagua; ya que tienen varias propiedades y tambi\u00e9n sirvi\u00f3 de alimentos para los ind\u00edgenas preincaicos\u201d, coment\u00f3 Aliaga.<\/p>\n<p style=\"text-align: justify\">As\u00ed los escolares, ejecutaron herbarios, estudiaron en terreno, hicieron catastros y distintas t\u00e9cnicas de cultivos para ver el mejor m\u00e9todo de propagaci\u00f3n, para lo cual obtuvieron financiamiento de los Fondos de Protecci\u00f3n Ambiental (FPA), de los Clubes de Ciencia de PAR Explora O\u2019Higgins y recursos de la Ley SEP.<\/p>\n<p style=\"text-align: justify\">La Feria Cient\u00edfica Nacional Juvenil del MNHN convoca a estudiantes de educaci\u00f3n b\u00e1sica y media de todo el pa\u00eds, en su 45 versi\u00f3n, se seleccionaron 35 trabajos a nivel nacional, principalmente de regiones.<\/p>\n<p style=\"text-align: justify\">Los j\u00f3venes dar\u00e1n a conocer su trabajo a los asistentes del Congreso Regional Escolar de Ciencia y Tecnolog\u00eda Explora CONICYT que se realizar\u00e1 en la plaza de armas de Marchig\u00fce el 29 de octubre de este a\u00f1o.<\/p>\n<p style=\"text-align: justify\">&nbsp;<\/p>\n<p style=\"text-align: justify\">Nota: Carla Morales<\/p>\n<p style=\"text-align: justify\">Fotos: MNHN<\/p><\/p>\n","protected":false},"excerpt":{"rendered":"<p>Victoriosos volvieron los estudiantes Tom\u00e1s Bustamante y Jos\u00e9 Arce del Colegio El Salvador de San Vicente de Tagua Tagua, pues obtuvieron no uno, sino tres premios con su investigaci\u00f3n \u201cConservaci\u00f3n de ge\u00f3fitas nativas de la laguna Taguatagua\u201d, &nbsp;en la 45\u00b0 Feria Cient\u00edfica Nacional Juvenil realizada recientemente por el Museo Nacional de Historia Natural (MNHN). Los [&hellip;]<\/p>\n","protected":false},"author":2,"featured_media":33877,"comment_status":"open","ping_status":"open","sticky":false,"template":"","format":"standard","meta":{"_acf_changed":false,"_exactmetrics_skip_tracking":false,"_exactmetrics_sitenote_active":false,"_exactmetrics_sitenote_note":"","_exactmetrics_sitenote_category":0,"footnotes":"","_links_to":"","_links_to_target":""},"categories":[4],"tags":[],"class_list":["post-37503","post","type-post","status-publish","format-standard","has-post-thumbnail","hentry","category-noticias"],"acf":[],"yoast_head":"<!-- This site is optimized with the Yoast SEO plugin v26.7 - https:\/\/yoast.com\/wordpress\/plugins\/seo\/ -->\n<title>Estudiantes de San Vicente TT arrasan con premios en Feria MNHN - O&#039;Higgins<\/title>\n<meta name=\"robots\" content=\"index, follow, max-snippet:-1, max-image-preview:large, max-video-preview:-1\" \/>\n<link rel=\"canonical\" href=\"https:\/\/dev.explora.cl\/ohiggins\/feriajuvenil\/\" class=\"yoast-seo-meta-tag\" \/>\n<meta property=\"og:locale\" content=\"es_ES\" class=\"yoast-seo-meta-tag\" \/>\n<meta property=\"og:type\" content=\"article\" class=\"yoast-seo-meta-tag\" \/>\n<meta property=\"og:title\" content=\"Estudiantes de San Vicente TT arrasan con premios en Feria MNHN - O&#039;Higgins\" class=\"yoast-seo-meta-tag\" \/>\n<meta property=\"og:description\" content=\"Victoriosos volvieron los estudiantes Tom\u00e1s Bustamante y Jos\u00e9 Arce del Colegio El Salvador de San Vicente de Tagua Tagua, pues obtuvieron no uno, sino tres premios con su investigaci\u00f3n \u201cConservaci\u00f3n de ge\u00f3fitas nativas de la laguna Taguatagua\u201d, &nbsp;en la 45\u00b0 Feria Cient\u00edfica Nacional Juvenil realizada recientemente por el Museo Nacional de Historia Natural (MNHN). Los [&hellip;]\" class=\"yoast-seo-meta-tag\" \/>\n<meta property=\"og:url\" content=\"https:\/\/dev.explora.cl\/ohiggins\/feriajuvenil\/\" class=\"yoast-seo-meta-tag\" \/>\n<meta property=\"og:site_name\" content=\"O&#039;Higgins\" class=\"yoast-seo-meta-tag\" \/>\n<meta property=\"article:published_time\" content=\"2015-10-14T04:00:00+00:00\" class=\"yoast-seo-meta-tag\" \/>\n<meta property=\"article:modified_time\" content=\"2019-05-20T18:01:56+00:00\" class=\"yoast-seo-meta-tag\" \/>\n<meta property=\"og:image\" content=\"https:\/\/dev.explora.cl\/ohiggins\/wp-content\/uploads\/sites\/8\/2018\/06\/d195acc9e9413758bf38723ff4f3e0a0.jpg\" class=\"yoast-seo-meta-tag\" \/>\n\t<meta property=\"og:image:width\" content=\"1300\" class=\"yoast-seo-meta-tag\" \/>\n\t<meta property=\"og:image:height\" content=\"867\" class=\"yoast-seo-meta-tag\" \/>\n\t<meta property=\"og:image:type\" content=\"image\/jpeg\" class=\"yoast-seo-meta-tag\" \/>\n<meta name=\"author\" content=\"webman\" class=\"yoast-seo-meta-tag\" \/>\n<meta name=\"twitter:card\" content=\"summary_large_image\" class=\"yoast-seo-meta-tag\" \/>\n<meta name=\"twitter:label1\" content=\"Escrito por\" class=\"yoast-seo-meta-tag\" \/>\n\t<meta name=\"twitter:data1\" content=\"webman\" class=\"yoast-seo-meta-tag\" \/>\n\t<meta name=\"twitter:label2\" content=\"Tiempo estimado de lectura\" class=\"yoast-seo-meta-tag\" \/>\n\t<meta name=\"twitter:data2\" content=\"2 minutos\" class=\"yoast-seo-meta-tag\" \/>\n<script type=\"application\/ld+json\" class=\"yoast-schema-graph\">{\"@context\":\"https:\/\/schema.org\",\"@graph\":[{\"@type\":\"Article\",\"@id\":\"https:\/\/dev.explora.cl\/ohiggins\/feriajuvenil\/#article\",\"isPartOf\":{\"@id\":\"https:\/\/dev.explora.cl\/ohiggins\/feriajuvenil\/\"},\"author\":{\"name\":\"webman\",\"@id\":\"https:\/\/dev.explora.cl\/ohiggins\/#\/schema\/person\/cb8349c13ea2d324080adf8480d7ba5d\"},\"headline\":\"Estudiantes de San Vicente TT arrasan con premios en Feria MNHN\",\"datePublished\":\"2015-10-14T04:00:00+00:00\",\"dateModified\":\"2019-05-20T18:01:56+00:00\",\"mainEntityOfPage\":{\"@id\":\"https:\/\/dev.explora.cl\/ohiggins\/feriajuvenil\/\"},\"wordCount\":433,\"commentCount\":0,\"image\":{\"@id\":\"https:\/\/dev.explora.cl\/ohiggins\/feriajuvenil\/#primaryimage\"},\"thumbnailUrl\":\"https:\/\/dev.explora.cl\/ohiggins\/wp-content\/uploads\/sites\/8\/2018\/06\/d195acc9e9413758bf38723ff4f3e0a0.jpg\",\"articleSection\":[\"Noticias\"],\"inLanguage\":\"es-CL\",\"potentialAction\":[{\"@type\":\"CommentAction\",\"name\":\"Comment\",\"target\":[\"https:\/\/dev.explora.cl\/ohiggins\/feriajuvenil\/#respond\"]}]},{\"@type\":\"WebPage\",\"@id\":\"https:\/\/dev.explora.cl\/ohiggins\/feriajuvenil\/\",\"url\":\"https:\/\/dev.explora.cl\/ohiggins\/feriajuvenil\/\",\"name\":\"Estudiantes de San Vicente TT arrasan con premios en Feria MNHN - O&#039;Higgins\",\"isPartOf\":{\"@id\":\"https:\/\/dev.explora.cl\/ohiggins\/#website\"},\"primaryImageOfPage\":{\"@id\":\"https:\/\/dev.explora.cl\/ohiggins\/feriajuvenil\/#primaryimage\"},\"image\":{\"@id\":\"https:\/\/dev.explora.cl\/ohiggins\/feriajuvenil\/#primaryimage\"},\"thumbnailUrl\":\"https:\/\/dev.explora.cl\/ohiggins\/wp-content\/uploads\/sites\/8\/2018\/06\/d195acc9e9413758bf38723ff4f3e0a0.jpg\",\"datePublished\":\"2015-10-14T04:00:00+00:00\",\"dateModified\":\"2019-05-20T18:01:56+00:00\",\"author\":{\"@id\":\"https:\/\/dev.explora.cl\/ohiggins\/#\/schema\/person\/cb8349c13ea2d324080adf8480d7ba5d\"},\"breadcrumb\":{\"@id\":\"https:\/\/dev.explora.cl\/ohiggins\/feriajuvenil\/#breadcrumb\"},\"inLanguage\":\"es-CL\",\"potentialAction\":[{\"@type\":\"ReadAction\",\"target\":[\"https:\/\/dev.explora.cl\/ohiggins\/feriajuvenil\/\"]}]},{\"@type\":\"ImageObject\",\"inLanguage\":\"es-CL\",\"@id\":\"https:\/\/dev.explora.cl\/ohiggins\/feriajuvenil\/#primaryimage\",\"url\":\"https:\/\/dev.explora.cl\/ohiggins\/wp-content\/uploads\/sites\/8\/2018\/06\/d195acc9e9413758bf38723ff4f3e0a0.jpg\",\"contentUrl\":\"https:\/\/dev.explora.cl\/ohiggins\/wp-content\/uploads\/sites\/8\/2018\/06\/d195acc9e9413758bf38723ff4f3e0a0.jpg\",\"width\":1300,\"height\":867},{\"@type\":\"BreadcrumbList\",\"@id\":\"https:\/\/dev.explora.cl\/ohiggins\/feriajuvenil\/#breadcrumb\",\"itemListElement\":[{\"@type\":\"ListItem\",\"position\":1,\"name\":\"Portada\",\"item\":\"https:\/\/dev.explora.cl\/ohiggins\/\"},{\"@type\":\"ListItem\",\"position\":2,\"name\":\"Estudiantes de San Vicente TT arrasan con premios en Feria MNHN\"}]},{\"@type\":\"WebSite\",\"@id\":\"https:\/\/dev.explora.cl\/ohiggins\/#website\",\"url\":\"https:\/\/dev.explora.cl\/ohiggins\/\",\"name\":\"O&#039;Higgins\",\"description\":\"Otro sitio m\u00e1s de dev.explora.cl\",\"potentialAction\":[{\"@type\":\"SearchAction\",\"target\":{\"@type\":\"EntryPoint\",\"urlTemplate\":\"https:\/\/dev.explora.cl\/ohiggins\/?s={search_term_string}\"},\"query-input\":{\"@type\":\"PropertyValueSpecification\",\"valueRequired\":true,\"valueName\":\"search_term_string\"}}],\"inLanguage\":\"es-CL\"},{\"@type\":\"Person\",\"@id\":\"https:\/\/dev.explora.cl\/ohiggins\/#\/schema\/person\/cb8349c13ea2d324080adf8480d7ba5d\",\"name\":\"webman\",\"image\":{\"@type\":\"ImageObject\",\"inLanguage\":\"es-CL\",\"@id\":\"https:\/\/dev.explora.cl\/ohiggins\/#\/schema\/person\/image\/\",\"url\":\"https:\/\/secure.gravatar.com\/avatar\/eeff3c82f2c02f7177d13663b7e6f890e9a6a0647ce9bb29cae02dcb094c7312?s=96&d=mm&r=g\",\"contentUrl\":\"https:\/\/secure.gravatar.com\/avatar\/eeff3c82f2c02f7177d13663b7e6f890e9a6a0647ce9bb29cae02dcb094c7312?s=96&d=mm&r=g\",\"caption\":\"webman\"},\"url\":\"https:\/\/dev.explora.cl\/ohiggins\/author\/webman\/\"}]}<\/script>\n<!-- \/ Yoast SEO plugin. -->","yoast_head_json":{"title":"Estudiantes de San Vicente TT arrasan con premios en Feria MNHN - O&#039;Higgins","robots":{"index":"index","follow":"follow","max-snippet":"max-snippet:-1","max-image-preview":"max-image-preview:large","max-video-preview":"max-video-preview:-1"},"canonical":"https:\/\/dev.explora.cl\/ohiggins\/feriajuvenil\/","og_locale":"es_ES","og_type":"article","og_title":"Estudiantes de San Vicente TT arrasan con premios en Feria MNHN - O&#039;Higgins","og_description":"Victoriosos volvieron los estudiantes Tom\u00e1s Bustamante y Jos\u00e9 Arce del Colegio El Salvador de San Vicente de Tagua Tagua, pues obtuvieron no uno, sino tres premios con su investigaci\u00f3n \u201cConservaci\u00f3n de ge\u00f3fitas nativas de la laguna Taguatagua\u201d, &nbsp;en la 45\u00b0 Feria Cient\u00edfica Nacional Juvenil realizada recientemente por el Museo Nacional de Historia Natural (MNHN). Los [&hellip;]","og_url":"https:\/\/dev.explora.cl\/ohiggins\/feriajuvenil\/","og_site_name":"O&#039;Higgins","article_published_time":"2015-10-14T04:00:00+00:00","article_modified_time":"2019-05-20T18:01:56+00:00","og_image":[{"width":1300,"height":867,"url":"https:\/\/dev.explora.cl\/ohiggins\/wp-content\/uploads\/sites\/8\/2018\/06\/d195acc9e9413758bf38723ff4f3e0a0.jpg","type":"image\/jpeg"}],"author":"webman","twitter_card":"summary_large_image","twitter_misc":{"Escrito por":"webman","Tiempo estimado de lectura":"2 minutos"},"schema":{"@context":"https:\/\/schema.org","@graph":[{"@type":"Article","@id":"https:\/\/dev.explora.cl\/ohiggins\/feriajuvenil\/#article","isPartOf":{"@id":"https:\/\/dev.explora.cl\/ohiggins\/feriajuvenil\/"},"author":{"name":"webman","@id":"https:\/\/dev.explora.cl\/ohiggins\/#\/schema\/person\/cb8349c13ea2d324080adf8480d7ba5d"},"headline":"Estudiantes de San Vicente TT arrasan con premios en Feria MNHN","datePublished":"2015-10-14T04:00:00+00:00","dateModified":"2019-05-20T18:01:56+00:00","mainEntityOfPage":{"@id":"https:\/\/dev.explora.cl\/ohiggins\/feriajuvenil\/"},"wordCount":433,"commentCount":0,"image":{"@id":"https:\/\/dev.explora.cl\/ohiggins\/feriajuvenil\/#primaryimage"},"thumbnailUrl":"https:\/\/dev.explora.cl\/ohiggins\/wp-content\/uploads\/sites\/8\/2018\/06\/d195acc9e9413758bf38723ff4f3e0a0.jpg","articleSection":["Noticias"],"inLanguage":"es-CL","potentialAction":[{"@type":"CommentAction","name":"Comment","target":["https:\/\/dev.explora.cl\/ohiggins\/feriajuvenil\/#respond"]}]},{"@type":"WebPage","@id":"https:\/\/dev.explora.cl\/ohiggins\/feriajuvenil\/","url":"https:\/\/dev.explora.cl\/ohiggins\/feriajuvenil\/","name":"Estudiantes de San Vicente TT arrasan con premios en Feria MNHN - O&#039;Higgins","isPartOf":{"@id":"https:\/\/dev.explora.cl\/ohiggins\/#website"},"primaryImageOfPage":{"@id":"https:\/\/dev.explora.cl\/ohiggins\/feriajuvenil\/#primaryimage"},"image":{"@id":"https:\/\/dev.explora.cl\/ohiggins\/feriajuvenil\/#primaryimage"},"thumbnailUrl":"https:\/\/dev.explora.cl\/ohiggins\/wp-content\/uploads\/sites\/8\/2018\/06\/d195acc9e9413758bf38723ff4f3e0a0.jpg","datePublished":"2015-10-14T04:00:00+00:00","dateModified":"2019-05-20T18:01:56+00:00","author":{"@id":"https:\/\/dev.explora.cl\/ohiggins\/#\/schema\/person\/cb8349c13ea2d324080adf8480d7ba5d"},"breadcrumb":{"@id":"https:\/\/dev.explora.cl\/ohiggins\/feriajuvenil\/#breadcrumb"},"inLanguage":"es-CL","potentialAction":[{"@type":"ReadAction","target":["https:\/\/dev.explora.cl\/ohiggins\/feriajuvenil\/"]}]},{"@type":"ImageObject","inLanguage":"es-CL","@id":"https:\/\/dev.explora.cl\/ohiggins\/feriajuvenil\/#primaryimage","url":"https:\/\/dev.explora.cl\/ohiggins\/wp-content\/uploads\/sites\/8\/2018\/06\/d195acc9e9413758bf38723ff4f3e0a0.jpg","contentUrl":"https:\/\/dev.explora.cl\/ohiggins\/wp-content\/uploads\/sites\/8\/2018\/06\/d195acc9e9413758bf38723ff4f3e0a0.jpg","width":1300,"height":867},{"@type":"BreadcrumbList","@id":"https:\/\/dev.explora.cl\/ohiggins\/feriajuvenil\/#breadcrumb","itemListElement":[{"@type":"ListItem","position":1,"name":"Portada","item":"https:\/\/dev.explora.cl\/ohiggins\/"},{"@type":"ListItem","position":2,"name":"Estudiantes de San Vicente TT arrasan con premios en Feria MNHN"}]},{"@type":"WebSite","@id":"https:\/\/dev.explora.cl\/ohiggins\/#website","url":"https:\/\/dev.explora.cl\/ohiggins\/","name":"O&#039;Higgins","description":"Otro sitio m\u00e1s de dev.explora.cl","potentialAction":[{"@type":"SearchAction","target":{"@type":"EntryPoint","urlTemplate":"https:\/\/dev.explora.cl\/ohiggins\/?s={search_term_string}"},"query-input":{"@type":"PropertyValueSpecification","valueRequired":true,"valueName":"search_term_string"}}],"inLanguage":"es-CL"},{"@type":"Person","@id":"https:\/\/dev.explora.cl\/ohiggins\/#\/schema\/person\/cb8349c13ea2d324080adf8480d7ba5d","name":"webman","image":{"@type":"ImageObject","inLanguage":"es-CL","@id":"https:\/\/dev.explora.cl\/ohiggins\/#\/schema\/person\/image\/","url":"https:\/\/secure.gravatar.com\/avatar\/eeff3c82f2c02f7177d13663b7e6f890e9a6a0647ce9bb29cae02dcb094c7312?s=96&d=mm&r=g","contentUrl":"https:\/\/secure.gravatar.com\/avatar\/eeff3c82f2c02f7177d13663b7e6f890e9a6a0647ce9bb29cae02dcb094c7312?s=96&d=mm&r=g","caption":"webman"},"url":"https:\/\/dev.explora.cl\/ohiggins\/author\/webman\/"}]}},"_links":{"self":[{"href":"https:\/\/dev.explora.cl\/ohiggins\/wp-json\/wp\/v2\/posts\/37503","targetHints":{"allow":["GET"]}}],"collection":[{"href":"https:\/\/dev.explora.cl\/ohiggins\/wp-json\/wp\/v2\/posts"}],"about":[{"href":"https:\/\/dev.explora.cl\/ohiggins\/wp-json\/wp\/v2\/types\/post"}],"author":[{"embeddable":true,"href":"https:\/\/dev.explora.cl\/ohiggins\/wp-json\/wp\/v2\/users\/2"}],"replies":[{"embeddable":true,"href":"https:\/\/dev.explora.cl\/ohiggins\/wp-json\/wp\/v2\/comments?post=37503"}],"version-history":[{"count":1,"href":"https:\/\/dev.explora.cl\/ohiggins\/wp-json\/wp\/v2\/posts\/37503\/revisions"}],"predecessor-version":[{"id":37745,"href":"https:\/\/dev.explora.cl\/ohiggins\/wp-json\/wp\/v2\/posts\/37503\/revisions\/37745"}],"wp:featuredmedia":[{"embeddable":true,"href":"https:\/\/dev.explora.cl\/ohiggins\/wp-json\/wp\/v2\/media\/33877"}],"wp:attachment":[{"href":"https:\/\/dev.explora.cl\/ohiggins\/wp-json\/wp\/v2\/media?parent=37503"}],"wp:term":[{"taxonomy":"category","embeddable":true,"href":"https:\/\/dev.explora.cl\/ohiggins\/wp-json\/wp\/v2\/categories?post=37503"},{"taxonomy":"post_tag","embeddable":true,"href":"https:\/\/dev.explora.cl\/ohiggins\/wp-json\/wp\/v2\/tags?post=37503"}],"curies":[{"name":"wp","href":"https:\/\/api.w.org\/{rel}","templated":true}]}}