{"id":37502,"date":"2015-10-13T00:00:00","date_gmt":"2015-10-13T04:00:00","guid":{"rendered":"https:\/\/dev.explora.cl\/ohiggins\/blog\/2015\/10\/13\/gaudi-1\/"},"modified":"2019-05-20T18:02:18","modified_gmt":"2019-05-20T18:02:18","slug":"gaudi-1","status":"publish","type":"post","link":"https:\/\/dev.explora.cl\/ohiggins\/gaudi-1\/","title":{"rendered":"Centro Gaud\u00ed se sum\u00f3 a XXI SNCyT con talleres educativos"},"content":{"rendered":"<p><img loading=\"lazy\" decoding=\"async\" class=\" size-full wp-image-15644\" src=\"http:\/\/ec2-54-245-22-188.us-west-2.compute.amazonaws.com\/wp-content\/uploads\/2015\/10\/d4fe9501bdabaa3c788b5700fcac514f.jpg\" alt=\"\" width=\"1000\" height=\"557\" \/><\/p>\n<p>&nbsp;<\/p>\n<p style=\"text-align: justify\">Un taller de Dibujo y Observaci\u00f3n de la Naturaleza a cargo de Patricio Letelier, y dos talleres de trencad\u00eds o mosaicos, a cargo de Beatriz Valenzuela se realizaron durante el jueves 8 y viernes 9 de octubre en el Centro Cultural, con un total de 80 asistentes, en coordinaci\u00f3n con el Proyecto Asociativo Regional PAR Explora O\u00b4Higgins.<\/p>\n<p style=\"text-align: justify\">La Secretaria Ejecutiva de la Corporaci\u00f3n Gaud\u00ed de Triana, Beatriz Valenzuela se\u00f1al\u00f3 que \u201cestamos agradecidos que Conicyt a trav\u00e9s de su programa Explora, difunda el arte y la ciencia y se haya interesado en traer colegios para compartir las distintas actividades que realizamos como Centro Cultural\u201d. Asimismo agreg\u00f3 que el 9 de octubre se realiz\u00f3 un taller en el cual \u201clos asistentes pudieron conocer el universo policrom\u00e1tico de Gaud\u00ed y tener una experiencia pr\u00e1ctica de realizaci\u00f3n de un trencad\u00eds\u201d.<\/p>\n<p style=\"text-align: justify\"><img loading=\"lazy\" decoding=\"async\" class=\" alignleft size-full wp-image-15645\" src=\"http:\/\/ec2-54-245-22-188.us-west-2.compute.amazonaws.com\/wp-content\/uploads\/2015\/10\/talleres-gaudi-5.jpg\" width=\"300\" height=\"246\" style=\"margin-right: 10px;margin-bottom: 5px;float: left\" \/>Mar\u00eda Teresa Mu\u00f1oz, profesora jefe del 4\u00b0 C de la Escuela El Naranjal de Rengo esta actividad es interesante, \u201cha sido algo novedoso para ellos. Han soltado mucha de la energ\u00eda que ten\u00edas, se han relajado y se les nota en la cara que est\u00e1n muy contentos. Participamos en la Feria Cient\u00edfica en Rengo, fuimos a la muestra de Explora con diferentes experimentos de las distintas escuelas. Ojal\u00e1 esto siguiera durante todo el a\u00f1o\u201d agreg\u00f3 la docente.<\/p>\n<p style=\"text-align: justify\">A Dino Miranda, alumno de 4 a\u00f1o b\u00e1sico C de la Escuela El Naranjal de Rengo, le encant\u00f3 el taller porque \u201chay mucho por admirar y mucha belleza en el mundo\u2026por eso me encant\u00f3\u201d. Su compa\u00f1ero, Francisco Gonzalez, se\u00f1al\u00f3 que le pareci\u00f3 \u201cmuy buena la actividad porque as\u00ed aprendemos m\u00e1s de la naturaleza y de la observaci\u00f3n\u201d.<\/p>\n<p style=\"text-align: justify\">Fuente y fotos: Centro Cultural Gaud\u00ed<\/p>\n<p>&nbsp;<\/p>\n","protected":false},"excerpt":{"rendered":"<p>&nbsp; Un taller de Dibujo y Observaci\u00f3n de la Naturaleza a cargo de Patricio Letelier, y dos talleres de trencad\u00eds o mosaicos, a cargo de Beatriz Valenzuela se realizaron durante el jueves 8 y viernes 9 de octubre en el Centro Cultural, con un total de 80 asistentes, en coordinaci\u00f3n con el Proyecto Asociativo Regional [&hellip;]<\/p>\n","protected":false},"author":2,"featured_media":32237,"comment_status":"open","ping_status":"open","sticky":false,"template":"","format":"standard","meta":{"_acf_changed":false,"_exactmetrics_skip_tracking":false,"_exactmetrics_sitenote_active":false,"_exactmetrics_sitenote_note":"","_exactmetrics_sitenote_category":0,"footnotes":"","_links_to":"","_links_to_target":""},"categories":[4],"tags":[],"class_list":["post-37502","post","type-post","status-publish","format-standard","has-post-thumbnail","hentry","category-noticias"],"acf":[],"yoast_head":"<!-- This site is optimized with the Yoast SEO plugin v26.7 - https:\/\/yoast.com\/wordpress\/plugins\/seo\/ -->\n<title>Centro Gaud\u00ed se sum\u00f3 a XXI SNCyT con talleres educativos - O&#039;Higgins<\/title>\n<meta name=\"robots\" content=\"index, follow, max-snippet:-1, max-image-preview:large, max-video-preview:-1\" \/>\n<link rel=\"canonical\" href=\"https:\/\/dev.explora.cl\/ohiggins\/gaudi-1\/\" class=\"yoast-seo-meta-tag\" \/>\n<meta property=\"og:locale\" content=\"es_ES\" class=\"yoast-seo-meta-tag\" \/>\n<meta property=\"og:type\" content=\"article\" class=\"yoast-seo-meta-tag\" \/>\n<meta property=\"og:title\" content=\"Centro Gaud\u00ed se sum\u00f3 a XXI SNCyT con talleres educativos - O&#039;Higgins\" class=\"yoast-seo-meta-tag\" \/>\n<meta property=\"og:description\" content=\"&nbsp; Un taller de Dibujo y Observaci\u00f3n de la Naturaleza a cargo de Patricio Letelier, y dos talleres de trencad\u00eds o mosaicos, a cargo de Beatriz Valenzuela se realizaron durante el jueves 8 y viernes 9 de octubre en el Centro Cultural, con un total de 80 asistentes, en coordinaci\u00f3n con el Proyecto Asociativo Regional [&hellip;]\" class=\"yoast-seo-meta-tag\" \/>\n<meta property=\"og:url\" content=\"https:\/\/dev.explora.cl\/ohiggins\/gaudi-1\/\" class=\"yoast-seo-meta-tag\" \/>\n<meta property=\"og:site_name\" content=\"O&#039;Higgins\" class=\"yoast-seo-meta-tag\" \/>\n<meta property=\"article:published_time\" content=\"2015-10-13T04:00:00+00:00\" class=\"yoast-seo-meta-tag\" \/>\n<meta property=\"article:modified_time\" content=\"2019-05-20T18:02:18+00:00\" class=\"yoast-seo-meta-tag\" \/>\n<meta property=\"og:image\" content=\"https:\/\/dev.explora.cl\/ohiggins\/wp-content\/uploads\/sites\/8\/2018\/06\/d4fe9501bdabaa3c788b5700fcac514f.jpg\" class=\"yoast-seo-meta-tag\" \/>\n\t<meta property=\"og:image:width\" content=\"1000\" class=\"yoast-seo-meta-tag\" \/>\n\t<meta property=\"og:image:height\" content=\"557\" class=\"yoast-seo-meta-tag\" \/>\n\t<meta property=\"og:image:type\" content=\"image\/jpeg\" class=\"yoast-seo-meta-tag\" \/>\n<meta name=\"author\" content=\"webman\" class=\"yoast-seo-meta-tag\" \/>\n<meta name=\"twitter:card\" content=\"summary_large_image\" class=\"yoast-seo-meta-tag\" \/>\n<meta name=\"twitter:label1\" content=\"Escrito por\" class=\"yoast-seo-meta-tag\" \/>\n\t<meta name=\"twitter:data1\" content=\"webman\" class=\"yoast-seo-meta-tag\" \/>\n\t<meta name=\"twitter:label2\" content=\"Tiempo estimado de lectura\" class=\"yoast-seo-meta-tag\" \/>\n\t<meta name=\"twitter:data2\" content=\"1 minuto\" class=\"yoast-seo-meta-tag\" \/>\n<script type=\"application\/ld+json\" class=\"yoast-schema-graph\">{\"@context\":\"https:\/\/schema.org\",\"@graph\":[{\"@type\":\"Article\",\"@id\":\"https:\/\/dev.explora.cl\/ohiggins\/gaudi-1\/#article\",\"isPartOf\":{\"@id\":\"https:\/\/dev.explora.cl\/ohiggins\/gaudi-1\/\"},\"author\":{\"name\":\"webman\",\"@id\":\"https:\/\/dev.explora.cl\/ohiggins\/#\/schema\/person\/cb8349c13ea2d324080adf8480d7ba5d\"},\"headline\":\"Centro Gaud\u00ed se sum\u00f3 a XXI SNCyT con talleres educativos\",\"datePublished\":\"2015-10-13T04:00:00+00:00\",\"dateModified\":\"2019-05-20T18:02:18+00:00\",\"mainEntityOfPage\":{\"@id\":\"https:\/\/dev.explora.cl\/ohiggins\/gaudi-1\/\"},\"wordCount\":307,\"commentCount\":2,\"image\":{\"@id\":\"https:\/\/dev.explora.cl\/ohiggins\/gaudi-1\/#primaryimage\"},\"thumbnailUrl\":\"https:\/\/dev.explora.cl\/ohiggins\/wp-content\/uploads\/sites\/8\/2018\/06\/d4fe9501bdabaa3c788b5700fcac514f.jpg\",\"articleSection\":[\"Noticias\"],\"inLanguage\":\"es-CL\",\"potentialAction\":[{\"@type\":\"CommentAction\",\"name\":\"Comment\",\"target\":[\"https:\/\/dev.explora.cl\/ohiggins\/gaudi-1\/#respond\"]}]},{\"@type\":\"WebPage\",\"@id\":\"https:\/\/dev.explora.cl\/ohiggins\/gaudi-1\/\",\"url\":\"https:\/\/dev.explora.cl\/ohiggins\/gaudi-1\/\",\"name\":\"Centro Gaud\u00ed se sum\u00f3 a XXI SNCyT con talleres educativos - O&#039;Higgins\",\"isPartOf\":{\"@id\":\"https:\/\/dev.explora.cl\/ohiggins\/#website\"},\"primaryImageOfPage\":{\"@id\":\"https:\/\/dev.explora.cl\/ohiggins\/gaudi-1\/#primaryimage\"},\"image\":{\"@id\":\"https:\/\/dev.explora.cl\/ohiggins\/gaudi-1\/#primaryimage\"},\"thumbnailUrl\":\"https:\/\/dev.explora.cl\/ohiggins\/wp-content\/uploads\/sites\/8\/2018\/06\/d4fe9501bdabaa3c788b5700fcac514f.jpg\",\"datePublished\":\"2015-10-13T04:00:00+00:00\",\"dateModified\":\"2019-05-20T18:02:18+00:00\",\"author\":{\"@id\":\"https:\/\/dev.explora.cl\/ohiggins\/#\/schema\/person\/cb8349c13ea2d324080adf8480d7ba5d\"},\"breadcrumb\":{\"@id\":\"https:\/\/dev.explora.cl\/ohiggins\/gaudi-1\/#breadcrumb\"},\"inLanguage\":\"es-CL\",\"potentialAction\":[{\"@type\":\"ReadAction\",\"target\":[\"https:\/\/dev.explora.cl\/ohiggins\/gaudi-1\/\"]}]},{\"@type\":\"ImageObject\",\"inLanguage\":\"es-CL\",\"@id\":\"https:\/\/dev.explora.cl\/ohiggins\/gaudi-1\/#primaryimage\",\"url\":\"https:\/\/dev.explora.cl\/ohiggins\/wp-content\/uploads\/sites\/8\/2018\/06\/d4fe9501bdabaa3c788b5700fcac514f.jpg\",\"contentUrl\":\"https:\/\/dev.explora.cl\/ohiggins\/wp-content\/uploads\/sites\/8\/2018\/06\/d4fe9501bdabaa3c788b5700fcac514f.jpg\",\"width\":1000,\"height\":557},{\"@type\":\"BreadcrumbList\",\"@id\":\"https:\/\/dev.explora.cl\/ohiggins\/gaudi-1\/#breadcrumb\",\"itemListElement\":[{\"@type\":\"ListItem\",\"position\":1,\"name\":\"Portada\",\"item\":\"https:\/\/dev.explora.cl\/ohiggins\/\"},{\"@type\":\"ListItem\",\"position\":2,\"name\":\"Centro Gaud\u00ed se sum\u00f3 a XXI SNCyT con talleres educativos\"}]},{\"@type\":\"WebSite\",\"@id\":\"https:\/\/dev.explora.cl\/ohiggins\/#website\",\"url\":\"https:\/\/dev.explora.cl\/ohiggins\/\",\"name\":\"O&#039;Higgins\",\"description\":\"Otro sitio m\u00e1s de dev.explora.cl\",\"potentialAction\":[{\"@type\":\"SearchAction\",\"target\":{\"@type\":\"EntryPoint\",\"urlTemplate\":\"https:\/\/dev.explora.cl\/ohiggins\/?s={search_term_string}\"},\"query-input\":{\"@type\":\"PropertyValueSpecification\",\"valueRequired\":true,\"valueName\":\"search_term_string\"}}],\"inLanguage\":\"es-CL\"},{\"@type\":\"Person\",\"@id\":\"https:\/\/dev.explora.cl\/ohiggins\/#\/schema\/person\/cb8349c13ea2d324080adf8480d7ba5d\",\"name\":\"webman\",\"image\":{\"@type\":\"ImageObject\",\"inLanguage\":\"es-CL\",\"@id\":\"https:\/\/dev.explora.cl\/ohiggins\/#\/schema\/person\/image\/\",\"url\":\"https:\/\/secure.gravatar.com\/avatar\/eeff3c82f2c02f7177d13663b7e6f890e9a6a0647ce9bb29cae02dcb094c7312?s=96&d=mm&r=g\",\"contentUrl\":\"https:\/\/secure.gravatar.com\/avatar\/eeff3c82f2c02f7177d13663b7e6f890e9a6a0647ce9bb29cae02dcb094c7312?s=96&d=mm&r=g\",\"caption\":\"webman\"},\"url\":\"https:\/\/dev.explora.cl\/ohiggins\/author\/webman\/\"}]}<\/script>\n<!-- \/ Yoast SEO plugin. -->","yoast_head_json":{"title":"Centro Gaud\u00ed se sum\u00f3 a XXI SNCyT con talleres educativos - O&#039;Higgins","robots":{"index":"index","follow":"follow","max-snippet":"max-snippet:-1","max-image-preview":"max-image-preview:large","max-video-preview":"max-video-preview:-1"},"canonical":"https:\/\/dev.explora.cl\/ohiggins\/gaudi-1\/","og_locale":"es_ES","og_type":"article","og_title":"Centro Gaud\u00ed se sum\u00f3 a XXI SNCyT con talleres educativos - O&#039;Higgins","og_description":"&nbsp; Un taller de Dibujo y Observaci\u00f3n de la Naturaleza a cargo de Patricio Letelier, y dos talleres de trencad\u00eds o mosaicos, a cargo de Beatriz Valenzuela se realizaron durante el jueves 8 y viernes 9 de octubre en el Centro Cultural, con un total de 80 asistentes, en coordinaci\u00f3n con el Proyecto Asociativo Regional [&hellip;]","og_url":"https:\/\/dev.explora.cl\/ohiggins\/gaudi-1\/","og_site_name":"O&#039;Higgins","article_published_time":"2015-10-13T04:00:00+00:00","article_modified_time":"2019-05-20T18:02:18+00:00","og_image":[{"width":1000,"height":557,"url":"https:\/\/dev.explora.cl\/ohiggins\/wp-content\/uploads\/sites\/8\/2018\/06\/d4fe9501bdabaa3c788b5700fcac514f.jpg","type":"image\/jpeg"}],"author":"webman","twitter_card":"summary_large_image","twitter_misc":{"Escrito por":"webman","Tiempo estimado de lectura":"1 minuto"},"schema":{"@context":"https:\/\/schema.org","@graph":[{"@type":"Article","@id":"https:\/\/dev.explora.cl\/ohiggins\/gaudi-1\/#article","isPartOf":{"@id":"https:\/\/dev.explora.cl\/ohiggins\/gaudi-1\/"},"author":{"name":"webman","@id":"https:\/\/dev.explora.cl\/ohiggins\/#\/schema\/person\/cb8349c13ea2d324080adf8480d7ba5d"},"headline":"Centro Gaud\u00ed se sum\u00f3 a XXI SNCyT con talleres educativos","datePublished":"2015-10-13T04:00:00+00:00","dateModified":"2019-05-20T18:02:18+00:00","mainEntityOfPage":{"@id":"https:\/\/dev.explora.cl\/ohiggins\/gaudi-1\/"},"wordCount":307,"commentCount":2,"image":{"@id":"https:\/\/dev.explora.cl\/ohiggins\/gaudi-1\/#primaryimage"},"thumbnailUrl":"https:\/\/dev.explora.cl\/ohiggins\/wp-content\/uploads\/sites\/8\/2018\/06\/d4fe9501bdabaa3c788b5700fcac514f.jpg","articleSection":["Noticias"],"inLanguage":"es-CL","potentialAction":[{"@type":"CommentAction","name":"Comment","target":["https:\/\/dev.explora.cl\/ohiggins\/gaudi-1\/#respond"]}]},{"@type":"WebPage","@id":"https:\/\/dev.explora.cl\/ohiggins\/gaudi-1\/","url":"https:\/\/dev.explora.cl\/ohiggins\/gaudi-1\/","name":"Centro Gaud\u00ed se sum\u00f3 a XXI SNCyT con talleres educativos - O&#039;Higgins","isPartOf":{"@id":"https:\/\/dev.explora.cl\/ohiggins\/#website"},"primaryImageOfPage":{"@id":"https:\/\/dev.explora.cl\/ohiggins\/gaudi-1\/#primaryimage"},"image":{"@id":"https:\/\/dev.explora.cl\/ohiggins\/gaudi-1\/#primaryimage"},"thumbnailUrl":"https:\/\/dev.explora.cl\/ohiggins\/wp-content\/uploads\/sites\/8\/2018\/06\/d4fe9501bdabaa3c788b5700fcac514f.jpg","datePublished":"2015-10-13T04:00:00+00:00","dateModified":"2019-05-20T18:02:18+00:00","author":{"@id":"https:\/\/dev.explora.cl\/ohiggins\/#\/schema\/person\/cb8349c13ea2d324080adf8480d7ba5d"},"breadcrumb":{"@id":"https:\/\/dev.explora.cl\/ohiggins\/gaudi-1\/#breadcrumb"},"inLanguage":"es-CL","potentialAction":[{"@type":"ReadAction","target":["https:\/\/dev.explora.cl\/ohiggins\/gaudi-1\/"]}]},{"@type":"ImageObject","inLanguage":"es-CL","@id":"https:\/\/dev.explora.cl\/ohiggins\/gaudi-1\/#primaryimage","url":"https:\/\/dev.explora.cl\/ohiggins\/wp-content\/uploads\/sites\/8\/2018\/06\/d4fe9501bdabaa3c788b5700fcac514f.jpg","contentUrl":"https:\/\/dev.explora.cl\/ohiggins\/wp-content\/uploads\/sites\/8\/2018\/06\/d4fe9501bdabaa3c788b5700fcac514f.jpg","width":1000,"height":557},{"@type":"BreadcrumbList","@id":"https:\/\/dev.explora.cl\/ohiggins\/gaudi-1\/#breadcrumb","itemListElement":[{"@type":"ListItem","position":1,"name":"Portada","item":"https:\/\/dev.explora.cl\/ohiggins\/"},{"@type":"ListItem","position":2,"name":"Centro Gaud\u00ed se sum\u00f3 a XXI SNCyT con talleres educativos"}]},{"@type":"WebSite","@id":"https:\/\/dev.explora.cl\/ohiggins\/#website","url":"https:\/\/dev.explora.cl\/ohiggins\/","name":"O&#039;Higgins","description":"Otro sitio m\u00e1s de dev.explora.cl","potentialAction":[{"@type":"SearchAction","target":{"@type":"EntryPoint","urlTemplate":"https:\/\/dev.explora.cl\/ohiggins\/?s={search_term_string}"},"query-input":{"@type":"PropertyValueSpecification","valueRequired":true,"valueName":"search_term_string"}}],"inLanguage":"es-CL"},{"@type":"Person","@id":"https:\/\/dev.explora.cl\/ohiggins\/#\/schema\/person\/cb8349c13ea2d324080adf8480d7ba5d","name":"webman","image":{"@type":"ImageObject","inLanguage":"es-CL","@id":"https:\/\/dev.explora.cl\/ohiggins\/#\/schema\/person\/image\/","url":"https:\/\/secure.gravatar.com\/avatar\/eeff3c82f2c02f7177d13663b7e6f890e9a6a0647ce9bb29cae02dcb094c7312?s=96&d=mm&r=g","contentUrl":"https:\/\/secure.gravatar.com\/avatar\/eeff3c82f2c02f7177d13663b7e6f890e9a6a0647ce9bb29cae02dcb094c7312?s=96&d=mm&r=g","caption":"webman"},"url":"https:\/\/dev.explora.cl\/ohiggins\/author\/webman\/"}]}},"_links":{"self":[{"href":"https:\/\/dev.explora.cl\/ohiggins\/wp-json\/wp\/v2\/posts\/37502","targetHints":{"allow":["GET"]}}],"collection":[{"href":"https:\/\/dev.explora.cl\/ohiggins\/wp-json\/wp\/v2\/posts"}],"about":[{"href":"https:\/\/dev.explora.cl\/ohiggins\/wp-json\/wp\/v2\/types\/post"}],"author":[{"embeddable":true,"href":"https:\/\/dev.explora.cl\/ohiggins\/wp-json\/wp\/v2\/users\/2"}],"replies":[{"embeddable":true,"href":"https:\/\/dev.explora.cl\/ohiggins\/wp-json\/wp\/v2\/comments?post=37502"}],"version-history":[{"count":1,"href":"https:\/\/dev.explora.cl\/ohiggins\/wp-json\/wp\/v2\/posts\/37502\/revisions"}],"predecessor-version":[{"id":37747,"href":"https:\/\/dev.explora.cl\/ohiggins\/wp-json\/wp\/v2\/posts\/37502\/revisions\/37747"}],"wp:featuredmedia":[{"embeddable":true,"href":"https:\/\/dev.explora.cl\/ohiggins\/wp-json\/wp\/v2\/media\/32237"}],"wp:attachment":[{"href":"https:\/\/dev.explora.cl\/ohiggins\/wp-json\/wp\/v2\/media?parent=37502"}],"wp:term":[{"taxonomy":"category","embeddable":true,"href":"https:\/\/dev.explora.cl\/ohiggins\/wp-json\/wp\/v2\/categories?post=37502"},{"taxonomy":"post_tag","embeddable":true,"href":"https:\/\/dev.explora.cl\/ohiggins\/wp-json\/wp\/v2\/tags?post=37502"}],"curies":[{"name":"wp","href":"https:\/\/api.w.org\/{rel}","templated":true}]}}