{"id":37500,"date":"2015-10-06T00:00:00","date_gmt":"2015-10-06T04:00:00","guid":{"rendered":"https:\/\/dev.explora.cl\/ohiggins\/blog\/2015\/10\/06\/semanadelaciencia\/"},"modified":"2019-05-20T18:02:19","modified_gmt":"2019-05-20T18:02:19","slug":"semanadelaciencia","status":"publish","type":"post","link":"https:\/\/dev.explora.cl\/ohiggins\/semanadelaciencia\/","title":{"rendered":"O\u2019Higgins comenz\u00f3 a vivir  XXI Semana de la CyT"},"content":{"rendered":"<p><img loading=\"lazy\" decoding=\"async\" class=\" size-full wp-image-15426\" src=\"http:\/\/ec2-54-245-22-188.us-west-2.compute.amazonaws.com\/wp-content\/uploads\/2015\/10\/535a65754adfed9d16d73ed3a8ca5cac.jpg\" alt=\"\" width=\"1000\" height=\"667\" \/><\/p>\n<p style=\"text-align: justify\">Diversas entidades y delegaciones de establecimientos educacionales se dieron cita este lunes en el Liceo Tom\u00e1s Mar\u00edn de Poveda, para el lanzamiento de la XXI Semana Nacional de la Ciencia y la Tecnolog\u00eda, la que PAR Explora O&#8217;Higgins, ejecutado por UC del Maule, se encuentra organizando en la regi\u00f3n desde el 5 al 11 de octubre.<\/p>\n<p style=\"text-align: justify\">La lluvia no fue obst\u00e1culo para que se dieran cita la ciencia, tecnolog\u00eda, ferias cient\u00edficas, actividades musicales y circenses, en una jornada que llen\u00f3 de color a la comuna de Rengo, y en la que participaron diversas autoridades regionales, y nacionales, como Nicol\u00e1s Schneider en representaci\u00f3n del Programa Explora CONICYT, Alyson Hadad, Seremi de Educaci\u00f3n, R\u00f3mulo Santelices, director del PAR; Manuel D\u00edaz, director regional de Sernatur, entre otras autoridades educacionales locales de la comuna.<\/p>\n<p style=\"text-align: justify\">El evento se realiz\u00f3 en conjunto con la Escuela El Naranjal, que se sum\u00f3 a esta actividad con su IV Feria Cient\u00edfica, aportando con una muestra de diversos trabajos de ciencia, adem\u00e1s de una obra de teatro ligada al cuidado medioambiental. En la ocasi\u00f3n expusieron adem\u00e1s, los colegios: San Antonio del Baluarte, Coya, Jes\u00fas Andino de Codegua, San Alberto, Valle de Colchagua y el Liceo Latinoamericano; adem\u00e1s de las siguientes entidades: JUNJI, CEAF, el ilustrador Cient\u00edfico Alonso Salazar, muestras de biodiversidad y Fungiciclo (relativa a los hongos).<\/p>\n<p style=\"text-align: justify\">En la ocasi\u00f3n, Hadad, valor\u00f3 la labor de PAR EXPLORA O&#8217;Higgins, ya que &#8220;los ni\u00f1os que participan de este tipo de eventos, desarrollan aprendizajes que son significativos, lo har\u00e1n parte de s\u00ed; implica que la familia se involucre, los ni\u00f1os se motivan a aprender de manera distinta, fuera del contexto de la sala de clases&#8221;, coment\u00f3.<\/p>\n<p style=\"text-align: justify\">Schneider destac\u00f3 la realizaci\u00f3n de este tipo de iniciativas porque, &#8220;acerca la ciencia a lo cotidiano; es importante tener este tipo de acercamiento para vincular a la ciencia y la comunidad&#8221;, sostuvo.<\/p>\n<p style=\"text-align: justify\">El resto de la semana, se tendr\u00e1n varias actividades m\u00e1s, como D\u00eda de la Ciencia en mi Colegio, 1000 cient\u00edficos 1000 aulas (en que investigadores visitan establecimientos educacionales y comparten con estudiantes), Museos y Laboratorios abiertos, para lo cual se han sumado diversas entidades como INIA-CEAF ; los museos Regional Rancagua y de Colchagua; la UMCE sede Graneros; Conaf, Grupo A\u00d1A\u00d1UCA, Corporaci\u00f3n Gaud\u00ed de Triana Chile; adem\u00e1s de establecimientos educacionales y otros servicios p\u00fablicos.<\/p>\n<p style=\"text-align: justify\">Para m\u00e1s detalle e inscripciones de las iniciativas, puedes visitar nuestro <a href=\"ohiggins\/noticias-ohiggins\/6474-semana\">calendario<\/a>.<\/p>\n<p style=\"text-align: justify\">Revisa nuestra galer\u00eda fotogr\u00e1fica<span style=\"color: #0000ff\"> <a href=\"https:\/\/www.facebook.com\/parexploraohiggins\"><span style=\"color: #0000ff\">ac\u00e1<\/span><\/a><\/span><\/p>\n<p>Nota: Carla Morales<\/p>\n<p>Fotos: Esteban Reyes<\/p>\n","protected":false},"excerpt":{"rendered":"<p>Diversas entidades y delegaciones de establecimientos educacionales se dieron cita este lunes en el Liceo Tom\u00e1s Mar\u00edn de Poveda, para el lanzamiento de la XXI Semana Nacional de la Ciencia y la Tecnolog\u00eda, la que PAR Explora O&#8217;Higgins, ejecutado por UC del Maule, se encuentra organizando en la regi\u00f3n desde el 5 al 11 de [&hellip;]<\/p>\n","protected":false},"author":2,"featured_media":33871,"comment_status":"open","ping_status":"open","sticky":false,"template":"","format":"standard","meta":{"_acf_changed":false,"_exactmetrics_skip_tracking":false,"_exactmetrics_sitenote_active":false,"_exactmetrics_sitenote_note":"","_exactmetrics_sitenote_category":0,"footnotes":"","_links_to":"","_links_to_target":""},"categories":[4],"tags":[],"class_list":["post-37500","post","type-post","status-publish","format-standard","has-post-thumbnail","hentry","category-noticias"],"acf":[],"yoast_head":"<!-- This site is optimized with the Yoast SEO plugin v26.7 - https:\/\/yoast.com\/wordpress\/plugins\/seo\/ -->\n<title>O\u2019Higgins comenz\u00f3 a vivir XXI Semana de la CyT - O&#039;Higgins<\/title>\n<meta name=\"robots\" content=\"index, follow, max-snippet:-1, max-image-preview:large, max-video-preview:-1\" \/>\n<link rel=\"canonical\" href=\"https:\/\/dev.explora.cl\/ohiggins\/semanadelaciencia\/\" class=\"yoast-seo-meta-tag\" \/>\n<meta property=\"og:locale\" content=\"es_ES\" class=\"yoast-seo-meta-tag\" \/>\n<meta property=\"og:type\" content=\"article\" class=\"yoast-seo-meta-tag\" \/>\n<meta property=\"og:title\" content=\"O\u2019Higgins comenz\u00f3 a vivir XXI Semana de la CyT - O&#039;Higgins\" class=\"yoast-seo-meta-tag\" \/>\n<meta property=\"og:description\" content=\"Diversas entidades y delegaciones de establecimientos educacionales se dieron cita este lunes en el Liceo Tom\u00e1s Mar\u00edn de Poveda, para el lanzamiento de la XXI Semana Nacional de la Ciencia y la Tecnolog\u00eda, la que PAR Explora O&#8217;Higgins, ejecutado por UC del Maule, se encuentra organizando en la regi\u00f3n desde el 5 al 11 de [&hellip;]\" class=\"yoast-seo-meta-tag\" \/>\n<meta property=\"og:url\" content=\"https:\/\/dev.explora.cl\/ohiggins\/semanadelaciencia\/\" class=\"yoast-seo-meta-tag\" \/>\n<meta property=\"og:site_name\" content=\"O&#039;Higgins\" class=\"yoast-seo-meta-tag\" \/>\n<meta property=\"article:published_time\" content=\"2015-10-06T04:00:00+00:00\" class=\"yoast-seo-meta-tag\" \/>\n<meta property=\"article:modified_time\" content=\"2019-05-20T18:02:19+00:00\" class=\"yoast-seo-meta-tag\" \/>\n<meta property=\"og:image\" content=\"https:\/\/dev.explora.cl\/ohiggins\/wp-content\/uploads\/sites\/8\/2018\/06\/535a65754adfed9d16d73ed3a8ca5cac.jpg\" class=\"yoast-seo-meta-tag\" \/>\n\t<meta property=\"og:image:width\" content=\"1000\" class=\"yoast-seo-meta-tag\" \/>\n\t<meta property=\"og:image:height\" content=\"667\" class=\"yoast-seo-meta-tag\" \/>\n\t<meta property=\"og:image:type\" content=\"image\/jpeg\" class=\"yoast-seo-meta-tag\" \/>\n<meta name=\"author\" content=\"webman\" class=\"yoast-seo-meta-tag\" \/>\n<meta name=\"twitter:card\" content=\"summary_large_image\" class=\"yoast-seo-meta-tag\" \/>\n<meta name=\"twitter:label1\" content=\"Escrito por\" class=\"yoast-seo-meta-tag\" \/>\n\t<meta name=\"twitter:data1\" content=\"webman\" class=\"yoast-seo-meta-tag\" \/>\n\t<meta name=\"twitter:label2\" content=\"Tiempo estimado de lectura\" class=\"yoast-seo-meta-tag\" \/>\n\t<meta name=\"twitter:data2\" content=\"2 minutos\" class=\"yoast-seo-meta-tag\" \/>\n<script type=\"application\/ld+json\" class=\"yoast-schema-graph\">{\"@context\":\"https:\/\/schema.org\",\"@graph\":[{\"@type\":\"Article\",\"@id\":\"https:\/\/dev.explora.cl\/ohiggins\/semanadelaciencia\/#article\",\"isPartOf\":{\"@id\":\"https:\/\/dev.explora.cl\/ohiggins\/semanadelaciencia\/\"},\"author\":{\"name\":\"webman\",\"@id\":\"https:\/\/dev.explora.cl\/ohiggins\/#\/schema\/person\/cb8349c13ea2d324080adf8480d7ba5d\"},\"headline\":\"O\u2019Higgins comenz\u00f3 a vivir XXI Semana de la CyT\",\"datePublished\":\"2015-10-06T04:00:00+00:00\",\"dateModified\":\"2019-05-20T18:02:19+00:00\",\"mainEntityOfPage\":{\"@id\":\"https:\/\/dev.explora.cl\/ohiggins\/semanadelaciencia\/\"},\"wordCount\":445,\"commentCount\":0,\"image\":{\"@id\":\"https:\/\/dev.explora.cl\/ohiggins\/semanadelaciencia\/#primaryimage\"},\"thumbnailUrl\":\"https:\/\/dev.explora.cl\/ohiggins\/wp-content\/uploads\/sites\/8\/2018\/06\/535a65754adfed9d16d73ed3a8ca5cac.jpg\",\"articleSection\":[\"Noticias\"],\"inLanguage\":\"es-CL\",\"potentialAction\":[{\"@type\":\"CommentAction\",\"name\":\"Comment\",\"target\":[\"https:\/\/dev.explora.cl\/ohiggins\/semanadelaciencia\/#respond\"]}]},{\"@type\":\"WebPage\",\"@id\":\"https:\/\/dev.explora.cl\/ohiggins\/semanadelaciencia\/\",\"url\":\"https:\/\/dev.explora.cl\/ohiggins\/semanadelaciencia\/\",\"name\":\"O\u2019Higgins comenz\u00f3 a vivir XXI Semana de la CyT - O&#039;Higgins\",\"isPartOf\":{\"@id\":\"https:\/\/dev.explora.cl\/ohiggins\/#website\"},\"primaryImageOfPage\":{\"@id\":\"https:\/\/dev.explora.cl\/ohiggins\/semanadelaciencia\/#primaryimage\"},\"image\":{\"@id\":\"https:\/\/dev.explora.cl\/ohiggins\/semanadelaciencia\/#primaryimage\"},\"thumbnailUrl\":\"https:\/\/dev.explora.cl\/ohiggins\/wp-content\/uploads\/sites\/8\/2018\/06\/535a65754adfed9d16d73ed3a8ca5cac.jpg\",\"datePublished\":\"2015-10-06T04:00:00+00:00\",\"dateModified\":\"2019-05-20T18:02:19+00:00\",\"author\":{\"@id\":\"https:\/\/dev.explora.cl\/ohiggins\/#\/schema\/person\/cb8349c13ea2d324080adf8480d7ba5d\"},\"breadcrumb\":{\"@id\":\"https:\/\/dev.explora.cl\/ohiggins\/semanadelaciencia\/#breadcrumb\"},\"inLanguage\":\"es-CL\",\"potentialAction\":[{\"@type\":\"ReadAction\",\"target\":[\"https:\/\/dev.explora.cl\/ohiggins\/semanadelaciencia\/\"]}]},{\"@type\":\"ImageObject\",\"inLanguage\":\"es-CL\",\"@id\":\"https:\/\/dev.explora.cl\/ohiggins\/semanadelaciencia\/#primaryimage\",\"url\":\"https:\/\/dev.explora.cl\/ohiggins\/wp-content\/uploads\/sites\/8\/2018\/06\/535a65754adfed9d16d73ed3a8ca5cac.jpg\",\"contentUrl\":\"https:\/\/dev.explora.cl\/ohiggins\/wp-content\/uploads\/sites\/8\/2018\/06\/535a65754adfed9d16d73ed3a8ca5cac.jpg\",\"width\":1000,\"height\":667},{\"@type\":\"BreadcrumbList\",\"@id\":\"https:\/\/dev.explora.cl\/ohiggins\/semanadelaciencia\/#breadcrumb\",\"itemListElement\":[{\"@type\":\"ListItem\",\"position\":1,\"name\":\"Portada\",\"item\":\"https:\/\/dev.explora.cl\/ohiggins\/\"},{\"@type\":\"ListItem\",\"position\":2,\"name\":\"O\u2019Higgins comenz\u00f3 a vivir XXI Semana de la CyT\"}]},{\"@type\":\"WebSite\",\"@id\":\"https:\/\/dev.explora.cl\/ohiggins\/#website\",\"url\":\"https:\/\/dev.explora.cl\/ohiggins\/\",\"name\":\"O&#039;Higgins\",\"description\":\"Otro sitio m\u00e1s de dev.explora.cl\",\"potentialAction\":[{\"@type\":\"SearchAction\",\"target\":{\"@type\":\"EntryPoint\",\"urlTemplate\":\"https:\/\/dev.explora.cl\/ohiggins\/?s={search_term_string}\"},\"query-input\":{\"@type\":\"PropertyValueSpecification\",\"valueRequired\":true,\"valueName\":\"search_term_string\"}}],\"inLanguage\":\"es-CL\"},{\"@type\":\"Person\",\"@id\":\"https:\/\/dev.explora.cl\/ohiggins\/#\/schema\/person\/cb8349c13ea2d324080adf8480d7ba5d\",\"name\":\"webman\",\"image\":{\"@type\":\"ImageObject\",\"inLanguage\":\"es-CL\",\"@id\":\"https:\/\/dev.explora.cl\/ohiggins\/#\/schema\/person\/image\/\",\"url\":\"https:\/\/secure.gravatar.com\/avatar\/eeff3c82f2c02f7177d13663b7e6f890e9a6a0647ce9bb29cae02dcb094c7312?s=96&d=mm&r=g\",\"contentUrl\":\"https:\/\/secure.gravatar.com\/avatar\/eeff3c82f2c02f7177d13663b7e6f890e9a6a0647ce9bb29cae02dcb094c7312?s=96&d=mm&r=g\",\"caption\":\"webman\"},\"url\":\"https:\/\/dev.explora.cl\/ohiggins\/author\/webman\/\"}]}<\/script>\n<!-- \/ Yoast SEO plugin. -->","yoast_head_json":{"title":"O\u2019Higgins comenz\u00f3 a vivir XXI Semana de la CyT - O&#039;Higgins","robots":{"index":"index","follow":"follow","max-snippet":"max-snippet:-1","max-image-preview":"max-image-preview:large","max-video-preview":"max-video-preview:-1"},"canonical":"https:\/\/dev.explora.cl\/ohiggins\/semanadelaciencia\/","og_locale":"es_ES","og_type":"article","og_title":"O\u2019Higgins comenz\u00f3 a vivir XXI Semana de la CyT - O&#039;Higgins","og_description":"Diversas entidades y delegaciones de establecimientos educacionales se dieron cita este lunes en el Liceo Tom\u00e1s Mar\u00edn de Poveda, para el lanzamiento de la XXI Semana Nacional de la Ciencia y la Tecnolog\u00eda, la que PAR Explora O&#8217;Higgins, ejecutado por UC del Maule, se encuentra organizando en la regi\u00f3n desde el 5 al 11 de [&hellip;]","og_url":"https:\/\/dev.explora.cl\/ohiggins\/semanadelaciencia\/","og_site_name":"O&#039;Higgins","article_published_time":"2015-10-06T04:00:00+00:00","article_modified_time":"2019-05-20T18:02:19+00:00","og_image":[{"width":1000,"height":667,"url":"https:\/\/dev.explora.cl\/ohiggins\/wp-content\/uploads\/sites\/8\/2018\/06\/535a65754adfed9d16d73ed3a8ca5cac.jpg","type":"image\/jpeg"}],"author":"webman","twitter_card":"summary_large_image","twitter_misc":{"Escrito por":"webman","Tiempo estimado de lectura":"2 minutos"},"schema":{"@context":"https:\/\/schema.org","@graph":[{"@type":"Article","@id":"https:\/\/dev.explora.cl\/ohiggins\/semanadelaciencia\/#article","isPartOf":{"@id":"https:\/\/dev.explora.cl\/ohiggins\/semanadelaciencia\/"},"author":{"name":"webman","@id":"https:\/\/dev.explora.cl\/ohiggins\/#\/schema\/person\/cb8349c13ea2d324080adf8480d7ba5d"},"headline":"O\u2019Higgins comenz\u00f3 a vivir XXI Semana de la CyT","datePublished":"2015-10-06T04:00:00+00:00","dateModified":"2019-05-20T18:02:19+00:00","mainEntityOfPage":{"@id":"https:\/\/dev.explora.cl\/ohiggins\/semanadelaciencia\/"},"wordCount":445,"commentCount":0,"image":{"@id":"https:\/\/dev.explora.cl\/ohiggins\/semanadelaciencia\/#primaryimage"},"thumbnailUrl":"https:\/\/dev.explora.cl\/ohiggins\/wp-content\/uploads\/sites\/8\/2018\/06\/535a65754adfed9d16d73ed3a8ca5cac.jpg","articleSection":["Noticias"],"inLanguage":"es-CL","potentialAction":[{"@type":"CommentAction","name":"Comment","target":["https:\/\/dev.explora.cl\/ohiggins\/semanadelaciencia\/#respond"]}]},{"@type":"WebPage","@id":"https:\/\/dev.explora.cl\/ohiggins\/semanadelaciencia\/","url":"https:\/\/dev.explora.cl\/ohiggins\/semanadelaciencia\/","name":"O\u2019Higgins comenz\u00f3 a vivir XXI Semana de la CyT - O&#039;Higgins","isPartOf":{"@id":"https:\/\/dev.explora.cl\/ohiggins\/#website"},"primaryImageOfPage":{"@id":"https:\/\/dev.explora.cl\/ohiggins\/semanadelaciencia\/#primaryimage"},"image":{"@id":"https:\/\/dev.explora.cl\/ohiggins\/semanadelaciencia\/#primaryimage"},"thumbnailUrl":"https:\/\/dev.explora.cl\/ohiggins\/wp-content\/uploads\/sites\/8\/2018\/06\/535a65754adfed9d16d73ed3a8ca5cac.jpg","datePublished":"2015-10-06T04:00:00+00:00","dateModified":"2019-05-20T18:02:19+00:00","author":{"@id":"https:\/\/dev.explora.cl\/ohiggins\/#\/schema\/person\/cb8349c13ea2d324080adf8480d7ba5d"},"breadcrumb":{"@id":"https:\/\/dev.explora.cl\/ohiggins\/semanadelaciencia\/#breadcrumb"},"inLanguage":"es-CL","potentialAction":[{"@type":"ReadAction","target":["https:\/\/dev.explora.cl\/ohiggins\/semanadelaciencia\/"]}]},{"@type":"ImageObject","inLanguage":"es-CL","@id":"https:\/\/dev.explora.cl\/ohiggins\/semanadelaciencia\/#primaryimage","url":"https:\/\/dev.explora.cl\/ohiggins\/wp-content\/uploads\/sites\/8\/2018\/06\/535a65754adfed9d16d73ed3a8ca5cac.jpg","contentUrl":"https:\/\/dev.explora.cl\/ohiggins\/wp-content\/uploads\/sites\/8\/2018\/06\/535a65754adfed9d16d73ed3a8ca5cac.jpg","width":1000,"height":667},{"@type":"BreadcrumbList","@id":"https:\/\/dev.explora.cl\/ohiggins\/semanadelaciencia\/#breadcrumb","itemListElement":[{"@type":"ListItem","position":1,"name":"Portada","item":"https:\/\/dev.explora.cl\/ohiggins\/"},{"@type":"ListItem","position":2,"name":"O\u2019Higgins comenz\u00f3 a vivir XXI Semana de la CyT"}]},{"@type":"WebSite","@id":"https:\/\/dev.explora.cl\/ohiggins\/#website","url":"https:\/\/dev.explora.cl\/ohiggins\/","name":"O&#039;Higgins","description":"Otro sitio m\u00e1s de dev.explora.cl","potentialAction":[{"@type":"SearchAction","target":{"@type":"EntryPoint","urlTemplate":"https:\/\/dev.explora.cl\/ohiggins\/?s={search_term_string}"},"query-input":{"@type":"PropertyValueSpecification","valueRequired":true,"valueName":"search_term_string"}}],"inLanguage":"es-CL"},{"@type":"Person","@id":"https:\/\/dev.explora.cl\/ohiggins\/#\/schema\/person\/cb8349c13ea2d324080adf8480d7ba5d","name":"webman","image":{"@type":"ImageObject","inLanguage":"es-CL","@id":"https:\/\/dev.explora.cl\/ohiggins\/#\/schema\/person\/image\/","url":"https:\/\/secure.gravatar.com\/avatar\/eeff3c82f2c02f7177d13663b7e6f890e9a6a0647ce9bb29cae02dcb094c7312?s=96&d=mm&r=g","contentUrl":"https:\/\/secure.gravatar.com\/avatar\/eeff3c82f2c02f7177d13663b7e6f890e9a6a0647ce9bb29cae02dcb094c7312?s=96&d=mm&r=g","caption":"webman"},"url":"https:\/\/dev.explora.cl\/ohiggins\/author\/webman\/"}]}},"_links":{"self":[{"href":"https:\/\/dev.explora.cl\/ohiggins\/wp-json\/wp\/v2\/posts\/37500","targetHints":{"allow":["GET"]}}],"collection":[{"href":"https:\/\/dev.explora.cl\/ohiggins\/wp-json\/wp\/v2\/posts"}],"about":[{"href":"https:\/\/dev.explora.cl\/ohiggins\/wp-json\/wp\/v2\/types\/post"}],"author":[{"embeddable":true,"href":"https:\/\/dev.explora.cl\/ohiggins\/wp-json\/wp\/v2\/users\/2"}],"replies":[{"embeddable":true,"href":"https:\/\/dev.explora.cl\/ohiggins\/wp-json\/wp\/v2\/comments?post=37500"}],"version-history":[{"count":1,"href":"https:\/\/dev.explora.cl\/ohiggins\/wp-json\/wp\/v2\/posts\/37500\/revisions"}],"predecessor-version":[{"id":37750,"href":"https:\/\/dev.explora.cl\/ohiggins\/wp-json\/wp\/v2\/posts\/37500\/revisions\/37750"}],"wp:featuredmedia":[{"embeddable":true,"href":"https:\/\/dev.explora.cl\/ohiggins\/wp-json\/wp\/v2\/media\/33871"}],"wp:attachment":[{"href":"https:\/\/dev.explora.cl\/ohiggins\/wp-json\/wp\/v2\/media?parent=37500"}],"wp:term":[{"taxonomy":"category","embeddable":true,"href":"https:\/\/dev.explora.cl\/ohiggins\/wp-json\/wp\/v2\/categories?post=37500"},{"taxonomy":"post_tag","embeddable":true,"href":"https:\/\/dev.explora.cl\/ohiggins\/wp-json\/wp\/v2\/tags?post=37500"}],"curies":[{"name":"wp","href":"https:\/\/api.w.org\/{rel}","templated":true}]}}