{"id":37499,"date":"2015-09-25T00:00:00","date_gmt":"2015-09-25T04:00:00","guid":{"rendered":"https:\/\/dev.explora.cl\/ohiggins\/blog\/2015\/09\/25\/feria-pichilemu\/"},"modified":"2019-05-20T18:02:20","modified_gmt":"2019-05-20T18:02:20","slug":"feria-pichilemu","status":"publish","type":"post","link":"https:\/\/dev.explora.cl\/ohiggins\/feria-pichilemu\/","title":{"rendered":"Realizar\u00e1n III Feria Escolar de CyT en Pichilemu"},"content":{"rendered":"<p><img loading=\"lazy\" decoding=\"async\" class=\" size-full wp-image-15103\" src=\"http:\/\/ec2-54-245-22-188.us-west-2.compute.amazonaws.com\/wp-content\/uploads\/2015\/09\/a853f78eb53afa675574aff036afd48b.jpg\" alt=\"\" width=\"1920\" height=\"1080\" \/><\/p>\n<p><p style=\"text-align: justify\">Por tercer a\u00f1o consecutivo, los establecimientos educacionales de Pichilemu, realizar\u00e1n la III Feria Escolar de Ciencia y Tecnolog\u00eda, actividad comunal que se sumar\u00e1 a las celebraciones de la XXI Semana Nacional de la CyT del Programa Explora CONICYT.<\/p>\n<p style=\"text-align: justify\">El evento es organizado por el Liceo Agust\u00edn Ross de Edwards y el Departamento de Educaci\u00f3n Municipal de la capital de Cardenal Caro, apoyados por PAR Explora O\u2019Higgins, ejecutado por UC del Maule. Se desarrollar\u00e1 el viernes 9 de octubre en la Pista Municipal de la comuna, a partir desde las 9:00 hasta las 12:30 horas.<\/p>\n<p style=\"text-align: justify\">En la ocasi\u00f3n los colegios locales dar\u00e1n a conocer sus proyectos relativos al quehacer cient\u00edfico estudiantil entre otros atractivos, estar\u00e1 adem\u00e1s la charla \u201cBiogeograf\u00eda de la regi\u00f3n de O`Higgins\u201d que ser\u00e1 dada por el ge\u00f3grafo Sebasti\u00e1n Cabello.<\/p>\n<p>Para m\u00e1s detalles de otras celebraciones de la semana se puede revisar en el <span style=\"color: #0000ff\"><a href=\"ohiggins\/noticias-ohiggins\/6474-semana\"><span style=\"color: #0000ff\">siguiente link.<\/span><\/a><\/span><\/p>\n<p style=\"text-align: justify\">Para m\u00e1s antecedentes se puede escribir a <a href=\"mailto:parexplora.ohiggins@ucm.cl\">parexplora.ohiggins@ucm.cl<\/a><\/p>\n<p style=\"text-align: justify\">Nota: Carla Morales<br \/>Fotos: Esteban Reyes.<\/p><\/p>\n","protected":false},"excerpt":{"rendered":"<p>Por tercer a\u00f1o consecutivo, los establecimientos educacionales de Pichilemu, realizar\u00e1n la III Feria Escolar de Ciencia y Tecnolog\u00eda, actividad comunal que se sumar\u00e1 a las celebraciones de la XXI Semana Nacional de la CyT del Programa Explora CONICYT. El evento es organizado por el Liceo Agust\u00edn Ross de Edwards y el Departamento de Educaci\u00f3n Municipal [&hellip;]<\/p>\n","protected":false},"author":2,"featured_media":33870,"comment_status":"open","ping_status":"open","sticky":false,"template":"","format":"standard","meta":{"_acf_changed":false,"_exactmetrics_skip_tracking":false,"_exactmetrics_sitenote_active":false,"_exactmetrics_sitenote_note":"","_exactmetrics_sitenote_category":0,"footnotes":"","_links_to":"","_links_to_target":""},"categories":[4],"tags":[],"class_list":["post-37499","post","type-post","status-publish","format-standard","has-post-thumbnail","hentry","category-noticias"],"acf":[],"yoast_head":"<!-- This site is optimized with the Yoast SEO plugin v26.7 - https:\/\/yoast.com\/wordpress\/plugins\/seo\/ -->\n<title>Realizar\u00e1n III Feria Escolar de CyT en Pichilemu - O&#039;Higgins<\/title>\n<meta name=\"robots\" content=\"index, follow, max-snippet:-1, max-image-preview:large, max-video-preview:-1\" \/>\n<link rel=\"canonical\" href=\"https:\/\/dev.explora.cl\/ohiggins\/feria-pichilemu\/\" class=\"yoast-seo-meta-tag\" \/>\n<meta property=\"og:locale\" content=\"es_ES\" class=\"yoast-seo-meta-tag\" \/>\n<meta property=\"og:type\" content=\"article\" class=\"yoast-seo-meta-tag\" \/>\n<meta property=\"og:title\" content=\"Realizar\u00e1n III Feria Escolar de CyT en Pichilemu - O&#039;Higgins\" class=\"yoast-seo-meta-tag\" \/>\n<meta property=\"og:description\" content=\"Por tercer a\u00f1o consecutivo, los establecimientos educacionales de Pichilemu, realizar\u00e1n la III Feria Escolar de Ciencia y Tecnolog\u00eda, actividad comunal que se sumar\u00e1 a las celebraciones de la XXI Semana Nacional de la CyT del Programa Explora CONICYT. El evento es organizado por el Liceo Agust\u00edn Ross de Edwards y el Departamento de Educaci\u00f3n Municipal [&hellip;]\" class=\"yoast-seo-meta-tag\" \/>\n<meta property=\"og:url\" content=\"https:\/\/dev.explora.cl\/ohiggins\/feria-pichilemu\/\" class=\"yoast-seo-meta-tag\" \/>\n<meta property=\"og:site_name\" content=\"O&#039;Higgins\" class=\"yoast-seo-meta-tag\" \/>\n<meta property=\"article:published_time\" content=\"2015-09-25T04:00:00+00:00\" class=\"yoast-seo-meta-tag\" \/>\n<meta property=\"article:modified_time\" content=\"2019-05-20T18:02:20+00:00\" class=\"yoast-seo-meta-tag\" \/>\n<meta property=\"og:image\" content=\"https:\/\/dev.explora.cl\/ohiggins\/wp-content\/uploads\/sites\/8\/2018\/06\/a853f78eb53afa675574aff036afd48b.jpg\" class=\"yoast-seo-meta-tag\" \/>\n\t<meta property=\"og:image:width\" content=\"1920\" class=\"yoast-seo-meta-tag\" \/>\n\t<meta property=\"og:image:height\" content=\"1080\" class=\"yoast-seo-meta-tag\" \/>\n\t<meta property=\"og:image:type\" content=\"image\/jpeg\" class=\"yoast-seo-meta-tag\" \/>\n<meta name=\"author\" content=\"webman\" class=\"yoast-seo-meta-tag\" \/>\n<meta name=\"twitter:card\" content=\"summary_large_image\" class=\"yoast-seo-meta-tag\" \/>\n<meta name=\"twitter:label1\" content=\"Escrito por\" class=\"yoast-seo-meta-tag\" \/>\n\t<meta name=\"twitter:data1\" content=\"webman\" class=\"yoast-seo-meta-tag\" \/>\n\t<meta name=\"twitter:label2\" content=\"Tiempo estimado de lectura\" class=\"yoast-seo-meta-tag\" \/>\n\t<meta name=\"twitter:data2\" content=\"1 minuto\" class=\"yoast-seo-meta-tag\" \/>\n<script type=\"application\/ld+json\" class=\"yoast-schema-graph\">{\"@context\":\"https:\/\/schema.org\",\"@graph\":[{\"@type\":\"Article\",\"@id\":\"https:\/\/dev.explora.cl\/ohiggins\/feria-pichilemu\/#article\",\"isPartOf\":{\"@id\":\"https:\/\/dev.explora.cl\/ohiggins\/feria-pichilemu\/\"},\"author\":{\"name\":\"webman\",\"@id\":\"https:\/\/dev.explora.cl\/ohiggins\/#\/schema\/person\/cb8349c13ea2d324080adf8480d7ba5d\"},\"headline\":\"Realizar\u00e1n III Feria Escolar de CyT en Pichilemu\",\"datePublished\":\"2015-09-25T04:00:00+00:00\",\"dateModified\":\"2019-05-20T18:02:20+00:00\",\"mainEntityOfPage\":{\"@id\":\"https:\/\/dev.explora.cl\/ohiggins\/feria-pichilemu\/\"},\"wordCount\":186,\"commentCount\":4,\"image\":{\"@id\":\"https:\/\/dev.explora.cl\/ohiggins\/feria-pichilemu\/#primaryimage\"},\"thumbnailUrl\":\"https:\/\/dev.explora.cl\/ohiggins\/wp-content\/uploads\/sites\/8\/2018\/06\/a853f78eb53afa675574aff036afd48b.jpg\",\"articleSection\":[\"Noticias\"],\"inLanguage\":\"es-CL\",\"potentialAction\":[{\"@type\":\"CommentAction\",\"name\":\"Comment\",\"target\":[\"https:\/\/dev.explora.cl\/ohiggins\/feria-pichilemu\/#respond\"]}]},{\"@type\":\"WebPage\",\"@id\":\"https:\/\/dev.explora.cl\/ohiggins\/feria-pichilemu\/\",\"url\":\"https:\/\/dev.explora.cl\/ohiggins\/feria-pichilemu\/\",\"name\":\"Realizar\u00e1n III Feria Escolar de CyT en Pichilemu - O&#039;Higgins\",\"isPartOf\":{\"@id\":\"https:\/\/dev.explora.cl\/ohiggins\/#website\"},\"primaryImageOfPage\":{\"@id\":\"https:\/\/dev.explora.cl\/ohiggins\/feria-pichilemu\/#primaryimage\"},\"image\":{\"@id\":\"https:\/\/dev.explora.cl\/ohiggins\/feria-pichilemu\/#primaryimage\"},\"thumbnailUrl\":\"https:\/\/dev.explora.cl\/ohiggins\/wp-content\/uploads\/sites\/8\/2018\/06\/a853f78eb53afa675574aff036afd48b.jpg\",\"datePublished\":\"2015-09-25T04:00:00+00:00\",\"dateModified\":\"2019-05-20T18:02:20+00:00\",\"author\":{\"@id\":\"https:\/\/dev.explora.cl\/ohiggins\/#\/schema\/person\/cb8349c13ea2d324080adf8480d7ba5d\"},\"breadcrumb\":{\"@id\":\"https:\/\/dev.explora.cl\/ohiggins\/feria-pichilemu\/#breadcrumb\"},\"inLanguage\":\"es-CL\",\"potentialAction\":[{\"@type\":\"ReadAction\",\"target\":[\"https:\/\/dev.explora.cl\/ohiggins\/feria-pichilemu\/\"]}]},{\"@type\":\"ImageObject\",\"inLanguage\":\"es-CL\",\"@id\":\"https:\/\/dev.explora.cl\/ohiggins\/feria-pichilemu\/#primaryimage\",\"url\":\"https:\/\/dev.explora.cl\/ohiggins\/wp-content\/uploads\/sites\/8\/2018\/06\/a853f78eb53afa675574aff036afd48b.jpg\",\"contentUrl\":\"https:\/\/dev.explora.cl\/ohiggins\/wp-content\/uploads\/sites\/8\/2018\/06\/a853f78eb53afa675574aff036afd48b.jpg\",\"width\":1920,\"height\":1080},{\"@type\":\"BreadcrumbList\",\"@id\":\"https:\/\/dev.explora.cl\/ohiggins\/feria-pichilemu\/#breadcrumb\",\"itemListElement\":[{\"@type\":\"ListItem\",\"position\":1,\"name\":\"Portada\",\"item\":\"https:\/\/dev.explora.cl\/ohiggins\/\"},{\"@type\":\"ListItem\",\"position\":2,\"name\":\"Realizar\u00e1n III Feria Escolar de CyT en Pichilemu\"}]},{\"@type\":\"WebSite\",\"@id\":\"https:\/\/dev.explora.cl\/ohiggins\/#website\",\"url\":\"https:\/\/dev.explora.cl\/ohiggins\/\",\"name\":\"O&#039;Higgins\",\"description\":\"Otro sitio m\u00e1s de dev.explora.cl\",\"potentialAction\":[{\"@type\":\"SearchAction\",\"target\":{\"@type\":\"EntryPoint\",\"urlTemplate\":\"https:\/\/dev.explora.cl\/ohiggins\/?s={search_term_string}\"},\"query-input\":{\"@type\":\"PropertyValueSpecification\",\"valueRequired\":true,\"valueName\":\"search_term_string\"}}],\"inLanguage\":\"es-CL\"},{\"@type\":\"Person\",\"@id\":\"https:\/\/dev.explora.cl\/ohiggins\/#\/schema\/person\/cb8349c13ea2d324080adf8480d7ba5d\",\"name\":\"webman\",\"image\":{\"@type\":\"ImageObject\",\"inLanguage\":\"es-CL\",\"@id\":\"https:\/\/dev.explora.cl\/ohiggins\/#\/schema\/person\/image\/\",\"url\":\"https:\/\/secure.gravatar.com\/avatar\/eeff3c82f2c02f7177d13663b7e6f890e9a6a0647ce9bb29cae02dcb094c7312?s=96&d=mm&r=g\",\"contentUrl\":\"https:\/\/secure.gravatar.com\/avatar\/eeff3c82f2c02f7177d13663b7e6f890e9a6a0647ce9bb29cae02dcb094c7312?s=96&d=mm&r=g\",\"caption\":\"webman\"},\"url\":\"https:\/\/dev.explora.cl\/ohiggins\/author\/webman\/\"}]}<\/script>\n<!-- \/ Yoast SEO plugin. -->","yoast_head_json":{"title":"Realizar\u00e1n III Feria Escolar de CyT en Pichilemu - O&#039;Higgins","robots":{"index":"index","follow":"follow","max-snippet":"max-snippet:-1","max-image-preview":"max-image-preview:large","max-video-preview":"max-video-preview:-1"},"canonical":"https:\/\/dev.explora.cl\/ohiggins\/feria-pichilemu\/","og_locale":"es_ES","og_type":"article","og_title":"Realizar\u00e1n III Feria Escolar de CyT en Pichilemu - O&#039;Higgins","og_description":"Por tercer a\u00f1o consecutivo, los establecimientos educacionales de Pichilemu, realizar\u00e1n la III Feria Escolar de Ciencia y Tecnolog\u00eda, actividad comunal que se sumar\u00e1 a las celebraciones de la XXI Semana Nacional de la CyT del Programa Explora CONICYT. El evento es organizado por el Liceo Agust\u00edn Ross de Edwards y el Departamento de Educaci\u00f3n Municipal [&hellip;]","og_url":"https:\/\/dev.explora.cl\/ohiggins\/feria-pichilemu\/","og_site_name":"O&#039;Higgins","article_published_time":"2015-09-25T04:00:00+00:00","article_modified_time":"2019-05-20T18:02:20+00:00","og_image":[{"width":1920,"height":1080,"url":"https:\/\/dev.explora.cl\/ohiggins\/wp-content\/uploads\/sites\/8\/2018\/06\/a853f78eb53afa675574aff036afd48b.jpg","type":"image\/jpeg"}],"author":"webman","twitter_card":"summary_large_image","twitter_misc":{"Escrito por":"webman","Tiempo estimado de lectura":"1 minuto"},"schema":{"@context":"https:\/\/schema.org","@graph":[{"@type":"Article","@id":"https:\/\/dev.explora.cl\/ohiggins\/feria-pichilemu\/#article","isPartOf":{"@id":"https:\/\/dev.explora.cl\/ohiggins\/feria-pichilemu\/"},"author":{"name":"webman","@id":"https:\/\/dev.explora.cl\/ohiggins\/#\/schema\/person\/cb8349c13ea2d324080adf8480d7ba5d"},"headline":"Realizar\u00e1n III Feria Escolar de CyT en Pichilemu","datePublished":"2015-09-25T04:00:00+00:00","dateModified":"2019-05-20T18:02:20+00:00","mainEntityOfPage":{"@id":"https:\/\/dev.explora.cl\/ohiggins\/feria-pichilemu\/"},"wordCount":186,"commentCount":4,"image":{"@id":"https:\/\/dev.explora.cl\/ohiggins\/feria-pichilemu\/#primaryimage"},"thumbnailUrl":"https:\/\/dev.explora.cl\/ohiggins\/wp-content\/uploads\/sites\/8\/2018\/06\/a853f78eb53afa675574aff036afd48b.jpg","articleSection":["Noticias"],"inLanguage":"es-CL","potentialAction":[{"@type":"CommentAction","name":"Comment","target":["https:\/\/dev.explora.cl\/ohiggins\/feria-pichilemu\/#respond"]}]},{"@type":"WebPage","@id":"https:\/\/dev.explora.cl\/ohiggins\/feria-pichilemu\/","url":"https:\/\/dev.explora.cl\/ohiggins\/feria-pichilemu\/","name":"Realizar\u00e1n III Feria Escolar de CyT en Pichilemu - O&#039;Higgins","isPartOf":{"@id":"https:\/\/dev.explora.cl\/ohiggins\/#website"},"primaryImageOfPage":{"@id":"https:\/\/dev.explora.cl\/ohiggins\/feria-pichilemu\/#primaryimage"},"image":{"@id":"https:\/\/dev.explora.cl\/ohiggins\/feria-pichilemu\/#primaryimage"},"thumbnailUrl":"https:\/\/dev.explora.cl\/ohiggins\/wp-content\/uploads\/sites\/8\/2018\/06\/a853f78eb53afa675574aff036afd48b.jpg","datePublished":"2015-09-25T04:00:00+00:00","dateModified":"2019-05-20T18:02:20+00:00","author":{"@id":"https:\/\/dev.explora.cl\/ohiggins\/#\/schema\/person\/cb8349c13ea2d324080adf8480d7ba5d"},"breadcrumb":{"@id":"https:\/\/dev.explora.cl\/ohiggins\/feria-pichilemu\/#breadcrumb"},"inLanguage":"es-CL","potentialAction":[{"@type":"ReadAction","target":["https:\/\/dev.explora.cl\/ohiggins\/feria-pichilemu\/"]}]},{"@type":"ImageObject","inLanguage":"es-CL","@id":"https:\/\/dev.explora.cl\/ohiggins\/feria-pichilemu\/#primaryimage","url":"https:\/\/dev.explora.cl\/ohiggins\/wp-content\/uploads\/sites\/8\/2018\/06\/a853f78eb53afa675574aff036afd48b.jpg","contentUrl":"https:\/\/dev.explora.cl\/ohiggins\/wp-content\/uploads\/sites\/8\/2018\/06\/a853f78eb53afa675574aff036afd48b.jpg","width":1920,"height":1080},{"@type":"BreadcrumbList","@id":"https:\/\/dev.explora.cl\/ohiggins\/feria-pichilemu\/#breadcrumb","itemListElement":[{"@type":"ListItem","position":1,"name":"Portada","item":"https:\/\/dev.explora.cl\/ohiggins\/"},{"@type":"ListItem","position":2,"name":"Realizar\u00e1n III Feria Escolar de CyT en Pichilemu"}]},{"@type":"WebSite","@id":"https:\/\/dev.explora.cl\/ohiggins\/#website","url":"https:\/\/dev.explora.cl\/ohiggins\/","name":"O&#039;Higgins","description":"Otro sitio m\u00e1s de dev.explora.cl","potentialAction":[{"@type":"SearchAction","target":{"@type":"EntryPoint","urlTemplate":"https:\/\/dev.explora.cl\/ohiggins\/?s={search_term_string}"},"query-input":{"@type":"PropertyValueSpecification","valueRequired":true,"valueName":"search_term_string"}}],"inLanguage":"es-CL"},{"@type":"Person","@id":"https:\/\/dev.explora.cl\/ohiggins\/#\/schema\/person\/cb8349c13ea2d324080adf8480d7ba5d","name":"webman","image":{"@type":"ImageObject","inLanguage":"es-CL","@id":"https:\/\/dev.explora.cl\/ohiggins\/#\/schema\/person\/image\/","url":"https:\/\/secure.gravatar.com\/avatar\/eeff3c82f2c02f7177d13663b7e6f890e9a6a0647ce9bb29cae02dcb094c7312?s=96&d=mm&r=g","contentUrl":"https:\/\/secure.gravatar.com\/avatar\/eeff3c82f2c02f7177d13663b7e6f890e9a6a0647ce9bb29cae02dcb094c7312?s=96&d=mm&r=g","caption":"webman"},"url":"https:\/\/dev.explora.cl\/ohiggins\/author\/webman\/"}]}},"_links":{"self":[{"href":"https:\/\/dev.explora.cl\/ohiggins\/wp-json\/wp\/v2\/posts\/37499","targetHints":{"allow":["GET"]}}],"collection":[{"href":"https:\/\/dev.explora.cl\/ohiggins\/wp-json\/wp\/v2\/posts"}],"about":[{"href":"https:\/\/dev.explora.cl\/ohiggins\/wp-json\/wp\/v2\/types\/post"}],"author":[{"embeddable":true,"href":"https:\/\/dev.explora.cl\/ohiggins\/wp-json\/wp\/v2\/users\/2"}],"replies":[{"embeddable":true,"href":"https:\/\/dev.explora.cl\/ohiggins\/wp-json\/wp\/v2\/comments?post=37499"}],"version-history":[{"count":1,"href":"https:\/\/dev.explora.cl\/ohiggins\/wp-json\/wp\/v2\/posts\/37499\/revisions"}],"predecessor-version":[{"id":37753,"href":"https:\/\/dev.explora.cl\/ohiggins\/wp-json\/wp\/v2\/posts\/37499\/revisions\/37753"}],"wp:featuredmedia":[{"embeddable":true,"href":"https:\/\/dev.explora.cl\/ohiggins\/wp-json\/wp\/v2\/media\/33870"}],"wp:attachment":[{"href":"https:\/\/dev.explora.cl\/ohiggins\/wp-json\/wp\/v2\/media?parent=37499"}],"wp:term":[{"taxonomy":"category","embeddable":true,"href":"https:\/\/dev.explora.cl\/ohiggins\/wp-json\/wp\/v2\/categories?post=37499"},{"taxonomy":"post_tag","embeddable":true,"href":"https:\/\/dev.explora.cl\/ohiggins\/wp-json\/wp\/v2\/tags?post=37499"}],"curies":[{"name":"wp","href":"https:\/\/api.w.org\/{rel}","templated":true}]}}