{"id":37496,"date":"2015-09-22T00:00:00","date_gmt":"2015-09-22T04:00:00","guid":{"rendered":"https:\/\/dev.explora.cl\/ohiggins\/blog\/2015\/09\/22\/dia-verde\/"},"modified":"2019-05-20T18:02:25","modified_gmt":"2019-05-20T18:02:25","slug":"dia-verde","status":"publish","type":"post","link":"https:\/\/dev.explora.cl\/ohiggins\/dia-verde\/","title":{"rendered":"Pichilemu tendr\u00e1 su \u201cd\u00eda verde\u201d"},"content":{"rendered":"<p><img loading=\"lazy\" decoding=\"async\" class=\" size-full wp-image-14930\" src=\"http:\/\/ec2-54-245-22-188.us-west-2.compute.amazonaws.com\/wp-content\/uploads\/2015\/09\/ca5809260aea90d3d55b57f08aa20224.jpg\" alt=\"\" width=\"700\" height=\"455\" \/><\/p>\n<p style=\"text-align: justify\">&nbsp;Por segundo a\u00f1o consecutivo la Seremi de Medio Ambiente (MMA) de la regi\u00f3n celebrar\u00e1 el D\u00eda Verde, con el objetivo de tomar conciencia con respecto al cuidado del medio ambiente desde el punto de vista de la sustentabilidad.<\/p>\n<p style=\"text-align: justify\">Para tal objetivo se realizar\u00e1 el viernes 25 de septiembre una feria ambiental y un punto de reciclaje en la Plaza Arturo Prat de Pichilemu, en la que participar\u00e1n diferentes servicios y organismos que mostrar\u00e1n experiencias y productos relacionados al cuidado de nuestro planeta.<\/p>\n<p style=\"text-align: justify\">PAR Explora O\u2019Higgins, como parte de la Mesa de Educaci\u00f3n para la Sustentabilidad, tambi\u00e9n estar\u00e1 participando de la iniciativa, con la muestra itinerante Fungiciclo, que da a conocer la capacidad micorrecicladora de los hongos.<\/p>\n<p style=\"text-align: justify\">El evento comenzar\u00e1 a las 11:00 horas, tendr\u00e1 una ceremonia de inauguraci\u00f3n a las 12:00, para dar oficialmente inicio a la feria, la que contar\u00e1 con puntos de acopio de residuos para los habitantes de la comuna y en especial, para los colegios adheridos.<\/p>\n<p style=\"text-align: justify\">Como actividad paralela, colegios de Bucalemu (Paredores), realizar\u00e1n la limpieza de su playa a partir de las 9:00 del viernes, actividad para la que contar\u00e1n con el apoyo de la Seremi de MMA.<\/p>\n<p style=\"text-align: justify\">Nota: Carla Morales<br \/>Foto: Esteban Reyes<\/p>\n<p>&nbsp;<\/p>\n","protected":false},"excerpt":{"rendered":"<p>&nbsp;Por segundo a\u00f1o consecutivo la Seremi de Medio Ambiente (MMA) de la regi\u00f3n celebrar\u00e1 el D\u00eda Verde, con el objetivo de tomar conciencia con respecto al cuidado del medio ambiente desde el punto de vista de la sustentabilidad. Para tal objetivo se realizar\u00e1 el viernes 25 de septiembre una feria ambiental y un punto de [&hellip;]<\/p>\n","protected":false},"author":2,"featured_media":32213,"comment_status":"open","ping_status":"open","sticky":false,"template":"","format":"standard","meta":{"_acf_changed":false,"_exactmetrics_skip_tracking":false,"_exactmetrics_sitenote_active":false,"_exactmetrics_sitenote_note":"","_exactmetrics_sitenote_category":0,"footnotes":"","_links_to":"","_links_to_target":""},"categories":[4],"tags":[],"class_list":["post-37496","post","type-post","status-publish","format-standard","has-post-thumbnail","hentry","category-noticias"],"acf":[],"yoast_head":"<!-- This site is optimized with the Yoast SEO plugin v26.7 - https:\/\/yoast.com\/wordpress\/plugins\/seo\/ -->\n<title>Pichilemu tendr\u00e1 su \u201cd\u00eda verde\u201d - O&#039;Higgins<\/title>\n<meta name=\"robots\" content=\"index, follow, max-snippet:-1, max-image-preview:large, max-video-preview:-1\" \/>\n<link rel=\"canonical\" href=\"https:\/\/dev.explora.cl\/ohiggins\/dia-verde\/\" class=\"yoast-seo-meta-tag\" \/>\n<meta property=\"og:locale\" content=\"es_ES\" class=\"yoast-seo-meta-tag\" \/>\n<meta property=\"og:type\" content=\"article\" class=\"yoast-seo-meta-tag\" \/>\n<meta property=\"og:title\" content=\"Pichilemu tendr\u00e1 su \u201cd\u00eda verde\u201d - O&#039;Higgins\" class=\"yoast-seo-meta-tag\" \/>\n<meta property=\"og:description\" content=\"&nbsp;Por segundo a\u00f1o consecutivo la Seremi de Medio Ambiente (MMA) de la regi\u00f3n celebrar\u00e1 el D\u00eda Verde, con el objetivo de tomar conciencia con respecto al cuidado del medio ambiente desde el punto de vista de la sustentabilidad. Para tal objetivo se realizar\u00e1 el viernes 25 de septiembre una feria ambiental y un punto de [&hellip;]\" class=\"yoast-seo-meta-tag\" \/>\n<meta property=\"og:url\" content=\"https:\/\/dev.explora.cl\/ohiggins\/dia-verde\/\" class=\"yoast-seo-meta-tag\" \/>\n<meta property=\"og:site_name\" content=\"O&#039;Higgins\" class=\"yoast-seo-meta-tag\" \/>\n<meta property=\"article:published_time\" content=\"2015-09-22T04:00:00+00:00\" class=\"yoast-seo-meta-tag\" \/>\n<meta property=\"article:modified_time\" content=\"2019-05-20T18:02:25+00:00\" class=\"yoast-seo-meta-tag\" \/>\n<meta property=\"og:image\" content=\"https:\/\/dev.explora.cl\/ohiggins\/wp-content\/uploads\/sites\/8\/2018\/06\/ca5809260aea90d3d55b57f08aa20224.jpg\" class=\"yoast-seo-meta-tag\" \/>\n\t<meta property=\"og:image:width\" content=\"700\" class=\"yoast-seo-meta-tag\" \/>\n\t<meta property=\"og:image:height\" content=\"455\" class=\"yoast-seo-meta-tag\" \/>\n\t<meta property=\"og:image:type\" content=\"image\/jpeg\" class=\"yoast-seo-meta-tag\" \/>\n<meta name=\"author\" content=\"webman\" class=\"yoast-seo-meta-tag\" \/>\n<meta name=\"twitter:card\" content=\"summary_large_image\" class=\"yoast-seo-meta-tag\" \/>\n<meta name=\"twitter:label1\" content=\"Escrito por\" class=\"yoast-seo-meta-tag\" \/>\n\t<meta name=\"twitter:data1\" content=\"webman\" class=\"yoast-seo-meta-tag\" \/>\n\t<meta name=\"twitter:label2\" content=\"Tiempo estimado de lectura\" class=\"yoast-seo-meta-tag\" \/>\n\t<meta name=\"twitter:data2\" content=\"1 minuto\" class=\"yoast-seo-meta-tag\" \/>\n<script type=\"application\/ld+json\" class=\"yoast-schema-graph\">{\"@context\":\"https:\/\/schema.org\",\"@graph\":[{\"@type\":\"Article\",\"@id\":\"https:\/\/dev.explora.cl\/ohiggins\/dia-verde\/#article\",\"isPartOf\":{\"@id\":\"https:\/\/dev.explora.cl\/ohiggins\/dia-verde\/\"},\"author\":{\"name\":\"webman\",\"@id\":\"https:\/\/dev.explora.cl\/ohiggins\/#\/schema\/person\/cb8349c13ea2d324080adf8480d7ba5d\"},\"headline\":\"Pichilemu tendr\u00e1 su \u201cd\u00eda verde\u201d\",\"datePublished\":\"2015-09-22T04:00:00+00:00\",\"dateModified\":\"2019-05-20T18:02:25+00:00\",\"mainEntityOfPage\":{\"@id\":\"https:\/\/dev.explora.cl\/ohiggins\/dia-verde\/\"},\"wordCount\":213,\"commentCount\":0,\"image\":{\"@id\":\"https:\/\/dev.explora.cl\/ohiggins\/dia-verde\/#primaryimage\"},\"thumbnailUrl\":\"https:\/\/dev.explora.cl\/ohiggins\/wp-content\/uploads\/sites\/8\/2018\/06\/ca5809260aea90d3d55b57f08aa20224.jpg\",\"articleSection\":[\"Noticias\"],\"inLanguage\":\"es-CL\",\"potentialAction\":[{\"@type\":\"CommentAction\",\"name\":\"Comment\",\"target\":[\"https:\/\/dev.explora.cl\/ohiggins\/dia-verde\/#respond\"]}]},{\"@type\":\"WebPage\",\"@id\":\"https:\/\/dev.explora.cl\/ohiggins\/dia-verde\/\",\"url\":\"https:\/\/dev.explora.cl\/ohiggins\/dia-verde\/\",\"name\":\"Pichilemu tendr\u00e1 su \u201cd\u00eda verde\u201d - O&#039;Higgins\",\"isPartOf\":{\"@id\":\"https:\/\/dev.explora.cl\/ohiggins\/#website\"},\"primaryImageOfPage\":{\"@id\":\"https:\/\/dev.explora.cl\/ohiggins\/dia-verde\/#primaryimage\"},\"image\":{\"@id\":\"https:\/\/dev.explora.cl\/ohiggins\/dia-verde\/#primaryimage\"},\"thumbnailUrl\":\"https:\/\/dev.explora.cl\/ohiggins\/wp-content\/uploads\/sites\/8\/2018\/06\/ca5809260aea90d3d55b57f08aa20224.jpg\",\"datePublished\":\"2015-09-22T04:00:00+00:00\",\"dateModified\":\"2019-05-20T18:02:25+00:00\",\"author\":{\"@id\":\"https:\/\/dev.explora.cl\/ohiggins\/#\/schema\/person\/cb8349c13ea2d324080adf8480d7ba5d\"},\"breadcrumb\":{\"@id\":\"https:\/\/dev.explora.cl\/ohiggins\/dia-verde\/#breadcrumb\"},\"inLanguage\":\"es-CL\",\"potentialAction\":[{\"@type\":\"ReadAction\",\"target\":[\"https:\/\/dev.explora.cl\/ohiggins\/dia-verde\/\"]}]},{\"@type\":\"ImageObject\",\"inLanguage\":\"es-CL\",\"@id\":\"https:\/\/dev.explora.cl\/ohiggins\/dia-verde\/#primaryimage\",\"url\":\"https:\/\/dev.explora.cl\/ohiggins\/wp-content\/uploads\/sites\/8\/2018\/06\/ca5809260aea90d3d55b57f08aa20224.jpg\",\"contentUrl\":\"https:\/\/dev.explora.cl\/ohiggins\/wp-content\/uploads\/sites\/8\/2018\/06\/ca5809260aea90d3d55b57f08aa20224.jpg\",\"width\":700,\"height\":455},{\"@type\":\"BreadcrumbList\",\"@id\":\"https:\/\/dev.explora.cl\/ohiggins\/dia-verde\/#breadcrumb\",\"itemListElement\":[{\"@type\":\"ListItem\",\"position\":1,\"name\":\"Portada\",\"item\":\"https:\/\/dev.explora.cl\/ohiggins\/\"},{\"@type\":\"ListItem\",\"position\":2,\"name\":\"Pichilemu tendr\u00e1 su \u201cd\u00eda verde\u201d\"}]},{\"@type\":\"WebSite\",\"@id\":\"https:\/\/dev.explora.cl\/ohiggins\/#website\",\"url\":\"https:\/\/dev.explora.cl\/ohiggins\/\",\"name\":\"O&#039;Higgins\",\"description\":\"Otro sitio m\u00e1s de dev.explora.cl\",\"potentialAction\":[{\"@type\":\"SearchAction\",\"target\":{\"@type\":\"EntryPoint\",\"urlTemplate\":\"https:\/\/dev.explora.cl\/ohiggins\/?s={search_term_string}\"},\"query-input\":{\"@type\":\"PropertyValueSpecification\",\"valueRequired\":true,\"valueName\":\"search_term_string\"}}],\"inLanguage\":\"es-CL\"},{\"@type\":\"Person\",\"@id\":\"https:\/\/dev.explora.cl\/ohiggins\/#\/schema\/person\/cb8349c13ea2d324080adf8480d7ba5d\",\"name\":\"webman\",\"image\":{\"@type\":\"ImageObject\",\"inLanguage\":\"es-CL\",\"@id\":\"https:\/\/dev.explora.cl\/ohiggins\/#\/schema\/person\/image\/\",\"url\":\"https:\/\/secure.gravatar.com\/avatar\/eeff3c82f2c02f7177d13663b7e6f890e9a6a0647ce9bb29cae02dcb094c7312?s=96&d=mm&r=g\",\"contentUrl\":\"https:\/\/secure.gravatar.com\/avatar\/eeff3c82f2c02f7177d13663b7e6f890e9a6a0647ce9bb29cae02dcb094c7312?s=96&d=mm&r=g\",\"caption\":\"webman\"},\"url\":\"https:\/\/dev.explora.cl\/ohiggins\/author\/webman\/\"}]}<\/script>\n<!-- \/ Yoast SEO plugin. -->","yoast_head_json":{"title":"Pichilemu tendr\u00e1 su \u201cd\u00eda verde\u201d - O&#039;Higgins","robots":{"index":"index","follow":"follow","max-snippet":"max-snippet:-1","max-image-preview":"max-image-preview:large","max-video-preview":"max-video-preview:-1"},"canonical":"https:\/\/dev.explora.cl\/ohiggins\/dia-verde\/","og_locale":"es_ES","og_type":"article","og_title":"Pichilemu tendr\u00e1 su \u201cd\u00eda verde\u201d - O&#039;Higgins","og_description":"&nbsp;Por segundo a\u00f1o consecutivo la Seremi de Medio Ambiente (MMA) de la regi\u00f3n celebrar\u00e1 el D\u00eda Verde, con el objetivo de tomar conciencia con respecto al cuidado del medio ambiente desde el punto de vista de la sustentabilidad. Para tal objetivo se realizar\u00e1 el viernes 25 de septiembre una feria ambiental y un punto de [&hellip;]","og_url":"https:\/\/dev.explora.cl\/ohiggins\/dia-verde\/","og_site_name":"O&#039;Higgins","article_published_time":"2015-09-22T04:00:00+00:00","article_modified_time":"2019-05-20T18:02:25+00:00","og_image":[{"width":700,"height":455,"url":"https:\/\/dev.explora.cl\/ohiggins\/wp-content\/uploads\/sites\/8\/2018\/06\/ca5809260aea90d3d55b57f08aa20224.jpg","type":"image\/jpeg"}],"author":"webman","twitter_card":"summary_large_image","twitter_misc":{"Escrito por":"webman","Tiempo estimado de lectura":"1 minuto"},"schema":{"@context":"https:\/\/schema.org","@graph":[{"@type":"Article","@id":"https:\/\/dev.explora.cl\/ohiggins\/dia-verde\/#article","isPartOf":{"@id":"https:\/\/dev.explora.cl\/ohiggins\/dia-verde\/"},"author":{"name":"webman","@id":"https:\/\/dev.explora.cl\/ohiggins\/#\/schema\/person\/cb8349c13ea2d324080adf8480d7ba5d"},"headline":"Pichilemu tendr\u00e1 su \u201cd\u00eda verde\u201d","datePublished":"2015-09-22T04:00:00+00:00","dateModified":"2019-05-20T18:02:25+00:00","mainEntityOfPage":{"@id":"https:\/\/dev.explora.cl\/ohiggins\/dia-verde\/"},"wordCount":213,"commentCount":0,"image":{"@id":"https:\/\/dev.explora.cl\/ohiggins\/dia-verde\/#primaryimage"},"thumbnailUrl":"https:\/\/dev.explora.cl\/ohiggins\/wp-content\/uploads\/sites\/8\/2018\/06\/ca5809260aea90d3d55b57f08aa20224.jpg","articleSection":["Noticias"],"inLanguage":"es-CL","potentialAction":[{"@type":"CommentAction","name":"Comment","target":["https:\/\/dev.explora.cl\/ohiggins\/dia-verde\/#respond"]}]},{"@type":"WebPage","@id":"https:\/\/dev.explora.cl\/ohiggins\/dia-verde\/","url":"https:\/\/dev.explora.cl\/ohiggins\/dia-verde\/","name":"Pichilemu tendr\u00e1 su \u201cd\u00eda verde\u201d - O&#039;Higgins","isPartOf":{"@id":"https:\/\/dev.explora.cl\/ohiggins\/#website"},"primaryImageOfPage":{"@id":"https:\/\/dev.explora.cl\/ohiggins\/dia-verde\/#primaryimage"},"image":{"@id":"https:\/\/dev.explora.cl\/ohiggins\/dia-verde\/#primaryimage"},"thumbnailUrl":"https:\/\/dev.explora.cl\/ohiggins\/wp-content\/uploads\/sites\/8\/2018\/06\/ca5809260aea90d3d55b57f08aa20224.jpg","datePublished":"2015-09-22T04:00:00+00:00","dateModified":"2019-05-20T18:02:25+00:00","author":{"@id":"https:\/\/dev.explora.cl\/ohiggins\/#\/schema\/person\/cb8349c13ea2d324080adf8480d7ba5d"},"breadcrumb":{"@id":"https:\/\/dev.explora.cl\/ohiggins\/dia-verde\/#breadcrumb"},"inLanguage":"es-CL","potentialAction":[{"@type":"ReadAction","target":["https:\/\/dev.explora.cl\/ohiggins\/dia-verde\/"]}]},{"@type":"ImageObject","inLanguage":"es-CL","@id":"https:\/\/dev.explora.cl\/ohiggins\/dia-verde\/#primaryimage","url":"https:\/\/dev.explora.cl\/ohiggins\/wp-content\/uploads\/sites\/8\/2018\/06\/ca5809260aea90d3d55b57f08aa20224.jpg","contentUrl":"https:\/\/dev.explora.cl\/ohiggins\/wp-content\/uploads\/sites\/8\/2018\/06\/ca5809260aea90d3d55b57f08aa20224.jpg","width":700,"height":455},{"@type":"BreadcrumbList","@id":"https:\/\/dev.explora.cl\/ohiggins\/dia-verde\/#breadcrumb","itemListElement":[{"@type":"ListItem","position":1,"name":"Portada","item":"https:\/\/dev.explora.cl\/ohiggins\/"},{"@type":"ListItem","position":2,"name":"Pichilemu tendr\u00e1 su \u201cd\u00eda verde\u201d"}]},{"@type":"WebSite","@id":"https:\/\/dev.explora.cl\/ohiggins\/#website","url":"https:\/\/dev.explora.cl\/ohiggins\/","name":"O&#039;Higgins","description":"Otro sitio m\u00e1s de dev.explora.cl","potentialAction":[{"@type":"SearchAction","target":{"@type":"EntryPoint","urlTemplate":"https:\/\/dev.explora.cl\/ohiggins\/?s={search_term_string}"},"query-input":{"@type":"PropertyValueSpecification","valueRequired":true,"valueName":"search_term_string"}}],"inLanguage":"es-CL"},{"@type":"Person","@id":"https:\/\/dev.explora.cl\/ohiggins\/#\/schema\/person\/cb8349c13ea2d324080adf8480d7ba5d","name":"webman","image":{"@type":"ImageObject","inLanguage":"es-CL","@id":"https:\/\/dev.explora.cl\/ohiggins\/#\/schema\/person\/image\/","url":"https:\/\/secure.gravatar.com\/avatar\/eeff3c82f2c02f7177d13663b7e6f890e9a6a0647ce9bb29cae02dcb094c7312?s=96&d=mm&r=g","contentUrl":"https:\/\/secure.gravatar.com\/avatar\/eeff3c82f2c02f7177d13663b7e6f890e9a6a0647ce9bb29cae02dcb094c7312?s=96&d=mm&r=g","caption":"webman"},"url":"https:\/\/dev.explora.cl\/ohiggins\/author\/webman\/"}]}},"_links":{"self":[{"href":"https:\/\/dev.explora.cl\/ohiggins\/wp-json\/wp\/v2\/posts\/37496","targetHints":{"allow":["GET"]}}],"collection":[{"href":"https:\/\/dev.explora.cl\/ohiggins\/wp-json\/wp\/v2\/posts"}],"about":[{"href":"https:\/\/dev.explora.cl\/ohiggins\/wp-json\/wp\/v2\/types\/post"}],"author":[{"embeddable":true,"href":"https:\/\/dev.explora.cl\/ohiggins\/wp-json\/wp\/v2\/users\/2"}],"replies":[{"embeddable":true,"href":"https:\/\/dev.explora.cl\/ohiggins\/wp-json\/wp\/v2\/comments?post=37496"}],"version-history":[{"count":1,"href":"https:\/\/dev.explora.cl\/ohiggins\/wp-json\/wp\/v2\/posts\/37496\/revisions"}],"predecessor-version":[{"id":37756,"href":"https:\/\/dev.explora.cl\/ohiggins\/wp-json\/wp\/v2\/posts\/37496\/revisions\/37756"}],"wp:featuredmedia":[{"embeddable":true,"href":"https:\/\/dev.explora.cl\/ohiggins\/wp-json\/wp\/v2\/media\/32213"}],"wp:attachment":[{"href":"https:\/\/dev.explora.cl\/ohiggins\/wp-json\/wp\/v2\/media?parent=37496"}],"wp:term":[{"taxonomy":"category","embeddable":true,"href":"https:\/\/dev.explora.cl\/ohiggins\/wp-json\/wp\/v2\/categories?post=37496"},{"taxonomy":"post_tag","embeddable":true,"href":"https:\/\/dev.explora.cl\/ohiggins\/wp-json\/wp\/v2\/tags?post=37496"}],"curies":[{"name":"wp","href":"https:\/\/api.w.org\/{rel}","templated":true}]}}