{"id":37493,"date":"2015-09-04T00:00:00","date_gmt":"2015-09-04T04:00:00","guid":{"rendered":"https:\/\/dev.explora.cl\/ohiggins\/blog\/2015\/09\/04\/ferias-1\/"},"modified":"2019-05-20T18:02:27","modified_gmt":"2019-05-20T18:02:27","slug":"ferias-1","status":"publish","type":"post","link":"https:\/\/dev.explora.cl\/ohiggins\/ferias-1\/","title":{"rendered":"Ferias Cient\u00edficas se toman la regi\u00f3n"},"content":{"rendered":"<p><img loading=\"lazy\" decoding=\"async\" class=\" size-full wp-image-14518\" src=\"http:\/\/ec2-54-245-22-188.us-west-2.compute.amazonaws.com\/wp-content\/uploads\/2015\/09\/d08352c186829148c8bcf716462a6aa1.jpg\" alt=\"\" width=\"1000\" height=\"667\" \/><\/p>\n<p>&nbsp;<\/p>\n<p style=\"text-align: justify\">Varios son los establecimientos educacionales de la regi\u00f3n que se est\u00e1n sumando al desarrollo de ferias cient\u00edficas con diversas tem\u00e1ticas como por ejemplo, relativas a medio ambiente, tecnolog\u00eda, paleontolog\u00eda o geolog\u00eda; y que cuentan con el apoyo de PAR Explora O\u2019Higgins, ejecutado por UC del Maule.<\/p>\n<p style=\"text-align: justify\">En lo que se refiere a las pr\u00f3ximas Ferias Cient\u00edficas Itinerantes programadas en conjunto con Novasur O\u2019Higgins (que incluye charla, muestra audiovisual y visual); est\u00e1n en la Escuela Angostura, el Colegio Valle de Colchagua de San Fernando; y el Colegio Manuel Rodr\u00edguez en Peralillo.<\/p>\n<p style=\"text-align: justify\">En cuanto a los establecimientos que ya han desarrollado esta iniciativa, dentro de las principales, podemos mencionar el Colegio El Naranjal de Rengo, en donde estuvo presente tambi\u00e9n nuestra muestra itinerante relativa a la capacidad micorremediadora de los hongos \u201cFungiciclo\u201d.<\/p>\n<p style=\"text-align: justify\">Asimismo destaca la Feria del Colegio San Antonio del Baluarte, en que sus estudiantes de todos los niveles, compitieron con diferentes investigaciones, por representar a su establecimiento en el certamen nacional que la red Educa UC (de la cual forman parte) realizar\u00e1 pr\u00f3ximamente.<\/p>\n<p style=\"text-align: justify\">Tambi\u00e9n est\u00e1 el colegio San Alberto de Machal\u00ed, feria cient\u00edfica que realiza cada dos a\u00f1os, y que reuni\u00f3 diversas entidades, como: el Museo Nacional de Historia Natural (MNHN), la Sociedad de Paleontolog\u00eda de Chile, muestras de tecnolog\u00eda, Grupo A\u00f1a\u00f1uca, los Ganadores del Congreso Regional de CyT 2014, Escuela Agr\u00edcola Las Garzas; adem\u00e1s del PAR.<\/p>\n<p style=\"text-align: justify\">Para m\u00e1s antecedentes, se puede escribir a <a href=\"mailto:parexplora.ohiggins@ucm.cl\">parexplora.ohiggins@ucm.cl<\/a><a href=\"mailto:parexplora.ohiggins@ucm.cl\"><\/a><\/p>\n<p style=\"text-align: justify\"><img loading=\"lazy\" decoding=\"async\" class=\" size-full wp-image-14519\" src=\"http:\/\/ec2-54-245-22-188.us-west-2.compute.amazonaws.com\/wp-content\/uploads\/2015\/09\/collage-nota-ferias.jpg\" alt=\"\" width=\"870\" height=\"300\" \/><\/p>\n<p style=\"text-align: justify\">Nota: Carla Morales<br \/>Fotos: Esteban Reyes<\/p>\n<p>&nbsp;<\/p>\n","protected":false},"excerpt":{"rendered":"<p>&nbsp; Varios son los establecimientos educacionales de la regi\u00f3n que se est\u00e1n sumando al desarrollo de ferias cient\u00edficas con diversas tem\u00e1ticas como por ejemplo, relativas a medio ambiente, tecnolog\u00eda, paleontolog\u00eda o geolog\u00eda; y que cuentan con el apoyo de PAR Explora O\u2019Higgins, ejecutado por UC del Maule. En lo que se refiere a las pr\u00f3ximas [&hellip;]<\/p>\n","protected":false},"author":2,"featured_media":32200,"comment_status":"open","ping_status":"open","sticky":false,"template":"","format":"standard","meta":{"_acf_changed":false,"_exactmetrics_skip_tracking":false,"_exactmetrics_sitenote_active":false,"_exactmetrics_sitenote_note":"","_exactmetrics_sitenote_category":0,"footnotes":"","_links_to":"","_links_to_target":""},"categories":[4],"tags":[],"class_list":["post-37493","post","type-post","status-publish","format-standard","has-post-thumbnail","hentry","category-noticias"],"acf":[],"yoast_head":"<!-- This site is optimized with the Yoast SEO plugin v26.7 - https:\/\/yoast.com\/wordpress\/plugins\/seo\/ -->\n<title>Ferias Cient\u00edficas se toman la regi\u00f3n - O&#039;Higgins<\/title>\n<meta name=\"robots\" content=\"index, follow, max-snippet:-1, max-image-preview:large, max-video-preview:-1\" \/>\n<link rel=\"canonical\" href=\"https:\/\/dev.explora.cl\/ohiggins\/ferias-1\/\" class=\"yoast-seo-meta-tag\" \/>\n<meta property=\"og:locale\" content=\"es_ES\" class=\"yoast-seo-meta-tag\" \/>\n<meta property=\"og:type\" content=\"article\" class=\"yoast-seo-meta-tag\" \/>\n<meta property=\"og:title\" content=\"Ferias Cient\u00edficas se toman la regi\u00f3n - O&#039;Higgins\" class=\"yoast-seo-meta-tag\" \/>\n<meta property=\"og:description\" content=\"&nbsp; Varios son los establecimientos educacionales de la regi\u00f3n que se est\u00e1n sumando al desarrollo de ferias cient\u00edficas con diversas tem\u00e1ticas como por ejemplo, relativas a medio ambiente, tecnolog\u00eda, paleontolog\u00eda o geolog\u00eda; y que cuentan con el apoyo de PAR Explora O\u2019Higgins, ejecutado por UC del Maule. En lo que se refiere a las pr\u00f3ximas [&hellip;]\" class=\"yoast-seo-meta-tag\" \/>\n<meta property=\"og:url\" content=\"https:\/\/dev.explora.cl\/ohiggins\/ferias-1\/\" class=\"yoast-seo-meta-tag\" \/>\n<meta property=\"og:site_name\" content=\"O&#039;Higgins\" class=\"yoast-seo-meta-tag\" \/>\n<meta property=\"article:published_time\" content=\"2015-09-04T04:00:00+00:00\" class=\"yoast-seo-meta-tag\" \/>\n<meta property=\"article:modified_time\" content=\"2019-05-20T18:02:27+00:00\" class=\"yoast-seo-meta-tag\" \/>\n<meta property=\"og:image\" content=\"https:\/\/dev.explora.cl\/ohiggins\/wp-content\/uploads\/sites\/8\/2018\/06\/d08352c186829148c8bcf716462a6aa1.jpg\" class=\"yoast-seo-meta-tag\" \/>\n\t<meta property=\"og:image:width\" content=\"1000\" class=\"yoast-seo-meta-tag\" \/>\n\t<meta property=\"og:image:height\" content=\"667\" class=\"yoast-seo-meta-tag\" \/>\n\t<meta property=\"og:image:type\" content=\"image\/jpeg\" class=\"yoast-seo-meta-tag\" \/>\n<meta name=\"author\" content=\"webman\" class=\"yoast-seo-meta-tag\" \/>\n<meta name=\"twitter:card\" content=\"summary_large_image\" class=\"yoast-seo-meta-tag\" \/>\n<meta name=\"twitter:label1\" content=\"Escrito por\" class=\"yoast-seo-meta-tag\" \/>\n\t<meta name=\"twitter:data1\" content=\"webman\" class=\"yoast-seo-meta-tag\" \/>\n\t<meta name=\"twitter:label2\" content=\"Tiempo estimado de lectura\" class=\"yoast-seo-meta-tag\" \/>\n\t<meta name=\"twitter:data2\" content=\"1 minuto\" class=\"yoast-seo-meta-tag\" \/>\n<script type=\"application\/ld+json\" class=\"yoast-schema-graph\">{\"@context\":\"https:\/\/schema.org\",\"@graph\":[{\"@type\":\"Article\",\"@id\":\"https:\/\/dev.explora.cl\/ohiggins\/ferias-1\/#article\",\"isPartOf\":{\"@id\":\"https:\/\/dev.explora.cl\/ohiggins\/ferias-1\/\"},\"author\":{\"name\":\"webman\",\"@id\":\"https:\/\/dev.explora.cl\/ohiggins\/#\/schema\/person\/cb8349c13ea2d324080adf8480d7ba5d\"},\"headline\":\"Ferias Cient\u00edficas se toman la regi\u00f3n\",\"datePublished\":\"2015-09-04T04:00:00+00:00\",\"dateModified\":\"2019-05-20T18:02:27+00:00\",\"mainEntityOfPage\":{\"@id\":\"https:\/\/dev.explora.cl\/ohiggins\/ferias-1\/\"},\"wordCount\":277,\"commentCount\":1,\"image\":{\"@id\":\"https:\/\/dev.explora.cl\/ohiggins\/ferias-1\/#primaryimage\"},\"thumbnailUrl\":\"https:\/\/dev.explora.cl\/ohiggins\/wp-content\/uploads\/sites\/8\/2018\/06\/d08352c186829148c8bcf716462a6aa1.jpg\",\"articleSection\":[\"Noticias\"],\"inLanguage\":\"es-CL\",\"potentialAction\":[{\"@type\":\"CommentAction\",\"name\":\"Comment\",\"target\":[\"https:\/\/dev.explora.cl\/ohiggins\/ferias-1\/#respond\"]}]},{\"@type\":\"WebPage\",\"@id\":\"https:\/\/dev.explora.cl\/ohiggins\/ferias-1\/\",\"url\":\"https:\/\/dev.explora.cl\/ohiggins\/ferias-1\/\",\"name\":\"Ferias Cient\u00edficas se toman la regi\u00f3n - O&#039;Higgins\",\"isPartOf\":{\"@id\":\"https:\/\/dev.explora.cl\/ohiggins\/#website\"},\"primaryImageOfPage\":{\"@id\":\"https:\/\/dev.explora.cl\/ohiggins\/ferias-1\/#primaryimage\"},\"image\":{\"@id\":\"https:\/\/dev.explora.cl\/ohiggins\/ferias-1\/#primaryimage\"},\"thumbnailUrl\":\"https:\/\/dev.explora.cl\/ohiggins\/wp-content\/uploads\/sites\/8\/2018\/06\/d08352c186829148c8bcf716462a6aa1.jpg\",\"datePublished\":\"2015-09-04T04:00:00+00:00\",\"dateModified\":\"2019-05-20T18:02:27+00:00\",\"author\":{\"@id\":\"https:\/\/dev.explora.cl\/ohiggins\/#\/schema\/person\/cb8349c13ea2d324080adf8480d7ba5d\"},\"breadcrumb\":{\"@id\":\"https:\/\/dev.explora.cl\/ohiggins\/ferias-1\/#breadcrumb\"},\"inLanguage\":\"es-CL\",\"potentialAction\":[{\"@type\":\"ReadAction\",\"target\":[\"https:\/\/dev.explora.cl\/ohiggins\/ferias-1\/\"]}]},{\"@type\":\"ImageObject\",\"inLanguage\":\"es-CL\",\"@id\":\"https:\/\/dev.explora.cl\/ohiggins\/ferias-1\/#primaryimage\",\"url\":\"https:\/\/dev.explora.cl\/ohiggins\/wp-content\/uploads\/sites\/8\/2018\/06\/d08352c186829148c8bcf716462a6aa1.jpg\",\"contentUrl\":\"https:\/\/dev.explora.cl\/ohiggins\/wp-content\/uploads\/sites\/8\/2018\/06\/d08352c186829148c8bcf716462a6aa1.jpg\",\"width\":1000,\"height\":667},{\"@type\":\"BreadcrumbList\",\"@id\":\"https:\/\/dev.explora.cl\/ohiggins\/ferias-1\/#breadcrumb\",\"itemListElement\":[{\"@type\":\"ListItem\",\"position\":1,\"name\":\"Portada\",\"item\":\"https:\/\/dev.explora.cl\/ohiggins\/\"},{\"@type\":\"ListItem\",\"position\":2,\"name\":\"Ferias Cient\u00edficas se toman la regi\u00f3n\"}]},{\"@type\":\"WebSite\",\"@id\":\"https:\/\/dev.explora.cl\/ohiggins\/#website\",\"url\":\"https:\/\/dev.explora.cl\/ohiggins\/\",\"name\":\"O&#039;Higgins\",\"description\":\"Otro sitio m\u00e1s de dev.explora.cl\",\"potentialAction\":[{\"@type\":\"SearchAction\",\"target\":{\"@type\":\"EntryPoint\",\"urlTemplate\":\"https:\/\/dev.explora.cl\/ohiggins\/?s={search_term_string}\"},\"query-input\":{\"@type\":\"PropertyValueSpecification\",\"valueRequired\":true,\"valueName\":\"search_term_string\"}}],\"inLanguage\":\"es-CL\"},{\"@type\":\"Person\",\"@id\":\"https:\/\/dev.explora.cl\/ohiggins\/#\/schema\/person\/cb8349c13ea2d324080adf8480d7ba5d\",\"name\":\"webman\",\"image\":{\"@type\":\"ImageObject\",\"inLanguage\":\"es-CL\",\"@id\":\"https:\/\/dev.explora.cl\/ohiggins\/#\/schema\/person\/image\/\",\"url\":\"https:\/\/secure.gravatar.com\/avatar\/eeff3c82f2c02f7177d13663b7e6f890e9a6a0647ce9bb29cae02dcb094c7312?s=96&d=mm&r=g\",\"contentUrl\":\"https:\/\/secure.gravatar.com\/avatar\/eeff3c82f2c02f7177d13663b7e6f890e9a6a0647ce9bb29cae02dcb094c7312?s=96&d=mm&r=g\",\"caption\":\"webman\"},\"url\":\"https:\/\/dev.explora.cl\/ohiggins\/author\/webman\/\"}]}<\/script>\n<!-- \/ Yoast SEO plugin. -->","yoast_head_json":{"title":"Ferias Cient\u00edficas se toman la regi\u00f3n - O&#039;Higgins","robots":{"index":"index","follow":"follow","max-snippet":"max-snippet:-1","max-image-preview":"max-image-preview:large","max-video-preview":"max-video-preview:-1"},"canonical":"https:\/\/dev.explora.cl\/ohiggins\/ferias-1\/","og_locale":"es_ES","og_type":"article","og_title":"Ferias Cient\u00edficas se toman la regi\u00f3n - O&#039;Higgins","og_description":"&nbsp; Varios son los establecimientos educacionales de la regi\u00f3n que se est\u00e1n sumando al desarrollo de ferias cient\u00edficas con diversas tem\u00e1ticas como por ejemplo, relativas a medio ambiente, tecnolog\u00eda, paleontolog\u00eda o geolog\u00eda; y que cuentan con el apoyo de PAR Explora O\u2019Higgins, ejecutado por UC del Maule. En lo que se refiere a las pr\u00f3ximas [&hellip;]","og_url":"https:\/\/dev.explora.cl\/ohiggins\/ferias-1\/","og_site_name":"O&#039;Higgins","article_published_time":"2015-09-04T04:00:00+00:00","article_modified_time":"2019-05-20T18:02:27+00:00","og_image":[{"width":1000,"height":667,"url":"https:\/\/dev.explora.cl\/ohiggins\/wp-content\/uploads\/sites\/8\/2018\/06\/d08352c186829148c8bcf716462a6aa1.jpg","type":"image\/jpeg"}],"author":"webman","twitter_card":"summary_large_image","twitter_misc":{"Escrito por":"webman","Tiempo estimado de lectura":"1 minuto"},"schema":{"@context":"https:\/\/schema.org","@graph":[{"@type":"Article","@id":"https:\/\/dev.explora.cl\/ohiggins\/ferias-1\/#article","isPartOf":{"@id":"https:\/\/dev.explora.cl\/ohiggins\/ferias-1\/"},"author":{"name":"webman","@id":"https:\/\/dev.explora.cl\/ohiggins\/#\/schema\/person\/cb8349c13ea2d324080adf8480d7ba5d"},"headline":"Ferias Cient\u00edficas se toman la regi\u00f3n","datePublished":"2015-09-04T04:00:00+00:00","dateModified":"2019-05-20T18:02:27+00:00","mainEntityOfPage":{"@id":"https:\/\/dev.explora.cl\/ohiggins\/ferias-1\/"},"wordCount":277,"commentCount":1,"image":{"@id":"https:\/\/dev.explora.cl\/ohiggins\/ferias-1\/#primaryimage"},"thumbnailUrl":"https:\/\/dev.explora.cl\/ohiggins\/wp-content\/uploads\/sites\/8\/2018\/06\/d08352c186829148c8bcf716462a6aa1.jpg","articleSection":["Noticias"],"inLanguage":"es-CL","potentialAction":[{"@type":"CommentAction","name":"Comment","target":["https:\/\/dev.explora.cl\/ohiggins\/ferias-1\/#respond"]}]},{"@type":"WebPage","@id":"https:\/\/dev.explora.cl\/ohiggins\/ferias-1\/","url":"https:\/\/dev.explora.cl\/ohiggins\/ferias-1\/","name":"Ferias Cient\u00edficas se toman la regi\u00f3n - O&#039;Higgins","isPartOf":{"@id":"https:\/\/dev.explora.cl\/ohiggins\/#website"},"primaryImageOfPage":{"@id":"https:\/\/dev.explora.cl\/ohiggins\/ferias-1\/#primaryimage"},"image":{"@id":"https:\/\/dev.explora.cl\/ohiggins\/ferias-1\/#primaryimage"},"thumbnailUrl":"https:\/\/dev.explora.cl\/ohiggins\/wp-content\/uploads\/sites\/8\/2018\/06\/d08352c186829148c8bcf716462a6aa1.jpg","datePublished":"2015-09-04T04:00:00+00:00","dateModified":"2019-05-20T18:02:27+00:00","author":{"@id":"https:\/\/dev.explora.cl\/ohiggins\/#\/schema\/person\/cb8349c13ea2d324080adf8480d7ba5d"},"breadcrumb":{"@id":"https:\/\/dev.explora.cl\/ohiggins\/ferias-1\/#breadcrumb"},"inLanguage":"es-CL","potentialAction":[{"@type":"ReadAction","target":["https:\/\/dev.explora.cl\/ohiggins\/ferias-1\/"]}]},{"@type":"ImageObject","inLanguage":"es-CL","@id":"https:\/\/dev.explora.cl\/ohiggins\/ferias-1\/#primaryimage","url":"https:\/\/dev.explora.cl\/ohiggins\/wp-content\/uploads\/sites\/8\/2018\/06\/d08352c186829148c8bcf716462a6aa1.jpg","contentUrl":"https:\/\/dev.explora.cl\/ohiggins\/wp-content\/uploads\/sites\/8\/2018\/06\/d08352c186829148c8bcf716462a6aa1.jpg","width":1000,"height":667},{"@type":"BreadcrumbList","@id":"https:\/\/dev.explora.cl\/ohiggins\/ferias-1\/#breadcrumb","itemListElement":[{"@type":"ListItem","position":1,"name":"Portada","item":"https:\/\/dev.explora.cl\/ohiggins\/"},{"@type":"ListItem","position":2,"name":"Ferias Cient\u00edficas se toman la regi\u00f3n"}]},{"@type":"WebSite","@id":"https:\/\/dev.explora.cl\/ohiggins\/#website","url":"https:\/\/dev.explora.cl\/ohiggins\/","name":"O&#039;Higgins","description":"Otro sitio m\u00e1s de dev.explora.cl","potentialAction":[{"@type":"SearchAction","target":{"@type":"EntryPoint","urlTemplate":"https:\/\/dev.explora.cl\/ohiggins\/?s={search_term_string}"},"query-input":{"@type":"PropertyValueSpecification","valueRequired":true,"valueName":"search_term_string"}}],"inLanguage":"es-CL"},{"@type":"Person","@id":"https:\/\/dev.explora.cl\/ohiggins\/#\/schema\/person\/cb8349c13ea2d324080adf8480d7ba5d","name":"webman","image":{"@type":"ImageObject","inLanguage":"es-CL","@id":"https:\/\/dev.explora.cl\/ohiggins\/#\/schema\/person\/image\/","url":"https:\/\/secure.gravatar.com\/avatar\/eeff3c82f2c02f7177d13663b7e6f890e9a6a0647ce9bb29cae02dcb094c7312?s=96&d=mm&r=g","contentUrl":"https:\/\/secure.gravatar.com\/avatar\/eeff3c82f2c02f7177d13663b7e6f890e9a6a0647ce9bb29cae02dcb094c7312?s=96&d=mm&r=g","caption":"webman"},"url":"https:\/\/dev.explora.cl\/ohiggins\/author\/webman\/"}]}},"_links":{"self":[{"href":"https:\/\/dev.explora.cl\/ohiggins\/wp-json\/wp\/v2\/posts\/37493","targetHints":{"allow":["GET"]}}],"collection":[{"href":"https:\/\/dev.explora.cl\/ohiggins\/wp-json\/wp\/v2\/posts"}],"about":[{"href":"https:\/\/dev.explora.cl\/ohiggins\/wp-json\/wp\/v2\/types\/post"}],"author":[{"embeddable":true,"href":"https:\/\/dev.explora.cl\/ohiggins\/wp-json\/wp\/v2\/users\/2"}],"replies":[{"embeddable":true,"href":"https:\/\/dev.explora.cl\/ohiggins\/wp-json\/wp\/v2\/comments?post=37493"}],"version-history":[{"count":1,"href":"https:\/\/dev.explora.cl\/ohiggins\/wp-json\/wp\/v2\/posts\/37493\/revisions"}],"predecessor-version":[{"id":37761,"href":"https:\/\/dev.explora.cl\/ohiggins\/wp-json\/wp\/v2\/posts\/37493\/revisions\/37761"}],"wp:featuredmedia":[{"embeddable":true,"href":"https:\/\/dev.explora.cl\/ohiggins\/wp-json\/wp\/v2\/media\/32200"}],"wp:attachment":[{"href":"https:\/\/dev.explora.cl\/ohiggins\/wp-json\/wp\/v2\/media?parent=37493"}],"wp:term":[{"taxonomy":"category","embeddable":true,"href":"https:\/\/dev.explora.cl\/ohiggins\/wp-json\/wp\/v2\/categories?post=37493"},{"taxonomy":"post_tag","embeddable":true,"href":"https:\/\/dev.explora.cl\/ohiggins\/wp-json\/wp\/v2\/tags?post=37493"}],"curies":[{"name":"wp","href":"https:\/\/api.w.org\/{rel}","templated":true}]}}