{"id":37490,"date":"2015-08-07T00:00:00","date_gmt":"2015-08-07T04:00:00","guid":{"rendered":"https:\/\/dev.explora.cl\/ohiggins\/blog\/2015\/08\/07\/cambio-clima\/"},"modified":"2019-05-20T18:02:32","modified_gmt":"2019-05-20T18:02:32","slug":"cambio-clima","status":"publish","type":"post","link":"https:\/\/dev.explora.cl\/ohiggins\/cambio-clima\/","title":{"rendered":"\u00bfC\u00f3mo afectar\u00e1 el cambio clim\u00e1tico a la agricultura?"},"content":{"rendered":"<p><img loading=\"lazy\" decoding=\"async\" class=\" size-full wp-image-13636\" src=\"http:\/\/ec2-34-218-253-251.us-west-2.compute.amazonaws.com\/wp-content\/uploads\/2015\/08\/042cba1eb77771ffb02fa07fbabfc93e.jpg\" alt=\"\" width=\"5184\" height=\"3456\" \/><\/p>\n<p style=\"text-align: justify\">Las frases \u201ccambio clim\u00e1tico\u201d, \u201cefecto invernadero\u201d, \u201csustentabilidad\u201d, son como la canci\u00f3n del verano, que muchas veces repetimos, sin saber muy bien de qu\u00e9 se trata el tema.<\/p>\n<p style=\"text-align: justify\">Por tal motivo, conversamos con Pamela Garc\u00eda, agr\u00f3noma y profesional de apoyo de la Seremi de Agricultura, quien nos explic\u00f3 c\u00f3mo afectar\u00e1n estos cambios en el clima, en particular a la regi\u00f3n.<\/p>\n<p style=\"text-align: justify\">\u201cMucha gente no quiere hablar de cambio clim\u00e1tico, sino de variabilidad clim\u00e1tica, que es propia de un ciclo donde se producen estos aumentos o bajas de temperatura y cuyos fen\u00f3menos se registran hist\u00f3ricamente. Sin embargo, hay corrientes que defienden el cambio clim\u00e1tico porque es un efecto medible, por ejemplo, puedes ver c\u00f3mo la curva de concentraci\u00f3n de Di\u00f3xido de Carbono (CO2) ha ido creciendo en el tiempo\u201d, sostuvo.<\/p>\n<p style=\"text-align: justify\">Seg\u00fan explic\u00f3, estos gases se acumulan sobre la tierra, generando una especie de capa protectora, &#8211;tal como se hace en un invernadero\u2014 que permite la radiaci\u00f3n solar a la superficie terrestre, pero no puede ser remitida desde la Tierra hacia el espacio exterior, lo que genera una serie de variaciones en el ciclo del mar, el medioambiente, el clima, por mencionar algunos.<\/p>\n<p>  <!--more-->  <\/p>\n<div>{mooblock=Estacionalidad del \u201cNi\u00f1o\u201d y la \u201cNi\u00f1a\u201d}<\/div>\n<div class=\"sabias_tx\">\n<p style=\"text-align: justify\"><img loading=\"lazy\" decoding=\"async\" class=\" alignleft size-full wp-image-13637\" src=\"http:\/\/ec2-34-218-253-251.us-west-2.compute.amazonaws.com\/wp-content\/uploads\/2015\/08\/sector-laguna.jpg\" width=\"300\" height=\"169\" style=\"margin-right: 10px;float: left\" \/>Uno de los efectos inmediatos en el clima, explic\u00f3 la profesional, es la estacionalidad de los fen\u00f3menos clim\u00e1ticos del ni\u00f1o y la ni\u00f1a, que se est\u00e1n dando cada vez con mayor frecuencia.<\/p>\n<p style=\"text-align: justify\">As\u00ed con el fen\u00f3meno de la ni\u00f1a (es fr\u00eda), \u201ctenemos esta condici\u00f3n de sequ\u00eda especialmente en la zona central, ya que refuerza o expande el Anticicl\u00f3n del Pac\u00edfico, impidiendo el paso de los sistemas frontales. De esta manera, las heladas comienzan m\u00e1s temprano y son mucho m\u00e1s severas, afectando a paltos, c\u00edtricos y frutales de hoja resistente\u201d, coment\u00f3.<\/p>\n<p style=\"text-align: justify\">En estos casos, las p\u00e9rdidas pueden ser importantes, pues si el fr\u00edo afecta a la parte le\u00f1osa del \u00e1rbol, los rebrotes se ven afectados, y hay que esperar su recuperaci\u00f3n incluso en m\u00e1s de una temporada.<\/p>\n<p style=\"text-align: justify\">En cuanto al fen\u00f3meno del ni\u00f1o es \u201cc\u00e1lido\u201d, genera m\u00e1s precipitaciones, y un exceso de humedad del sistema, \u201clo cual es bueno por una parte porque podemos reponer la escasez de agua, pero por la otra, hay frutales de hoja caduca, como las pom\u00e1ceas (peras y manzanas) que necesitan una cierta cantidad de horas de fr\u00edo, y si esto no sucede, no se genera el fruto por ejemplo, o simplemente puede que no haya floraci\u00f3n\u201d, dijo.<\/p>\n<p style=\"text-align: justify\">Este a\u00f1o estar\u00eda afectado por un ni\u00f1o tard\u00edo, lo que puede traer consecuencias en los frutales si las lluvias se generan durante la floraci\u00f3n.<\/p>\n<\/p><\/div>\n<div>{\/mooblock}<\/div>\n<div>\n<div>{mooblock=Alza de temperaturas y oscilaci\u00f3n t\u00e9rmica}<\/div>\n<div class=\"sabias_tx\">\n<p style=\"text-align: justify\"><img loading=\"lazy\" decoding=\"async\" class=\" alignright size-full wp-image-13638\" src=\"http:\/\/ec2-34-218-253-251.us-west-2.compute.amazonaws.com\/wp-content\/uploads\/2015\/08\/pamela-garcia.jpg\" width=\"300\" height=\"225\" style=\"margin-left: 10px;float: right\" \/>Otro de los problemas que genera el cambio clim\u00e1tico es el alza de las temperaturas, lo que a su vez tiene una serie de consecuencias: \u201cLa demanda h\u00eddrica aumenta, por otro lado hay especies y variedades que no se adaptan a mayor calor; as\u00ed en la regi\u00f3n, algunas variedades de manzanos ya han debido trasladarse m\u00e1s al sur; el escenario es buscar especies o variedades que se adapten con un menor requerimiento de fr\u00edo\u201d, indic\u00f3 Garc\u00eda.<\/p>\n<p style=\"text-align: justify\">En cuanto a la oscilaci\u00f3n t\u00e9rmica, es decir la diferencia entre las temperaturas m\u00e1xima y m\u00ednima, en un determinado per\u00edodo de tiempo, es una variable que, a juicio de la profesional, tambi\u00e9n debe ser tomada en cuenta, ya que \u201cen la medida que este diferencial se vaya acortando, se reduce la generaci\u00f3n de pigmentos, por ejemplo si vas a Brasil a comerte una naranja, ver\u00e1s que es medio verdosa; como en Chile la oscilaci\u00f3n es alta, su color es maravilloso, y eso en la fruta nos da un plus en el mercado, pero si ese diferencial se va acortando, pudiera afectar tambi\u00e9n en el futuro algunas zonas productivas.\u201d<\/p>\n<\/p><\/div>\n<div>{\/mooblock}<\/div>\n<div>\n<div>{mooblock=Plagas y enfermedades}<\/div>\n<div class=\"sabias_tx\">\n<p style=\"text-align: justify\">Hay otro tema que se est\u00e1 discutiendo, como el aumento de plagas y enfermedades: \u201cEl ciclo de reproducci\u00f3n de los insectos se hacen m\u00e1s cortos y m\u00e1s frecuentes, se multiplican m\u00e1s r\u00e1pido, tienes en el mismo espacio de tiempo, que se triplica la poblaci\u00f3n, as\u00ed hay que ver los sistemas de control. La regi\u00f3n depende mucho de los productos qu\u00edmicos, pero qu\u00e9 vamos a hacer y c\u00f3mo lo vamos a enfrentar, es un escenario que debi\u00e9ramos resolver\u201d, sostuvo.<\/p>\n<\/p><\/div>\n<div>{\/mooblock}<\/div>\n<div>\n<div>{mooblock=Algunas medidas}<\/div>\n<div class=\"sabias_tx\">\n<p style=\"text-align: justify\"><img loading=\"lazy\" decoding=\"async\" class=\" alignleft size-full wp-image-13639\" src=\"http:\/\/ec2-34-218-253-251.us-west-2.compute.amazonaws.com\/wp-content\/uploads\/2015\/08\/escuela-durazno-2.jpg\" width=\"300\" height=\"200\" style=\"margin-right: 10px;float: left\" \/>A pesar de que el escenario no se ve muy alentador, la profesional indic\u00f3 que nuestro pa\u00eds es privilegiado, pues tiene la corriente mar\u00edtima de Humboldt, que enfr\u00eda el oc\u00e9ano Pac\u00edfico y que nos deja mejor parados ante el escenario de cambio clim\u00e1tico.<\/p>\n<p style=\"text-align: justify\">Sin embargo, recomend\u00f3 a los agricultores tomar conciencia, aprovechar y utilizar la tecnolog\u00eda para programar los cultivos; \u201cpor ejemplo si se sabe que habr\u00e1 menos precipitaciones, en el caso de hortaliza o en los cultivos tradicionales, se debe ver la superficie que se va a plantar, de tal manera de asegurar un per\u00edmetro que pueda ser regado\u201d.<\/p>\n<p style=\"text-align: justify\">En este sentido aconsej\u00f3 continuar mejorando los sistemas de riego y el almacenamiento de agua, ya sea desde la acumulaci\u00f3n de aguas lluvias, hasta la construcci\u00f3n de embalses. Destac\u00f3 el trabajo de las organizaciones de regantes, que se han capacitado en el tema; y valor\u00f3 el trabajo del Instituto de Investigaciones Agropecuarias, INIA, que realiza investigaci\u00f3n para mejorar los m\u00e9todos de riego, y el desarrollo de nuevas variedades m\u00e1s resistentes a los requerimientos actuales.<\/p>\n<\/p><\/div>\n<div>{\/mooblock}<\/div>\n<div>&nbsp;<\/div>\n<div>&nbsp;<\/div>\n<div>\n<p>Nota: Carla Morales<br \/> Fotos: Esteban Reyes<\/p>\n<\/p><\/div>\n<\/p><\/div>\n<\/p><\/div>\n<\/p><\/div>\n","protected":false},"excerpt":{"rendered":"<p>Las frases \u201ccambio clim\u00e1tico\u201d, \u201cefecto invernadero\u201d, \u201csustentabilidad\u201d, son como la canci\u00f3n del verano, que muchas veces repetimos, sin saber muy bien de qu\u00e9 se trata el tema. Por tal motivo, conversamos con Pamela Garc\u00eda, agr\u00f3noma y profesional de apoyo de la Seremi de Agricultura, quien nos explic\u00f3 c\u00f3mo afectar\u00e1n estos cambios en el clima, en [&hellip;]<\/p>\n","protected":false},"author":2,"featured_media":32181,"comment_status":"open","ping_status":"open","sticky":false,"template":"","format":"standard","meta":{"_acf_changed":false,"_exactmetrics_skip_tracking":false,"_exactmetrics_sitenote_active":false,"_exactmetrics_sitenote_note":"","_exactmetrics_sitenote_category":0,"footnotes":"","_links_to":"","_links_to_target":""},"categories":[4],"tags":[],"class_list":["post-37490","post","type-post","status-publish","format-standard","has-post-thumbnail","hentry","category-noticias"],"acf":[],"yoast_head":"<!-- This site is optimized with the Yoast SEO plugin v26.7 - https:\/\/yoast.com\/wordpress\/plugins\/seo\/ -->\n<title>\u00bfC\u00f3mo afectar\u00e1 el cambio clim\u00e1tico a la agricultura? - O&#039;Higgins<\/title>\n<meta name=\"robots\" content=\"index, follow, max-snippet:-1, max-image-preview:large, max-video-preview:-1\" \/>\n<link rel=\"canonical\" href=\"https:\/\/dev.explora.cl\/ohiggins\/cambio-clima\/\" class=\"yoast-seo-meta-tag\" \/>\n<meta property=\"og:locale\" content=\"es_ES\" class=\"yoast-seo-meta-tag\" \/>\n<meta property=\"og:type\" content=\"article\" class=\"yoast-seo-meta-tag\" \/>\n<meta property=\"og:title\" content=\"\u00bfC\u00f3mo afectar\u00e1 el cambio clim\u00e1tico a la agricultura? - O&#039;Higgins\" class=\"yoast-seo-meta-tag\" \/>\n<meta property=\"og:description\" content=\"Las frases \u201ccambio clim\u00e1tico\u201d, \u201cefecto invernadero\u201d, \u201csustentabilidad\u201d, son como la canci\u00f3n del verano, que muchas veces repetimos, sin saber muy bien de qu\u00e9 se trata el tema. Por tal motivo, conversamos con Pamela Garc\u00eda, agr\u00f3noma y profesional de apoyo de la Seremi de Agricultura, quien nos explic\u00f3 c\u00f3mo afectar\u00e1n estos cambios en el clima, en [&hellip;]\" class=\"yoast-seo-meta-tag\" \/>\n<meta property=\"og:url\" content=\"https:\/\/dev.explora.cl\/ohiggins\/cambio-clima\/\" class=\"yoast-seo-meta-tag\" \/>\n<meta property=\"og:site_name\" content=\"O&#039;Higgins\" class=\"yoast-seo-meta-tag\" \/>\n<meta property=\"article:published_time\" content=\"2015-08-07T04:00:00+00:00\" class=\"yoast-seo-meta-tag\" \/>\n<meta property=\"article:modified_time\" content=\"2019-05-20T18:02:32+00:00\" class=\"yoast-seo-meta-tag\" \/>\n<meta property=\"og:image\" content=\"https:\/\/dev.explora.cl\/ohiggins\/wp-content\/uploads\/sites\/8\/2018\/06\/042cba1eb77771ffb02fa07fbabfc93e-1024x683.jpg\" class=\"yoast-seo-meta-tag\" \/>\n\t<meta property=\"og:image:width\" content=\"1024\" class=\"yoast-seo-meta-tag\" \/>\n\t<meta property=\"og:image:height\" content=\"683\" class=\"yoast-seo-meta-tag\" \/>\n\t<meta property=\"og:image:type\" content=\"image\/jpeg\" class=\"yoast-seo-meta-tag\" \/>\n<meta name=\"author\" content=\"webman\" class=\"yoast-seo-meta-tag\" \/>\n<meta name=\"twitter:card\" content=\"summary_large_image\" class=\"yoast-seo-meta-tag\" \/>\n<meta name=\"twitter:label1\" content=\"Escrito por\" class=\"yoast-seo-meta-tag\" \/>\n\t<meta name=\"twitter:data1\" content=\"webman\" class=\"yoast-seo-meta-tag\" \/>\n\t<meta name=\"twitter:label2\" content=\"Tiempo estimado de lectura\" class=\"yoast-seo-meta-tag\" \/>\n\t<meta name=\"twitter:data2\" content=\"5 minutos\" class=\"yoast-seo-meta-tag\" \/>\n<script type=\"application\/ld+json\" class=\"yoast-schema-graph\">{\"@context\":\"https:\/\/schema.org\",\"@graph\":[{\"@type\":\"Article\",\"@id\":\"https:\/\/dev.explora.cl\/ohiggins\/cambio-clima\/#article\",\"isPartOf\":{\"@id\":\"https:\/\/dev.explora.cl\/ohiggins\/cambio-clima\/\"},\"author\":{\"name\":\"webman\",\"@id\":\"https:\/\/dev.explora.cl\/ohiggins\/#\/schema\/person\/cb8349c13ea2d324080adf8480d7ba5d\"},\"headline\":\"\u00bfC\u00f3mo afectar\u00e1 el cambio clim\u00e1tico a la agricultura?\",\"datePublished\":\"2015-08-07T04:00:00+00:00\",\"dateModified\":\"2019-05-20T18:02:32+00:00\",\"mainEntityOfPage\":{\"@id\":\"https:\/\/dev.explora.cl\/ohiggins\/cambio-clima\/\"},\"wordCount\":986,\"commentCount\":0,\"image\":{\"@id\":\"https:\/\/dev.explora.cl\/ohiggins\/cambio-clima\/#primaryimage\"},\"thumbnailUrl\":\"https:\/\/dev.explora.cl\/ohiggins\/wp-content\/uploads\/sites\/8\/2018\/06\/042cba1eb77771ffb02fa07fbabfc93e.jpg\",\"articleSection\":[\"Noticias\"],\"inLanguage\":\"es-CL\",\"potentialAction\":[{\"@type\":\"CommentAction\",\"name\":\"Comment\",\"target\":[\"https:\/\/dev.explora.cl\/ohiggins\/cambio-clima\/#respond\"]}]},{\"@type\":\"WebPage\",\"@id\":\"https:\/\/dev.explora.cl\/ohiggins\/cambio-clima\/\",\"url\":\"https:\/\/dev.explora.cl\/ohiggins\/cambio-clima\/\",\"name\":\"\u00bfC\u00f3mo afectar\u00e1 el cambio clim\u00e1tico a la agricultura? - O&#039;Higgins\",\"isPartOf\":{\"@id\":\"https:\/\/dev.explora.cl\/ohiggins\/#website\"},\"primaryImageOfPage\":{\"@id\":\"https:\/\/dev.explora.cl\/ohiggins\/cambio-clima\/#primaryimage\"},\"image\":{\"@id\":\"https:\/\/dev.explora.cl\/ohiggins\/cambio-clima\/#primaryimage\"},\"thumbnailUrl\":\"https:\/\/dev.explora.cl\/ohiggins\/wp-content\/uploads\/sites\/8\/2018\/06\/042cba1eb77771ffb02fa07fbabfc93e.jpg\",\"datePublished\":\"2015-08-07T04:00:00+00:00\",\"dateModified\":\"2019-05-20T18:02:32+00:00\",\"author\":{\"@id\":\"https:\/\/dev.explora.cl\/ohiggins\/#\/schema\/person\/cb8349c13ea2d324080adf8480d7ba5d\"},\"breadcrumb\":{\"@id\":\"https:\/\/dev.explora.cl\/ohiggins\/cambio-clima\/#breadcrumb\"},\"inLanguage\":\"es-CL\",\"potentialAction\":[{\"@type\":\"ReadAction\",\"target\":[\"https:\/\/dev.explora.cl\/ohiggins\/cambio-clima\/\"]}]},{\"@type\":\"ImageObject\",\"inLanguage\":\"es-CL\",\"@id\":\"https:\/\/dev.explora.cl\/ohiggins\/cambio-clima\/#primaryimage\",\"url\":\"https:\/\/dev.explora.cl\/ohiggins\/wp-content\/uploads\/sites\/8\/2018\/06\/042cba1eb77771ffb02fa07fbabfc93e.jpg\",\"contentUrl\":\"https:\/\/dev.explora.cl\/ohiggins\/wp-content\/uploads\/sites\/8\/2018\/06\/042cba1eb77771ffb02fa07fbabfc93e.jpg\",\"width\":5184,\"height\":3456},{\"@type\":\"BreadcrumbList\",\"@id\":\"https:\/\/dev.explora.cl\/ohiggins\/cambio-clima\/#breadcrumb\",\"itemListElement\":[{\"@type\":\"ListItem\",\"position\":1,\"name\":\"Portada\",\"item\":\"https:\/\/dev.explora.cl\/ohiggins\/\"},{\"@type\":\"ListItem\",\"position\":2,\"name\":\"\u00bfC\u00f3mo afectar\u00e1 el cambio clim\u00e1tico a la agricultura?\"}]},{\"@type\":\"WebSite\",\"@id\":\"https:\/\/dev.explora.cl\/ohiggins\/#website\",\"url\":\"https:\/\/dev.explora.cl\/ohiggins\/\",\"name\":\"O&#039;Higgins\",\"description\":\"Otro sitio m\u00e1s de dev.explora.cl\",\"potentialAction\":[{\"@type\":\"SearchAction\",\"target\":{\"@type\":\"EntryPoint\",\"urlTemplate\":\"https:\/\/dev.explora.cl\/ohiggins\/?s={search_term_string}\"},\"query-input\":{\"@type\":\"PropertyValueSpecification\",\"valueRequired\":true,\"valueName\":\"search_term_string\"}}],\"inLanguage\":\"es-CL\"},{\"@type\":\"Person\",\"@id\":\"https:\/\/dev.explora.cl\/ohiggins\/#\/schema\/person\/cb8349c13ea2d324080adf8480d7ba5d\",\"name\":\"webman\",\"image\":{\"@type\":\"ImageObject\",\"inLanguage\":\"es-CL\",\"@id\":\"https:\/\/dev.explora.cl\/ohiggins\/#\/schema\/person\/image\/\",\"url\":\"https:\/\/secure.gravatar.com\/avatar\/eeff3c82f2c02f7177d13663b7e6f890e9a6a0647ce9bb29cae02dcb094c7312?s=96&d=mm&r=g\",\"contentUrl\":\"https:\/\/secure.gravatar.com\/avatar\/eeff3c82f2c02f7177d13663b7e6f890e9a6a0647ce9bb29cae02dcb094c7312?s=96&d=mm&r=g\",\"caption\":\"webman\"},\"url\":\"https:\/\/dev.explora.cl\/ohiggins\/author\/webman\/\"}]}<\/script>\n<!-- \/ Yoast SEO plugin. -->","yoast_head_json":{"title":"\u00bfC\u00f3mo afectar\u00e1 el cambio clim\u00e1tico a la agricultura? - O&#039;Higgins","robots":{"index":"index","follow":"follow","max-snippet":"max-snippet:-1","max-image-preview":"max-image-preview:large","max-video-preview":"max-video-preview:-1"},"canonical":"https:\/\/dev.explora.cl\/ohiggins\/cambio-clima\/","og_locale":"es_ES","og_type":"article","og_title":"\u00bfC\u00f3mo afectar\u00e1 el cambio clim\u00e1tico a la agricultura? - O&#039;Higgins","og_description":"Las frases \u201ccambio clim\u00e1tico\u201d, \u201cefecto invernadero\u201d, \u201csustentabilidad\u201d, son como la canci\u00f3n del verano, que muchas veces repetimos, sin saber muy bien de qu\u00e9 se trata el tema. Por tal motivo, conversamos con Pamela Garc\u00eda, agr\u00f3noma y profesional de apoyo de la Seremi de Agricultura, quien nos explic\u00f3 c\u00f3mo afectar\u00e1n estos cambios en el clima, en [&hellip;]","og_url":"https:\/\/dev.explora.cl\/ohiggins\/cambio-clima\/","og_site_name":"O&#039;Higgins","article_published_time":"2015-08-07T04:00:00+00:00","article_modified_time":"2019-05-20T18:02:32+00:00","og_image":[{"width":1024,"height":683,"url":"https:\/\/dev.explora.cl\/ohiggins\/wp-content\/uploads\/sites\/8\/2018\/06\/042cba1eb77771ffb02fa07fbabfc93e-1024x683.jpg","type":"image\/jpeg"}],"author":"webman","twitter_card":"summary_large_image","twitter_misc":{"Escrito por":"webman","Tiempo estimado de lectura":"5 minutos"},"schema":{"@context":"https:\/\/schema.org","@graph":[{"@type":"Article","@id":"https:\/\/dev.explora.cl\/ohiggins\/cambio-clima\/#article","isPartOf":{"@id":"https:\/\/dev.explora.cl\/ohiggins\/cambio-clima\/"},"author":{"name":"webman","@id":"https:\/\/dev.explora.cl\/ohiggins\/#\/schema\/person\/cb8349c13ea2d324080adf8480d7ba5d"},"headline":"\u00bfC\u00f3mo afectar\u00e1 el cambio clim\u00e1tico a la agricultura?","datePublished":"2015-08-07T04:00:00+00:00","dateModified":"2019-05-20T18:02:32+00:00","mainEntityOfPage":{"@id":"https:\/\/dev.explora.cl\/ohiggins\/cambio-clima\/"},"wordCount":986,"commentCount":0,"image":{"@id":"https:\/\/dev.explora.cl\/ohiggins\/cambio-clima\/#primaryimage"},"thumbnailUrl":"https:\/\/dev.explora.cl\/ohiggins\/wp-content\/uploads\/sites\/8\/2018\/06\/042cba1eb77771ffb02fa07fbabfc93e.jpg","articleSection":["Noticias"],"inLanguage":"es-CL","potentialAction":[{"@type":"CommentAction","name":"Comment","target":["https:\/\/dev.explora.cl\/ohiggins\/cambio-clima\/#respond"]}]},{"@type":"WebPage","@id":"https:\/\/dev.explora.cl\/ohiggins\/cambio-clima\/","url":"https:\/\/dev.explora.cl\/ohiggins\/cambio-clima\/","name":"\u00bfC\u00f3mo afectar\u00e1 el cambio clim\u00e1tico a la agricultura? - O&#039;Higgins","isPartOf":{"@id":"https:\/\/dev.explora.cl\/ohiggins\/#website"},"primaryImageOfPage":{"@id":"https:\/\/dev.explora.cl\/ohiggins\/cambio-clima\/#primaryimage"},"image":{"@id":"https:\/\/dev.explora.cl\/ohiggins\/cambio-clima\/#primaryimage"},"thumbnailUrl":"https:\/\/dev.explora.cl\/ohiggins\/wp-content\/uploads\/sites\/8\/2018\/06\/042cba1eb77771ffb02fa07fbabfc93e.jpg","datePublished":"2015-08-07T04:00:00+00:00","dateModified":"2019-05-20T18:02:32+00:00","author":{"@id":"https:\/\/dev.explora.cl\/ohiggins\/#\/schema\/person\/cb8349c13ea2d324080adf8480d7ba5d"},"breadcrumb":{"@id":"https:\/\/dev.explora.cl\/ohiggins\/cambio-clima\/#breadcrumb"},"inLanguage":"es-CL","potentialAction":[{"@type":"ReadAction","target":["https:\/\/dev.explora.cl\/ohiggins\/cambio-clima\/"]}]},{"@type":"ImageObject","inLanguage":"es-CL","@id":"https:\/\/dev.explora.cl\/ohiggins\/cambio-clima\/#primaryimage","url":"https:\/\/dev.explora.cl\/ohiggins\/wp-content\/uploads\/sites\/8\/2018\/06\/042cba1eb77771ffb02fa07fbabfc93e.jpg","contentUrl":"https:\/\/dev.explora.cl\/ohiggins\/wp-content\/uploads\/sites\/8\/2018\/06\/042cba1eb77771ffb02fa07fbabfc93e.jpg","width":5184,"height":3456},{"@type":"BreadcrumbList","@id":"https:\/\/dev.explora.cl\/ohiggins\/cambio-clima\/#breadcrumb","itemListElement":[{"@type":"ListItem","position":1,"name":"Portada","item":"https:\/\/dev.explora.cl\/ohiggins\/"},{"@type":"ListItem","position":2,"name":"\u00bfC\u00f3mo afectar\u00e1 el cambio clim\u00e1tico a la agricultura?"}]},{"@type":"WebSite","@id":"https:\/\/dev.explora.cl\/ohiggins\/#website","url":"https:\/\/dev.explora.cl\/ohiggins\/","name":"O&#039;Higgins","description":"Otro sitio m\u00e1s de dev.explora.cl","potentialAction":[{"@type":"SearchAction","target":{"@type":"EntryPoint","urlTemplate":"https:\/\/dev.explora.cl\/ohiggins\/?s={search_term_string}"},"query-input":{"@type":"PropertyValueSpecification","valueRequired":true,"valueName":"search_term_string"}}],"inLanguage":"es-CL"},{"@type":"Person","@id":"https:\/\/dev.explora.cl\/ohiggins\/#\/schema\/person\/cb8349c13ea2d324080adf8480d7ba5d","name":"webman","image":{"@type":"ImageObject","inLanguage":"es-CL","@id":"https:\/\/dev.explora.cl\/ohiggins\/#\/schema\/person\/image\/","url":"https:\/\/secure.gravatar.com\/avatar\/eeff3c82f2c02f7177d13663b7e6f890e9a6a0647ce9bb29cae02dcb094c7312?s=96&d=mm&r=g","contentUrl":"https:\/\/secure.gravatar.com\/avatar\/eeff3c82f2c02f7177d13663b7e6f890e9a6a0647ce9bb29cae02dcb094c7312?s=96&d=mm&r=g","caption":"webman"},"url":"https:\/\/dev.explora.cl\/ohiggins\/author\/webman\/"}]}},"_links":{"self":[{"href":"https:\/\/dev.explora.cl\/ohiggins\/wp-json\/wp\/v2\/posts\/37490","targetHints":{"allow":["GET"]}}],"collection":[{"href":"https:\/\/dev.explora.cl\/ohiggins\/wp-json\/wp\/v2\/posts"}],"about":[{"href":"https:\/\/dev.explora.cl\/ohiggins\/wp-json\/wp\/v2\/types\/post"}],"author":[{"embeddable":true,"href":"https:\/\/dev.explora.cl\/ohiggins\/wp-json\/wp\/v2\/users\/2"}],"replies":[{"embeddable":true,"href":"https:\/\/dev.explora.cl\/ohiggins\/wp-json\/wp\/v2\/comments?post=37490"}],"version-history":[{"count":1,"href":"https:\/\/dev.explora.cl\/ohiggins\/wp-json\/wp\/v2\/posts\/37490\/revisions"}],"predecessor-version":[{"id":37771,"href":"https:\/\/dev.explora.cl\/ohiggins\/wp-json\/wp\/v2\/posts\/37490\/revisions\/37771"}],"wp:featuredmedia":[{"embeddable":true,"href":"https:\/\/dev.explora.cl\/ohiggins\/wp-json\/wp\/v2\/media\/32181"}],"wp:attachment":[{"href":"https:\/\/dev.explora.cl\/ohiggins\/wp-json\/wp\/v2\/media?parent=37490"}],"wp:term":[{"taxonomy":"category","embeddable":true,"href":"https:\/\/dev.explora.cl\/ohiggins\/wp-json\/wp\/v2\/categories?post=37490"},{"taxonomy":"post_tag","embeddable":true,"href":"https:\/\/dev.explora.cl\/ohiggins\/wp-json\/wp\/v2\/tags?post=37490"}],"curies":[{"name":"wp","href":"https:\/\/api.w.org\/{rel}","templated":true}]}}