{"id":37486,"date":"2015-08-01T00:00:00","date_gmt":"2015-08-01T04:00:00","guid":{"rendered":"https:\/\/dev.explora.cl\/ohiggins\/blog\/2015\/08\/01\/taller-1\/"},"modified":"2019-05-20T18:02:36","modified_gmt":"2019-05-20T18:02:36","slug":"taller-1","status":"publish","type":"post","link":"https:\/\/dev.explora.cl\/ohiggins\/taller-1\/","title":{"rendered":"Taller de metodolog\u00eda: \u00a1Prepar\u00e1ndonos para el Congreso de CyT!"},"content":{"rendered":"<p><img loading=\"lazy\" decoding=\"async\" class=\" size-full wp-image-13434\" src=\"http:\/\/ec2-34-218-253-251.us-west-2.compute.amazonaws.com\/wp-content\/uploads\/2015\/08\/48e3e562fc488555ca60e6ad7b3cfbe9.jpg\" alt=\"\" width=\"1000\" height=\"667\" \/><\/p>\n<p><p style=\"text-align: justify\">El gran evento se acerca a pasos agigantados; as\u00ed que si eres profesor, o profesora, y quieres participar junto a tus estudiantes; PAR Explora O\u2019Higgins, ejecutado por UC del Maule, te invita al taller de Metodolog\u00eda Cient\u00edfica, que realizar\u00e1 nuestro equipo de valoraci\u00f3n, el jueves 13 de agosto en Rancagua y San Fernando.<\/p>\n<p style=\"text-align: justify\">El objetivo es promover la identificaci\u00f3n y desarrollo de habilidades cient\u00edficas de los docentes en j\u00f3venes, ni\u00f1as y ni\u00f1os, a trav\u00e9s de la presentaci\u00f3n de proyectos cient\u00edficos escolares; y as\u00ed enviar sus trabajos al III Congreso Regional Escolar de Ciencia y Tecnolog\u00eda Explora CONICYT 2015, Regi\u00f3n de O\u2019Higgins, que se desarrollar\u00e1 en octubre de 2015 en la plaza de armas de Marchig\u00fce; y cuya inscripci\u00f3n se cierra el 4 de septiembre.<\/p>\n<p style=\"text-align: justify\">Los docentes interesados podr\u00e1n optar en cualquiera de los siguientes horarios; 10.00 a 12.00 horas, en el DETT de la mencionada casa de estudios, ubicado en Gamero 271, Rancagua; y de 15.00 a 17.00 horas en el museo Lircunlauta, en Juan Jim\u00e9nez 1595, San Fernando.<\/p>\n<p style=\"text-align: justify\">Como se recordar\u00e1, dichos congresos, son ferias de investigaci\u00f3n cient\u00edfica y desarrollo tecnol\u00f3gico donde pueden competir estudiantes de desde 5\u00b0 B\u00e1sico a 3\u00b0 Medio; en las categor\u00edas Educaci\u00f3n B\u00e1sica y Educaci\u00f3n Media; cuyo premio principal ser\u00e1 asistir al XVI Congreso Nacional Escolar de Ciencia y Tecnolog\u00eda Explora CONICYT que se realizar\u00e1 en Valpara\u00edso, V Regi\u00f3n entre el 26 y 28 de noviembre de 2015.<\/p>\n<p>El taller ser\u00e1 principalmente pr\u00e1ctico, y se puede inscribir completando la ficha ac\u00e1: <span style=\"color: #0000ff\"><a href=\"http:\/\/goo.gl\/forms\/JO3TXDChLA\" target=\"_blank\" rel=\"noopener noreferrer\"><span style=\"color: #0000ff\">Rancagua<\/span><\/a><\/span> &#8211; <span style=\"color: #0000ff\"><a href=\"http:\/\/goo.gl\/forms\/zrCJnx7ysn\" target=\"_blank\" rel=\"noopener noreferrer\"><span style=\"color: #0000ff\">San Fernando<\/span><\/a><\/span>. Cualquier consulta, se puede escribir a <span style=\"color: #0000ff\"><a href=\"mailto:parexplora.ohiggins@ucm.cl.\"><span style=\"color: #0000ff\">parexplora.ohiggins@ucm.cl.<\/span><\/a><\/span><\/p>\n<p style=\"text-align: justify\">Nota: Carla Morales<br \/>Fotos: Esteban Reyes<\/p>\n<p>&nbsp;<\/p><\/p>\n","protected":false},"excerpt":{"rendered":"<p>El gran evento se acerca a pasos agigantados; as\u00ed que si eres profesor, o profesora, y quieres participar junto a tus estudiantes; PAR Explora O\u2019Higgins, ejecutado por UC del Maule, te invita al taller de Metodolog\u00eda Cient\u00edfica, que realizar\u00e1 nuestro equipo de valoraci\u00f3n, el jueves 13 de agosto en Rancagua y San Fernando. El objetivo [&hellip;]<\/p>\n","protected":false},"author":2,"featured_media":32172,"comment_status":"open","ping_status":"open","sticky":false,"template":"","format":"standard","meta":{"_acf_changed":false,"_exactmetrics_skip_tracking":false,"_exactmetrics_sitenote_active":false,"_exactmetrics_sitenote_note":"","_exactmetrics_sitenote_category":0,"footnotes":"","_links_to":"","_links_to_target":""},"categories":[4],"tags":[],"class_list":["post-37486","post","type-post","status-publish","format-standard","has-post-thumbnail","hentry","category-noticias"],"acf":[],"yoast_head":"<!-- This site is optimized with the Yoast SEO plugin v26.7 - https:\/\/yoast.com\/wordpress\/plugins\/seo\/ -->\n<title>Taller de metodolog\u00eda: \u00a1Prepar\u00e1ndonos para el Congreso de CyT! - O&#039;Higgins<\/title>\n<meta name=\"robots\" content=\"index, follow, max-snippet:-1, max-image-preview:large, max-video-preview:-1\" \/>\n<link rel=\"canonical\" href=\"https:\/\/dev.explora.cl\/ohiggins\/taller-1\/\" class=\"yoast-seo-meta-tag\" \/>\n<meta property=\"og:locale\" content=\"es_ES\" class=\"yoast-seo-meta-tag\" \/>\n<meta property=\"og:type\" content=\"article\" class=\"yoast-seo-meta-tag\" \/>\n<meta property=\"og:title\" content=\"Taller de metodolog\u00eda: \u00a1Prepar\u00e1ndonos para el Congreso de CyT! - O&#039;Higgins\" class=\"yoast-seo-meta-tag\" \/>\n<meta property=\"og:description\" content=\"El gran evento se acerca a pasos agigantados; as\u00ed que si eres profesor, o profesora, y quieres participar junto a tus estudiantes; PAR Explora O\u2019Higgins, ejecutado por UC del Maule, te invita al taller de Metodolog\u00eda Cient\u00edfica, que realizar\u00e1 nuestro equipo de valoraci\u00f3n, el jueves 13 de agosto en Rancagua y San Fernando. El objetivo [&hellip;]\" class=\"yoast-seo-meta-tag\" \/>\n<meta property=\"og:url\" content=\"https:\/\/dev.explora.cl\/ohiggins\/taller-1\/\" class=\"yoast-seo-meta-tag\" \/>\n<meta property=\"og:site_name\" content=\"O&#039;Higgins\" class=\"yoast-seo-meta-tag\" \/>\n<meta property=\"article:published_time\" content=\"2015-08-01T04:00:00+00:00\" class=\"yoast-seo-meta-tag\" \/>\n<meta property=\"article:modified_time\" content=\"2019-05-20T18:02:36+00:00\" class=\"yoast-seo-meta-tag\" \/>\n<meta property=\"og:image\" content=\"https:\/\/dev.explora.cl\/ohiggins\/wp-content\/uploads\/sites\/8\/2018\/06\/48e3e562fc488555ca60e6ad7b3cfbe9.jpg\" class=\"yoast-seo-meta-tag\" \/>\n\t<meta property=\"og:image:width\" content=\"1000\" class=\"yoast-seo-meta-tag\" \/>\n\t<meta property=\"og:image:height\" content=\"667\" class=\"yoast-seo-meta-tag\" \/>\n\t<meta property=\"og:image:type\" content=\"image\/jpeg\" class=\"yoast-seo-meta-tag\" \/>\n<meta name=\"author\" content=\"webman\" class=\"yoast-seo-meta-tag\" \/>\n<meta name=\"twitter:card\" content=\"summary_large_image\" class=\"yoast-seo-meta-tag\" \/>\n<meta name=\"twitter:label1\" content=\"Escrito por\" class=\"yoast-seo-meta-tag\" \/>\n\t<meta name=\"twitter:data1\" content=\"webman\" class=\"yoast-seo-meta-tag\" \/>\n\t<meta name=\"twitter:label2\" content=\"Tiempo estimado de lectura\" class=\"yoast-seo-meta-tag\" \/>\n\t<meta name=\"twitter:data2\" content=\"1 minuto\" class=\"yoast-seo-meta-tag\" \/>\n<script type=\"application\/ld+json\" class=\"yoast-schema-graph\">{\"@context\":\"https:\/\/schema.org\",\"@graph\":[{\"@type\":\"Article\",\"@id\":\"https:\/\/dev.explora.cl\/ohiggins\/taller-1\/#article\",\"isPartOf\":{\"@id\":\"https:\/\/dev.explora.cl\/ohiggins\/taller-1\/\"},\"author\":{\"name\":\"webman\",\"@id\":\"https:\/\/dev.explora.cl\/ohiggins\/#\/schema\/person\/cb8349c13ea2d324080adf8480d7ba5d\"},\"headline\":\"Taller de metodolog\u00eda: \u00a1Prepar\u00e1ndonos para el Congreso de CyT!\",\"datePublished\":\"2015-08-01T04:00:00+00:00\",\"dateModified\":\"2019-05-20T18:02:36+00:00\",\"mainEntityOfPage\":{\"@id\":\"https:\/\/dev.explora.cl\/ohiggins\/taller-1\/\"},\"wordCount\":293,\"commentCount\":1,\"image\":{\"@id\":\"https:\/\/dev.explora.cl\/ohiggins\/taller-1\/#primaryimage\"},\"thumbnailUrl\":\"https:\/\/dev.explora.cl\/ohiggins\/wp-content\/uploads\/sites\/8\/2018\/06\/48e3e562fc488555ca60e6ad7b3cfbe9.jpg\",\"articleSection\":[\"Noticias\"],\"inLanguage\":\"es-CL\",\"potentialAction\":[{\"@type\":\"CommentAction\",\"name\":\"Comment\",\"target\":[\"https:\/\/dev.explora.cl\/ohiggins\/taller-1\/#respond\"]}]},{\"@type\":\"WebPage\",\"@id\":\"https:\/\/dev.explora.cl\/ohiggins\/taller-1\/\",\"url\":\"https:\/\/dev.explora.cl\/ohiggins\/taller-1\/\",\"name\":\"Taller de metodolog\u00eda: \u00a1Prepar\u00e1ndonos para el Congreso de CyT! - O&#039;Higgins\",\"isPartOf\":{\"@id\":\"https:\/\/dev.explora.cl\/ohiggins\/#website\"},\"primaryImageOfPage\":{\"@id\":\"https:\/\/dev.explora.cl\/ohiggins\/taller-1\/#primaryimage\"},\"image\":{\"@id\":\"https:\/\/dev.explora.cl\/ohiggins\/taller-1\/#primaryimage\"},\"thumbnailUrl\":\"https:\/\/dev.explora.cl\/ohiggins\/wp-content\/uploads\/sites\/8\/2018\/06\/48e3e562fc488555ca60e6ad7b3cfbe9.jpg\",\"datePublished\":\"2015-08-01T04:00:00+00:00\",\"dateModified\":\"2019-05-20T18:02:36+00:00\",\"author\":{\"@id\":\"https:\/\/dev.explora.cl\/ohiggins\/#\/schema\/person\/cb8349c13ea2d324080adf8480d7ba5d\"},\"breadcrumb\":{\"@id\":\"https:\/\/dev.explora.cl\/ohiggins\/taller-1\/#breadcrumb\"},\"inLanguage\":\"es-CL\",\"potentialAction\":[{\"@type\":\"ReadAction\",\"target\":[\"https:\/\/dev.explora.cl\/ohiggins\/taller-1\/\"]}]},{\"@type\":\"ImageObject\",\"inLanguage\":\"es-CL\",\"@id\":\"https:\/\/dev.explora.cl\/ohiggins\/taller-1\/#primaryimage\",\"url\":\"https:\/\/dev.explora.cl\/ohiggins\/wp-content\/uploads\/sites\/8\/2018\/06\/48e3e562fc488555ca60e6ad7b3cfbe9.jpg\",\"contentUrl\":\"https:\/\/dev.explora.cl\/ohiggins\/wp-content\/uploads\/sites\/8\/2018\/06\/48e3e562fc488555ca60e6ad7b3cfbe9.jpg\",\"width\":1000,\"height\":667},{\"@type\":\"BreadcrumbList\",\"@id\":\"https:\/\/dev.explora.cl\/ohiggins\/taller-1\/#breadcrumb\",\"itemListElement\":[{\"@type\":\"ListItem\",\"position\":1,\"name\":\"Portada\",\"item\":\"https:\/\/dev.explora.cl\/ohiggins\/\"},{\"@type\":\"ListItem\",\"position\":2,\"name\":\"Taller de metodolog\u00eda: \u00a1Prepar\u00e1ndonos para el Congreso de CyT!\"}]},{\"@type\":\"WebSite\",\"@id\":\"https:\/\/dev.explora.cl\/ohiggins\/#website\",\"url\":\"https:\/\/dev.explora.cl\/ohiggins\/\",\"name\":\"O&#039;Higgins\",\"description\":\"Otro sitio m\u00e1s de dev.explora.cl\",\"potentialAction\":[{\"@type\":\"SearchAction\",\"target\":{\"@type\":\"EntryPoint\",\"urlTemplate\":\"https:\/\/dev.explora.cl\/ohiggins\/?s={search_term_string}\"},\"query-input\":{\"@type\":\"PropertyValueSpecification\",\"valueRequired\":true,\"valueName\":\"search_term_string\"}}],\"inLanguage\":\"es-CL\"},{\"@type\":\"Person\",\"@id\":\"https:\/\/dev.explora.cl\/ohiggins\/#\/schema\/person\/cb8349c13ea2d324080adf8480d7ba5d\",\"name\":\"webman\",\"image\":{\"@type\":\"ImageObject\",\"inLanguage\":\"es-CL\",\"@id\":\"https:\/\/dev.explora.cl\/ohiggins\/#\/schema\/person\/image\/\",\"url\":\"https:\/\/secure.gravatar.com\/avatar\/eeff3c82f2c02f7177d13663b7e6f890e9a6a0647ce9bb29cae02dcb094c7312?s=96&d=mm&r=g\",\"contentUrl\":\"https:\/\/secure.gravatar.com\/avatar\/eeff3c82f2c02f7177d13663b7e6f890e9a6a0647ce9bb29cae02dcb094c7312?s=96&d=mm&r=g\",\"caption\":\"webman\"},\"url\":\"https:\/\/dev.explora.cl\/ohiggins\/author\/webman\/\"}]}<\/script>\n<!-- \/ Yoast SEO plugin. -->","yoast_head_json":{"title":"Taller de metodolog\u00eda: \u00a1Prepar\u00e1ndonos para el Congreso de CyT! - O&#039;Higgins","robots":{"index":"index","follow":"follow","max-snippet":"max-snippet:-1","max-image-preview":"max-image-preview:large","max-video-preview":"max-video-preview:-1"},"canonical":"https:\/\/dev.explora.cl\/ohiggins\/taller-1\/","og_locale":"es_ES","og_type":"article","og_title":"Taller de metodolog\u00eda: \u00a1Prepar\u00e1ndonos para el Congreso de CyT! - O&#039;Higgins","og_description":"El gran evento se acerca a pasos agigantados; as\u00ed que si eres profesor, o profesora, y quieres participar junto a tus estudiantes; PAR Explora O\u2019Higgins, ejecutado por UC del Maule, te invita al taller de Metodolog\u00eda Cient\u00edfica, que realizar\u00e1 nuestro equipo de valoraci\u00f3n, el jueves 13 de agosto en Rancagua y San Fernando. El objetivo [&hellip;]","og_url":"https:\/\/dev.explora.cl\/ohiggins\/taller-1\/","og_site_name":"O&#039;Higgins","article_published_time":"2015-08-01T04:00:00+00:00","article_modified_time":"2019-05-20T18:02:36+00:00","og_image":[{"width":1000,"height":667,"url":"https:\/\/dev.explora.cl\/ohiggins\/wp-content\/uploads\/sites\/8\/2018\/06\/48e3e562fc488555ca60e6ad7b3cfbe9.jpg","type":"image\/jpeg"}],"author":"webman","twitter_card":"summary_large_image","twitter_misc":{"Escrito por":"webman","Tiempo estimado de lectura":"1 minuto"},"schema":{"@context":"https:\/\/schema.org","@graph":[{"@type":"Article","@id":"https:\/\/dev.explora.cl\/ohiggins\/taller-1\/#article","isPartOf":{"@id":"https:\/\/dev.explora.cl\/ohiggins\/taller-1\/"},"author":{"name":"webman","@id":"https:\/\/dev.explora.cl\/ohiggins\/#\/schema\/person\/cb8349c13ea2d324080adf8480d7ba5d"},"headline":"Taller de metodolog\u00eda: \u00a1Prepar\u00e1ndonos para el Congreso de CyT!","datePublished":"2015-08-01T04:00:00+00:00","dateModified":"2019-05-20T18:02:36+00:00","mainEntityOfPage":{"@id":"https:\/\/dev.explora.cl\/ohiggins\/taller-1\/"},"wordCount":293,"commentCount":1,"image":{"@id":"https:\/\/dev.explora.cl\/ohiggins\/taller-1\/#primaryimage"},"thumbnailUrl":"https:\/\/dev.explora.cl\/ohiggins\/wp-content\/uploads\/sites\/8\/2018\/06\/48e3e562fc488555ca60e6ad7b3cfbe9.jpg","articleSection":["Noticias"],"inLanguage":"es-CL","potentialAction":[{"@type":"CommentAction","name":"Comment","target":["https:\/\/dev.explora.cl\/ohiggins\/taller-1\/#respond"]}]},{"@type":"WebPage","@id":"https:\/\/dev.explora.cl\/ohiggins\/taller-1\/","url":"https:\/\/dev.explora.cl\/ohiggins\/taller-1\/","name":"Taller de metodolog\u00eda: \u00a1Prepar\u00e1ndonos para el Congreso de CyT! - O&#039;Higgins","isPartOf":{"@id":"https:\/\/dev.explora.cl\/ohiggins\/#website"},"primaryImageOfPage":{"@id":"https:\/\/dev.explora.cl\/ohiggins\/taller-1\/#primaryimage"},"image":{"@id":"https:\/\/dev.explora.cl\/ohiggins\/taller-1\/#primaryimage"},"thumbnailUrl":"https:\/\/dev.explora.cl\/ohiggins\/wp-content\/uploads\/sites\/8\/2018\/06\/48e3e562fc488555ca60e6ad7b3cfbe9.jpg","datePublished":"2015-08-01T04:00:00+00:00","dateModified":"2019-05-20T18:02:36+00:00","author":{"@id":"https:\/\/dev.explora.cl\/ohiggins\/#\/schema\/person\/cb8349c13ea2d324080adf8480d7ba5d"},"breadcrumb":{"@id":"https:\/\/dev.explora.cl\/ohiggins\/taller-1\/#breadcrumb"},"inLanguage":"es-CL","potentialAction":[{"@type":"ReadAction","target":["https:\/\/dev.explora.cl\/ohiggins\/taller-1\/"]}]},{"@type":"ImageObject","inLanguage":"es-CL","@id":"https:\/\/dev.explora.cl\/ohiggins\/taller-1\/#primaryimage","url":"https:\/\/dev.explora.cl\/ohiggins\/wp-content\/uploads\/sites\/8\/2018\/06\/48e3e562fc488555ca60e6ad7b3cfbe9.jpg","contentUrl":"https:\/\/dev.explora.cl\/ohiggins\/wp-content\/uploads\/sites\/8\/2018\/06\/48e3e562fc488555ca60e6ad7b3cfbe9.jpg","width":1000,"height":667},{"@type":"BreadcrumbList","@id":"https:\/\/dev.explora.cl\/ohiggins\/taller-1\/#breadcrumb","itemListElement":[{"@type":"ListItem","position":1,"name":"Portada","item":"https:\/\/dev.explora.cl\/ohiggins\/"},{"@type":"ListItem","position":2,"name":"Taller de metodolog\u00eda: \u00a1Prepar\u00e1ndonos para el Congreso de CyT!"}]},{"@type":"WebSite","@id":"https:\/\/dev.explora.cl\/ohiggins\/#website","url":"https:\/\/dev.explora.cl\/ohiggins\/","name":"O&#039;Higgins","description":"Otro sitio m\u00e1s de dev.explora.cl","potentialAction":[{"@type":"SearchAction","target":{"@type":"EntryPoint","urlTemplate":"https:\/\/dev.explora.cl\/ohiggins\/?s={search_term_string}"},"query-input":{"@type":"PropertyValueSpecification","valueRequired":true,"valueName":"search_term_string"}}],"inLanguage":"es-CL"},{"@type":"Person","@id":"https:\/\/dev.explora.cl\/ohiggins\/#\/schema\/person\/cb8349c13ea2d324080adf8480d7ba5d","name":"webman","image":{"@type":"ImageObject","inLanguage":"es-CL","@id":"https:\/\/dev.explora.cl\/ohiggins\/#\/schema\/person\/image\/","url":"https:\/\/secure.gravatar.com\/avatar\/eeff3c82f2c02f7177d13663b7e6f890e9a6a0647ce9bb29cae02dcb094c7312?s=96&d=mm&r=g","contentUrl":"https:\/\/secure.gravatar.com\/avatar\/eeff3c82f2c02f7177d13663b7e6f890e9a6a0647ce9bb29cae02dcb094c7312?s=96&d=mm&r=g","caption":"webman"},"url":"https:\/\/dev.explora.cl\/ohiggins\/author\/webman\/"}]}},"_links":{"self":[{"href":"https:\/\/dev.explora.cl\/ohiggins\/wp-json\/wp\/v2\/posts\/37486","targetHints":{"allow":["GET"]}}],"collection":[{"href":"https:\/\/dev.explora.cl\/ohiggins\/wp-json\/wp\/v2\/posts"}],"about":[{"href":"https:\/\/dev.explora.cl\/ohiggins\/wp-json\/wp\/v2\/types\/post"}],"author":[{"embeddable":true,"href":"https:\/\/dev.explora.cl\/ohiggins\/wp-json\/wp\/v2\/users\/2"}],"replies":[{"embeddable":true,"href":"https:\/\/dev.explora.cl\/ohiggins\/wp-json\/wp\/v2\/comments?post=37486"}],"version-history":[{"count":1,"href":"https:\/\/dev.explora.cl\/ohiggins\/wp-json\/wp\/v2\/posts\/37486\/revisions"}],"predecessor-version":[{"id":37774,"href":"https:\/\/dev.explora.cl\/ohiggins\/wp-json\/wp\/v2\/posts\/37486\/revisions\/37774"}],"wp:featuredmedia":[{"embeddable":true,"href":"https:\/\/dev.explora.cl\/ohiggins\/wp-json\/wp\/v2\/media\/32172"}],"wp:attachment":[{"href":"https:\/\/dev.explora.cl\/ohiggins\/wp-json\/wp\/v2\/media?parent=37486"}],"wp:term":[{"taxonomy":"category","embeddable":true,"href":"https:\/\/dev.explora.cl\/ohiggins\/wp-json\/wp\/v2\/categories?post=37486"},{"taxonomy":"post_tag","embeddable":true,"href":"https:\/\/dev.explora.cl\/ohiggins\/wp-json\/wp\/v2\/tags?post=37486"}],"curies":[{"name":"wp","href":"https:\/\/api.w.org\/{rel}","templated":true}]}}