{"id":37482,"date":"2015-08-31T00:00:00","date_gmt":"2015-08-31T04:00:00","guid":{"rendered":"https:\/\/dev.explora.cl\/ohiggins\/blog\/2015\/08\/31\/congreso-1\/"},"modified":"2019-05-20T18:02:29","modified_gmt":"2019-05-20T18:02:29","slug":"congreso-1","status":"publish","type":"post","link":"https:\/\/dev.explora.cl\/ohiggins\/congreso-1\/","title":{"rendered":"Ampl\u00edan plazo para postular a Congreso Regional de CyT"},"content":{"rendered":"<p><img loading=\"lazy\" decoding=\"async\" class=\" size-full wp-image-11468\" src=\"http:\/\/ec2-34-218-253-251.us-west-2.compute.amazonaws.com\/wp-content\/uploads\/2015\/08\/164819eac6b2c732bc404397ac7420ff.jpg\" alt=\"\" width=\"1000\" height=\"667\" \/><\/p>\n<p style=\"text-align: justify\">Hasta el 1 de octubre a las 17:00 horas, se ampli\u00f3 el plazo para presentar los trabajos de Investigaci\u00f3n al III Congreso Regional Escolar de Ciencia y Tecnolog\u00eda Explora CONICYT 2015, Regi\u00f3n de O\u2019Higgins, que se desarrollar\u00e1 el 29 de octubre de 2015 en la plaza de armas de Marchig\u00fce.<\/p>\n<p>Los Congresos Escolares Explora CONICYT son ferias de investigaci\u00f3n cient\u00edfica y desarrollo tecnol\u00f3gico donde pueden competir estudiantes de establecimientos educacionales municipalizados, particulares subvencionados y particulares pagados, reconocidos por el Estado, con sus trabajos de investigaci\u00f3n en todas las \u00e1reas de las ciencias naturales, desarrollos en ingenier\u00eda y tecnolog\u00eda.<\/p>\n<p>&nbsp;<\/p>\n<p style=\"text-align: justify\">Para la realizaci\u00f3n del evento, PAR EXPLORA O\u2019Higgins, ejecutado por UC del Maule, contar\u00e1 con el apoyo de Novasur, Gore, CEAF, MINEDUC, y la Direcci\u00f3n Provincial de Educaci\u00f3n de Cardenal Caro, adem\u00e1s de las entidades que apoyan nuestra gesti\u00f3n.<\/p>\n<p style=\"text-align: justify\">Podr\u00e1n paprticipar aquellos docentes que posean clubes de ciencias desde 5\u00b0 B\u00e1sico a 3\u00b0 Medio; en las categor\u00edas Educaci\u00f3n B\u00e1sica y Educaci\u00f3n Media; cuyo premio principal ser\u00e1 asistir al XVI Congreso Nacional Escolar de Ciencia y Tecnolog\u00eda EXPLORA CONICYT que se realizar\u00e1 en Valpara\u00edso, V Regi\u00f3n entre el 26 y 28 de noviembre de 2015.<\/p>\n<p style=\"text-align: justify\">Para postular se pueden descargar los archivos necesarios seg\u00fan corresponda.&nbsp;Cualquier duda favor escribir a&nbsp;<span style=\"color: #0000ff\">parexplora.ohiggins@ucm.cl<\/span>.<\/p>\n<p style=\"text-align: justify\"><span style=\"color: #0000ff\"><a href=\"ohiggins\/noticias-ohiggins\/download\/1083_29e664cc02d16fb3e2c40e6588cb9770\" title=\"Descargar\" target=\"_blank\" rel=\"noopener noreferrer\"><span style=\"color: #0000ff\">&#8211; Bases Congreso Regional de CyT 2015<\/span><\/a><\/span><\/p>\n<p style=\"text-align: justify\"><span style=\"color: #0000ff\"><a href=\"ohiggins\/noticias-ohiggins\/download\/1086_be1fbfa57ffea1c2cdbe2102d43b9380\" title=\"Descrargar\" target=\"_blank\" rel=\"noopener noreferrer\"><span style=\"color: #0000ff\">&#8211; Formulario de postulaci\u00f3n \u00e1rea Ciencias Naturales<\/span><\/a><\/span><\/p>\n<p style=\"text-align: justify\"><span style=\"color: #0000ff\"><a href=\"ohiggins\/noticias-ohiggins\/download\/1084_ef4cef0b57ffd06b8d868ee4ac81980e\" title=\"Descargar\" target=\"_blank\" rel=\"noopener noreferrer\"><span style=\"color: #0000ff\">&#8211; Formulario de postulaci\u00f3n \u00e1rea Ciencias Sociales<\/span><\/a><\/span><\/p>\n<p style=\"text-align: justify\"><span style=\"color: #0000ff\"><a href=\"ohiggins\/noticias-ohiggins\/download\/1085_c604e51b22de00706c652acd00313743\" title=\"Descargar\" target=\"_blank\" rel=\"noopener noreferrer\"><span style=\"color: #0000ff\">&#8211; Formulario de postulaci\u00f3n \u00e1rea Ingenier\u00eda y Tecnolog\u00eda<\/span><\/a><\/span><\/p>\n<p style=\"text-align: justify\"><span style=\"color: #0000ff\"><a href=\"ohiggins\/noticias-ohiggins\/download\/1087_ad23895447c5a90f0e5a17a7fc4ed7dd\" title=\"Descargar\" target=\"_blank\" rel=\"noopener noreferrer\"><span style=\"color: #0000ff\">&#8211; Anexos<\/span><\/a><\/span><\/p>\n<p style=\"text-align: justify\">Nota: Carla Morales\/Programa EXPLORA CONICYT<\/p>\n<p style=\"text-align: justify\">Foto: Esteban Reyes<\/p>\n","protected":false},"excerpt":{"rendered":"<p>Hasta el 1 de octubre a las 17:00 horas, se ampli\u00f3 el plazo para presentar los trabajos de Investigaci\u00f3n al III Congreso Regional Escolar de Ciencia y Tecnolog\u00eda Explora CONICYT 2015, Regi\u00f3n de O\u2019Higgins, que se desarrollar\u00e1 el 29 de octubre de 2015 en la plaza de armas de Marchig\u00fce. Los Congresos Escolares Explora CONICYT [&hellip;]<\/p>\n","protected":false},"author":2,"featured_media":32104,"comment_status":"open","ping_status":"open","sticky":false,"template":"","format":"standard","meta":{"_acf_changed":false,"_exactmetrics_skip_tracking":false,"_exactmetrics_sitenote_active":false,"_exactmetrics_sitenote_note":"","_exactmetrics_sitenote_category":0,"footnotes":"","_links_to":"","_links_to_target":""},"categories":[4],"tags":[],"class_list":["post-37482","post","type-post","status-publish","format-standard","has-post-thumbnail","hentry","category-noticias"],"acf":[],"yoast_head":"<!-- This site is optimized with the Yoast SEO plugin v26.7 - https:\/\/yoast.com\/wordpress\/plugins\/seo\/ -->\n<title>Ampl\u00edan plazo para postular a Congreso Regional de CyT - O&#039;Higgins<\/title>\n<meta name=\"robots\" content=\"index, follow, max-snippet:-1, max-image-preview:large, max-video-preview:-1\" \/>\n<link rel=\"canonical\" href=\"https:\/\/dev.explora.cl\/ohiggins\/congreso-1\/\" class=\"yoast-seo-meta-tag\" \/>\n<meta property=\"og:locale\" content=\"es_ES\" class=\"yoast-seo-meta-tag\" \/>\n<meta property=\"og:type\" content=\"article\" class=\"yoast-seo-meta-tag\" \/>\n<meta property=\"og:title\" content=\"Ampl\u00edan plazo para postular a Congreso Regional de CyT - O&#039;Higgins\" class=\"yoast-seo-meta-tag\" \/>\n<meta property=\"og:description\" content=\"Hasta el 1 de octubre a las 17:00 horas, se ampli\u00f3 el plazo para presentar los trabajos de Investigaci\u00f3n al III Congreso Regional Escolar de Ciencia y Tecnolog\u00eda Explora CONICYT 2015, Regi\u00f3n de O\u2019Higgins, que se desarrollar\u00e1 el 29 de octubre de 2015 en la plaza de armas de Marchig\u00fce. Los Congresos Escolares Explora CONICYT [&hellip;]\" class=\"yoast-seo-meta-tag\" \/>\n<meta property=\"og:url\" content=\"https:\/\/dev.explora.cl\/ohiggins\/congreso-1\/\" class=\"yoast-seo-meta-tag\" \/>\n<meta property=\"og:site_name\" content=\"O&#039;Higgins\" class=\"yoast-seo-meta-tag\" \/>\n<meta property=\"article:published_time\" content=\"2015-08-31T04:00:00+00:00\" class=\"yoast-seo-meta-tag\" \/>\n<meta property=\"article:modified_time\" content=\"2019-05-20T18:02:29+00:00\" class=\"yoast-seo-meta-tag\" \/>\n<meta property=\"og:image\" content=\"https:\/\/dev.explora.cl\/ohiggins\/wp-content\/uploads\/sites\/8\/2018\/06\/164819eac6b2c732bc404397ac7420ff.jpg\" class=\"yoast-seo-meta-tag\" \/>\n\t<meta property=\"og:image:width\" content=\"1000\" class=\"yoast-seo-meta-tag\" \/>\n\t<meta property=\"og:image:height\" content=\"667\" class=\"yoast-seo-meta-tag\" \/>\n\t<meta property=\"og:image:type\" content=\"image\/jpeg\" class=\"yoast-seo-meta-tag\" \/>\n<meta name=\"author\" content=\"webman\" class=\"yoast-seo-meta-tag\" \/>\n<meta name=\"twitter:card\" content=\"summary_large_image\" class=\"yoast-seo-meta-tag\" \/>\n<meta name=\"twitter:label1\" content=\"Escrito por\" class=\"yoast-seo-meta-tag\" \/>\n\t<meta name=\"twitter:data1\" content=\"webman\" class=\"yoast-seo-meta-tag\" \/>\n\t<meta name=\"twitter:label2\" content=\"Tiempo estimado de lectura\" class=\"yoast-seo-meta-tag\" \/>\n\t<meta name=\"twitter:data2\" content=\"1 minuto\" class=\"yoast-seo-meta-tag\" \/>\n<script type=\"application\/ld+json\" class=\"yoast-schema-graph\">{\"@context\":\"https:\/\/schema.org\",\"@graph\":[{\"@type\":\"Article\",\"@id\":\"https:\/\/dev.explora.cl\/ohiggins\/congreso-1\/#article\",\"isPartOf\":{\"@id\":\"https:\/\/dev.explora.cl\/ohiggins\/congreso-1\/\"},\"author\":{\"name\":\"webman\",\"@id\":\"https:\/\/dev.explora.cl\/ohiggins\/#\/schema\/person\/cb8349c13ea2d324080adf8480d7ba5d\"},\"headline\":\"Ampl\u00edan plazo para postular a Congreso Regional de CyT\",\"datePublished\":\"2015-08-31T04:00:00+00:00\",\"dateModified\":\"2019-05-20T18:02:29+00:00\",\"mainEntityOfPage\":{\"@id\":\"https:\/\/dev.explora.cl\/ohiggins\/congreso-1\/\"},\"wordCount\":285,\"commentCount\":0,\"image\":{\"@id\":\"https:\/\/dev.explora.cl\/ohiggins\/congreso-1\/#primaryimage\"},\"thumbnailUrl\":\"https:\/\/dev.explora.cl\/ohiggins\/wp-content\/uploads\/sites\/8\/2018\/06\/164819eac6b2c732bc404397ac7420ff.jpg\",\"articleSection\":[\"Noticias\"],\"inLanguage\":\"es-CL\",\"potentialAction\":[{\"@type\":\"CommentAction\",\"name\":\"Comment\",\"target\":[\"https:\/\/dev.explora.cl\/ohiggins\/congreso-1\/#respond\"]}]},{\"@type\":\"WebPage\",\"@id\":\"https:\/\/dev.explora.cl\/ohiggins\/congreso-1\/\",\"url\":\"https:\/\/dev.explora.cl\/ohiggins\/congreso-1\/\",\"name\":\"Ampl\u00edan plazo para postular a Congreso Regional de CyT - O&#039;Higgins\",\"isPartOf\":{\"@id\":\"https:\/\/dev.explora.cl\/ohiggins\/#website\"},\"primaryImageOfPage\":{\"@id\":\"https:\/\/dev.explora.cl\/ohiggins\/congreso-1\/#primaryimage\"},\"image\":{\"@id\":\"https:\/\/dev.explora.cl\/ohiggins\/congreso-1\/#primaryimage\"},\"thumbnailUrl\":\"https:\/\/dev.explora.cl\/ohiggins\/wp-content\/uploads\/sites\/8\/2018\/06\/164819eac6b2c732bc404397ac7420ff.jpg\",\"datePublished\":\"2015-08-31T04:00:00+00:00\",\"dateModified\":\"2019-05-20T18:02:29+00:00\",\"author\":{\"@id\":\"https:\/\/dev.explora.cl\/ohiggins\/#\/schema\/person\/cb8349c13ea2d324080adf8480d7ba5d\"},\"breadcrumb\":{\"@id\":\"https:\/\/dev.explora.cl\/ohiggins\/congreso-1\/#breadcrumb\"},\"inLanguage\":\"es-CL\",\"potentialAction\":[{\"@type\":\"ReadAction\",\"target\":[\"https:\/\/dev.explora.cl\/ohiggins\/congreso-1\/\"]}]},{\"@type\":\"ImageObject\",\"inLanguage\":\"es-CL\",\"@id\":\"https:\/\/dev.explora.cl\/ohiggins\/congreso-1\/#primaryimage\",\"url\":\"https:\/\/dev.explora.cl\/ohiggins\/wp-content\/uploads\/sites\/8\/2018\/06\/164819eac6b2c732bc404397ac7420ff.jpg\",\"contentUrl\":\"https:\/\/dev.explora.cl\/ohiggins\/wp-content\/uploads\/sites\/8\/2018\/06\/164819eac6b2c732bc404397ac7420ff.jpg\",\"width\":1000,\"height\":667},{\"@type\":\"BreadcrumbList\",\"@id\":\"https:\/\/dev.explora.cl\/ohiggins\/congreso-1\/#breadcrumb\",\"itemListElement\":[{\"@type\":\"ListItem\",\"position\":1,\"name\":\"Portada\",\"item\":\"https:\/\/dev.explora.cl\/ohiggins\/\"},{\"@type\":\"ListItem\",\"position\":2,\"name\":\"Ampl\u00edan plazo para postular a Congreso Regional de CyT\"}]},{\"@type\":\"WebSite\",\"@id\":\"https:\/\/dev.explora.cl\/ohiggins\/#website\",\"url\":\"https:\/\/dev.explora.cl\/ohiggins\/\",\"name\":\"O&#039;Higgins\",\"description\":\"Otro sitio m\u00e1s de dev.explora.cl\",\"potentialAction\":[{\"@type\":\"SearchAction\",\"target\":{\"@type\":\"EntryPoint\",\"urlTemplate\":\"https:\/\/dev.explora.cl\/ohiggins\/?s={search_term_string}\"},\"query-input\":{\"@type\":\"PropertyValueSpecification\",\"valueRequired\":true,\"valueName\":\"search_term_string\"}}],\"inLanguage\":\"es-CL\"},{\"@type\":\"Person\",\"@id\":\"https:\/\/dev.explora.cl\/ohiggins\/#\/schema\/person\/cb8349c13ea2d324080adf8480d7ba5d\",\"name\":\"webman\",\"image\":{\"@type\":\"ImageObject\",\"inLanguage\":\"es-CL\",\"@id\":\"https:\/\/dev.explora.cl\/ohiggins\/#\/schema\/person\/image\/\",\"url\":\"https:\/\/secure.gravatar.com\/avatar\/eeff3c82f2c02f7177d13663b7e6f890e9a6a0647ce9bb29cae02dcb094c7312?s=96&d=mm&r=g\",\"contentUrl\":\"https:\/\/secure.gravatar.com\/avatar\/eeff3c82f2c02f7177d13663b7e6f890e9a6a0647ce9bb29cae02dcb094c7312?s=96&d=mm&r=g\",\"caption\":\"webman\"},\"url\":\"https:\/\/dev.explora.cl\/ohiggins\/author\/webman\/\"}]}<\/script>\n<!-- \/ Yoast SEO plugin. -->","yoast_head_json":{"title":"Ampl\u00edan plazo para postular a Congreso Regional de CyT - O&#039;Higgins","robots":{"index":"index","follow":"follow","max-snippet":"max-snippet:-1","max-image-preview":"max-image-preview:large","max-video-preview":"max-video-preview:-1"},"canonical":"https:\/\/dev.explora.cl\/ohiggins\/congreso-1\/","og_locale":"es_ES","og_type":"article","og_title":"Ampl\u00edan plazo para postular a Congreso Regional de CyT - O&#039;Higgins","og_description":"Hasta el 1 de octubre a las 17:00 horas, se ampli\u00f3 el plazo para presentar los trabajos de Investigaci\u00f3n al III Congreso Regional Escolar de Ciencia y Tecnolog\u00eda Explora CONICYT 2015, Regi\u00f3n de O\u2019Higgins, que se desarrollar\u00e1 el 29 de octubre de 2015 en la plaza de armas de Marchig\u00fce. Los Congresos Escolares Explora CONICYT [&hellip;]","og_url":"https:\/\/dev.explora.cl\/ohiggins\/congreso-1\/","og_site_name":"O&#039;Higgins","article_published_time":"2015-08-31T04:00:00+00:00","article_modified_time":"2019-05-20T18:02:29+00:00","og_image":[{"width":1000,"height":667,"url":"https:\/\/dev.explora.cl\/ohiggins\/wp-content\/uploads\/sites\/8\/2018\/06\/164819eac6b2c732bc404397ac7420ff.jpg","type":"image\/jpeg"}],"author":"webman","twitter_card":"summary_large_image","twitter_misc":{"Escrito por":"webman","Tiempo estimado de lectura":"1 minuto"},"schema":{"@context":"https:\/\/schema.org","@graph":[{"@type":"Article","@id":"https:\/\/dev.explora.cl\/ohiggins\/congreso-1\/#article","isPartOf":{"@id":"https:\/\/dev.explora.cl\/ohiggins\/congreso-1\/"},"author":{"name":"webman","@id":"https:\/\/dev.explora.cl\/ohiggins\/#\/schema\/person\/cb8349c13ea2d324080adf8480d7ba5d"},"headline":"Ampl\u00edan plazo para postular a Congreso Regional de CyT","datePublished":"2015-08-31T04:00:00+00:00","dateModified":"2019-05-20T18:02:29+00:00","mainEntityOfPage":{"@id":"https:\/\/dev.explora.cl\/ohiggins\/congreso-1\/"},"wordCount":285,"commentCount":0,"image":{"@id":"https:\/\/dev.explora.cl\/ohiggins\/congreso-1\/#primaryimage"},"thumbnailUrl":"https:\/\/dev.explora.cl\/ohiggins\/wp-content\/uploads\/sites\/8\/2018\/06\/164819eac6b2c732bc404397ac7420ff.jpg","articleSection":["Noticias"],"inLanguage":"es-CL","potentialAction":[{"@type":"CommentAction","name":"Comment","target":["https:\/\/dev.explora.cl\/ohiggins\/congreso-1\/#respond"]}]},{"@type":"WebPage","@id":"https:\/\/dev.explora.cl\/ohiggins\/congreso-1\/","url":"https:\/\/dev.explora.cl\/ohiggins\/congreso-1\/","name":"Ampl\u00edan plazo para postular a Congreso Regional de CyT - O&#039;Higgins","isPartOf":{"@id":"https:\/\/dev.explora.cl\/ohiggins\/#website"},"primaryImageOfPage":{"@id":"https:\/\/dev.explora.cl\/ohiggins\/congreso-1\/#primaryimage"},"image":{"@id":"https:\/\/dev.explora.cl\/ohiggins\/congreso-1\/#primaryimage"},"thumbnailUrl":"https:\/\/dev.explora.cl\/ohiggins\/wp-content\/uploads\/sites\/8\/2018\/06\/164819eac6b2c732bc404397ac7420ff.jpg","datePublished":"2015-08-31T04:00:00+00:00","dateModified":"2019-05-20T18:02:29+00:00","author":{"@id":"https:\/\/dev.explora.cl\/ohiggins\/#\/schema\/person\/cb8349c13ea2d324080adf8480d7ba5d"},"breadcrumb":{"@id":"https:\/\/dev.explora.cl\/ohiggins\/congreso-1\/#breadcrumb"},"inLanguage":"es-CL","potentialAction":[{"@type":"ReadAction","target":["https:\/\/dev.explora.cl\/ohiggins\/congreso-1\/"]}]},{"@type":"ImageObject","inLanguage":"es-CL","@id":"https:\/\/dev.explora.cl\/ohiggins\/congreso-1\/#primaryimage","url":"https:\/\/dev.explora.cl\/ohiggins\/wp-content\/uploads\/sites\/8\/2018\/06\/164819eac6b2c732bc404397ac7420ff.jpg","contentUrl":"https:\/\/dev.explora.cl\/ohiggins\/wp-content\/uploads\/sites\/8\/2018\/06\/164819eac6b2c732bc404397ac7420ff.jpg","width":1000,"height":667},{"@type":"BreadcrumbList","@id":"https:\/\/dev.explora.cl\/ohiggins\/congreso-1\/#breadcrumb","itemListElement":[{"@type":"ListItem","position":1,"name":"Portada","item":"https:\/\/dev.explora.cl\/ohiggins\/"},{"@type":"ListItem","position":2,"name":"Ampl\u00edan plazo para postular a Congreso Regional de CyT"}]},{"@type":"WebSite","@id":"https:\/\/dev.explora.cl\/ohiggins\/#website","url":"https:\/\/dev.explora.cl\/ohiggins\/","name":"O&#039;Higgins","description":"Otro sitio m\u00e1s de dev.explora.cl","potentialAction":[{"@type":"SearchAction","target":{"@type":"EntryPoint","urlTemplate":"https:\/\/dev.explora.cl\/ohiggins\/?s={search_term_string}"},"query-input":{"@type":"PropertyValueSpecification","valueRequired":true,"valueName":"search_term_string"}}],"inLanguage":"es-CL"},{"@type":"Person","@id":"https:\/\/dev.explora.cl\/ohiggins\/#\/schema\/person\/cb8349c13ea2d324080adf8480d7ba5d","name":"webman","image":{"@type":"ImageObject","inLanguage":"es-CL","@id":"https:\/\/dev.explora.cl\/ohiggins\/#\/schema\/person\/image\/","url":"https:\/\/secure.gravatar.com\/avatar\/eeff3c82f2c02f7177d13663b7e6f890e9a6a0647ce9bb29cae02dcb094c7312?s=96&d=mm&r=g","contentUrl":"https:\/\/secure.gravatar.com\/avatar\/eeff3c82f2c02f7177d13663b7e6f890e9a6a0647ce9bb29cae02dcb094c7312?s=96&d=mm&r=g","caption":"webman"},"url":"https:\/\/dev.explora.cl\/ohiggins\/author\/webman\/"}]}},"_links":{"self":[{"href":"https:\/\/dev.explora.cl\/ohiggins\/wp-json\/wp\/v2\/posts\/37482","targetHints":{"allow":["GET"]}}],"collection":[{"href":"https:\/\/dev.explora.cl\/ohiggins\/wp-json\/wp\/v2\/posts"}],"about":[{"href":"https:\/\/dev.explora.cl\/ohiggins\/wp-json\/wp\/v2\/types\/post"}],"author":[{"embeddable":true,"href":"https:\/\/dev.explora.cl\/ohiggins\/wp-json\/wp\/v2\/users\/2"}],"replies":[{"embeddable":true,"href":"https:\/\/dev.explora.cl\/ohiggins\/wp-json\/wp\/v2\/comments?post=37482"}],"version-history":[{"count":1,"href":"https:\/\/dev.explora.cl\/ohiggins\/wp-json\/wp\/v2\/posts\/37482\/revisions"}],"predecessor-version":[{"id":37765,"href":"https:\/\/dev.explora.cl\/ohiggins\/wp-json\/wp\/v2\/posts\/37482\/revisions\/37765"}],"wp:featuredmedia":[{"embeddable":true,"href":"https:\/\/dev.explora.cl\/ohiggins\/wp-json\/wp\/v2\/media\/32104"}],"wp:attachment":[{"href":"https:\/\/dev.explora.cl\/ohiggins\/wp-json\/wp\/v2\/media?parent=37482"}],"wp:term":[{"taxonomy":"category","embeddable":true,"href":"https:\/\/dev.explora.cl\/ohiggins\/wp-json\/wp\/v2\/categories?post=37482"},{"taxonomy":"post_tag","embeddable":true,"href":"https:\/\/dev.explora.cl\/ohiggins\/wp-json\/wp\/v2\/tags?post=37482"}],"curies":[{"name":"wp","href":"https:\/\/api.w.org\/{rel}","templated":true}]}}