{"id":37480,"date":"2015-07-21T00:00:00","date_gmt":"2015-07-21T04:00:00","guid":{"rendered":"https:\/\/dev.explora.cl\/ohiggins\/blog\/2015\/07\/21\/fae-2\/"},"modified":"2019-05-20T18:02:38","modified_gmt":"2019-05-20T18:02:38","slug":"fae-2","status":"publish","type":"post","link":"https:\/\/dev.explora.cl\/ohiggins\/fae-2\/","title":{"rendered":"\u00bfQuieres ir a la Ant\u00e1rtica? \u00a1Participa en la FAE 2015!"},"content":{"rendered":"<p><img loading=\"lazy\" decoding=\"async\" class=\" size-full wp-image-13184\" src=\"http:\/\/ec2-34-218-253-251.us-west-2.compute.amazonaws.com\/wp-content\/uploads\/2015\/07\/cc8167bb5c8ade3fe89e8c729df5d102.jpg\" alt=\"\" width=\"1728\" height=\"1296\" \/><\/p>\n<p style=\"text-align: justify\">Visitar el continente blanco es posible gracias a la Feria Ant\u00e1rtica Escolar (FAE), que desarrolla anualmente el Instituto Ant\u00e1rtico Chileno (INACh) en Punta Arenas, para lo cual estudiantes y profesor@s de Educaci\u00f3n Media, pueden postular hasta el 30 de septiembre, con proyectos de investigaci\u00f3n cient\u00edfica sobre los enigmas que a\u00fan guarda la Ant\u00e1rtica.<\/p>\n<p style=\"text-align: justify\">Para tal objetivo PAR Explora O\u2019Higgins ejecutado por UC del Maule, se ha aliado con PAR Explora Metropolitana Norte y de esa manera ofrecer apoyo y seguimiento a las y los interesados en participar del concurso de la regi\u00f3n.<\/p>\n<p style=\"text-align: justify\">El a\u00f1o 2014, estudiantes del Complejo Educacional Chimbarongo tuvieron la posibilidad de viajar, gracias a que ganaron el premio al Esp\u00edritu Ant\u00e1rtico, por lo que esperamos que este a\u00f1o, la presea vuelva a distinguir a la regi\u00f3n.<\/p>\n<p style=\"text-align: justify\">Para mayor informaci\u00f3n sobre la feria, el sitio es <span style=\"color: #0000ff\"><a href=\"http:\/\/www.inach.cl\/fae\"><span style=\"color: #0000ff\">www.inach.cl\/fae<\/span><\/a><\/span>, o tambi\u00e9n puedes escribirnos a <span style=\"color: #0000ff\">parexplora.ohiggins@ucm.cl.<\/span><\/p>\n<p>  <!--more-->  <\/p>\n<div>{mooblock=SIGUE LEYENDO}<\/div>\n<div class=\"sabias_tx\">\n<p style=\"text-align: justify\"><img loading=\"lazy\" decoding=\"async\" class=\" alignleft size-full wp-image-13185\" style=\"margin-right: 10px;margin-bottom: 5px;float: left\" src=\"http:\/\/ec2-34-218-253-251.us-west-2.compute.amazonaws.com\/wp-content\/uploads\/2015\/07\/en-circulo.jpg\" width=\"300\" height=\"178\" \/>La feria posee tres etapas:<\/p>\n<p style=\"text-align: justify\"><strong>I ETAPA<\/strong>. Concurso nacional juvenil de trabajos de investigaci\u00f3n ant\u00e1rtica.<\/p>\n<p style=\"text-align: justify\">Los estudiantes asesorados por un docente deben realizar un trabajo de investigaci\u00f3n original de tipo experimental o bibliogr\u00e1fico. Luego env\u00edan un manuscrito del trabajo y una carta de presentaci\u00f3n de cada estudiante miembro del equipo de investigaci\u00f3n.<\/p>\n<p style=\"text-align: justify\">Luego, un comit\u00e9 t\u00e9cnico eval\u00faa las propuestas admisibles y selecciona los trabajos que tendr\u00e1n el derecho a participar de la II Etapa.<\/p>\n<p style=\"text-align: justify\"><strong>II ETAPA<\/strong>. Encuentro nacional juvenil \u201cFeria Ant\u00e1rtica Escolar\u201d.<\/p>\n<p style=\"text-align: justify\">La Feria Ant\u00e1rtica Escolar se realiza en Punta Arenas y comprende un programa de actividades de socializaci\u00f3n de las investigaciones seleccionadas con expertos en temas ant\u00e1rticos y con el p\u00fablico en general. Durante la Feria se desarrolla un programa de actividades cient\u00edficas, l\u00fadicas y de reflexi\u00f3n para los participantes.<\/p>\n<p style=\"text-align: justify\">Un jurado cient\u00edfico multidisciplinario y un jurado ciudadano eval\u00faan las investigaciones y los equipos mejor evaluados, estudiantes y docente, obtienen el derecho participar de la III Etapa.<\/p>\n<p style=\"text-align: justify\"><strong><img loading=\"lazy\" decoding=\"async\" class=\" alignright size-full wp-image-13186\" style=\"margin-bottom: 5px;margin-left: 10px;float: right\" src=\"http:\/\/ec2-34-218-253-251.us-west-2.compute.amazonaws.com\/wp-content\/uploads\/2015\/07\/antarticafae.jpg\" width=\"300\" height=\"200\" \/>III ETAPA<\/strong>. Experiencia educativa en terreno \u201cExpedici\u00f3n Ant\u00e1rtica Escolar\u201d.<\/p>\n<p style=\"text-align: justify\">La Expedici\u00f3n Ant\u00e1rtica Escolar se realiza en el verano polar en la isla Rey Jorge, pen\u00ednsula Ant\u00e1rtica, y comprende un programa de actividades pedag\u00f3gico-cient\u00edficas que se desarrollar\u00e1n en la base \u201cProfesor Julio Escudero\u201d del INACH y en terreno.<\/p>\n<p style=\"text-align: justify\">Cada a\u00f1o cient\u00edficos escolares de todo Chile viven una aventura inolvidable: conocer la Ant\u00e1rtica. T\u00fa tambi\u00e9n puedes participar en la expedici\u00f3n ant\u00e1rtica escolar y descubrir el m\u00e1s grande laboratorio natural del mundo.<\/p>\n<p style=\"text-align: justify\">\u00a1Postula con tu proyecto a la Feria Ant\u00e1rtica Escolar!<\/p>\n<\/p><\/div>\n<div>{\/mooblock}<\/div>\n<div>&nbsp;<\/div>\n<div>&nbsp;<\/div>\n<div>\n<p>Nota: Carla Morales\/PAR RM Norte, INACh<\/p>\n<\/p><\/div>\n","protected":false},"excerpt":{"rendered":"<p>Visitar el continente blanco es posible gracias a la Feria Ant\u00e1rtica Escolar (FAE), que desarrolla anualmente el Instituto Ant\u00e1rtico Chileno (INACh) en Punta Arenas, para lo cual estudiantes y profesor@s de Educaci\u00f3n Media, pueden postular hasta el 30 de septiembre, con proyectos de investigaci\u00f3n cient\u00edfica sobre los enigmas que a\u00fan guarda la Ant\u00e1rtica. Para tal [&hellip;]<\/p>\n","protected":false},"author":2,"featured_media":33841,"comment_status":"open","ping_status":"open","sticky":false,"template":"","format":"standard","meta":{"_acf_changed":false,"_exactmetrics_skip_tracking":false,"_exactmetrics_sitenote_active":false,"_exactmetrics_sitenote_note":"","_exactmetrics_sitenote_category":0,"footnotes":"","_links_to":"","_links_to_target":""},"categories":[4],"tags":[],"class_list":["post-37480","post","type-post","status-publish","format-standard","has-post-thumbnail","hentry","category-noticias"],"acf":[],"yoast_head":"<!-- This site is optimized with the Yoast SEO plugin v26.7 - https:\/\/yoast.com\/wordpress\/plugins\/seo\/ -->\n<title>\u00bfQuieres ir a la Ant\u00e1rtica? \u00a1Participa en la FAE 2015! - O&#039;Higgins<\/title>\n<meta name=\"robots\" content=\"index, follow, max-snippet:-1, max-image-preview:large, max-video-preview:-1\" \/>\n<link rel=\"canonical\" href=\"https:\/\/dev.explora.cl\/ohiggins\/fae-2\/\" class=\"yoast-seo-meta-tag\" \/>\n<meta property=\"og:locale\" content=\"es_ES\" class=\"yoast-seo-meta-tag\" \/>\n<meta property=\"og:type\" content=\"article\" class=\"yoast-seo-meta-tag\" \/>\n<meta property=\"og:title\" content=\"\u00bfQuieres ir a la Ant\u00e1rtica? \u00a1Participa en la FAE 2015! - O&#039;Higgins\" class=\"yoast-seo-meta-tag\" \/>\n<meta property=\"og:description\" content=\"Visitar el continente blanco es posible gracias a la Feria Ant\u00e1rtica Escolar (FAE), que desarrolla anualmente el Instituto Ant\u00e1rtico Chileno (INACh) en Punta Arenas, para lo cual estudiantes y profesor@s de Educaci\u00f3n Media, pueden postular hasta el 30 de septiembre, con proyectos de investigaci\u00f3n cient\u00edfica sobre los enigmas que a\u00fan guarda la Ant\u00e1rtica. Para tal [&hellip;]\" class=\"yoast-seo-meta-tag\" \/>\n<meta property=\"og:url\" content=\"https:\/\/dev.explora.cl\/ohiggins\/fae-2\/\" class=\"yoast-seo-meta-tag\" \/>\n<meta property=\"og:site_name\" content=\"O&#039;Higgins\" class=\"yoast-seo-meta-tag\" \/>\n<meta property=\"article:published_time\" content=\"2015-07-21T04:00:00+00:00\" class=\"yoast-seo-meta-tag\" \/>\n<meta property=\"article:modified_time\" content=\"2019-05-20T18:02:38+00:00\" class=\"yoast-seo-meta-tag\" \/>\n<meta property=\"og:image\" content=\"https:\/\/dev.explora.cl\/ohiggins\/wp-content\/uploads\/sites\/8\/2018\/06\/cc8167bb5c8ade3fe89e8c729df5d102.jpg\" class=\"yoast-seo-meta-tag\" \/>\n\t<meta property=\"og:image:width\" content=\"1728\" class=\"yoast-seo-meta-tag\" \/>\n\t<meta property=\"og:image:height\" content=\"1296\" class=\"yoast-seo-meta-tag\" \/>\n\t<meta property=\"og:image:type\" content=\"image\/jpeg\" class=\"yoast-seo-meta-tag\" \/>\n<meta name=\"author\" content=\"webman\" class=\"yoast-seo-meta-tag\" \/>\n<meta name=\"twitter:card\" content=\"summary_large_image\" class=\"yoast-seo-meta-tag\" \/>\n<meta name=\"twitter:label1\" content=\"Escrito por\" class=\"yoast-seo-meta-tag\" \/>\n\t<meta name=\"twitter:data1\" content=\"webman\" class=\"yoast-seo-meta-tag\" \/>\n\t<meta name=\"twitter:label2\" content=\"Tiempo estimado de lectura\" class=\"yoast-seo-meta-tag\" \/>\n\t<meta name=\"twitter:data2\" content=\"2 minutos\" class=\"yoast-seo-meta-tag\" \/>\n<script type=\"application\/ld+json\" class=\"yoast-schema-graph\">{\"@context\":\"https:\/\/schema.org\",\"@graph\":[{\"@type\":\"Article\",\"@id\":\"https:\/\/dev.explora.cl\/ohiggins\/fae-2\/#article\",\"isPartOf\":{\"@id\":\"https:\/\/dev.explora.cl\/ohiggins\/fae-2\/\"},\"author\":{\"name\":\"webman\",\"@id\":\"https:\/\/dev.explora.cl\/ohiggins\/#\/schema\/person\/cb8349c13ea2d324080adf8480d7ba5d\"},\"headline\":\"\u00bfQuieres ir a la Ant\u00e1rtica? \u00a1Participa en la FAE 2015!\",\"datePublished\":\"2015-07-21T04:00:00+00:00\",\"dateModified\":\"2019-05-20T18:02:38+00:00\",\"mainEntityOfPage\":{\"@id\":\"https:\/\/dev.explora.cl\/ohiggins\/fae-2\/\"},\"wordCount\":472,\"commentCount\":0,\"image\":{\"@id\":\"https:\/\/dev.explora.cl\/ohiggins\/fae-2\/#primaryimage\"},\"thumbnailUrl\":\"https:\/\/dev.explora.cl\/ohiggins\/wp-content\/uploads\/sites\/8\/2018\/06\/cc8167bb5c8ade3fe89e8c729df5d102.jpg\",\"articleSection\":[\"Noticias\"],\"inLanguage\":\"es-CL\",\"potentialAction\":[{\"@type\":\"CommentAction\",\"name\":\"Comment\",\"target\":[\"https:\/\/dev.explora.cl\/ohiggins\/fae-2\/#respond\"]}]},{\"@type\":\"WebPage\",\"@id\":\"https:\/\/dev.explora.cl\/ohiggins\/fae-2\/\",\"url\":\"https:\/\/dev.explora.cl\/ohiggins\/fae-2\/\",\"name\":\"\u00bfQuieres ir a la Ant\u00e1rtica? \u00a1Participa en la FAE 2015! - O&#039;Higgins\",\"isPartOf\":{\"@id\":\"https:\/\/dev.explora.cl\/ohiggins\/#website\"},\"primaryImageOfPage\":{\"@id\":\"https:\/\/dev.explora.cl\/ohiggins\/fae-2\/#primaryimage\"},\"image\":{\"@id\":\"https:\/\/dev.explora.cl\/ohiggins\/fae-2\/#primaryimage\"},\"thumbnailUrl\":\"https:\/\/dev.explora.cl\/ohiggins\/wp-content\/uploads\/sites\/8\/2018\/06\/cc8167bb5c8ade3fe89e8c729df5d102.jpg\",\"datePublished\":\"2015-07-21T04:00:00+00:00\",\"dateModified\":\"2019-05-20T18:02:38+00:00\",\"author\":{\"@id\":\"https:\/\/dev.explora.cl\/ohiggins\/#\/schema\/person\/cb8349c13ea2d324080adf8480d7ba5d\"},\"breadcrumb\":{\"@id\":\"https:\/\/dev.explora.cl\/ohiggins\/fae-2\/#breadcrumb\"},\"inLanguage\":\"es-CL\",\"potentialAction\":[{\"@type\":\"ReadAction\",\"target\":[\"https:\/\/dev.explora.cl\/ohiggins\/fae-2\/\"]}]},{\"@type\":\"ImageObject\",\"inLanguage\":\"es-CL\",\"@id\":\"https:\/\/dev.explora.cl\/ohiggins\/fae-2\/#primaryimage\",\"url\":\"https:\/\/dev.explora.cl\/ohiggins\/wp-content\/uploads\/sites\/8\/2018\/06\/cc8167bb5c8ade3fe89e8c729df5d102.jpg\",\"contentUrl\":\"https:\/\/dev.explora.cl\/ohiggins\/wp-content\/uploads\/sites\/8\/2018\/06\/cc8167bb5c8ade3fe89e8c729df5d102.jpg\",\"width\":1728,\"height\":1296},{\"@type\":\"BreadcrumbList\",\"@id\":\"https:\/\/dev.explora.cl\/ohiggins\/fae-2\/#breadcrumb\",\"itemListElement\":[{\"@type\":\"ListItem\",\"position\":1,\"name\":\"Portada\",\"item\":\"https:\/\/dev.explora.cl\/ohiggins\/\"},{\"@type\":\"ListItem\",\"position\":2,\"name\":\"\u00bfQuieres ir a la Ant\u00e1rtica? \u00a1Participa en la FAE 2015!\"}]},{\"@type\":\"WebSite\",\"@id\":\"https:\/\/dev.explora.cl\/ohiggins\/#website\",\"url\":\"https:\/\/dev.explora.cl\/ohiggins\/\",\"name\":\"O&#039;Higgins\",\"description\":\"Otro sitio m\u00e1s de dev.explora.cl\",\"potentialAction\":[{\"@type\":\"SearchAction\",\"target\":{\"@type\":\"EntryPoint\",\"urlTemplate\":\"https:\/\/dev.explora.cl\/ohiggins\/?s={search_term_string}\"},\"query-input\":{\"@type\":\"PropertyValueSpecification\",\"valueRequired\":true,\"valueName\":\"search_term_string\"}}],\"inLanguage\":\"es-CL\"},{\"@type\":\"Person\",\"@id\":\"https:\/\/dev.explora.cl\/ohiggins\/#\/schema\/person\/cb8349c13ea2d324080adf8480d7ba5d\",\"name\":\"webman\",\"image\":{\"@type\":\"ImageObject\",\"inLanguage\":\"es-CL\",\"@id\":\"https:\/\/dev.explora.cl\/ohiggins\/#\/schema\/person\/image\/\",\"url\":\"https:\/\/secure.gravatar.com\/avatar\/eeff3c82f2c02f7177d13663b7e6f890e9a6a0647ce9bb29cae02dcb094c7312?s=96&d=mm&r=g\",\"contentUrl\":\"https:\/\/secure.gravatar.com\/avatar\/eeff3c82f2c02f7177d13663b7e6f890e9a6a0647ce9bb29cae02dcb094c7312?s=96&d=mm&r=g\",\"caption\":\"webman\"},\"url\":\"https:\/\/dev.explora.cl\/ohiggins\/author\/webman\/\"}]}<\/script>\n<!-- \/ Yoast SEO plugin. -->","yoast_head_json":{"title":"\u00bfQuieres ir a la Ant\u00e1rtica? \u00a1Participa en la FAE 2015! - O&#039;Higgins","robots":{"index":"index","follow":"follow","max-snippet":"max-snippet:-1","max-image-preview":"max-image-preview:large","max-video-preview":"max-video-preview:-1"},"canonical":"https:\/\/dev.explora.cl\/ohiggins\/fae-2\/","og_locale":"es_ES","og_type":"article","og_title":"\u00bfQuieres ir a la Ant\u00e1rtica? \u00a1Participa en la FAE 2015! - O&#039;Higgins","og_description":"Visitar el continente blanco es posible gracias a la Feria Ant\u00e1rtica Escolar (FAE), que desarrolla anualmente el Instituto Ant\u00e1rtico Chileno (INACh) en Punta Arenas, para lo cual estudiantes y profesor@s de Educaci\u00f3n Media, pueden postular hasta el 30 de septiembre, con proyectos de investigaci\u00f3n cient\u00edfica sobre los enigmas que a\u00fan guarda la Ant\u00e1rtica. Para tal [&hellip;]","og_url":"https:\/\/dev.explora.cl\/ohiggins\/fae-2\/","og_site_name":"O&#039;Higgins","article_published_time":"2015-07-21T04:00:00+00:00","article_modified_time":"2019-05-20T18:02:38+00:00","og_image":[{"width":1728,"height":1296,"url":"https:\/\/dev.explora.cl\/ohiggins\/wp-content\/uploads\/sites\/8\/2018\/06\/cc8167bb5c8ade3fe89e8c729df5d102.jpg","type":"image\/jpeg"}],"author":"webman","twitter_card":"summary_large_image","twitter_misc":{"Escrito por":"webman","Tiempo estimado de lectura":"2 minutos"},"schema":{"@context":"https:\/\/schema.org","@graph":[{"@type":"Article","@id":"https:\/\/dev.explora.cl\/ohiggins\/fae-2\/#article","isPartOf":{"@id":"https:\/\/dev.explora.cl\/ohiggins\/fae-2\/"},"author":{"name":"webman","@id":"https:\/\/dev.explora.cl\/ohiggins\/#\/schema\/person\/cb8349c13ea2d324080adf8480d7ba5d"},"headline":"\u00bfQuieres ir a la Ant\u00e1rtica? \u00a1Participa en la FAE 2015!","datePublished":"2015-07-21T04:00:00+00:00","dateModified":"2019-05-20T18:02:38+00:00","mainEntityOfPage":{"@id":"https:\/\/dev.explora.cl\/ohiggins\/fae-2\/"},"wordCount":472,"commentCount":0,"image":{"@id":"https:\/\/dev.explora.cl\/ohiggins\/fae-2\/#primaryimage"},"thumbnailUrl":"https:\/\/dev.explora.cl\/ohiggins\/wp-content\/uploads\/sites\/8\/2018\/06\/cc8167bb5c8ade3fe89e8c729df5d102.jpg","articleSection":["Noticias"],"inLanguage":"es-CL","potentialAction":[{"@type":"CommentAction","name":"Comment","target":["https:\/\/dev.explora.cl\/ohiggins\/fae-2\/#respond"]}]},{"@type":"WebPage","@id":"https:\/\/dev.explora.cl\/ohiggins\/fae-2\/","url":"https:\/\/dev.explora.cl\/ohiggins\/fae-2\/","name":"\u00bfQuieres ir a la Ant\u00e1rtica? \u00a1Participa en la FAE 2015! - O&#039;Higgins","isPartOf":{"@id":"https:\/\/dev.explora.cl\/ohiggins\/#website"},"primaryImageOfPage":{"@id":"https:\/\/dev.explora.cl\/ohiggins\/fae-2\/#primaryimage"},"image":{"@id":"https:\/\/dev.explora.cl\/ohiggins\/fae-2\/#primaryimage"},"thumbnailUrl":"https:\/\/dev.explora.cl\/ohiggins\/wp-content\/uploads\/sites\/8\/2018\/06\/cc8167bb5c8ade3fe89e8c729df5d102.jpg","datePublished":"2015-07-21T04:00:00+00:00","dateModified":"2019-05-20T18:02:38+00:00","author":{"@id":"https:\/\/dev.explora.cl\/ohiggins\/#\/schema\/person\/cb8349c13ea2d324080adf8480d7ba5d"},"breadcrumb":{"@id":"https:\/\/dev.explora.cl\/ohiggins\/fae-2\/#breadcrumb"},"inLanguage":"es-CL","potentialAction":[{"@type":"ReadAction","target":["https:\/\/dev.explora.cl\/ohiggins\/fae-2\/"]}]},{"@type":"ImageObject","inLanguage":"es-CL","@id":"https:\/\/dev.explora.cl\/ohiggins\/fae-2\/#primaryimage","url":"https:\/\/dev.explora.cl\/ohiggins\/wp-content\/uploads\/sites\/8\/2018\/06\/cc8167bb5c8ade3fe89e8c729df5d102.jpg","contentUrl":"https:\/\/dev.explora.cl\/ohiggins\/wp-content\/uploads\/sites\/8\/2018\/06\/cc8167bb5c8ade3fe89e8c729df5d102.jpg","width":1728,"height":1296},{"@type":"BreadcrumbList","@id":"https:\/\/dev.explora.cl\/ohiggins\/fae-2\/#breadcrumb","itemListElement":[{"@type":"ListItem","position":1,"name":"Portada","item":"https:\/\/dev.explora.cl\/ohiggins\/"},{"@type":"ListItem","position":2,"name":"\u00bfQuieres ir a la Ant\u00e1rtica? \u00a1Participa en la FAE 2015!"}]},{"@type":"WebSite","@id":"https:\/\/dev.explora.cl\/ohiggins\/#website","url":"https:\/\/dev.explora.cl\/ohiggins\/","name":"O&#039;Higgins","description":"Otro sitio m\u00e1s de dev.explora.cl","potentialAction":[{"@type":"SearchAction","target":{"@type":"EntryPoint","urlTemplate":"https:\/\/dev.explora.cl\/ohiggins\/?s={search_term_string}"},"query-input":{"@type":"PropertyValueSpecification","valueRequired":true,"valueName":"search_term_string"}}],"inLanguage":"es-CL"},{"@type":"Person","@id":"https:\/\/dev.explora.cl\/ohiggins\/#\/schema\/person\/cb8349c13ea2d324080adf8480d7ba5d","name":"webman","image":{"@type":"ImageObject","inLanguage":"es-CL","@id":"https:\/\/dev.explora.cl\/ohiggins\/#\/schema\/person\/image\/","url":"https:\/\/secure.gravatar.com\/avatar\/eeff3c82f2c02f7177d13663b7e6f890e9a6a0647ce9bb29cae02dcb094c7312?s=96&d=mm&r=g","contentUrl":"https:\/\/secure.gravatar.com\/avatar\/eeff3c82f2c02f7177d13663b7e6f890e9a6a0647ce9bb29cae02dcb094c7312?s=96&d=mm&r=g","caption":"webman"},"url":"https:\/\/dev.explora.cl\/ohiggins\/author\/webman\/"}]}},"_links":{"self":[{"href":"https:\/\/dev.explora.cl\/ohiggins\/wp-json\/wp\/v2\/posts\/37480","targetHints":{"allow":["GET"]}}],"collection":[{"href":"https:\/\/dev.explora.cl\/ohiggins\/wp-json\/wp\/v2\/posts"}],"about":[{"href":"https:\/\/dev.explora.cl\/ohiggins\/wp-json\/wp\/v2\/types\/post"}],"author":[{"embeddable":true,"href":"https:\/\/dev.explora.cl\/ohiggins\/wp-json\/wp\/v2\/users\/2"}],"replies":[{"embeddable":true,"href":"https:\/\/dev.explora.cl\/ohiggins\/wp-json\/wp\/v2\/comments?post=37480"}],"version-history":[{"count":1,"href":"https:\/\/dev.explora.cl\/ohiggins\/wp-json\/wp\/v2\/posts\/37480\/revisions"}],"predecessor-version":[{"id":37779,"href":"https:\/\/dev.explora.cl\/ohiggins\/wp-json\/wp\/v2\/posts\/37480\/revisions\/37779"}],"wp:featuredmedia":[{"embeddable":true,"href":"https:\/\/dev.explora.cl\/ohiggins\/wp-json\/wp\/v2\/media\/33841"}],"wp:attachment":[{"href":"https:\/\/dev.explora.cl\/ohiggins\/wp-json\/wp\/v2\/media?parent=37480"}],"wp:term":[{"taxonomy":"category","embeddable":true,"href":"https:\/\/dev.explora.cl\/ohiggins\/wp-json\/wp\/v2\/categories?post=37480"},{"taxonomy":"post_tag","embeddable":true,"href":"https:\/\/dev.explora.cl\/ohiggins\/wp-json\/wp\/v2\/tags?post=37480"}],"curies":[{"name":"wp","href":"https:\/\/api.w.org\/{rel}","templated":true}]}}