{"id":37477,"date":"2015-07-10T00:00:00","date_gmt":"2015-07-10T04:00:00","guid":{"rendered":"https:\/\/dev.explora.cl\/ohiggins\/blog\/2015\/07\/10\/mentes-13\/"},"modified":"2019-05-20T18:02:40","modified_gmt":"2019-05-20T18:02:40","slug":"mentes-13","status":"publish","type":"post","link":"https:\/\/dev.explora.cl\/ohiggins\/mentes-13\/","title":{"rendered":"Conoce la arqueoastronom\u00eda en el programa radial Mentes Brillantes"},"content":{"rendered":"<p><img loading=\"lazy\" decoding=\"async\" class=\" size-full wp-image-12977\" src=\"http:\/\/ec2-34-218-253-251.us-west-2.compute.amazonaws.com\/wp-content\/uploads\/2015\/07\/e2124a4a409c90dfb4e8cbb2cdc3796b.jpg\" alt=\"\" width=\"960\" height=\"640\" \/><\/p>\n<p>&nbsp;<\/p>\n<p style=\"text-align: justify\">\u00bfSab\u00edas que los pueblos precolombinos usaban la astronom\u00eda no s\u00f3lo para el ciclo de los cultivos, sino tambi\u00e9n para la construcci\u00f3n de poblados? Este mi\u00e9rcoles 15 de julio, conoceremos la arqueoastronom\u00eda, una disciplina derivada de la arqueolog\u00eda en el programa radial Mentes Brillantes.<\/p>\n<p style=\"text-align: justify\">Para ello estar\u00e1n como invitados, Rodrigo Rojas, egresado de arqueolog\u00eda y el especialista en patrimonio, Patricio Bustamante, quienes nos contar\u00e1n c\u00f3mo a trav\u00e9s de las estrellas tambi\u00e9n podemos conocer nuestro pasado arqueol\u00f3gico.<\/p>\n<p style=\"text-align: justify\">La emisi\u00f3n del programa se realiza todos los mi\u00e9rcoles; en que nuevamente, PAR EXPLORA O\u2019Higgins, ejecutado por UC del Maule, est\u00e1 difundiendo el quehacer de cient\u00edficos \u201cgrandes y chicos\u201d gracias a la gentileza de la cadena radial Man\u00eda FM (www.maniafm.cl).<\/p>\n<p style=\"text-align: justify\">La iniciativa cuenta con la conducci\u00f3n de la periodista Carla Morales y el asesor cient\u00edfico de PAR EXPLORA O\u2019Higgins, David Gonz\u00e1lez; quienes dar\u00e1n a conocer el quehacer cient\u00edfico de la regi\u00f3n y el pa\u00eds; as\u00ed como tambi\u00e9n los diversos proyectos de los clubes asociados al PAR.<\/p>\n<p style=\"text-align: justify\">Nota Carla Morales<\/p>\n<p>&nbsp;<\/p>\n<p>&nbsp;<\/p>\n","protected":false},"excerpt":{"rendered":"<p>&nbsp; \u00bfSab\u00edas que los pueblos precolombinos usaban la astronom\u00eda no s\u00f3lo para el ciclo de los cultivos, sino tambi\u00e9n para la construcci\u00f3n de poblados? Este mi\u00e9rcoles 15 de julio, conoceremos la arqueoastronom\u00eda, una disciplina derivada de la arqueolog\u00eda en el programa radial Mentes Brillantes. Para ello estar\u00e1n como invitados, Rodrigo Rojas, egresado de arqueolog\u00eda y [&hellip;]<\/p>\n","protected":false},"author":2,"featured_media":33830,"comment_status":"open","ping_status":"open","sticky":false,"template":"","format":"standard","meta":{"_acf_changed":false,"_exactmetrics_skip_tracking":false,"_exactmetrics_sitenote_active":false,"_exactmetrics_sitenote_note":"","_exactmetrics_sitenote_category":0,"footnotes":"","_links_to":"","_links_to_target":""},"categories":[4],"tags":[],"class_list":["post-37477","post","type-post","status-publish","format-standard","has-post-thumbnail","hentry","category-noticias"],"acf":[],"yoast_head":"<!-- This site is optimized with the Yoast SEO plugin v26.7 - https:\/\/yoast.com\/wordpress\/plugins\/seo\/ -->\n<title>Conoce la arqueoastronom\u00eda en el programa radial Mentes Brillantes - O&#039;Higgins<\/title>\n<meta name=\"robots\" content=\"index, follow, max-snippet:-1, max-image-preview:large, max-video-preview:-1\" \/>\n<link rel=\"canonical\" href=\"https:\/\/dev.explora.cl\/ohiggins\/mentes-13\/\" class=\"yoast-seo-meta-tag\" \/>\n<meta property=\"og:locale\" content=\"es_ES\" class=\"yoast-seo-meta-tag\" \/>\n<meta property=\"og:type\" content=\"article\" class=\"yoast-seo-meta-tag\" \/>\n<meta property=\"og:title\" content=\"Conoce la arqueoastronom\u00eda en el programa radial Mentes Brillantes - O&#039;Higgins\" class=\"yoast-seo-meta-tag\" \/>\n<meta property=\"og:description\" content=\"&nbsp; \u00bfSab\u00edas que los pueblos precolombinos usaban la astronom\u00eda no s\u00f3lo para el ciclo de los cultivos, sino tambi\u00e9n para la construcci\u00f3n de poblados? Este mi\u00e9rcoles 15 de julio, conoceremos la arqueoastronom\u00eda, una disciplina derivada de la arqueolog\u00eda en el programa radial Mentes Brillantes. Para ello estar\u00e1n como invitados, Rodrigo Rojas, egresado de arqueolog\u00eda y [&hellip;]\" class=\"yoast-seo-meta-tag\" \/>\n<meta property=\"og:url\" content=\"https:\/\/dev.explora.cl\/ohiggins\/mentes-13\/\" class=\"yoast-seo-meta-tag\" \/>\n<meta property=\"og:site_name\" content=\"O&#039;Higgins\" class=\"yoast-seo-meta-tag\" \/>\n<meta property=\"article:published_time\" content=\"2015-07-10T04:00:00+00:00\" class=\"yoast-seo-meta-tag\" \/>\n<meta property=\"article:modified_time\" content=\"2019-05-20T18:02:40+00:00\" class=\"yoast-seo-meta-tag\" \/>\n<meta property=\"og:image\" content=\"https:\/\/dev.explora.cl\/ohiggins\/wp-content\/uploads\/sites\/8\/2018\/06\/e2124a4a409c90dfb4e8cbb2cdc3796b.jpg\" class=\"yoast-seo-meta-tag\" \/>\n\t<meta property=\"og:image:width\" content=\"960\" class=\"yoast-seo-meta-tag\" \/>\n\t<meta property=\"og:image:height\" content=\"640\" class=\"yoast-seo-meta-tag\" \/>\n\t<meta property=\"og:image:type\" content=\"image\/jpeg\" class=\"yoast-seo-meta-tag\" \/>\n<meta name=\"author\" content=\"webman\" class=\"yoast-seo-meta-tag\" \/>\n<meta name=\"twitter:card\" content=\"summary_large_image\" class=\"yoast-seo-meta-tag\" \/>\n<meta name=\"twitter:label1\" content=\"Escrito por\" class=\"yoast-seo-meta-tag\" \/>\n\t<meta name=\"twitter:data1\" content=\"webman\" class=\"yoast-seo-meta-tag\" \/>\n\t<meta name=\"twitter:label2\" content=\"Tiempo estimado de lectura\" class=\"yoast-seo-meta-tag\" \/>\n\t<meta name=\"twitter:data2\" content=\"1 minuto\" class=\"yoast-seo-meta-tag\" \/>\n<script type=\"application\/ld+json\" class=\"yoast-schema-graph\">{\"@context\":\"https:\/\/schema.org\",\"@graph\":[{\"@type\":\"Article\",\"@id\":\"https:\/\/dev.explora.cl\/ohiggins\/mentes-13\/#article\",\"isPartOf\":{\"@id\":\"https:\/\/dev.explora.cl\/ohiggins\/mentes-13\/\"},\"author\":{\"name\":\"webman\",\"@id\":\"https:\/\/dev.explora.cl\/ohiggins\/#\/schema\/person\/cb8349c13ea2d324080adf8480d7ba5d\"},\"headline\":\"Conoce la arqueoastronom\u00eda en el programa radial Mentes Brillantes\",\"datePublished\":\"2015-07-10T04:00:00+00:00\",\"dateModified\":\"2019-05-20T18:02:40+00:00\",\"mainEntityOfPage\":{\"@id\":\"https:\/\/dev.explora.cl\/ohiggins\/mentes-13\/\"},\"wordCount\":207,\"commentCount\":0,\"image\":{\"@id\":\"https:\/\/dev.explora.cl\/ohiggins\/mentes-13\/#primaryimage\"},\"thumbnailUrl\":\"https:\/\/dev.explora.cl\/ohiggins\/wp-content\/uploads\/sites\/8\/2018\/06\/e2124a4a409c90dfb4e8cbb2cdc3796b.jpg\",\"articleSection\":[\"Noticias\"],\"inLanguage\":\"es-CL\",\"potentialAction\":[{\"@type\":\"CommentAction\",\"name\":\"Comment\",\"target\":[\"https:\/\/dev.explora.cl\/ohiggins\/mentes-13\/#respond\"]}]},{\"@type\":\"WebPage\",\"@id\":\"https:\/\/dev.explora.cl\/ohiggins\/mentes-13\/\",\"url\":\"https:\/\/dev.explora.cl\/ohiggins\/mentes-13\/\",\"name\":\"Conoce la arqueoastronom\u00eda en el programa radial Mentes Brillantes - O&#039;Higgins\",\"isPartOf\":{\"@id\":\"https:\/\/dev.explora.cl\/ohiggins\/#website\"},\"primaryImageOfPage\":{\"@id\":\"https:\/\/dev.explora.cl\/ohiggins\/mentes-13\/#primaryimage\"},\"image\":{\"@id\":\"https:\/\/dev.explora.cl\/ohiggins\/mentes-13\/#primaryimage\"},\"thumbnailUrl\":\"https:\/\/dev.explora.cl\/ohiggins\/wp-content\/uploads\/sites\/8\/2018\/06\/e2124a4a409c90dfb4e8cbb2cdc3796b.jpg\",\"datePublished\":\"2015-07-10T04:00:00+00:00\",\"dateModified\":\"2019-05-20T18:02:40+00:00\",\"author\":{\"@id\":\"https:\/\/dev.explora.cl\/ohiggins\/#\/schema\/person\/cb8349c13ea2d324080adf8480d7ba5d\"},\"breadcrumb\":{\"@id\":\"https:\/\/dev.explora.cl\/ohiggins\/mentes-13\/#breadcrumb\"},\"inLanguage\":\"es-CL\",\"potentialAction\":[{\"@type\":\"ReadAction\",\"target\":[\"https:\/\/dev.explora.cl\/ohiggins\/mentes-13\/\"]}]},{\"@type\":\"ImageObject\",\"inLanguage\":\"es-CL\",\"@id\":\"https:\/\/dev.explora.cl\/ohiggins\/mentes-13\/#primaryimage\",\"url\":\"https:\/\/dev.explora.cl\/ohiggins\/wp-content\/uploads\/sites\/8\/2018\/06\/e2124a4a409c90dfb4e8cbb2cdc3796b.jpg\",\"contentUrl\":\"https:\/\/dev.explora.cl\/ohiggins\/wp-content\/uploads\/sites\/8\/2018\/06\/e2124a4a409c90dfb4e8cbb2cdc3796b.jpg\",\"width\":960,\"height\":640},{\"@type\":\"BreadcrumbList\",\"@id\":\"https:\/\/dev.explora.cl\/ohiggins\/mentes-13\/#breadcrumb\",\"itemListElement\":[{\"@type\":\"ListItem\",\"position\":1,\"name\":\"Portada\",\"item\":\"https:\/\/dev.explora.cl\/ohiggins\/\"},{\"@type\":\"ListItem\",\"position\":2,\"name\":\"Conoce la arqueoastronom\u00eda en el programa radial Mentes Brillantes\"}]},{\"@type\":\"WebSite\",\"@id\":\"https:\/\/dev.explora.cl\/ohiggins\/#website\",\"url\":\"https:\/\/dev.explora.cl\/ohiggins\/\",\"name\":\"O&#039;Higgins\",\"description\":\"Otro sitio m\u00e1s de dev.explora.cl\",\"potentialAction\":[{\"@type\":\"SearchAction\",\"target\":{\"@type\":\"EntryPoint\",\"urlTemplate\":\"https:\/\/dev.explora.cl\/ohiggins\/?s={search_term_string}\"},\"query-input\":{\"@type\":\"PropertyValueSpecification\",\"valueRequired\":true,\"valueName\":\"search_term_string\"}}],\"inLanguage\":\"es-CL\"},{\"@type\":\"Person\",\"@id\":\"https:\/\/dev.explora.cl\/ohiggins\/#\/schema\/person\/cb8349c13ea2d324080adf8480d7ba5d\",\"name\":\"webman\",\"image\":{\"@type\":\"ImageObject\",\"inLanguage\":\"es-CL\",\"@id\":\"https:\/\/dev.explora.cl\/ohiggins\/#\/schema\/person\/image\/\",\"url\":\"https:\/\/secure.gravatar.com\/avatar\/eeff3c82f2c02f7177d13663b7e6f890e9a6a0647ce9bb29cae02dcb094c7312?s=96&d=mm&r=g\",\"contentUrl\":\"https:\/\/secure.gravatar.com\/avatar\/eeff3c82f2c02f7177d13663b7e6f890e9a6a0647ce9bb29cae02dcb094c7312?s=96&d=mm&r=g\",\"caption\":\"webman\"},\"url\":\"https:\/\/dev.explora.cl\/ohiggins\/author\/webman\/\"}]}<\/script>\n<!-- \/ Yoast SEO plugin. -->","yoast_head_json":{"title":"Conoce la arqueoastronom\u00eda en el programa radial Mentes Brillantes - O&#039;Higgins","robots":{"index":"index","follow":"follow","max-snippet":"max-snippet:-1","max-image-preview":"max-image-preview:large","max-video-preview":"max-video-preview:-1"},"canonical":"https:\/\/dev.explora.cl\/ohiggins\/mentes-13\/","og_locale":"es_ES","og_type":"article","og_title":"Conoce la arqueoastronom\u00eda en el programa radial Mentes Brillantes - O&#039;Higgins","og_description":"&nbsp; \u00bfSab\u00edas que los pueblos precolombinos usaban la astronom\u00eda no s\u00f3lo para el ciclo de los cultivos, sino tambi\u00e9n para la construcci\u00f3n de poblados? Este mi\u00e9rcoles 15 de julio, conoceremos la arqueoastronom\u00eda, una disciplina derivada de la arqueolog\u00eda en el programa radial Mentes Brillantes. Para ello estar\u00e1n como invitados, Rodrigo Rojas, egresado de arqueolog\u00eda y [&hellip;]","og_url":"https:\/\/dev.explora.cl\/ohiggins\/mentes-13\/","og_site_name":"O&#039;Higgins","article_published_time":"2015-07-10T04:00:00+00:00","article_modified_time":"2019-05-20T18:02:40+00:00","og_image":[{"width":960,"height":640,"url":"https:\/\/dev.explora.cl\/ohiggins\/wp-content\/uploads\/sites\/8\/2018\/06\/e2124a4a409c90dfb4e8cbb2cdc3796b.jpg","type":"image\/jpeg"}],"author":"webman","twitter_card":"summary_large_image","twitter_misc":{"Escrito por":"webman","Tiempo estimado de lectura":"1 minuto"},"schema":{"@context":"https:\/\/schema.org","@graph":[{"@type":"Article","@id":"https:\/\/dev.explora.cl\/ohiggins\/mentes-13\/#article","isPartOf":{"@id":"https:\/\/dev.explora.cl\/ohiggins\/mentes-13\/"},"author":{"name":"webman","@id":"https:\/\/dev.explora.cl\/ohiggins\/#\/schema\/person\/cb8349c13ea2d324080adf8480d7ba5d"},"headline":"Conoce la arqueoastronom\u00eda en el programa radial Mentes Brillantes","datePublished":"2015-07-10T04:00:00+00:00","dateModified":"2019-05-20T18:02:40+00:00","mainEntityOfPage":{"@id":"https:\/\/dev.explora.cl\/ohiggins\/mentes-13\/"},"wordCount":207,"commentCount":0,"image":{"@id":"https:\/\/dev.explora.cl\/ohiggins\/mentes-13\/#primaryimage"},"thumbnailUrl":"https:\/\/dev.explora.cl\/ohiggins\/wp-content\/uploads\/sites\/8\/2018\/06\/e2124a4a409c90dfb4e8cbb2cdc3796b.jpg","articleSection":["Noticias"],"inLanguage":"es-CL","potentialAction":[{"@type":"CommentAction","name":"Comment","target":["https:\/\/dev.explora.cl\/ohiggins\/mentes-13\/#respond"]}]},{"@type":"WebPage","@id":"https:\/\/dev.explora.cl\/ohiggins\/mentes-13\/","url":"https:\/\/dev.explora.cl\/ohiggins\/mentes-13\/","name":"Conoce la arqueoastronom\u00eda en el programa radial Mentes Brillantes - O&#039;Higgins","isPartOf":{"@id":"https:\/\/dev.explora.cl\/ohiggins\/#website"},"primaryImageOfPage":{"@id":"https:\/\/dev.explora.cl\/ohiggins\/mentes-13\/#primaryimage"},"image":{"@id":"https:\/\/dev.explora.cl\/ohiggins\/mentes-13\/#primaryimage"},"thumbnailUrl":"https:\/\/dev.explora.cl\/ohiggins\/wp-content\/uploads\/sites\/8\/2018\/06\/e2124a4a409c90dfb4e8cbb2cdc3796b.jpg","datePublished":"2015-07-10T04:00:00+00:00","dateModified":"2019-05-20T18:02:40+00:00","author":{"@id":"https:\/\/dev.explora.cl\/ohiggins\/#\/schema\/person\/cb8349c13ea2d324080adf8480d7ba5d"},"breadcrumb":{"@id":"https:\/\/dev.explora.cl\/ohiggins\/mentes-13\/#breadcrumb"},"inLanguage":"es-CL","potentialAction":[{"@type":"ReadAction","target":["https:\/\/dev.explora.cl\/ohiggins\/mentes-13\/"]}]},{"@type":"ImageObject","inLanguage":"es-CL","@id":"https:\/\/dev.explora.cl\/ohiggins\/mentes-13\/#primaryimage","url":"https:\/\/dev.explora.cl\/ohiggins\/wp-content\/uploads\/sites\/8\/2018\/06\/e2124a4a409c90dfb4e8cbb2cdc3796b.jpg","contentUrl":"https:\/\/dev.explora.cl\/ohiggins\/wp-content\/uploads\/sites\/8\/2018\/06\/e2124a4a409c90dfb4e8cbb2cdc3796b.jpg","width":960,"height":640},{"@type":"BreadcrumbList","@id":"https:\/\/dev.explora.cl\/ohiggins\/mentes-13\/#breadcrumb","itemListElement":[{"@type":"ListItem","position":1,"name":"Portada","item":"https:\/\/dev.explora.cl\/ohiggins\/"},{"@type":"ListItem","position":2,"name":"Conoce la arqueoastronom\u00eda en el programa radial Mentes Brillantes"}]},{"@type":"WebSite","@id":"https:\/\/dev.explora.cl\/ohiggins\/#website","url":"https:\/\/dev.explora.cl\/ohiggins\/","name":"O&#039;Higgins","description":"Otro sitio m\u00e1s de dev.explora.cl","potentialAction":[{"@type":"SearchAction","target":{"@type":"EntryPoint","urlTemplate":"https:\/\/dev.explora.cl\/ohiggins\/?s={search_term_string}"},"query-input":{"@type":"PropertyValueSpecification","valueRequired":true,"valueName":"search_term_string"}}],"inLanguage":"es-CL"},{"@type":"Person","@id":"https:\/\/dev.explora.cl\/ohiggins\/#\/schema\/person\/cb8349c13ea2d324080adf8480d7ba5d","name":"webman","image":{"@type":"ImageObject","inLanguage":"es-CL","@id":"https:\/\/dev.explora.cl\/ohiggins\/#\/schema\/person\/image\/","url":"https:\/\/secure.gravatar.com\/avatar\/eeff3c82f2c02f7177d13663b7e6f890e9a6a0647ce9bb29cae02dcb094c7312?s=96&d=mm&r=g","contentUrl":"https:\/\/secure.gravatar.com\/avatar\/eeff3c82f2c02f7177d13663b7e6f890e9a6a0647ce9bb29cae02dcb094c7312?s=96&d=mm&r=g","caption":"webman"},"url":"https:\/\/dev.explora.cl\/ohiggins\/author\/webman\/"}]}},"_links":{"self":[{"href":"https:\/\/dev.explora.cl\/ohiggins\/wp-json\/wp\/v2\/posts\/37477","targetHints":{"allow":["GET"]}}],"collection":[{"href":"https:\/\/dev.explora.cl\/ohiggins\/wp-json\/wp\/v2\/posts"}],"about":[{"href":"https:\/\/dev.explora.cl\/ohiggins\/wp-json\/wp\/v2\/types\/post"}],"author":[{"embeddable":true,"href":"https:\/\/dev.explora.cl\/ohiggins\/wp-json\/wp\/v2\/users\/2"}],"replies":[{"embeddable":true,"href":"https:\/\/dev.explora.cl\/ohiggins\/wp-json\/wp\/v2\/comments?post=37477"}],"version-history":[{"count":1,"href":"https:\/\/dev.explora.cl\/ohiggins\/wp-json\/wp\/v2\/posts\/37477\/revisions"}],"predecessor-version":[{"id":37783,"href":"https:\/\/dev.explora.cl\/ohiggins\/wp-json\/wp\/v2\/posts\/37477\/revisions\/37783"}],"wp:featuredmedia":[{"embeddable":true,"href":"https:\/\/dev.explora.cl\/ohiggins\/wp-json\/wp\/v2\/media\/33830"}],"wp:attachment":[{"href":"https:\/\/dev.explora.cl\/ohiggins\/wp-json\/wp\/v2\/media?parent=37477"}],"wp:term":[{"taxonomy":"category","embeddable":true,"href":"https:\/\/dev.explora.cl\/ohiggins\/wp-json\/wp\/v2\/categories?post=37477"},{"taxonomy":"post_tag","embeddable":true,"href":"https:\/\/dev.explora.cl\/ohiggins\/wp-json\/wp\/v2\/tags?post=37477"}],"curies":[{"name":"wp","href":"https:\/\/api.w.org\/{rel}","templated":true}]}}