{"id":37476,"date":"2015-07-06T00:00:00","date_gmt":"2015-07-06T04:00:00","guid":{"rendered":"https:\/\/dev.explora.cl\/ohiggins\/blog\/2015\/07\/06\/fae-1\/"},"modified":"2019-05-20T18:02:41","modified_gmt":"2019-05-20T18:02:41","slug":"fae-1","status":"publish","type":"post","link":"https:\/\/dev.explora.cl\/ohiggins\/fae-1\/","title":{"rendered":"Realizan taller Cient\u00edfic@s Polares Escolares para FAE"},"content":{"rendered":"<p><img loading=\"lazy\" decoding=\"async\" class=\" size-full wp-image-12837\" src=\"http:\/\/ec2-34-218-253-251.us-west-2.compute.amazonaws.com\/wp-content\/uploads\/2015\/07\/12dd26270235628ea9ee21ce5b38a75c.jpg\" alt=\"\" width=\"1000\" height=\"594\" \/><\/p>\n<p><p style=\"text-align: justify\">Con el objetivo de llegar a la Ant\u00e1rtica, el Instituto Ant\u00e1rtico Chileno (INACH) y PAR EXPLORA O\u2019Higgins, ejecutado por la Universidad Cat\u00f3lica del Maule, realizaron recientemente el Taller Cient\u00edfic@s Polares Escolares, al cual asistieron docentes y estudiantes interesados en participar de la duod\u00e9cima versi\u00f3n de la Feria Ant\u00e1rtica Escolar (FAE).<\/p>\n<p style=\"text-align: justify\">En la ocasi\u00f3n se entregaron gu\u00edas metodol\u00f3gicas, para desarrollar un correcto proceso investigativo, adem\u00e1s de una profundizaci\u00f3n en las l\u00edneas de investigaci\u00f3n en materia ant\u00e1rtica, en que se cont\u00f3 con la participaci\u00f3n de nuestros asesores cient\u00edficos y acad\u00e9micos, David Gonz\u00e1lez y David Cisternas.<\/p>\n<p style=\"text-align: justify\">Como se recordar\u00e1, la FAE est\u00e1 posicionada en la escena cient\u00edfica nacional, al reunir en Punta Arenas a las y los mejores exponentes del pa\u00eds en esta materia, quienes llegan con el sue\u00f1o de poner los pies en el continente blanco.<\/p>\n<p style=\"text-align: justify\">PAR EXPLORA O\u2019Higgins, entregar\u00e1 apoyo y seguimiento a las y los interesados de la regi\u00f3n en llegar a este encuentro anual, para mayor informaci\u00f3n sobre la feria, el sitio es<span style=\"color: #0000ff\"><a href=\"http:\/\/%20www.inach.cl\/fae\" target=\"_blank\" rel=\"noopener noreferrer\"><span style=\"color: #0000ff\"> www.inach.cl\/fae<\/span><\/a><\/span>, o tambi\u00e9n puedes escribirnos a <span style=\"color: #0000ff\">parexplora.ohiggins@ucm.cl<\/span><\/p>\n<p>Nota: Carla Morales \/INACH<br \/>Fotograf\u00eda: Esteban Reyes.<\/p><\/p>\n","protected":false},"excerpt":{"rendered":"<p>Con el objetivo de llegar a la Ant\u00e1rtica, el Instituto Ant\u00e1rtico Chileno (INACH) y PAR EXPLORA O\u2019Higgins, ejecutado por la Universidad Cat\u00f3lica del Maule, realizaron recientemente el Taller Cient\u00edfic@s Polares Escolares, al cual asistieron docentes y estudiantes interesados en participar de la duod\u00e9cima versi\u00f3n de la Feria Ant\u00e1rtica Escolar (FAE). En la ocasi\u00f3n se entregaron [&hellip;]<\/p>\n","protected":false},"author":2,"featured_media":33829,"comment_status":"open","ping_status":"open","sticky":false,"template":"","format":"standard","meta":{"_acf_changed":false,"_exactmetrics_skip_tracking":false,"_exactmetrics_sitenote_active":false,"_exactmetrics_sitenote_note":"","_exactmetrics_sitenote_category":0,"footnotes":"","_links_to":"","_links_to_target":""},"categories":[4],"tags":[],"class_list":["post-37476","post","type-post","status-publish","format-standard","has-post-thumbnail","hentry","category-noticias"],"acf":[],"yoast_head":"<!-- This site is optimized with the Yoast SEO plugin v26.7 - https:\/\/yoast.com\/wordpress\/plugins\/seo\/ -->\n<title>Realizan taller Cient\u00edfic@s Polares Escolares para FAE - O&#039;Higgins<\/title>\n<meta name=\"robots\" content=\"index, follow, max-snippet:-1, max-image-preview:large, max-video-preview:-1\" \/>\n<link rel=\"canonical\" href=\"https:\/\/dev.explora.cl\/ohiggins\/fae-1\/\" class=\"yoast-seo-meta-tag\" \/>\n<meta property=\"og:locale\" content=\"es_ES\" class=\"yoast-seo-meta-tag\" \/>\n<meta property=\"og:type\" content=\"article\" class=\"yoast-seo-meta-tag\" \/>\n<meta property=\"og:title\" content=\"Realizan taller Cient\u00edfic@s Polares Escolares para FAE - O&#039;Higgins\" class=\"yoast-seo-meta-tag\" \/>\n<meta property=\"og:description\" content=\"Con el objetivo de llegar a la Ant\u00e1rtica, el Instituto Ant\u00e1rtico Chileno (INACH) y PAR EXPLORA O\u2019Higgins, ejecutado por la Universidad Cat\u00f3lica del Maule, realizaron recientemente el Taller Cient\u00edfic@s Polares Escolares, al cual asistieron docentes y estudiantes interesados en participar de la duod\u00e9cima versi\u00f3n de la Feria Ant\u00e1rtica Escolar (FAE). En la ocasi\u00f3n se entregaron [&hellip;]\" class=\"yoast-seo-meta-tag\" \/>\n<meta property=\"og:url\" content=\"https:\/\/dev.explora.cl\/ohiggins\/fae-1\/\" class=\"yoast-seo-meta-tag\" \/>\n<meta property=\"og:site_name\" content=\"O&#039;Higgins\" class=\"yoast-seo-meta-tag\" \/>\n<meta property=\"article:published_time\" content=\"2015-07-06T04:00:00+00:00\" class=\"yoast-seo-meta-tag\" \/>\n<meta property=\"article:modified_time\" content=\"2019-05-20T18:02:41+00:00\" class=\"yoast-seo-meta-tag\" \/>\n<meta property=\"og:image\" content=\"https:\/\/dev.explora.cl\/ohiggins\/wp-content\/uploads\/sites\/8\/2018\/06\/12dd26270235628ea9ee21ce5b38a75c.jpg\" class=\"yoast-seo-meta-tag\" \/>\n\t<meta property=\"og:image:width\" content=\"1000\" class=\"yoast-seo-meta-tag\" \/>\n\t<meta property=\"og:image:height\" content=\"594\" class=\"yoast-seo-meta-tag\" \/>\n\t<meta property=\"og:image:type\" content=\"image\/jpeg\" class=\"yoast-seo-meta-tag\" \/>\n<meta name=\"author\" content=\"webman\" class=\"yoast-seo-meta-tag\" \/>\n<meta name=\"twitter:card\" content=\"summary_large_image\" class=\"yoast-seo-meta-tag\" \/>\n<meta name=\"twitter:label1\" content=\"Escrito por\" class=\"yoast-seo-meta-tag\" \/>\n\t<meta name=\"twitter:data1\" content=\"webman\" class=\"yoast-seo-meta-tag\" \/>\n\t<meta name=\"twitter:label2\" content=\"Tiempo estimado de lectura\" class=\"yoast-seo-meta-tag\" \/>\n\t<meta name=\"twitter:data2\" content=\"1 minuto\" class=\"yoast-seo-meta-tag\" \/>\n<script type=\"application\/ld+json\" class=\"yoast-schema-graph\">{\"@context\":\"https:\/\/schema.org\",\"@graph\":[{\"@type\":\"Article\",\"@id\":\"https:\/\/dev.explora.cl\/ohiggins\/fae-1\/#article\",\"isPartOf\":{\"@id\":\"https:\/\/dev.explora.cl\/ohiggins\/fae-1\/\"},\"author\":{\"name\":\"webman\",\"@id\":\"https:\/\/dev.explora.cl\/ohiggins\/#\/schema\/person\/cb8349c13ea2d324080adf8480d7ba5d\"},\"headline\":\"Realizan taller Cient\u00edfic@s Polares Escolares para FAE\",\"datePublished\":\"2015-07-06T04:00:00+00:00\",\"dateModified\":\"2019-05-20T18:02:41+00:00\",\"mainEntityOfPage\":{\"@id\":\"https:\/\/dev.explora.cl\/ohiggins\/fae-1\/\"},\"wordCount\":221,\"commentCount\":0,\"image\":{\"@id\":\"https:\/\/dev.explora.cl\/ohiggins\/fae-1\/#primaryimage\"},\"thumbnailUrl\":\"https:\/\/dev.explora.cl\/ohiggins\/wp-content\/uploads\/sites\/8\/2018\/06\/12dd26270235628ea9ee21ce5b38a75c.jpg\",\"articleSection\":[\"Noticias\"],\"inLanguage\":\"es-CL\",\"potentialAction\":[{\"@type\":\"CommentAction\",\"name\":\"Comment\",\"target\":[\"https:\/\/dev.explora.cl\/ohiggins\/fae-1\/#respond\"]}]},{\"@type\":\"WebPage\",\"@id\":\"https:\/\/dev.explora.cl\/ohiggins\/fae-1\/\",\"url\":\"https:\/\/dev.explora.cl\/ohiggins\/fae-1\/\",\"name\":\"Realizan taller Cient\u00edfic@s Polares Escolares para FAE - O&#039;Higgins\",\"isPartOf\":{\"@id\":\"https:\/\/dev.explora.cl\/ohiggins\/#website\"},\"primaryImageOfPage\":{\"@id\":\"https:\/\/dev.explora.cl\/ohiggins\/fae-1\/#primaryimage\"},\"image\":{\"@id\":\"https:\/\/dev.explora.cl\/ohiggins\/fae-1\/#primaryimage\"},\"thumbnailUrl\":\"https:\/\/dev.explora.cl\/ohiggins\/wp-content\/uploads\/sites\/8\/2018\/06\/12dd26270235628ea9ee21ce5b38a75c.jpg\",\"datePublished\":\"2015-07-06T04:00:00+00:00\",\"dateModified\":\"2019-05-20T18:02:41+00:00\",\"author\":{\"@id\":\"https:\/\/dev.explora.cl\/ohiggins\/#\/schema\/person\/cb8349c13ea2d324080adf8480d7ba5d\"},\"breadcrumb\":{\"@id\":\"https:\/\/dev.explora.cl\/ohiggins\/fae-1\/#breadcrumb\"},\"inLanguage\":\"es-CL\",\"potentialAction\":[{\"@type\":\"ReadAction\",\"target\":[\"https:\/\/dev.explora.cl\/ohiggins\/fae-1\/\"]}]},{\"@type\":\"ImageObject\",\"inLanguage\":\"es-CL\",\"@id\":\"https:\/\/dev.explora.cl\/ohiggins\/fae-1\/#primaryimage\",\"url\":\"https:\/\/dev.explora.cl\/ohiggins\/wp-content\/uploads\/sites\/8\/2018\/06\/12dd26270235628ea9ee21ce5b38a75c.jpg\",\"contentUrl\":\"https:\/\/dev.explora.cl\/ohiggins\/wp-content\/uploads\/sites\/8\/2018\/06\/12dd26270235628ea9ee21ce5b38a75c.jpg\",\"width\":1000,\"height\":594},{\"@type\":\"BreadcrumbList\",\"@id\":\"https:\/\/dev.explora.cl\/ohiggins\/fae-1\/#breadcrumb\",\"itemListElement\":[{\"@type\":\"ListItem\",\"position\":1,\"name\":\"Portada\",\"item\":\"https:\/\/dev.explora.cl\/ohiggins\/\"},{\"@type\":\"ListItem\",\"position\":2,\"name\":\"Realizan taller Cient\u00edfic@s Polares Escolares para FAE\"}]},{\"@type\":\"WebSite\",\"@id\":\"https:\/\/dev.explora.cl\/ohiggins\/#website\",\"url\":\"https:\/\/dev.explora.cl\/ohiggins\/\",\"name\":\"O&#039;Higgins\",\"description\":\"Otro sitio m\u00e1s de dev.explora.cl\",\"potentialAction\":[{\"@type\":\"SearchAction\",\"target\":{\"@type\":\"EntryPoint\",\"urlTemplate\":\"https:\/\/dev.explora.cl\/ohiggins\/?s={search_term_string}\"},\"query-input\":{\"@type\":\"PropertyValueSpecification\",\"valueRequired\":true,\"valueName\":\"search_term_string\"}}],\"inLanguage\":\"es-CL\"},{\"@type\":\"Person\",\"@id\":\"https:\/\/dev.explora.cl\/ohiggins\/#\/schema\/person\/cb8349c13ea2d324080adf8480d7ba5d\",\"name\":\"webman\",\"image\":{\"@type\":\"ImageObject\",\"inLanguage\":\"es-CL\",\"@id\":\"https:\/\/dev.explora.cl\/ohiggins\/#\/schema\/person\/image\/\",\"url\":\"https:\/\/secure.gravatar.com\/avatar\/eeff3c82f2c02f7177d13663b7e6f890e9a6a0647ce9bb29cae02dcb094c7312?s=96&d=mm&r=g\",\"contentUrl\":\"https:\/\/secure.gravatar.com\/avatar\/eeff3c82f2c02f7177d13663b7e6f890e9a6a0647ce9bb29cae02dcb094c7312?s=96&d=mm&r=g\",\"caption\":\"webman\"},\"url\":\"https:\/\/dev.explora.cl\/ohiggins\/author\/webman\/\"}]}<\/script>\n<!-- \/ Yoast SEO plugin. -->","yoast_head_json":{"title":"Realizan taller Cient\u00edfic@s Polares Escolares para FAE - O&#039;Higgins","robots":{"index":"index","follow":"follow","max-snippet":"max-snippet:-1","max-image-preview":"max-image-preview:large","max-video-preview":"max-video-preview:-1"},"canonical":"https:\/\/dev.explora.cl\/ohiggins\/fae-1\/","og_locale":"es_ES","og_type":"article","og_title":"Realizan taller Cient\u00edfic@s Polares Escolares para FAE - O&#039;Higgins","og_description":"Con el objetivo de llegar a la Ant\u00e1rtica, el Instituto Ant\u00e1rtico Chileno (INACH) y PAR EXPLORA O\u2019Higgins, ejecutado por la Universidad Cat\u00f3lica del Maule, realizaron recientemente el Taller Cient\u00edfic@s Polares Escolares, al cual asistieron docentes y estudiantes interesados en participar de la duod\u00e9cima versi\u00f3n de la Feria Ant\u00e1rtica Escolar (FAE). En la ocasi\u00f3n se entregaron [&hellip;]","og_url":"https:\/\/dev.explora.cl\/ohiggins\/fae-1\/","og_site_name":"O&#039;Higgins","article_published_time":"2015-07-06T04:00:00+00:00","article_modified_time":"2019-05-20T18:02:41+00:00","og_image":[{"width":1000,"height":594,"url":"https:\/\/dev.explora.cl\/ohiggins\/wp-content\/uploads\/sites\/8\/2018\/06\/12dd26270235628ea9ee21ce5b38a75c.jpg","type":"image\/jpeg"}],"author":"webman","twitter_card":"summary_large_image","twitter_misc":{"Escrito por":"webman","Tiempo estimado de lectura":"1 minuto"},"schema":{"@context":"https:\/\/schema.org","@graph":[{"@type":"Article","@id":"https:\/\/dev.explora.cl\/ohiggins\/fae-1\/#article","isPartOf":{"@id":"https:\/\/dev.explora.cl\/ohiggins\/fae-1\/"},"author":{"name":"webman","@id":"https:\/\/dev.explora.cl\/ohiggins\/#\/schema\/person\/cb8349c13ea2d324080adf8480d7ba5d"},"headline":"Realizan taller Cient\u00edfic@s Polares Escolares para FAE","datePublished":"2015-07-06T04:00:00+00:00","dateModified":"2019-05-20T18:02:41+00:00","mainEntityOfPage":{"@id":"https:\/\/dev.explora.cl\/ohiggins\/fae-1\/"},"wordCount":221,"commentCount":0,"image":{"@id":"https:\/\/dev.explora.cl\/ohiggins\/fae-1\/#primaryimage"},"thumbnailUrl":"https:\/\/dev.explora.cl\/ohiggins\/wp-content\/uploads\/sites\/8\/2018\/06\/12dd26270235628ea9ee21ce5b38a75c.jpg","articleSection":["Noticias"],"inLanguage":"es-CL","potentialAction":[{"@type":"CommentAction","name":"Comment","target":["https:\/\/dev.explora.cl\/ohiggins\/fae-1\/#respond"]}]},{"@type":"WebPage","@id":"https:\/\/dev.explora.cl\/ohiggins\/fae-1\/","url":"https:\/\/dev.explora.cl\/ohiggins\/fae-1\/","name":"Realizan taller Cient\u00edfic@s Polares Escolares para FAE - O&#039;Higgins","isPartOf":{"@id":"https:\/\/dev.explora.cl\/ohiggins\/#website"},"primaryImageOfPage":{"@id":"https:\/\/dev.explora.cl\/ohiggins\/fae-1\/#primaryimage"},"image":{"@id":"https:\/\/dev.explora.cl\/ohiggins\/fae-1\/#primaryimage"},"thumbnailUrl":"https:\/\/dev.explora.cl\/ohiggins\/wp-content\/uploads\/sites\/8\/2018\/06\/12dd26270235628ea9ee21ce5b38a75c.jpg","datePublished":"2015-07-06T04:00:00+00:00","dateModified":"2019-05-20T18:02:41+00:00","author":{"@id":"https:\/\/dev.explora.cl\/ohiggins\/#\/schema\/person\/cb8349c13ea2d324080adf8480d7ba5d"},"breadcrumb":{"@id":"https:\/\/dev.explora.cl\/ohiggins\/fae-1\/#breadcrumb"},"inLanguage":"es-CL","potentialAction":[{"@type":"ReadAction","target":["https:\/\/dev.explora.cl\/ohiggins\/fae-1\/"]}]},{"@type":"ImageObject","inLanguage":"es-CL","@id":"https:\/\/dev.explora.cl\/ohiggins\/fae-1\/#primaryimage","url":"https:\/\/dev.explora.cl\/ohiggins\/wp-content\/uploads\/sites\/8\/2018\/06\/12dd26270235628ea9ee21ce5b38a75c.jpg","contentUrl":"https:\/\/dev.explora.cl\/ohiggins\/wp-content\/uploads\/sites\/8\/2018\/06\/12dd26270235628ea9ee21ce5b38a75c.jpg","width":1000,"height":594},{"@type":"BreadcrumbList","@id":"https:\/\/dev.explora.cl\/ohiggins\/fae-1\/#breadcrumb","itemListElement":[{"@type":"ListItem","position":1,"name":"Portada","item":"https:\/\/dev.explora.cl\/ohiggins\/"},{"@type":"ListItem","position":2,"name":"Realizan taller Cient\u00edfic@s Polares Escolares para FAE"}]},{"@type":"WebSite","@id":"https:\/\/dev.explora.cl\/ohiggins\/#website","url":"https:\/\/dev.explora.cl\/ohiggins\/","name":"O&#039;Higgins","description":"Otro sitio m\u00e1s de dev.explora.cl","potentialAction":[{"@type":"SearchAction","target":{"@type":"EntryPoint","urlTemplate":"https:\/\/dev.explora.cl\/ohiggins\/?s={search_term_string}"},"query-input":{"@type":"PropertyValueSpecification","valueRequired":true,"valueName":"search_term_string"}}],"inLanguage":"es-CL"},{"@type":"Person","@id":"https:\/\/dev.explora.cl\/ohiggins\/#\/schema\/person\/cb8349c13ea2d324080adf8480d7ba5d","name":"webman","image":{"@type":"ImageObject","inLanguage":"es-CL","@id":"https:\/\/dev.explora.cl\/ohiggins\/#\/schema\/person\/image\/","url":"https:\/\/secure.gravatar.com\/avatar\/eeff3c82f2c02f7177d13663b7e6f890e9a6a0647ce9bb29cae02dcb094c7312?s=96&d=mm&r=g","contentUrl":"https:\/\/secure.gravatar.com\/avatar\/eeff3c82f2c02f7177d13663b7e6f890e9a6a0647ce9bb29cae02dcb094c7312?s=96&d=mm&r=g","caption":"webman"},"url":"https:\/\/dev.explora.cl\/ohiggins\/author\/webman\/"}]}},"_links":{"self":[{"href":"https:\/\/dev.explora.cl\/ohiggins\/wp-json\/wp\/v2\/posts\/37476","targetHints":{"allow":["GET"]}}],"collection":[{"href":"https:\/\/dev.explora.cl\/ohiggins\/wp-json\/wp\/v2\/posts"}],"about":[{"href":"https:\/\/dev.explora.cl\/ohiggins\/wp-json\/wp\/v2\/types\/post"}],"author":[{"embeddable":true,"href":"https:\/\/dev.explora.cl\/ohiggins\/wp-json\/wp\/v2\/users\/2"}],"replies":[{"embeddable":true,"href":"https:\/\/dev.explora.cl\/ohiggins\/wp-json\/wp\/v2\/comments?post=37476"}],"version-history":[{"count":1,"href":"https:\/\/dev.explora.cl\/ohiggins\/wp-json\/wp\/v2\/posts\/37476\/revisions"}],"predecessor-version":[{"id":37784,"href":"https:\/\/dev.explora.cl\/ohiggins\/wp-json\/wp\/v2\/posts\/37476\/revisions\/37784"}],"wp:featuredmedia":[{"embeddable":true,"href":"https:\/\/dev.explora.cl\/ohiggins\/wp-json\/wp\/v2\/media\/33829"}],"wp:attachment":[{"href":"https:\/\/dev.explora.cl\/ohiggins\/wp-json\/wp\/v2\/media?parent=37476"}],"wp:term":[{"taxonomy":"category","embeddable":true,"href":"https:\/\/dev.explora.cl\/ohiggins\/wp-json\/wp\/v2\/categories?post=37476"},{"taxonomy":"post_tag","embeddable":true,"href":"https:\/\/dev.explora.cl\/ohiggins\/wp-json\/wp\/v2\/tags?post=37476"}],"curies":[{"name":"wp","href":"https:\/\/api.w.org\/{rel}","templated":true}]}}