{"id":37474,"date":"2015-07-03T00:00:00","date_gmt":"2015-07-03T04:00:00","guid":{"rendered":"https:\/\/dev.explora.cl\/ohiggins\/blog\/2015\/07\/03\/mentes-12\/"},"modified":"2019-05-20T18:02:41","modified_gmt":"2019-05-20T18:02:41","slug":"mentes-12","status":"publish","type":"post","link":"https:\/\/dev.explora.cl\/ohiggins\/mentes-12\/","title":{"rendered":"\u201cMentes Brillantes\u201d: Cambio Clim\u00e1tico  en la Agricultura"},"content":{"rendered":"<p><img loading=\"lazy\" decoding=\"async\" class=\" size-full wp-image-12772\" src=\"http:\/\/ec2-34-218-253-251.us-west-2.compute.amazonaws.com\/wp-content\/uploads\/2015\/07\/d3e0f80ed0c034c85f9c34a17503d925.jpg\" alt=\"\" width=\"1000\" height=\"750\" \/><\/p>\n<p><p style=\"text-align: justify\">\u00bfC\u00f3mo afectar\u00e1 el cambio clim\u00e1tico a la agricultura?, \u00bfdeber\u00e1 haber una modificaci\u00f3n en los tipos de cultivos en la regi\u00f3n?, \u00bfqu\u00e9 pasar\u00e1 con el agua y el aumento de las temperaturas? De \u00e9stas y otras interrogantes estaremos conversando este en el programa radial Mentes Brillantes.<\/p>\n<p style=\"text-align: justify\">La invitada de esta semana es la agr\u00f3noma y profesional de apoyo de la Seremi de Agricultura, Pamela Garc\u00eda, quien explicar\u00e1 adem\u00e1s los alcances del efecto invernadero, y algunas de las medidas que se pueden realizar para estar preparados para esta modificaci\u00f3n en el clima.<\/p>\n<p style=\"text-align: justify\">La emisi\u00f3n del programa se realizar\u00e1 el mi\u00e9rcoles 24 de junio a las 15.00 horas en Man\u00eda (101.9 F.M. San Fernando). Mentes Brillantes es un programa radial para la difusi\u00f3n de la CyT, realizado por PAR EXPLORA O\u2019Higgins, ejecutado por UC del Maule.<\/p>\n<p style=\"text-align: justify\">Nota y foto: Carla Morales<\/p><\/p>\n","protected":false},"excerpt":{"rendered":"<p>\u00bfC\u00f3mo afectar\u00e1 el cambio clim\u00e1tico a la agricultura?, \u00bfdeber\u00e1 haber una modificaci\u00f3n en los tipos de cultivos en la regi\u00f3n?, \u00bfqu\u00e9 pasar\u00e1 con el agua y el aumento de las temperaturas? De \u00e9stas y otras interrogantes estaremos conversando este en el programa radial Mentes Brillantes. La invitada de esta semana es la agr\u00f3noma y profesional [&hellip;]<\/p>\n","protected":false},"author":2,"featured_media":33827,"comment_status":"open","ping_status":"open","sticky":false,"template":"","format":"standard","meta":{"_acf_changed":false,"_exactmetrics_skip_tracking":false,"_exactmetrics_sitenote_active":false,"_exactmetrics_sitenote_note":"","_exactmetrics_sitenote_category":0,"footnotes":"","_links_to":"","_links_to_target":""},"categories":[4],"tags":[],"class_list":["post-37474","post","type-post","status-publish","format-standard","has-post-thumbnail","hentry","category-noticias"],"acf":[],"yoast_head":"<!-- This site is optimized with the Yoast SEO plugin v26.7 - https:\/\/yoast.com\/wordpress\/plugins\/seo\/ -->\n<title>\u201cMentes Brillantes\u201d: Cambio Clim\u00e1tico en la Agricultura - O&#039;Higgins<\/title>\n<meta name=\"robots\" content=\"index, follow, max-snippet:-1, max-image-preview:large, max-video-preview:-1\" \/>\n<link rel=\"canonical\" href=\"https:\/\/dev.explora.cl\/ohiggins\/mentes-12\/\" class=\"yoast-seo-meta-tag\" \/>\n<meta property=\"og:locale\" content=\"es_ES\" class=\"yoast-seo-meta-tag\" \/>\n<meta property=\"og:type\" content=\"article\" class=\"yoast-seo-meta-tag\" \/>\n<meta property=\"og:title\" content=\"\u201cMentes Brillantes\u201d: Cambio Clim\u00e1tico en la Agricultura - O&#039;Higgins\" class=\"yoast-seo-meta-tag\" \/>\n<meta property=\"og:description\" content=\"\u00bfC\u00f3mo afectar\u00e1 el cambio clim\u00e1tico a la agricultura?, \u00bfdeber\u00e1 haber una modificaci\u00f3n en los tipos de cultivos en la regi\u00f3n?, \u00bfqu\u00e9 pasar\u00e1 con el agua y el aumento de las temperaturas? De \u00e9stas y otras interrogantes estaremos conversando este en el programa radial Mentes Brillantes. La invitada de esta semana es la agr\u00f3noma y profesional [&hellip;]\" class=\"yoast-seo-meta-tag\" \/>\n<meta property=\"og:url\" content=\"https:\/\/dev.explora.cl\/ohiggins\/mentes-12\/\" class=\"yoast-seo-meta-tag\" \/>\n<meta property=\"og:site_name\" content=\"O&#039;Higgins\" class=\"yoast-seo-meta-tag\" \/>\n<meta property=\"article:published_time\" content=\"2015-07-03T04:00:00+00:00\" class=\"yoast-seo-meta-tag\" \/>\n<meta property=\"article:modified_time\" content=\"2019-05-20T18:02:41+00:00\" class=\"yoast-seo-meta-tag\" \/>\n<meta property=\"og:image\" content=\"https:\/\/dev.explora.cl\/ohiggins\/wp-content\/uploads\/sites\/8\/2018\/06\/d3e0f80ed0c034c85f9c34a17503d925.jpg\" class=\"yoast-seo-meta-tag\" \/>\n\t<meta property=\"og:image:width\" content=\"1000\" class=\"yoast-seo-meta-tag\" \/>\n\t<meta property=\"og:image:height\" content=\"750\" class=\"yoast-seo-meta-tag\" \/>\n\t<meta property=\"og:image:type\" content=\"image\/jpeg\" class=\"yoast-seo-meta-tag\" \/>\n<meta name=\"author\" content=\"webman\" class=\"yoast-seo-meta-tag\" \/>\n<meta name=\"twitter:card\" content=\"summary_large_image\" class=\"yoast-seo-meta-tag\" \/>\n<meta name=\"twitter:label1\" content=\"Escrito por\" class=\"yoast-seo-meta-tag\" \/>\n\t<meta name=\"twitter:data1\" content=\"webman\" class=\"yoast-seo-meta-tag\" \/>\n\t<meta name=\"twitter:label2\" content=\"Tiempo estimado de lectura\" class=\"yoast-seo-meta-tag\" \/>\n\t<meta name=\"twitter:data2\" content=\"1 minuto\" class=\"yoast-seo-meta-tag\" \/>\n<script type=\"application\/ld+json\" class=\"yoast-schema-graph\">{\"@context\":\"https:\/\/schema.org\",\"@graph\":[{\"@type\":\"Article\",\"@id\":\"https:\/\/dev.explora.cl\/ohiggins\/mentes-12\/#article\",\"isPartOf\":{\"@id\":\"https:\/\/dev.explora.cl\/ohiggins\/mentes-12\/\"},\"author\":{\"name\":\"webman\",\"@id\":\"https:\/\/dev.explora.cl\/ohiggins\/#\/schema\/person\/cb8349c13ea2d324080adf8480d7ba5d\"},\"headline\":\"\u201cMentes Brillantes\u201d: Cambio Clim\u00e1tico en la Agricultura\",\"datePublished\":\"2015-07-03T04:00:00+00:00\",\"dateModified\":\"2019-05-20T18:02:41+00:00\",\"mainEntityOfPage\":{\"@id\":\"https:\/\/dev.explora.cl\/ohiggins\/mentes-12\/\"},\"wordCount\":157,\"commentCount\":0,\"image\":{\"@id\":\"https:\/\/dev.explora.cl\/ohiggins\/mentes-12\/#primaryimage\"},\"thumbnailUrl\":\"https:\/\/dev.explora.cl\/ohiggins\/wp-content\/uploads\/sites\/8\/2018\/06\/d3e0f80ed0c034c85f9c34a17503d925.jpg\",\"articleSection\":[\"Noticias\"],\"inLanguage\":\"es-CL\",\"potentialAction\":[{\"@type\":\"CommentAction\",\"name\":\"Comment\",\"target\":[\"https:\/\/dev.explora.cl\/ohiggins\/mentes-12\/#respond\"]}]},{\"@type\":\"WebPage\",\"@id\":\"https:\/\/dev.explora.cl\/ohiggins\/mentes-12\/\",\"url\":\"https:\/\/dev.explora.cl\/ohiggins\/mentes-12\/\",\"name\":\"\u201cMentes Brillantes\u201d: Cambio Clim\u00e1tico en la Agricultura - O&#039;Higgins\",\"isPartOf\":{\"@id\":\"https:\/\/dev.explora.cl\/ohiggins\/#website\"},\"primaryImageOfPage\":{\"@id\":\"https:\/\/dev.explora.cl\/ohiggins\/mentes-12\/#primaryimage\"},\"image\":{\"@id\":\"https:\/\/dev.explora.cl\/ohiggins\/mentes-12\/#primaryimage\"},\"thumbnailUrl\":\"https:\/\/dev.explora.cl\/ohiggins\/wp-content\/uploads\/sites\/8\/2018\/06\/d3e0f80ed0c034c85f9c34a17503d925.jpg\",\"datePublished\":\"2015-07-03T04:00:00+00:00\",\"dateModified\":\"2019-05-20T18:02:41+00:00\",\"author\":{\"@id\":\"https:\/\/dev.explora.cl\/ohiggins\/#\/schema\/person\/cb8349c13ea2d324080adf8480d7ba5d\"},\"breadcrumb\":{\"@id\":\"https:\/\/dev.explora.cl\/ohiggins\/mentes-12\/#breadcrumb\"},\"inLanguage\":\"es-CL\",\"potentialAction\":[{\"@type\":\"ReadAction\",\"target\":[\"https:\/\/dev.explora.cl\/ohiggins\/mentes-12\/\"]}]},{\"@type\":\"ImageObject\",\"inLanguage\":\"es-CL\",\"@id\":\"https:\/\/dev.explora.cl\/ohiggins\/mentes-12\/#primaryimage\",\"url\":\"https:\/\/dev.explora.cl\/ohiggins\/wp-content\/uploads\/sites\/8\/2018\/06\/d3e0f80ed0c034c85f9c34a17503d925.jpg\",\"contentUrl\":\"https:\/\/dev.explora.cl\/ohiggins\/wp-content\/uploads\/sites\/8\/2018\/06\/d3e0f80ed0c034c85f9c34a17503d925.jpg\",\"width\":1000,\"height\":750},{\"@type\":\"BreadcrumbList\",\"@id\":\"https:\/\/dev.explora.cl\/ohiggins\/mentes-12\/#breadcrumb\",\"itemListElement\":[{\"@type\":\"ListItem\",\"position\":1,\"name\":\"Portada\",\"item\":\"https:\/\/dev.explora.cl\/ohiggins\/\"},{\"@type\":\"ListItem\",\"position\":2,\"name\":\"\u201cMentes Brillantes\u201d: Cambio Clim\u00e1tico en la Agricultura\"}]},{\"@type\":\"WebSite\",\"@id\":\"https:\/\/dev.explora.cl\/ohiggins\/#website\",\"url\":\"https:\/\/dev.explora.cl\/ohiggins\/\",\"name\":\"O&#039;Higgins\",\"description\":\"Otro sitio m\u00e1s de dev.explora.cl\",\"potentialAction\":[{\"@type\":\"SearchAction\",\"target\":{\"@type\":\"EntryPoint\",\"urlTemplate\":\"https:\/\/dev.explora.cl\/ohiggins\/?s={search_term_string}\"},\"query-input\":{\"@type\":\"PropertyValueSpecification\",\"valueRequired\":true,\"valueName\":\"search_term_string\"}}],\"inLanguage\":\"es-CL\"},{\"@type\":\"Person\",\"@id\":\"https:\/\/dev.explora.cl\/ohiggins\/#\/schema\/person\/cb8349c13ea2d324080adf8480d7ba5d\",\"name\":\"webman\",\"image\":{\"@type\":\"ImageObject\",\"inLanguage\":\"es-CL\",\"@id\":\"https:\/\/dev.explora.cl\/ohiggins\/#\/schema\/person\/image\/\",\"url\":\"https:\/\/secure.gravatar.com\/avatar\/eeff3c82f2c02f7177d13663b7e6f890e9a6a0647ce9bb29cae02dcb094c7312?s=96&d=mm&r=g\",\"contentUrl\":\"https:\/\/secure.gravatar.com\/avatar\/eeff3c82f2c02f7177d13663b7e6f890e9a6a0647ce9bb29cae02dcb094c7312?s=96&d=mm&r=g\",\"caption\":\"webman\"},\"url\":\"https:\/\/dev.explora.cl\/ohiggins\/author\/webman\/\"}]}<\/script>\n<!-- \/ Yoast SEO plugin. -->","yoast_head_json":{"title":"\u201cMentes Brillantes\u201d: Cambio Clim\u00e1tico en la Agricultura - O&#039;Higgins","robots":{"index":"index","follow":"follow","max-snippet":"max-snippet:-1","max-image-preview":"max-image-preview:large","max-video-preview":"max-video-preview:-1"},"canonical":"https:\/\/dev.explora.cl\/ohiggins\/mentes-12\/","og_locale":"es_ES","og_type":"article","og_title":"\u201cMentes Brillantes\u201d: Cambio Clim\u00e1tico en la Agricultura - O&#039;Higgins","og_description":"\u00bfC\u00f3mo afectar\u00e1 el cambio clim\u00e1tico a la agricultura?, \u00bfdeber\u00e1 haber una modificaci\u00f3n en los tipos de cultivos en la regi\u00f3n?, \u00bfqu\u00e9 pasar\u00e1 con el agua y el aumento de las temperaturas? De \u00e9stas y otras interrogantes estaremos conversando este en el programa radial Mentes Brillantes. La invitada de esta semana es la agr\u00f3noma y profesional [&hellip;]","og_url":"https:\/\/dev.explora.cl\/ohiggins\/mentes-12\/","og_site_name":"O&#039;Higgins","article_published_time":"2015-07-03T04:00:00+00:00","article_modified_time":"2019-05-20T18:02:41+00:00","og_image":[{"width":1000,"height":750,"url":"https:\/\/dev.explora.cl\/ohiggins\/wp-content\/uploads\/sites\/8\/2018\/06\/d3e0f80ed0c034c85f9c34a17503d925.jpg","type":"image\/jpeg"}],"author":"webman","twitter_card":"summary_large_image","twitter_misc":{"Escrito por":"webman","Tiempo estimado de lectura":"1 minuto"},"schema":{"@context":"https:\/\/schema.org","@graph":[{"@type":"Article","@id":"https:\/\/dev.explora.cl\/ohiggins\/mentes-12\/#article","isPartOf":{"@id":"https:\/\/dev.explora.cl\/ohiggins\/mentes-12\/"},"author":{"name":"webman","@id":"https:\/\/dev.explora.cl\/ohiggins\/#\/schema\/person\/cb8349c13ea2d324080adf8480d7ba5d"},"headline":"\u201cMentes Brillantes\u201d: Cambio Clim\u00e1tico en la Agricultura","datePublished":"2015-07-03T04:00:00+00:00","dateModified":"2019-05-20T18:02:41+00:00","mainEntityOfPage":{"@id":"https:\/\/dev.explora.cl\/ohiggins\/mentes-12\/"},"wordCount":157,"commentCount":0,"image":{"@id":"https:\/\/dev.explora.cl\/ohiggins\/mentes-12\/#primaryimage"},"thumbnailUrl":"https:\/\/dev.explora.cl\/ohiggins\/wp-content\/uploads\/sites\/8\/2018\/06\/d3e0f80ed0c034c85f9c34a17503d925.jpg","articleSection":["Noticias"],"inLanguage":"es-CL","potentialAction":[{"@type":"CommentAction","name":"Comment","target":["https:\/\/dev.explora.cl\/ohiggins\/mentes-12\/#respond"]}]},{"@type":"WebPage","@id":"https:\/\/dev.explora.cl\/ohiggins\/mentes-12\/","url":"https:\/\/dev.explora.cl\/ohiggins\/mentes-12\/","name":"\u201cMentes Brillantes\u201d: Cambio Clim\u00e1tico en la Agricultura - O&#039;Higgins","isPartOf":{"@id":"https:\/\/dev.explora.cl\/ohiggins\/#website"},"primaryImageOfPage":{"@id":"https:\/\/dev.explora.cl\/ohiggins\/mentes-12\/#primaryimage"},"image":{"@id":"https:\/\/dev.explora.cl\/ohiggins\/mentes-12\/#primaryimage"},"thumbnailUrl":"https:\/\/dev.explora.cl\/ohiggins\/wp-content\/uploads\/sites\/8\/2018\/06\/d3e0f80ed0c034c85f9c34a17503d925.jpg","datePublished":"2015-07-03T04:00:00+00:00","dateModified":"2019-05-20T18:02:41+00:00","author":{"@id":"https:\/\/dev.explora.cl\/ohiggins\/#\/schema\/person\/cb8349c13ea2d324080adf8480d7ba5d"},"breadcrumb":{"@id":"https:\/\/dev.explora.cl\/ohiggins\/mentes-12\/#breadcrumb"},"inLanguage":"es-CL","potentialAction":[{"@type":"ReadAction","target":["https:\/\/dev.explora.cl\/ohiggins\/mentes-12\/"]}]},{"@type":"ImageObject","inLanguage":"es-CL","@id":"https:\/\/dev.explora.cl\/ohiggins\/mentes-12\/#primaryimage","url":"https:\/\/dev.explora.cl\/ohiggins\/wp-content\/uploads\/sites\/8\/2018\/06\/d3e0f80ed0c034c85f9c34a17503d925.jpg","contentUrl":"https:\/\/dev.explora.cl\/ohiggins\/wp-content\/uploads\/sites\/8\/2018\/06\/d3e0f80ed0c034c85f9c34a17503d925.jpg","width":1000,"height":750},{"@type":"BreadcrumbList","@id":"https:\/\/dev.explora.cl\/ohiggins\/mentes-12\/#breadcrumb","itemListElement":[{"@type":"ListItem","position":1,"name":"Portada","item":"https:\/\/dev.explora.cl\/ohiggins\/"},{"@type":"ListItem","position":2,"name":"\u201cMentes Brillantes\u201d: Cambio Clim\u00e1tico en la Agricultura"}]},{"@type":"WebSite","@id":"https:\/\/dev.explora.cl\/ohiggins\/#website","url":"https:\/\/dev.explora.cl\/ohiggins\/","name":"O&#039;Higgins","description":"Otro sitio m\u00e1s de dev.explora.cl","potentialAction":[{"@type":"SearchAction","target":{"@type":"EntryPoint","urlTemplate":"https:\/\/dev.explora.cl\/ohiggins\/?s={search_term_string}"},"query-input":{"@type":"PropertyValueSpecification","valueRequired":true,"valueName":"search_term_string"}}],"inLanguage":"es-CL"},{"@type":"Person","@id":"https:\/\/dev.explora.cl\/ohiggins\/#\/schema\/person\/cb8349c13ea2d324080adf8480d7ba5d","name":"webman","image":{"@type":"ImageObject","inLanguage":"es-CL","@id":"https:\/\/dev.explora.cl\/ohiggins\/#\/schema\/person\/image\/","url":"https:\/\/secure.gravatar.com\/avatar\/eeff3c82f2c02f7177d13663b7e6f890e9a6a0647ce9bb29cae02dcb094c7312?s=96&d=mm&r=g","contentUrl":"https:\/\/secure.gravatar.com\/avatar\/eeff3c82f2c02f7177d13663b7e6f890e9a6a0647ce9bb29cae02dcb094c7312?s=96&d=mm&r=g","caption":"webman"},"url":"https:\/\/dev.explora.cl\/ohiggins\/author\/webman\/"}]}},"_links":{"self":[{"href":"https:\/\/dev.explora.cl\/ohiggins\/wp-json\/wp\/v2\/posts\/37474","targetHints":{"allow":["GET"]}}],"collection":[{"href":"https:\/\/dev.explora.cl\/ohiggins\/wp-json\/wp\/v2\/posts"}],"about":[{"href":"https:\/\/dev.explora.cl\/ohiggins\/wp-json\/wp\/v2\/types\/post"}],"author":[{"embeddable":true,"href":"https:\/\/dev.explora.cl\/ohiggins\/wp-json\/wp\/v2\/users\/2"}],"replies":[{"embeddable":true,"href":"https:\/\/dev.explora.cl\/ohiggins\/wp-json\/wp\/v2\/comments?post=37474"}],"version-history":[{"count":1,"href":"https:\/\/dev.explora.cl\/ohiggins\/wp-json\/wp\/v2\/posts\/37474\/revisions"}],"predecessor-version":[{"id":37785,"href":"https:\/\/dev.explora.cl\/ohiggins\/wp-json\/wp\/v2\/posts\/37474\/revisions\/37785"}],"wp:featuredmedia":[{"embeddable":true,"href":"https:\/\/dev.explora.cl\/ohiggins\/wp-json\/wp\/v2\/media\/33827"}],"wp:attachment":[{"href":"https:\/\/dev.explora.cl\/ohiggins\/wp-json\/wp\/v2\/media?parent=37474"}],"wp:term":[{"taxonomy":"category","embeddable":true,"href":"https:\/\/dev.explora.cl\/ohiggins\/wp-json\/wp\/v2\/categories?post=37474"},{"taxonomy":"post_tag","embeddable":true,"href":"https:\/\/dev.explora.cl\/ohiggins\/wp-json\/wp\/v2\/tags?post=37474"}],"curies":[{"name":"wp","href":"https:\/\/api.w.org\/{rel}","templated":true}]}}