{"id":37465,"date":"2015-05-19T00:00:00","date_gmt":"2015-05-19T04:00:00","guid":{"rendered":"https:\/\/dev.explora.cl\/ohiggins\/blog\/2015\/05\/19\/red-colchagua\/"},"modified":"2019-05-20T18:02:50","modified_gmt":"2019-05-20T18:02:50","slug":"red-colchagua","status":"publish","type":"post","link":"https:\/\/dev.explora.cl\/ohiggins\/red-colchagua\/","title":{"rendered":"Coordinan agenda de trabajo con Docentes de Colchagua"},"content":{"rendered":"<p><img loading=\"lazy\" decoding=\"async\" class=\" size-full wp-image-11121\" src=\"http:\/\/ec2-34-218-253-251.us-west-2.compute.amazonaws.com\/wp-content\/uploads\/2015\/05\/5e0b0f600791a4d84bb93e33ba22fb11.jpg\" alt=\"\" width=\"1000\" height=\"667\" \/><\/p>\n<p style=\"text-align: justify\">PAR EXPLORA O\u2019Higgins, ejecutado por UC del Maule, coordin\u00f3 su trabajo anual con la Red de Ciencias de Profesores de Colchagua, en el que acordaron realizar varias actividades en conjunto, teniendo adem\u00e1s un nuevo socio, Novasur O\u2019Higgins (entidad dependiente del Consejo Nacional de Televisi\u00f3n).<\/p>\n<p style=\"text-align: justify\">Es as\u00ed como se realizar\u00e1 un seminario con tem\u00e1ticas que ser\u00e1n solicitadas por los docentes; se los invit\u00f3 a participar de los Fondos Concursables para la implementaci\u00f3n de Clubes de Ciencias, para el que previamente, se har\u00e1 un taller de Metodolog\u00eda Cient\u00edfica.<\/p>\n<p style=\"text-align: justify\">Adem\u00e1s, para las actividades que los profesores desarrollen relacionadas con la ciencia, tecnolog\u00eda e innovaci\u00f3n; en especial aquellas relacionadas con el tema del A\u00f1o, \u201cLa Luz\u201d, contar\u00e1n con el apoyo del PAR y Novasur, a trav\u00e9s de videos, charlas y muestras relativas al tema.<\/p>\n<p style=\"text-align: justify\">El objetivo es potenciar las iniciativas mutuamente, de tal forma que m\u00e1s colegios accedan a estos beneficios, y generar mayor convocatoria. Para solicitar charlas o muestras, se puede escribir a la coordinadora provincial de la Red Leyla P\u00e9rez al email leyla.perez.g@gmail.com; o a parexplora.ohiggins@ucm.cl<\/p>\n","protected":false},"excerpt":{"rendered":"<p>PAR EXPLORA O\u2019Higgins, ejecutado por UC del Maule, coordin\u00f3 su trabajo anual con la Red de Ciencias de Profesores de Colchagua, en el que acordaron realizar varias actividades en conjunto, teniendo adem\u00e1s un nuevo socio, Novasur O\u2019Higgins (entidad dependiente del Consejo Nacional de Televisi\u00f3n). Es as\u00ed como se realizar\u00e1 un seminario con tem\u00e1ticas que ser\u00e1n [&hellip;]<\/p>\n","protected":false},"author":2,"featured_media":32086,"comment_status":"open","ping_status":"open","sticky":false,"template":"","format":"standard","meta":{"_acf_changed":false,"_exactmetrics_skip_tracking":false,"_exactmetrics_sitenote_active":false,"_exactmetrics_sitenote_note":"","_exactmetrics_sitenote_category":0,"footnotes":"","_links_to":"","_links_to_target":""},"categories":[4],"tags":[],"class_list":["post-37465","post","type-post","status-publish","format-standard","has-post-thumbnail","hentry","category-noticias"],"acf":[],"yoast_head":"<!-- This site is optimized with the Yoast SEO plugin v26.7 - https:\/\/yoast.com\/wordpress\/plugins\/seo\/ -->\n<title>Coordinan agenda de trabajo con Docentes de Colchagua - O&#039;Higgins<\/title>\n<meta name=\"robots\" content=\"index, follow, max-snippet:-1, max-image-preview:large, max-video-preview:-1\" \/>\n<link rel=\"canonical\" href=\"https:\/\/dev.explora.cl\/ohiggins\/red-colchagua\/\" class=\"yoast-seo-meta-tag\" \/>\n<meta property=\"og:locale\" content=\"es_ES\" class=\"yoast-seo-meta-tag\" \/>\n<meta property=\"og:type\" content=\"article\" class=\"yoast-seo-meta-tag\" \/>\n<meta property=\"og:title\" content=\"Coordinan agenda de trabajo con Docentes de Colchagua - O&#039;Higgins\" class=\"yoast-seo-meta-tag\" \/>\n<meta property=\"og:description\" content=\"PAR EXPLORA O\u2019Higgins, ejecutado por UC del Maule, coordin\u00f3 su trabajo anual con la Red de Ciencias de Profesores de Colchagua, en el que acordaron realizar varias actividades en conjunto, teniendo adem\u00e1s un nuevo socio, Novasur O\u2019Higgins (entidad dependiente del Consejo Nacional de Televisi\u00f3n). Es as\u00ed como se realizar\u00e1 un seminario con tem\u00e1ticas que ser\u00e1n [&hellip;]\" class=\"yoast-seo-meta-tag\" \/>\n<meta property=\"og:url\" content=\"https:\/\/dev.explora.cl\/ohiggins\/red-colchagua\/\" class=\"yoast-seo-meta-tag\" \/>\n<meta property=\"og:site_name\" content=\"O&#039;Higgins\" class=\"yoast-seo-meta-tag\" \/>\n<meta property=\"article:published_time\" content=\"2015-05-19T04:00:00+00:00\" class=\"yoast-seo-meta-tag\" \/>\n<meta property=\"article:modified_time\" content=\"2019-05-20T18:02:50+00:00\" class=\"yoast-seo-meta-tag\" \/>\n<meta property=\"og:image\" content=\"https:\/\/dev.explora.cl\/ohiggins\/wp-content\/uploads\/sites\/8\/2018\/06\/5e0b0f600791a4d84bb93e33ba22fb11.jpg\" class=\"yoast-seo-meta-tag\" \/>\n\t<meta property=\"og:image:width\" content=\"1000\" class=\"yoast-seo-meta-tag\" \/>\n\t<meta property=\"og:image:height\" content=\"667\" class=\"yoast-seo-meta-tag\" \/>\n\t<meta property=\"og:image:type\" content=\"image\/jpeg\" class=\"yoast-seo-meta-tag\" \/>\n<meta name=\"author\" content=\"webman\" class=\"yoast-seo-meta-tag\" \/>\n<meta name=\"twitter:card\" content=\"summary_large_image\" class=\"yoast-seo-meta-tag\" \/>\n<meta name=\"twitter:label1\" content=\"Escrito por\" class=\"yoast-seo-meta-tag\" \/>\n\t<meta name=\"twitter:data1\" content=\"webman\" class=\"yoast-seo-meta-tag\" \/>\n\t<meta name=\"twitter:label2\" content=\"Tiempo estimado de lectura\" class=\"yoast-seo-meta-tag\" \/>\n\t<meta name=\"twitter:data2\" content=\"1 minuto\" class=\"yoast-seo-meta-tag\" \/>\n<script type=\"application\/ld+json\" class=\"yoast-schema-graph\">{\"@context\":\"https:\/\/schema.org\",\"@graph\":[{\"@type\":\"Article\",\"@id\":\"https:\/\/dev.explora.cl\/ohiggins\/red-colchagua\/#article\",\"isPartOf\":{\"@id\":\"https:\/\/dev.explora.cl\/ohiggins\/red-colchagua\/\"},\"author\":{\"name\":\"webman\",\"@id\":\"https:\/\/dev.explora.cl\/ohiggins\/#\/schema\/person\/cb8349c13ea2d324080adf8480d7ba5d\"},\"headline\":\"Coordinan agenda de trabajo con Docentes de Colchagua\",\"datePublished\":\"2015-05-19T04:00:00+00:00\",\"dateModified\":\"2019-05-20T18:02:50+00:00\",\"mainEntityOfPage\":{\"@id\":\"https:\/\/dev.explora.cl\/ohiggins\/red-colchagua\/\"},\"wordCount\":206,\"commentCount\":1,\"image\":{\"@id\":\"https:\/\/dev.explora.cl\/ohiggins\/red-colchagua\/#primaryimage\"},\"thumbnailUrl\":\"https:\/\/dev.explora.cl\/ohiggins\/wp-content\/uploads\/sites\/8\/2018\/06\/5e0b0f600791a4d84bb93e33ba22fb11.jpg\",\"articleSection\":[\"Noticias\"],\"inLanguage\":\"es-CL\",\"potentialAction\":[{\"@type\":\"CommentAction\",\"name\":\"Comment\",\"target\":[\"https:\/\/dev.explora.cl\/ohiggins\/red-colchagua\/#respond\"]}]},{\"@type\":\"WebPage\",\"@id\":\"https:\/\/dev.explora.cl\/ohiggins\/red-colchagua\/\",\"url\":\"https:\/\/dev.explora.cl\/ohiggins\/red-colchagua\/\",\"name\":\"Coordinan agenda de trabajo con Docentes de Colchagua - O&#039;Higgins\",\"isPartOf\":{\"@id\":\"https:\/\/dev.explora.cl\/ohiggins\/#website\"},\"primaryImageOfPage\":{\"@id\":\"https:\/\/dev.explora.cl\/ohiggins\/red-colchagua\/#primaryimage\"},\"image\":{\"@id\":\"https:\/\/dev.explora.cl\/ohiggins\/red-colchagua\/#primaryimage\"},\"thumbnailUrl\":\"https:\/\/dev.explora.cl\/ohiggins\/wp-content\/uploads\/sites\/8\/2018\/06\/5e0b0f600791a4d84bb93e33ba22fb11.jpg\",\"datePublished\":\"2015-05-19T04:00:00+00:00\",\"dateModified\":\"2019-05-20T18:02:50+00:00\",\"author\":{\"@id\":\"https:\/\/dev.explora.cl\/ohiggins\/#\/schema\/person\/cb8349c13ea2d324080adf8480d7ba5d\"},\"breadcrumb\":{\"@id\":\"https:\/\/dev.explora.cl\/ohiggins\/red-colchagua\/#breadcrumb\"},\"inLanguage\":\"es-CL\",\"potentialAction\":[{\"@type\":\"ReadAction\",\"target\":[\"https:\/\/dev.explora.cl\/ohiggins\/red-colchagua\/\"]}]},{\"@type\":\"ImageObject\",\"inLanguage\":\"es-CL\",\"@id\":\"https:\/\/dev.explora.cl\/ohiggins\/red-colchagua\/#primaryimage\",\"url\":\"https:\/\/dev.explora.cl\/ohiggins\/wp-content\/uploads\/sites\/8\/2018\/06\/5e0b0f600791a4d84bb93e33ba22fb11.jpg\",\"contentUrl\":\"https:\/\/dev.explora.cl\/ohiggins\/wp-content\/uploads\/sites\/8\/2018\/06\/5e0b0f600791a4d84bb93e33ba22fb11.jpg\",\"width\":1000,\"height\":667},{\"@type\":\"BreadcrumbList\",\"@id\":\"https:\/\/dev.explora.cl\/ohiggins\/red-colchagua\/#breadcrumb\",\"itemListElement\":[{\"@type\":\"ListItem\",\"position\":1,\"name\":\"Portada\",\"item\":\"https:\/\/dev.explora.cl\/ohiggins\/\"},{\"@type\":\"ListItem\",\"position\":2,\"name\":\"Coordinan agenda de trabajo con Docentes de Colchagua\"}]},{\"@type\":\"WebSite\",\"@id\":\"https:\/\/dev.explora.cl\/ohiggins\/#website\",\"url\":\"https:\/\/dev.explora.cl\/ohiggins\/\",\"name\":\"O&#039;Higgins\",\"description\":\"Otro sitio m\u00e1s de dev.explora.cl\",\"potentialAction\":[{\"@type\":\"SearchAction\",\"target\":{\"@type\":\"EntryPoint\",\"urlTemplate\":\"https:\/\/dev.explora.cl\/ohiggins\/?s={search_term_string}\"},\"query-input\":{\"@type\":\"PropertyValueSpecification\",\"valueRequired\":true,\"valueName\":\"search_term_string\"}}],\"inLanguage\":\"es-CL\"},{\"@type\":\"Person\",\"@id\":\"https:\/\/dev.explora.cl\/ohiggins\/#\/schema\/person\/cb8349c13ea2d324080adf8480d7ba5d\",\"name\":\"webman\",\"image\":{\"@type\":\"ImageObject\",\"inLanguage\":\"es-CL\",\"@id\":\"https:\/\/dev.explora.cl\/ohiggins\/#\/schema\/person\/image\/\",\"url\":\"https:\/\/secure.gravatar.com\/avatar\/eeff3c82f2c02f7177d13663b7e6f890e9a6a0647ce9bb29cae02dcb094c7312?s=96&d=mm&r=g\",\"contentUrl\":\"https:\/\/secure.gravatar.com\/avatar\/eeff3c82f2c02f7177d13663b7e6f890e9a6a0647ce9bb29cae02dcb094c7312?s=96&d=mm&r=g\",\"caption\":\"webman\"},\"url\":\"https:\/\/dev.explora.cl\/ohiggins\/author\/webman\/\"}]}<\/script>\n<!-- \/ Yoast SEO plugin. -->","yoast_head_json":{"title":"Coordinan agenda de trabajo con Docentes de Colchagua - O&#039;Higgins","robots":{"index":"index","follow":"follow","max-snippet":"max-snippet:-1","max-image-preview":"max-image-preview:large","max-video-preview":"max-video-preview:-1"},"canonical":"https:\/\/dev.explora.cl\/ohiggins\/red-colchagua\/","og_locale":"es_ES","og_type":"article","og_title":"Coordinan agenda de trabajo con Docentes de Colchagua - O&#039;Higgins","og_description":"PAR EXPLORA O\u2019Higgins, ejecutado por UC del Maule, coordin\u00f3 su trabajo anual con la Red de Ciencias de Profesores de Colchagua, en el que acordaron realizar varias actividades en conjunto, teniendo adem\u00e1s un nuevo socio, Novasur O\u2019Higgins (entidad dependiente del Consejo Nacional de Televisi\u00f3n). Es as\u00ed como se realizar\u00e1 un seminario con tem\u00e1ticas que ser\u00e1n [&hellip;]","og_url":"https:\/\/dev.explora.cl\/ohiggins\/red-colchagua\/","og_site_name":"O&#039;Higgins","article_published_time":"2015-05-19T04:00:00+00:00","article_modified_time":"2019-05-20T18:02:50+00:00","og_image":[{"width":1000,"height":667,"url":"https:\/\/dev.explora.cl\/ohiggins\/wp-content\/uploads\/sites\/8\/2018\/06\/5e0b0f600791a4d84bb93e33ba22fb11.jpg","type":"image\/jpeg"}],"author":"webman","twitter_card":"summary_large_image","twitter_misc":{"Escrito por":"webman","Tiempo estimado de lectura":"1 minuto"},"schema":{"@context":"https:\/\/schema.org","@graph":[{"@type":"Article","@id":"https:\/\/dev.explora.cl\/ohiggins\/red-colchagua\/#article","isPartOf":{"@id":"https:\/\/dev.explora.cl\/ohiggins\/red-colchagua\/"},"author":{"name":"webman","@id":"https:\/\/dev.explora.cl\/ohiggins\/#\/schema\/person\/cb8349c13ea2d324080adf8480d7ba5d"},"headline":"Coordinan agenda de trabajo con Docentes de Colchagua","datePublished":"2015-05-19T04:00:00+00:00","dateModified":"2019-05-20T18:02:50+00:00","mainEntityOfPage":{"@id":"https:\/\/dev.explora.cl\/ohiggins\/red-colchagua\/"},"wordCount":206,"commentCount":1,"image":{"@id":"https:\/\/dev.explora.cl\/ohiggins\/red-colchagua\/#primaryimage"},"thumbnailUrl":"https:\/\/dev.explora.cl\/ohiggins\/wp-content\/uploads\/sites\/8\/2018\/06\/5e0b0f600791a4d84bb93e33ba22fb11.jpg","articleSection":["Noticias"],"inLanguage":"es-CL","potentialAction":[{"@type":"CommentAction","name":"Comment","target":["https:\/\/dev.explora.cl\/ohiggins\/red-colchagua\/#respond"]}]},{"@type":"WebPage","@id":"https:\/\/dev.explora.cl\/ohiggins\/red-colchagua\/","url":"https:\/\/dev.explora.cl\/ohiggins\/red-colchagua\/","name":"Coordinan agenda de trabajo con Docentes de Colchagua - O&#039;Higgins","isPartOf":{"@id":"https:\/\/dev.explora.cl\/ohiggins\/#website"},"primaryImageOfPage":{"@id":"https:\/\/dev.explora.cl\/ohiggins\/red-colchagua\/#primaryimage"},"image":{"@id":"https:\/\/dev.explora.cl\/ohiggins\/red-colchagua\/#primaryimage"},"thumbnailUrl":"https:\/\/dev.explora.cl\/ohiggins\/wp-content\/uploads\/sites\/8\/2018\/06\/5e0b0f600791a4d84bb93e33ba22fb11.jpg","datePublished":"2015-05-19T04:00:00+00:00","dateModified":"2019-05-20T18:02:50+00:00","author":{"@id":"https:\/\/dev.explora.cl\/ohiggins\/#\/schema\/person\/cb8349c13ea2d324080adf8480d7ba5d"},"breadcrumb":{"@id":"https:\/\/dev.explora.cl\/ohiggins\/red-colchagua\/#breadcrumb"},"inLanguage":"es-CL","potentialAction":[{"@type":"ReadAction","target":["https:\/\/dev.explora.cl\/ohiggins\/red-colchagua\/"]}]},{"@type":"ImageObject","inLanguage":"es-CL","@id":"https:\/\/dev.explora.cl\/ohiggins\/red-colchagua\/#primaryimage","url":"https:\/\/dev.explora.cl\/ohiggins\/wp-content\/uploads\/sites\/8\/2018\/06\/5e0b0f600791a4d84bb93e33ba22fb11.jpg","contentUrl":"https:\/\/dev.explora.cl\/ohiggins\/wp-content\/uploads\/sites\/8\/2018\/06\/5e0b0f600791a4d84bb93e33ba22fb11.jpg","width":1000,"height":667},{"@type":"BreadcrumbList","@id":"https:\/\/dev.explora.cl\/ohiggins\/red-colchagua\/#breadcrumb","itemListElement":[{"@type":"ListItem","position":1,"name":"Portada","item":"https:\/\/dev.explora.cl\/ohiggins\/"},{"@type":"ListItem","position":2,"name":"Coordinan agenda de trabajo con Docentes de Colchagua"}]},{"@type":"WebSite","@id":"https:\/\/dev.explora.cl\/ohiggins\/#website","url":"https:\/\/dev.explora.cl\/ohiggins\/","name":"O&#039;Higgins","description":"Otro sitio m\u00e1s de dev.explora.cl","potentialAction":[{"@type":"SearchAction","target":{"@type":"EntryPoint","urlTemplate":"https:\/\/dev.explora.cl\/ohiggins\/?s={search_term_string}"},"query-input":{"@type":"PropertyValueSpecification","valueRequired":true,"valueName":"search_term_string"}}],"inLanguage":"es-CL"},{"@type":"Person","@id":"https:\/\/dev.explora.cl\/ohiggins\/#\/schema\/person\/cb8349c13ea2d324080adf8480d7ba5d","name":"webman","image":{"@type":"ImageObject","inLanguage":"es-CL","@id":"https:\/\/dev.explora.cl\/ohiggins\/#\/schema\/person\/image\/","url":"https:\/\/secure.gravatar.com\/avatar\/eeff3c82f2c02f7177d13663b7e6f890e9a6a0647ce9bb29cae02dcb094c7312?s=96&d=mm&r=g","contentUrl":"https:\/\/secure.gravatar.com\/avatar\/eeff3c82f2c02f7177d13663b7e6f890e9a6a0647ce9bb29cae02dcb094c7312?s=96&d=mm&r=g","caption":"webman"},"url":"https:\/\/dev.explora.cl\/ohiggins\/author\/webman\/"}]}},"_links":{"self":[{"href":"https:\/\/dev.explora.cl\/ohiggins\/wp-json\/wp\/v2\/posts\/37465","targetHints":{"allow":["GET"]}}],"collection":[{"href":"https:\/\/dev.explora.cl\/ohiggins\/wp-json\/wp\/v2\/posts"}],"about":[{"href":"https:\/\/dev.explora.cl\/ohiggins\/wp-json\/wp\/v2\/types\/post"}],"author":[{"embeddable":true,"href":"https:\/\/dev.explora.cl\/ohiggins\/wp-json\/wp\/v2\/users\/2"}],"replies":[{"embeddable":true,"href":"https:\/\/dev.explora.cl\/ohiggins\/wp-json\/wp\/v2\/comments?post=37465"}],"version-history":[{"count":1,"href":"https:\/\/dev.explora.cl\/ohiggins\/wp-json\/wp\/v2\/posts\/37465\/revisions"}],"predecessor-version":[{"id":37803,"href":"https:\/\/dev.explora.cl\/ohiggins\/wp-json\/wp\/v2\/posts\/37465\/revisions\/37803"}],"wp:featuredmedia":[{"embeddable":true,"href":"https:\/\/dev.explora.cl\/ohiggins\/wp-json\/wp\/v2\/media\/32086"}],"wp:attachment":[{"href":"https:\/\/dev.explora.cl\/ohiggins\/wp-json\/wp\/v2\/media?parent=37465"}],"wp:term":[{"taxonomy":"category","embeddable":true,"href":"https:\/\/dev.explora.cl\/ohiggins\/wp-json\/wp\/v2\/categories?post=37465"},{"taxonomy":"post_tag","embeddable":true,"href":"https:\/\/dev.explora.cl\/ohiggins\/wp-json\/wp\/v2\/tags?post=37465"}],"curies":[{"name":"wp","href":"https:\/\/api.w.org\/{rel}","templated":true}]}}