{"id":37463,"date":"2015-04-28T00:00:00","date_gmt":"2015-04-28T04:00:00","guid":{"rendered":"https:\/\/dev.explora.cl\/ohiggins\/blog\/2015\/04\/28\/core\/"},"modified":"2019-05-20T18:02:54","modified_gmt":"2019-05-20T18:02:54","slug":"core","status":"publish","type":"post","link":"https:\/\/dev.explora.cl\/ohiggins\/core\/","title":{"rendered":"PAR EXPLORA O\u2019Higgins difunde su quehacer con CORE regional"},"content":{"rendered":"<p><img loading=\"lazy\" decoding=\"async\" class=\" size-full wp-image-10608\" src=\"http:\/\/ec2-34-218-253-251.us-west-2.compute.amazonaws.com\/wp-content\/uploads\/2015\/04\/9202007f6b96cbbb17b763e7f32cb0bc.jpg\" alt=\"\" width=\"1000\" height=\"667\" \/><\/p>\n<p style=\"text-align: justify\">PAR EXPLORA O\u2019Higgins se reuni\u00f3 con la Comisi\u00f3n de Medio Ambiente Ciencia y Tecnolog\u00eda del Consejo Regional (CORE); con el fin de dar a conocer los lineamientos de la entidad, cuyo objetivo es la difusi\u00f3n del quehacer cient\u00edfico, no s\u00f3lo a la comunidad escolar, sino tambi\u00e9n en general.<\/p>\n<p style=\"text-align: justify\">En la ocasi\u00f3n se mostr\u00f3 a los consejeros, liderados por Emiliano Orueta, presidente de la comisi\u00f3n, el trabajo que se realiz\u00f3 en 2014, a\u00f1o en que la Universidad Cat\u00f3lica del Maule se adjudic\u00f3 la ejecuci\u00f3n del PAR en la regi\u00f3n.<\/p>\n<p style=\"text-align: justify\">Es as\u00ed, como se invit\u00f3 formalmente al CORE a participar de las principales actividades que realizar\u00e1 la entidad, como por ejemplo, la actual muestra itinerante \u201cGonfoterios\u201d que se encuentra en la Escuela Carmen Gallegos de San Vicente de Tagua Tagua (en un trabajo conjunto con la municipalidad local, A\u00f1a\u00f1uca y el MNHN); los diferentes seminarios relativos a educaci\u00f3n, innovaci\u00f3n o generaci\u00f3n de proyectos cient\u00edficos estudiantiles, entre otros.<\/p>\n<p style=\"text-align: justify\">Asimismo, se transmiti\u00f3 las actividades emblem\u00e1ticas del Programa EXPLORA CONICYT, del cual el PAR es representante en la regi\u00f3n, como la Semana de la Ciencia, Mil Cient\u00edficos Mil Aulas, el Congreso Regional Escolar de Ciencia y Tecnolog\u00eda; ferias cient\u00edficas, por mencionar algunas.<\/p>\n<p style=\"text-align: justify\">En la ocasi\u00f3n los Cores, agradecieron la exposici\u00f3n del trabajo del PAR, inst\u00e1ndolos a seguir creciendo en la regi\u00f3n, incluyendo cada vez m\u00e1s comunas en las actividades programadas.<\/p>\n","protected":false},"excerpt":{"rendered":"<p>PAR EXPLORA O\u2019Higgins se reuni\u00f3 con la Comisi\u00f3n de Medio Ambiente Ciencia y Tecnolog\u00eda del Consejo Regional (CORE); con el fin de dar a conocer los lineamientos de la entidad, cuyo objetivo es la difusi\u00f3n del quehacer cient\u00edfico, no s\u00f3lo a la comunidad escolar, sino tambi\u00e9n en general. En la ocasi\u00f3n se mostr\u00f3 a los [&hellip;]<\/p>\n","protected":false},"author":2,"featured_media":32065,"comment_status":"open","ping_status":"open","sticky":false,"template":"","format":"standard","meta":{"_acf_changed":false,"_exactmetrics_skip_tracking":false,"_exactmetrics_sitenote_active":false,"_exactmetrics_sitenote_note":"","_exactmetrics_sitenote_category":0,"footnotes":"","_links_to":"","_links_to_target":""},"categories":[4],"tags":[],"class_list":["post-37463","post","type-post","status-publish","format-standard","has-post-thumbnail","hentry","category-noticias"],"acf":[],"yoast_head":"<!-- This site is optimized with the Yoast SEO plugin v26.7 - https:\/\/yoast.com\/wordpress\/plugins\/seo\/ -->\n<title>PAR EXPLORA O\u2019Higgins difunde su quehacer con CORE regional - O&#039;Higgins<\/title>\n<meta name=\"robots\" content=\"index, follow, max-snippet:-1, max-image-preview:large, max-video-preview:-1\" \/>\n<link rel=\"canonical\" href=\"https:\/\/dev.explora.cl\/ohiggins\/core\/\" class=\"yoast-seo-meta-tag\" \/>\n<meta property=\"og:locale\" content=\"es_ES\" class=\"yoast-seo-meta-tag\" \/>\n<meta property=\"og:type\" content=\"article\" class=\"yoast-seo-meta-tag\" \/>\n<meta property=\"og:title\" content=\"PAR EXPLORA O\u2019Higgins difunde su quehacer con CORE regional - O&#039;Higgins\" class=\"yoast-seo-meta-tag\" \/>\n<meta property=\"og:description\" content=\"PAR EXPLORA O\u2019Higgins se reuni\u00f3 con la Comisi\u00f3n de Medio Ambiente Ciencia y Tecnolog\u00eda del Consejo Regional (CORE); con el fin de dar a conocer los lineamientos de la entidad, cuyo objetivo es la difusi\u00f3n del quehacer cient\u00edfico, no s\u00f3lo a la comunidad escolar, sino tambi\u00e9n en general. En la ocasi\u00f3n se mostr\u00f3 a los [&hellip;]\" class=\"yoast-seo-meta-tag\" \/>\n<meta property=\"og:url\" content=\"https:\/\/dev.explora.cl\/ohiggins\/core\/\" class=\"yoast-seo-meta-tag\" \/>\n<meta property=\"og:site_name\" content=\"O&#039;Higgins\" class=\"yoast-seo-meta-tag\" \/>\n<meta property=\"article:published_time\" content=\"2015-04-28T04:00:00+00:00\" class=\"yoast-seo-meta-tag\" \/>\n<meta property=\"article:modified_time\" content=\"2019-05-20T18:02:54+00:00\" class=\"yoast-seo-meta-tag\" \/>\n<meta property=\"og:image\" content=\"https:\/\/dev.explora.cl\/ohiggins\/wp-content\/uploads\/sites\/8\/2018\/06\/9202007f6b96cbbb17b763e7f32cb0bc.jpg\" class=\"yoast-seo-meta-tag\" \/>\n\t<meta property=\"og:image:width\" content=\"1000\" class=\"yoast-seo-meta-tag\" \/>\n\t<meta property=\"og:image:height\" content=\"667\" class=\"yoast-seo-meta-tag\" \/>\n\t<meta property=\"og:image:type\" content=\"image\/jpeg\" class=\"yoast-seo-meta-tag\" \/>\n<meta name=\"author\" content=\"webman\" class=\"yoast-seo-meta-tag\" \/>\n<meta name=\"twitter:card\" content=\"summary_large_image\" class=\"yoast-seo-meta-tag\" \/>\n<meta name=\"twitter:label1\" content=\"Escrito por\" class=\"yoast-seo-meta-tag\" \/>\n\t<meta name=\"twitter:data1\" content=\"webman\" class=\"yoast-seo-meta-tag\" \/>\n\t<meta name=\"twitter:label2\" content=\"Tiempo estimado de lectura\" class=\"yoast-seo-meta-tag\" \/>\n\t<meta name=\"twitter:data2\" content=\"1 minuto\" class=\"yoast-seo-meta-tag\" \/>\n<script type=\"application\/ld+json\" class=\"yoast-schema-graph\">{\"@context\":\"https:\/\/schema.org\",\"@graph\":[{\"@type\":\"Article\",\"@id\":\"https:\/\/dev.explora.cl\/ohiggins\/core\/#article\",\"isPartOf\":{\"@id\":\"https:\/\/dev.explora.cl\/ohiggins\/core\/\"},\"author\":{\"name\":\"webman\",\"@id\":\"https:\/\/dev.explora.cl\/ohiggins\/#\/schema\/person\/cb8349c13ea2d324080adf8480d7ba5d\"},\"headline\":\"PAR EXPLORA O\u2019Higgins difunde su quehacer con CORE regional\",\"datePublished\":\"2015-04-28T04:00:00+00:00\",\"dateModified\":\"2019-05-20T18:02:54+00:00\",\"mainEntityOfPage\":{\"@id\":\"https:\/\/dev.explora.cl\/ohiggins\/core\/\"},\"wordCount\":263,\"commentCount\":0,\"image\":{\"@id\":\"https:\/\/dev.explora.cl\/ohiggins\/core\/#primaryimage\"},\"thumbnailUrl\":\"https:\/\/dev.explora.cl\/ohiggins\/wp-content\/uploads\/sites\/8\/2018\/06\/9202007f6b96cbbb17b763e7f32cb0bc.jpg\",\"articleSection\":[\"Noticias\"],\"inLanguage\":\"es-CL\",\"potentialAction\":[{\"@type\":\"CommentAction\",\"name\":\"Comment\",\"target\":[\"https:\/\/dev.explora.cl\/ohiggins\/core\/#respond\"]}]},{\"@type\":\"WebPage\",\"@id\":\"https:\/\/dev.explora.cl\/ohiggins\/core\/\",\"url\":\"https:\/\/dev.explora.cl\/ohiggins\/core\/\",\"name\":\"PAR EXPLORA O\u2019Higgins difunde su quehacer con CORE regional - O&#039;Higgins\",\"isPartOf\":{\"@id\":\"https:\/\/dev.explora.cl\/ohiggins\/#website\"},\"primaryImageOfPage\":{\"@id\":\"https:\/\/dev.explora.cl\/ohiggins\/core\/#primaryimage\"},\"image\":{\"@id\":\"https:\/\/dev.explora.cl\/ohiggins\/core\/#primaryimage\"},\"thumbnailUrl\":\"https:\/\/dev.explora.cl\/ohiggins\/wp-content\/uploads\/sites\/8\/2018\/06\/9202007f6b96cbbb17b763e7f32cb0bc.jpg\",\"datePublished\":\"2015-04-28T04:00:00+00:00\",\"dateModified\":\"2019-05-20T18:02:54+00:00\",\"author\":{\"@id\":\"https:\/\/dev.explora.cl\/ohiggins\/#\/schema\/person\/cb8349c13ea2d324080adf8480d7ba5d\"},\"breadcrumb\":{\"@id\":\"https:\/\/dev.explora.cl\/ohiggins\/core\/#breadcrumb\"},\"inLanguage\":\"es-CL\",\"potentialAction\":[{\"@type\":\"ReadAction\",\"target\":[\"https:\/\/dev.explora.cl\/ohiggins\/core\/\"]}]},{\"@type\":\"ImageObject\",\"inLanguage\":\"es-CL\",\"@id\":\"https:\/\/dev.explora.cl\/ohiggins\/core\/#primaryimage\",\"url\":\"https:\/\/dev.explora.cl\/ohiggins\/wp-content\/uploads\/sites\/8\/2018\/06\/9202007f6b96cbbb17b763e7f32cb0bc.jpg\",\"contentUrl\":\"https:\/\/dev.explora.cl\/ohiggins\/wp-content\/uploads\/sites\/8\/2018\/06\/9202007f6b96cbbb17b763e7f32cb0bc.jpg\",\"width\":1000,\"height\":667},{\"@type\":\"BreadcrumbList\",\"@id\":\"https:\/\/dev.explora.cl\/ohiggins\/core\/#breadcrumb\",\"itemListElement\":[{\"@type\":\"ListItem\",\"position\":1,\"name\":\"Portada\",\"item\":\"https:\/\/dev.explora.cl\/ohiggins\/\"},{\"@type\":\"ListItem\",\"position\":2,\"name\":\"PAR EXPLORA O\u2019Higgins difunde su quehacer con CORE regional\"}]},{\"@type\":\"WebSite\",\"@id\":\"https:\/\/dev.explora.cl\/ohiggins\/#website\",\"url\":\"https:\/\/dev.explora.cl\/ohiggins\/\",\"name\":\"O&#039;Higgins\",\"description\":\"Otro sitio m\u00e1s de dev.explora.cl\",\"potentialAction\":[{\"@type\":\"SearchAction\",\"target\":{\"@type\":\"EntryPoint\",\"urlTemplate\":\"https:\/\/dev.explora.cl\/ohiggins\/?s={search_term_string}\"},\"query-input\":{\"@type\":\"PropertyValueSpecification\",\"valueRequired\":true,\"valueName\":\"search_term_string\"}}],\"inLanguage\":\"es-CL\"},{\"@type\":\"Person\",\"@id\":\"https:\/\/dev.explora.cl\/ohiggins\/#\/schema\/person\/cb8349c13ea2d324080adf8480d7ba5d\",\"name\":\"webman\",\"image\":{\"@type\":\"ImageObject\",\"inLanguage\":\"es-CL\",\"@id\":\"https:\/\/dev.explora.cl\/ohiggins\/#\/schema\/person\/image\/\",\"url\":\"https:\/\/secure.gravatar.com\/avatar\/eeff3c82f2c02f7177d13663b7e6f890e9a6a0647ce9bb29cae02dcb094c7312?s=96&d=mm&r=g\",\"contentUrl\":\"https:\/\/secure.gravatar.com\/avatar\/eeff3c82f2c02f7177d13663b7e6f890e9a6a0647ce9bb29cae02dcb094c7312?s=96&d=mm&r=g\",\"caption\":\"webman\"},\"url\":\"https:\/\/dev.explora.cl\/ohiggins\/author\/webman\/\"}]}<\/script>\n<!-- \/ Yoast SEO plugin. -->","yoast_head_json":{"title":"PAR EXPLORA O\u2019Higgins difunde su quehacer con CORE regional - O&#039;Higgins","robots":{"index":"index","follow":"follow","max-snippet":"max-snippet:-1","max-image-preview":"max-image-preview:large","max-video-preview":"max-video-preview:-1"},"canonical":"https:\/\/dev.explora.cl\/ohiggins\/core\/","og_locale":"es_ES","og_type":"article","og_title":"PAR EXPLORA O\u2019Higgins difunde su quehacer con CORE regional - O&#039;Higgins","og_description":"PAR EXPLORA O\u2019Higgins se reuni\u00f3 con la Comisi\u00f3n de Medio Ambiente Ciencia y Tecnolog\u00eda del Consejo Regional (CORE); con el fin de dar a conocer los lineamientos de la entidad, cuyo objetivo es la difusi\u00f3n del quehacer cient\u00edfico, no s\u00f3lo a la comunidad escolar, sino tambi\u00e9n en general. En la ocasi\u00f3n se mostr\u00f3 a los [&hellip;]","og_url":"https:\/\/dev.explora.cl\/ohiggins\/core\/","og_site_name":"O&#039;Higgins","article_published_time":"2015-04-28T04:00:00+00:00","article_modified_time":"2019-05-20T18:02:54+00:00","og_image":[{"width":1000,"height":667,"url":"https:\/\/dev.explora.cl\/ohiggins\/wp-content\/uploads\/sites\/8\/2018\/06\/9202007f6b96cbbb17b763e7f32cb0bc.jpg","type":"image\/jpeg"}],"author":"webman","twitter_card":"summary_large_image","twitter_misc":{"Escrito por":"webman","Tiempo estimado de lectura":"1 minuto"},"schema":{"@context":"https:\/\/schema.org","@graph":[{"@type":"Article","@id":"https:\/\/dev.explora.cl\/ohiggins\/core\/#article","isPartOf":{"@id":"https:\/\/dev.explora.cl\/ohiggins\/core\/"},"author":{"name":"webman","@id":"https:\/\/dev.explora.cl\/ohiggins\/#\/schema\/person\/cb8349c13ea2d324080adf8480d7ba5d"},"headline":"PAR EXPLORA O\u2019Higgins difunde su quehacer con CORE regional","datePublished":"2015-04-28T04:00:00+00:00","dateModified":"2019-05-20T18:02:54+00:00","mainEntityOfPage":{"@id":"https:\/\/dev.explora.cl\/ohiggins\/core\/"},"wordCount":263,"commentCount":0,"image":{"@id":"https:\/\/dev.explora.cl\/ohiggins\/core\/#primaryimage"},"thumbnailUrl":"https:\/\/dev.explora.cl\/ohiggins\/wp-content\/uploads\/sites\/8\/2018\/06\/9202007f6b96cbbb17b763e7f32cb0bc.jpg","articleSection":["Noticias"],"inLanguage":"es-CL","potentialAction":[{"@type":"CommentAction","name":"Comment","target":["https:\/\/dev.explora.cl\/ohiggins\/core\/#respond"]}]},{"@type":"WebPage","@id":"https:\/\/dev.explora.cl\/ohiggins\/core\/","url":"https:\/\/dev.explora.cl\/ohiggins\/core\/","name":"PAR EXPLORA O\u2019Higgins difunde su quehacer con CORE regional - O&#039;Higgins","isPartOf":{"@id":"https:\/\/dev.explora.cl\/ohiggins\/#website"},"primaryImageOfPage":{"@id":"https:\/\/dev.explora.cl\/ohiggins\/core\/#primaryimage"},"image":{"@id":"https:\/\/dev.explora.cl\/ohiggins\/core\/#primaryimage"},"thumbnailUrl":"https:\/\/dev.explora.cl\/ohiggins\/wp-content\/uploads\/sites\/8\/2018\/06\/9202007f6b96cbbb17b763e7f32cb0bc.jpg","datePublished":"2015-04-28T04:00:00+00:00","dateModified":"2019-05-20T18:02:54+00:00","author":{"@id":"https:\/\/dev.explora.cl\/ohiggins\/#\/schema\/person\/cb8349c13ea2d324080adf8480d7ba5d"},"breadcrumb":{"@id":"https:\/\/dev.explora.cl\/ohiggins\/core\/#breadcrumb"},"inLanguage":"es-CL","potentialAction":[{"@type":"ReadAction","target":["https:\/\/dev.explora.cl\/ohiggins\/core\/"]}]},{"@type":"ImageObject","inLanguage":"es-CL","@id":"https:\/\/dev.explora.cl\/ohiggins\/core\/#primaryimage","url":"https:\/\/dev.explora.cl\/ohiggins\/wp-content\/uploads\/sites\/8\/2018\/06\/9202007f6b96cbbb17b763e7f32cb0bc.jpg","contentUrl":"https:\/\/dev.explora.cl\/ohiggins\/wp-content\/uploads\/sites\/8\/2018\/06\/9202007f6b96cbbb17b763e7f32cb0bc.jpg","width":1000,"height":667},{"@type":"BreadcrumbList","@id":"https:\/\/dev.explora.cl\/ohiggins\/core\/#breadcrumb","itemListElement":[{"@type":"ListItem","position":1,"name":"Portada","item":"https:\/\/dev.explora.cl\/ohiggins\/"},{"@type":"ListItem","position":2,"name":"PAR EXPLORA O\u2019Higgins difunde su quehacer con CORE regional"}]},{"@type":"WebSite","@id":"https:\/\/dev.explora.cl\/ohiggins\/#website","url":"https:\/\/dev.explora.cl\/ohiggins\/","name":"O&#039;Higgins","description":"Otro sitio m\u00e1s de dev.explora.cl","potentialAction":[{"@type":"SearchAction","target":{"@type":"EntryPoint","urlTemplate":"https:\/\/dev.explora.cl\/ohiggins\/?s={search_term_string}"},"query-input":{"@type":"PropertyValueSpecification","valueRequired":true,"valueName":"search_term_string"}}],"inLanguage":"es-CL"},{"@type":"Person","@id":"https:\/\/dev.explora.cl\/ohiggins\/#\/schema\/person\/cb8349c13ea2d324080adf8480d7ba5d","name":"webman","image":{"@type":"ImageObject","inLanguage":"es-CL","@id":"https:\/\/dev.explora.cl\/ohiggins\/#\/schema\/person\/image\/","url":"https:\/\/secure.gravatar.com\/avatar\/eeff3c82f2c02f7177d13663b7e6f890e9a6a0647ce9bb29cae02dcb094c7312?s=96&d=mm&r=g","contentUrl":"https:\/\/secure.gravatar.com\/avatar\/eeff3c82f2c02f7177d13663b7e6f890e9a6a0647ce9bb29cae02dcb094c7312?s=96&d=mm&r=g","caption":"webman"},"url":"https:\/\/dev.explora.cl\/ohiggins\/author\/webman\/"}]}},"_links":{"self":[{"href":"https:\/\/dev.explora.cl\/ohiggins\/wp-json\/wp\/v2\/posts\/37463","targetHints":{"allow":["GET"]}}],"collection":[{"href":"https:\/\/dev.explora.cl\/ohiggins\/wp-json\/wp\/v2\/posts"}],"about":[{"href":"https:\/\/dev.explora.cl\/ohiggins\/wp-json\/wp\/v2\/types\/post"}],"author":[{"embeddable":true,"href":"https:\/\/dev.explora.cl\/ohiggins\/wp-json\/wp\/v2\/users\/2"}],"replies":[{"embeddable":true,"href":"https:\/\/dev.explora.cl\/ohiggins\/wp-json\/wp\/v2\/comments?post=37463"}],"version-history":[{"count":1,"href":"https:\/\/dev.explora.cl\/ohiggins\/wp-json\/wp\/v2\/posts\/37463\/revisions"}],"predecessor-version":[{"id":37815,"href":"https:\/\/dev.explora.cl\/ohiggins\/wp-json\/wp\/v2\/posts\/37463\/revisions\/37815"}],"wp:featuredmedia":[{"embeddable":true,"href":"https:\/\/dev.explora.cl\/ohiggins\/wp-json\/wp\/v2\/media\/32065"}],"wp:attachment":[{"href":"https:\/\/dev.explora.cl\/ohiggins\/wp-json\/wp\/v2\/media?parent=37463"}],"wp:term":[{"taxonomy":"category","embeddable":true,"href":"https:\/\/dev.explora.cl\/ohiggins\/wp-json\/wp\/v2\/categories?post=37463"},{"taxonomy":"post_tag","embeddable":true,"href":"https:\/\/dev.explora.cl\/ohiggins\/wp-json\/wp\/v2\/tags?post=37463"}],"curies":[{"name":"wp","href":"https:\/\/api.w.org\/{rel}","templated":true}]}}