{"id":37462,"date":"2015-04-30T00:00:00","date_gmt":"2015-04-30T04:00:00","guid":{"rendered":"https:\/\/dev.explora.cl\/ohiggins\/blog\/2015\/04\/30\/geologia-1\/"},"modified":"2019-05-20T18:02:54","modified_gmt":"2019-05-20T18:02:54","slug":"geologia-1","status":"publish","type":"post","link":"https:\/\/dev.explora.cl\/ohiggins\/geologia-1\/","title":{"rendered":"Estudiantes celebraron d\u00eda de la Geolog\u00eda en Machal\u00ed"},"content":{"rendered":"<p><img loading=\"lazy\" decoding=\"async\" class=\" size-full wp-image-10604\" src=\"http:\/\/ec2-34-218-253-251.us-west-2.compute.amazonaws.com\/wp-content\/uploads\/2015\/04\/c32e38afbefd597b800eb6c091e217b9.jpg\" alt=\"\" width=\"1000\" height=\"750\" \/><\/p>\n<p style=\"text-align: justify\">Recientemente el Colegio San Alberto de Machal\u00ed celebr\u00f3 el d\u00eda de la Geolog\u00eda, en que sus m\u00e1s de 900 estudiantes pudieron aprender temas relativos a esta rama de la ciencia, desastres naturales, reconocimiento y clasificaci\u00f3n de rocas, entre otros.<\/p>\n<p style=\"text-align: justify\">La iniciativa se realiz\u00f3 por segundo a\u00f1o consecutivo por el departamento de ciencias del establecimiento, liderados por la profesora Pabla Barr\u00eda. En esta oportunidad participaron como invitados, PAR EXPLORA O\u2019Higgins, ejecutado por UC del Maule y el Departamento de Geolog\u00eda de la Universidad de Chile.<\/p>\n<p style=\"text-align: justify\">La comunidad educativa en general, pudo disfrutar de diferentes actividades, seg\u00fan los distintos niveles de los estudiantes; as\u00ed hubo muestras bidimensionales de \u201cLa Ant\u00e1rtica\u201d y \u201cLa Tierra est\u00e1 Viva\u201d; desde 8\u00b0s b\u00e1sico a 3\u00b0 medio, recibieron una charla sobre desastres naturales, y para los 4\u00b0s medios hubo una charla vocacional.<\/p>\n<p style=\"text-align: justify\">La jornada concluy\u00f3 con un taller para los y las j\u00f3venes del electivo de ciencias, con el objetivo de adentrarse m\u00e1s en este saber, adem\u00e1s de valorar y conocer nuestro planeta.<\/p>\n<p style=\"text-align: justify\"><a href=\"https:\/\/www.facebook.com\/media\/set\/?set=a.997922280240091.1073741893.777863892245932&amp;type=3\" target=\"_blank\" rel=\"noopener noreferrer\">Revisa nuestra galer\u00eda de im\u00e1genes en facebook<\/a><\/p>\n<p style=\"text-align: justify\">Nota y fotos: Carla Morales<\/p>\n","protected":false},"excerpt":{"rendered":"<p>Recientemente el Colegio San Alberto de Machal\u00ed celebr\u00f3 el d\u00eda de la Geolog\u00eda, en que sus m\u00e1s de 900 estudiantes pudieron aprender temas relativos a esta rama de la ciencia, desastres naturales, reconocimiento y clasificaci\u00f3n de rocas, entre otros. La iniciativa se realiz\u00f3 por segundo a\u00f1o consecutivo por el departamento de ciencias del establecimiento, liderados [&hellip;]<\/p>\n","protected":false},"author":2,"featured_media":32063,"comment_status":"open","ping_status":"open","sticky":false,"template":"","format":"standard","meta":{"_acf_changed":false,"_exactmetrics_skip_tracking":false,"_exactmetrics_sitenote_active":false,"_exactmetrics_sitenote_note":"","_exactmetrics_sitenote_category":0,"footnotes":"","_links_to":"","_links_to_target":""},"categories":[4],"tags":[],"class_list":["post-37462","post","type-post","status-publish","format-standard","has-post-thumbnail","hentry","category-noticias"],"acf":[],"yoast_head":"<!-- This site is optimized with the Yoast SEO plugin v26.7 - https:\/\/yoast.com\/wordpress\/plugins\/seo\/ -->\n<title>Estudiantes celebraron d\u00eda de la Geolog\u00eda en Machal\u00ed - O&#039;Higgins<\/title>\n<meta name=\"robots\" content=\"index, follow, max-snippet:-1, max-image-preview:large, max-video-preview:-1\" \/>\n<link rel=\"canonical\" href=\"https:\/\/dev.explora.cl\/ohiggins\/geologia-1\/\" class=\"yoast-seo-meta-tag\" \/>\n<meta property=\"og:locale\" content=\"es_ES\" class=\"yoast-seo-meta-tag\" \/>\n<meta property=\"og:type\" content=\"article\" class=\"yoast-seo-meta-tag\" \/>\n<meta property=\"og:title\" content=\"Estudiantes celebraron d\u00eda de la Geolog\u00eda en Machal\u00ed - O&#039;Higgins\" class=\"yoast-seo-meta-tag\" \/>\n<meta property=\"og:description\" content=\"Recientemente el Colegio San Alberto de Machal\u00ed celebr\u00f3 el d\u00eda de la Geolog\u00eda, en que sus m\u00e1s de 900 estudiantes pudieron aprender temas relativos a esta rama de la ciencia, desastres naturales, reconocimiento y clasificaci\u00f3n de rocas, entre otros. La iniciativa se realiz\u00f3 por segundo a\u00f1o consecutivo por el departamento de ciencias del establecimiento, liderados [&hellip;]\" class=\"yoast-seo-meta-tag\" \/>\n<meta property=\"og:url\" content=\"https:\/\/dev.explora.cl\/ohiggins\/geologia-1\/\" class=\"yoast-seo-meta-tag\" \/>\n<meta property=\"og:site_name\" content=\"O&#039;Higgins\" class=\"yoast-seo-meta-tag\" \/>\n<meta property=\"article:published_time\" content=\"2015-04-30T04:00:00+00:00\" class=\"yoast-seo-meta-tag\" \/>\n<meta property=\"article:modified_time\" content=\"2019-05-20T18:02:54+00:00\" class=\"yoast-seo-meta-tag\" \/>\n<meta property=\"og:image\" content=\"https:\/\/dev.explora.cl\/ohiggins\/wp-content\/uploads\/sites\/8\/2018\/06\/c32e38afbefd597b800eb6c091e217b9.jpg\" class=\"yoast-seo-meta-tag\" \/>\n\t<meta property=\"og:image:width\" content=\"1000\" class=\"yoast-seo-meta-tag\" \/>\n\t<meta property=\"og:image:height\" content=\"750\" class=\"yoast-seo-meta-tag\" \/>\n\t<meta property=\"og:image:type\" content=\"image\/jpeg\" class=\"yoast-seo-meta-tag\" \/>\n<meta name=\"author\" content=\"webman\" class=\"yoast-seo-meta-tag\" \/>\n<meta name=\"twitter:card\" content=\"summary_large_image\" class=\"yoast-seo-meta-tag\" \/>\n<meta name=\"twitter:label1\" content=\"Escrito por\" class=\"yoast-seo-meta-tag\" \/>\n\t<meta name=\"twitter:data1\" content=\"webman\" class=\"yoast-seo-meta-tag\" \/>\n\t<meta name=\"twitter:label2\" content=\"Tiempo estimado de lectura\" class=\"yoast-seo-meta-tag\" \/>\n\t<meta name=\"twitter:data2\" content=\"1 minuto\" class=\"yoast-seo-meta-tag\" \/>\n<script type=\"application\/ld+json\" class=\"yoast-schema-graph\">{\"@context\":\"https:\/\/schema.org\",\"@graph\":[{\"@type\":\"Article\",\"@id\":\"https:\/\/dev.explora.cl\/ohiggins\/geologia-1\/#article\",\"isPartOf\":{\"@id\":\"https:\/\/dev.explora.cl\/ohiggins\/geologia-1\/\"},\"author\":{\"name\":\"webman\",\"@id\":\"https:\/\/dev.explora.cl\/ohiggins\/#\/schema\/person\/cb8349c13ea2d324080adf8480d7ba5d\"},\"headline\":\"Estudiantes celebraron d\u00eda de la Geolog\u00eda en Machal\u00ed\",\"datePublished\":\"2015-04-30T04:00:00+00:00\",\"dateModified\":\"2019-05-20T18:02:54+00:00\",\"mainEntityOfPage\":{\"@id\":\"https:\/\/dev.explora.cl\/ohiggins\/geologia-1\/\"},\"wordCount\":201,\"commentCount\":0,\"image\":{\"@id\":\"https:\/\/dev.explora.cl\/ohiggins\/geologia-1\/#primaryimage\"},\"thumbnailUrl\":\"https:\/\/dev.explora.cl\/ohiggins\/wp-content\/uploads\/sites\/8\/2018\/06\/c32e38afbefd597b800eb6c091e217b9.jpg\",\"articleSection\":[\"Noticias\"],\"inLanguage\":\"es-CL\",\"potentialAction\":[{\"@type\":\"CommentAction\",\"name\":\"Comment\",\"target\":[\"https:\/\/dev.explora.cl\/ohiggins\/geologia-1\/#respond\"]}]},{\"@type\":\"WebPage\",\"@id\":\"https:\/\/dev.explora.cl\/ohiggins\/geologia-1\/\",\"url\":\"https:\/\/dev.explora.cl\/ohiggins\/geologia-1\/\",\"name\":\"Estudiantes celebraron d\u00eda de la Geolog\u00eda en Machal\u00ed - O&#039;Higgins\",\"isPartOf\":{\"@id\":\"https:\/\/dev.explora.cl\/ohiggins\/#website\"},\"primaryImageOfPage\":{\"@id\":\"https:\/\/dev.explora.cl\/ohiggins\/geologia-1\/#primaryimage\"},\"image\":{\"@id\":\"https:\/\/dev.explora.cl\/ohiggins\/geologia-1\/#primaryimage\"},\"thumbnailUrl\":\"https:\/\/dev.explora.cl\/ohiggins\/wp-content\/uploads\/sites\/8\/2018\/06\/c32e38afbefd597b800eb6c091e217b9.jpg\",\"datePublished\":\"2015-04-30T04:00:00+00:00\",\"dateModified\":\"2019-05-20T18:02:54+00:00\",\"author\":{\"@id\":\"https:\/\/dev.explora.cl\/ohiggins\/#\/schema\/person\/cb8349c13ea2d324080adf8480d7ba5d\"},\"breadcrumb\":{\"@id\":\"https:\/\/dev.explora.cl\/ohiggins\/geologia-1\/#breadcrumb\"},\"inLanguage\":\"es-CL\",\"potentialAction\":[{\"@type\":\"ReadAction\",\"target\":[\"https:\/\/dev.explora.cl\/ohiggins\/geologia-1\/\"]}]},{\"@type\":\"ImageObject\",\"inLanguage\":\"es-CL\",\"@id\":\"https:\/\/dev.explora.cl\/ohiggins\/geologia-1\/#primaryimage\",\"url\":\"https:\/\/dev.explora.cl\/ohiggins\/wp-content\/uploads\/sites\/8\/2018\/06\/c32e38afbefd597b800eb6c091e217b9.jpg\",\"contentUrl\":\"https:\/\/dev.explora.cl\/ohiggins\/wp-content\/uploads\/sites\/8\/2018\/06\/c32e38afbefd597b800eb6c091e217b9.jpg\",\"width\":1000,\"height\":750},{\"@type\":\"BreadcrumbList\",\"@id\":\"https:\/\/dev.explora.cl\/ohiggins\/geologia-1\/#breadcrumb\",\"itemListElement\":[{\"@type\":\"ListItem\",\"position\":1,\"name\":\"Portada\",\"item\":\"https:\/\/dev.explora.cl\/ohiggins\/\"},{\"@type\":\"ListItem\",\"position\":2,\"name\":\"Estudiantes celebraron d\u00eda de la Geolog\u00eda en Machal\u00ed\"}]},{\"@type\":\"WebSite\",\"@id\":\"https:\/\/dev.explora.cl\/ohiggins\/#website\",\"url\":\"https:\/\/dev.explora.cl\/ohiggins\/\",\"name\":\"O&#039;Higgins\",\"description\":\"Otro sitio m\u00e1s de dev.explora.cl\",\"potentialAction\":[{\"@type\":\"SearchAction\",\"target\":{\"@type\":\"EntryPoint\",\"urlTemplate\":\"https:\/\/dev.explora.cl\/ohiggins\/?s={search_term_string}\"},\"query-input\":{\"@type\":\"PropertyValueSpecification\",\"valueRequired\":true,\"valueName\":\"search_term_string\"}}],\"inLanguage\":\"es-CL\"},{\"@type\":\"Person\",\"@id\":\"https:\/\/dev.explora.cl\/ohiggins\/#\/schema\/person\/cb8349c13ea2d324080adf8480d7ba5d\",\"name\":\"webman\",\"image\":{\"@type\":\"ImageObject\",\"inLanguage\":\"es-CL\",\"@id\":\"https:\/\/dev.explora.cl\/ohiggins\/#\/schema\/person\/image\/\",\"url\":\"https:\/\/secure.gravatar.com\/avatar\/eeff3c82f2c02f7177d13663b7e6f890e9a6a0647ce9bb29cae02dcb094c7312?s=96&d=mm&r=g\",\"contentUrl\":\"https:\/\/secure.gravatar.com\/avatar\/eeff3c82f2c02f7177d13663b7e6f890e9a6a0647ce9bb29cae02dcb094c7312?s=96&d=mm&r=g\",\"caption\":\"webman\"},\"url\":\"https:\/\/dev.explora.cl\/ohiggins\/author\/webman\/\"}]}<\/script>\n<!-- \/ Yoast SEO plugin. -->","yoast_head_json":{"title":"Estudiantes celebraron d\u00eda de la Geolog\u00eda en Machal\u00ed - O&#039;Higgins","robots":{"index":"index","follow":"follow","max-snippet":"max-snippet:-1","max-image-preview":"max-image-preview:large","max-video-preview":"max-video-preview:-1"},"canonical":"https:\/\/dev.explora.cl\/ohiggins\/geologia-1\/","og_locale":"es_ES","og_type":"article","og_title":"Estudiantes celebraron d\u00eda de la Geolog\u00eda en Machal\u00ed - O&#039;Higgins","og_description":"Recientemente el Colegio San Alberto de Machal\u00ed celebr\u00f3 el d\u00eda de la Geolog\u00eda, en que sus m\u00e1s de 900 estudiantes pudieron aprender temas relativos a esta rama de la ciencia, desastres naturales, reconocimiento y clasificaci\u00f3n de rocas, entre otros. La iniciativa se realiz\u00f3 por segundo a\u00f1o consecutivo por el departamento de ciencias del establecimiento, liderados [&hellip;]","og_url":"https:\/\/dev.explora.cl\/ohiggins\/geologia-1\/","og_site_name":"O&#039;Higgins","article_published_time":"2015-04-30T04:00:00+00:00","article_modified_time":"2019-05-20T18:02:54+00:00","og_image":[{"width":1000,"height":750,"url":"https:\/\/dev.explora.cl\/ohiggins\/wp-content\/uploads\/sites\/8\/2018\/06\/c32e38afbefd597b800eb6c091e217b9.jpg","type":"image\/jpeg"}],"author":"webman","twitter_card":"summary_large_image","twitter_misc":{"Escrito por":"webman","Tiempo estimado de lectura":"1 minuto"},"schema":{"@context":"https:\/\/schema.org","@graph":[{"@type":"Article","@id":"https:\/\/dev.explora.cl\/ohiggins\/geologia-1\/#article","isPartOf":{"@id":"https:\/\/dev.explora.cl\/ohiggins\/geologia-1\/"},"author":{"name":"webman","@id":"https:\/\/dev.explora.cl\/ohiggins\/#\/schema\/person\/cb8349c13ea2d324080adf8480d7ba5d"},"headline":"Estudiantes celebraron d\u00eda de la Geolog\u00eda en Machal\u00ed","datePublished":"2015-04-30T04:00:00+00:00","dateModified":"2019-05-20T18:02:54+00:00","mainEntityOfPage":{"@id":"https:\/\/dev.explora.cl\/ohiggins\/geologia-1\/"},"wordCount":201,"commentCount":0,"image":{"@id":"https:\/\/dev.explora.cl\/ohiggins\/geologia-1\/#primaryimage"},"thumbnailUrl":"https:\/\/dev.explora.cl\/ohiggins\/wp-content\/uploads\/sites\/8\/2018\/06\/c32e38afbefd597b800eb6c091e217b9.jpg","articleSection":["Noticias"],"inLanguage":"es-CL","potentialAction":[{"@type":"CommentAction","name":"Comment","target":["https:\/\/dev.explora.cl\/ohiggins\/geologia-1\/#respond"]}]},{"@type":"WebPage","@id":"https:\/\/dev.explora.cl\/ohiggins\/geologia-1\/","url":"https:\/\/dev.explora.cl\/ohiggins\/geologia-1\/","name":"Estudiantes celebraron d\u00eda de la Geolog\u00eda en Machal\u00ed - O&#039;Higgins","isPartOf":{"@id":"https:\/\/dev.explora.cl\/ohiggins\/#website"},"primaryImageOfPage":{"@id":"https:\/\/dev.explora.cl\/ohiggins\/geologia-1\/#primaryimage"},"image":{"@id":"https:\/\/dev.explora.cl\/ohiggins\/geologia-1\/#primaryimage"},"thumbnailUrl":"https:\/\/dev.explora.cl\/ohiggins\/wp-content\/uploads\/sites\/8\/2018\/06\/c32e38afbefd597b800eb6c091e217b9.jpg","datePublished":"2015-04-30T04:00:00+00:00","dateModified":"2019-05-20T18:02:54+00:00","author":{"@id":"https:\/\/dev.explora.cl\/ohiggins\/#\/schema\/person\/cb8349c13ea2d324080adf8480d7ba5d"},"breadcrumb":{"@id":"https:\/\/dev.explora.cl\/ohiggins\/geologia-1\/#breadcrumb"},"inLanguage":"es-CL","potentialAction":[{"@type":"ReadAction","target":["https:\/\/dev.explora.cl\/ohiggins\/geologia-1\/"]}]},{"@type":"ImageObject","inLanguage":"es-CL","@id":"https:\/\/dev.explora.cl\/ohiggins\/geologia-1\/#primaryimage","url":"https:\/\/dev.explora.cl\/ohiggins\/wp-content\/uploads\/sites\/8\/2018\/06\/c32e38afbefd597b800eb6c091e217b9.jpg","contentUrl":"https:\/\/dev.explora.cl\/ohiggins\/wp-content\/uploads\/sites\/8\/2018\/06\/c32e38afbefd597b800eb6c091e217b9.jpg","width":1000,"height":750},{"@type":"BreadcrumbList","@id":"https:\/\/dev.explora.cl\/ohiggins\/geologia-1\/#breadcrumb","itemListElement":[{"@type":"ListItem","position":1,"name":"Portada","item":"https:\/\/dev.explora.cl\/ohiggins\/"},{"@type":"ListItem","position":2,"name":"Estudiantes celebraron d\u00eda de la Geolog\u00eda en Machal\u00ed"}]},{"@type":"WebSite","@id":"https:\/\/dev.explora.cl\/ohiggins\/#website","url":"https:\/\/dev.explora.cl\/ohiggins\/","name":"O&#039;Higgins","description":"Otro sitio m\u00e1s de dev.explora.cl","potentialAction":[{"@type":"SearchAction","target":{"@type":"EntryPoint","urlTemplate":"https:\/\/dev.explora.cl\/ohiggins\/?s={search_term_string}"},"query-input":{"@type":"PropertyValueSpecification","valueRequired":true,"valueName":"search_term_string"}}],"inLanguage":"es-CL"},{"@type":"Person","@id":"https:\/\/dev.explora.cl\/ohiggins\/#\/schema\/person\/cb8349c13ea2d324080adf8480d7ba5d","name":"webman","image":{"@type":"ImageObject","inLanguage":"es-CL","@id":"https:\/\/dev.explora.cl\/ohiggins\/#\/schema\/person\/image\/","url":"https:\/\/secure.gravatar.com\/avatar\/eeff3c82f2c02f7177d13663b7e6f890e9a6a0647ce9bb29cae02dcb094c7312?s=96&d=mm&r=g","contentUrl":"https:\/\/secure.gravatar.com\/avatar\/eeff3c82f2c02f7177d13663b7e6f890e9a6a0647ce9bb29cae02dcb094c7312?s=96&d=mm&r=g","caption":"webman"},"url":"https:\/\/dev.explora.cl\/ohiggins\/author\/webman\/"}]}},"_links":{"self":[{"href":"https:\/\/dev.explora.cl\/ohiggins\/wp-json\/wp\/v2\/posts\/37462","targetHints":{"allow":["GET"]}}],"collection":[{"href":"https:\/\/dev.explora.cl\/ohiggins\/wp-json\/wp\/v2\/posts"}],"about":[{"href":"https:\/\/dev.explora.cl\/ohiggins\/wp-json\/wp\/v2\/types\/post"}],"author":[{"embeddable":true,"href":"https:\/\/dev.explora.cl\/ohiggins\/wp-json\/wp\/v2\/users\/2"}],"replies":[{"embeddable":true,"href":"https:\/\/dev.explora.cl\/ohiggins\/wp-json\/wp\/v2\/comments?post=37462"}],"version-history":[{"count":1,"href":"https:\/\/dev.explora.cl\/ohiggins\/wp-json\/wp\/v2\/posts\/37462\/revisions"}],"predecessor-version":[{"id":37814,"href":"https:\/\/dev.explora.cl\/ohiggins\/wp-json\/wp\/v2\/posts\/37462\/revisions\/37814"}],"wp:featuredmedia":[{"embeddable":true,"href":"https:\/\/dev.explora.cl\/ohiggins\/wp-json\/wp\/v2\/media\/32063"}],"wp:attachment":[{"href":"https:\/\/dev.explora.cl\/ohiggins\/wp-json\/wp\/v2\/media?parent=37462"}],"wp:term":[{"taxonomy":"category","embeddable":true,"href":"https:\/\/dev.explora.cl\/ohiggins\/wp-json\/wp\/v2\/categories?post=37462"},{"taxonomy":"post_tag","embeddable":true,"href":"https:\/\/dev.explora.cl\/ohiggins\/wp-json\/wp\/v2\/tags?post=37462"}],"curies":[{"name":"wp","href":"https:\/\/api.w.org\/{rel}","templated":true}]}}